{"id":36867,"date":"2026-04-27T02:48:14","date_gmt":"2026-04-27T00:48:14","guid":{"rendered":"https:\/\/footdavant.fr\/actualites\/composition-de-newcastle-contre-arsenal-xi-prevu-pour-le-match-de-premier-league-au-milieu-des-inquietudes-liees-aux-blessures-danthony-gordon\/"},"modified":"2026-04-27T02:48:16","modified_gmt":"2026-04-27T00:48:16","slug":"composition-de-newcastle-contre-arsenal-xi-prevu-pour-le-match-de-premier-league-au-milieu-des-inquietudes-liees-aux-blessures-danthony-gordon","status":"publish","type":"post","link":"https:\/\/footdavant.fr\/actualites\/composition-de-newcastle-contre-arsenal-xi-prevu-pour-le-match-de-premier-league-au-milieu-des-inquietudes-liees-aux-blessures-danthony-gordon\/","title":{"rendered":"Composition de Newcastle contre Arsenal\u00a0: XI pr\u00e9vu pour le match de Premier League au milieu des inqui\u00e9tudes li\u00e9es aux blessures d&#39;Anthony Gordon"},"content":{"rendered":"<div itemprop=\"articleBody\">\n<p>Newcastle United devrait se retrouver priv\u00e9 de deux joueurs int\u00e9gr\u00e9s pour la confrontation de samedi en Premier League avec Arsenal, en qu\u00eate de titre, \u00e0 l&#39;Emirates Stadium.<\/p>\n<p>Non seulement les Magpies ont perdu un troisi\u00e8me match cons\u00e9cutif de haut niveau lors de la d\u00e9faite 2-1 du week-end dernier contre Bournemouth, mais ils ont \u00e9galement perdu Tino Livramento \u00e0 cause d&#39;une blessure inqui\u00e9tante \u00e0 la cuisse, qui, si elle \u00e9tait suffisamment grave, pourrait l&#39;exclure pour le reste de la saison.<\/p>\n<p>Un diagnostic officiel sur le probl\u00e8me de Livramento n&#39;est pas encore arriv\u00e9, mais il est certain qu&#39;il manquera le match des Gunners aux c\u00f4t\u00e9s d&#39;Anthony Gordon, qui souffre d&#39;un probl\u00e8me \u00e0 l&#39;aine.<\/p>\n<p>L&#39;absence de Livramento ouvre la porte \u00e0 Kieran Trippier pour revenir \u00e0 une d\u00e9fense par ailleurs inchang\u00e9e avec \u00e9galement Aaron Ramsdale, qui devrait recevoir un accueil chaleureux \u00e0 son retour dans le nord de Londres.<\/p>\n<p>Ce ne sont pas toutes de mauvaises nouvelles du c\u00f4t\u00e9 des blessures \u00e0 Newcastle, car Bruno Guimaraes est de nouveau en forme suite \u00e0 un probl\u00e8me \u00e0 la cuisse et \u00e0 une maladie, et l&#39;indispensable Br\u00e9silien pourrait prendre la place de Jacob Ramsey au centre.<\/p>\n<p>Cependant, Joelinton doit purger le deuxi\u00e8me d&#39;une suspension de deux matchs pour avoir accumul\u00e9 10 cartons jaunes, donc Lewis Miley devrait reprendre son r\u00f4le aux c\u00f4t\u00e9s de Guimaraes et Sandro Tonali.<\/p>\n<p>La blessure de Gordon signifie que la place d&#39;Harvey Barnes est s\u00fbre aux c\u00f4t\u00e9s de Will Osula en forme, mais Anthony Elanga risque d&#39;\u00eatre r\u00e9trograd\u00e9 par Jacob Murphy, plus exp\u00e9riment\u00e9.<\/p>\n<p>Onze de d\u00e9part possible de Newcastle United :<\/p>\n<p>Ramsdale\u00a0; Trippier, Thiaw, Botman, Hall\u00a0; Guimaraes, Tonali, Miley\u00a0; Murphy, Osula, Barnes<\/p>\n<p>> Cliquez ici pour voir comment Arsenal pourrait s&#39;aligner contre Newcastle<\/p>\n<\/div>\n","protected":false},"excerpt":{"rendered":"<p>Newcastle United devrait se retrouver priv\u00e9 de deux joueurs int\u00e9gr\u00e9s pour la confrontation de samedi en Premier League avec Arsenal, en qu\u00eate de titre, \u00e0<\/p>\n","protected":false},"author":1,"featured_media":36868,"comment_status":"closed","ping_status":"","sticky":false,"template":"","format":"standard","meta":{"footnotes":""},"categories":[5],"tags":[67,305,155,2291,20,9957,12,2382,1401,202,2923,257,441,22,51,201,3924],"yoast_head":"<!-- This site is optimized with the Yoast SEO plugin v21.0 - https:\/\/yoast.com\/wordpress\/plugins\/seo\/ -->\n<title>Composition de Newcastle contre Arsenal\u00a0: XI pr\u00e9vu pour le match de Premier League au milieu des inqui\u00e9tudes li\u00e9es aux blessures d&#039;Anthony Gordon<\/title>\n<meta name=\"robots\" content=\"index, follow, max-snippet:-1, max-image-preview:large, max-video-preview:-1\" \/>\n<link rel=\"canonical\" href=\"https:\/\/footdavant.fr\/actualites\/composition-de-newcastle-contre-arsenal-xi-prevu-pour-le-match-de-premier-league-au-milieu-des-inquietudes-liees-aux-blessures-danthony-gordon\/\" \/>\n<meta property=\"og:locale\" content=\"fr_FR\" \/>\n<meta property=\"og:type\" content=\"article\" \/>\n<meta property=\"og:title\" content=\"Composition de Newcastle contre Arsenal\u00a0: XI pr\u00e9vu pour le match de Premier League au milieu des inqui\u00e9tudes li\u00e9es aux blessures d&#039;Anthony Gordon\" \/>\n<meta property=\"og:description\" content=\"Newcastle United devrait se retrouver priv\u00e9 de deux joueurs int\u00e9gr\u00e9s pour la confrontation de samedi en Premier League avec Arsenal, en qu\u00eate de titre, \u00e0\" \/>\n<meta property=\"og:url\" content=\"https:\/\/footdavant.fr\/actualites\/composition-de-newcastle-contre-arsenal-xi-prevu-pour-le-match-de-premier-league-au-milieu-des-inquietudes-liees-aux-blessures-danthony-gordon\/\" \/>\n<meta property=\"og:site_name\" content=\"Foot d&#039;avant\" \/>\n<meta property=\"article:publisher\" content=\"https:\/\/www.facebook.com\/Footdavant\/\" \/>\n<meta property=\"article:published_time\" content=\"2026-04-27T00:48:14+00:00\" \/>\n<meta property=\"article:modified_time\" content=\"2026-04-27T00:48:16+00:00\" \/>\n<meta property=\"og:image\" content=\"https:\/\/footdavant.fr\/actualites\/wp-content\/uploads\/2026\/04\/Composition-de-Newcastle-contre-Arsenal-XI-prevu-pour-le-match.net2Fuploads2F20262F042Fanthony-gordon-6.webp\" \/>\n\t<meta property=\"og:image:width\" content=\"720\" \/>\n\t<meta property=\"og:image:height\" content=\"410\" \/>\n\t<meta property=\"og:image:type\" content=\"image\/webp\" \/>\n<meta name=\"author\" content=\"Cl\u00e9ment\" \/>\n<meta name=\"twitter:card\" content=\"summary_large_image\" \/>\n<meta name=\"twitter:creator\" content=\"@FootdavantFr\" \/>\n<meta name=\"twitter:site\" content=\"@FootdavantFr\" \/>\n<meta name=\"twitter:label1\" content=\"\u00c9crit par\" \/>\n\t<meta name=\"twitter:data1\" content=\"Cl\u00e9ment\" \/>\n\t<meta name=\"twitter:label2\" content=\"Dur\u00e9e de lecture estim\u00e9e\" \/>\n\t<meta name=\"twitter:data2\" content=\"2 minutes\" \/>\n<script type=\"application\/ld+json\" class=\"yoast-schema-graph\">{\"@context\":\"https:\/\/schema.org\",\"@graph\":[{\"@type\":\"Article\",\"@id\":\"https:\/\/footdavant.fr\/actualites\/composition-de-newcastle-contre-arsenal-xi-prevu-pour-le-match-de-premier-league-au-milieu-des-inquietudes-liees-aux-blessures-danthony-gordon\/#article\",\"isPartOf\":{\"@id\":\"https:\/\/footdavant.fr\/actualites\/composition-de-newcastle-contre-arsenal-xi-prevu-pour-le-match-de-premier-league-au-milieu-des-inquietudes-liees-aux-blessures-danthony-gordon\/\"},\"author\":{\"name\":\"Cl\u00e9ment\",\"@id\":\"https:\/\/footdavant.fr\/actualites\/#\/schema\/person\/bc222566d95871b37e597b3ed3ba5e1d\"},\"headline\":\"Composition de Newcastle contre Arsenal\u00a0: XI pr\u00e9vu pour le match de Premier League au milieu des inqui\u00e9tudes li\u00e9es aux blessures d&#39;Anthony Gordon\",\"datePublished\":\"2026-04-27T00:48:14+00:00\",\"dateModified\":\"2026-04-27T00:48:16+00:00\",\"mainEntityOfPage\":{\"@id\":\"https:\/\/footdavant.fr\/actualites\/composition-de-newcastle-contre-arsenal-xi-prevu-pour-le-match-de-premier-league-au-milieu-des-inquietudes-liees-aux-blessures-danthony-gordon\/\"},\"wordCount\":334,\"publisher\":{\"@id\":\"https:\/\/footdavant.fr\/actualites\/#organization\"},\"keywords\":[\"Arsenal\",\"aux\",\"blessures\",\"composition\",\"contre\",\"d39Anthony\",\"des\",\"Gordon\",\"inqui\u00e9tudes\",\"League\",\"li\u00e9es\",\"match\",\"milieu\",\"Newcastle\",\"pour\",\"Premier\",\"pr\u00e9vu\"],\"articleSection\":[\"Premier League\"],\"inLanguage\":\"fr-FR\"},{\"@type\":\"WebPage\",\"@id\":\"https:\/\/footdavant.fr\/actualites\/composition-de-newcastle-contre-arsenal-xi-prevu-pour-le-match-de-premier-league-au-milieu-des-inquietudes-liees-aux-blessures-danthony-gordon\/\",\"url\":\"https:\/\/footdavant.fr\/actualites\/composition-de-newcastle-contre-arsenal-xi-prevu-pour-le-match-de-premier-league-au-milieu-des-inquietudes-liees-aux-blessures-danthony-gordon\/\",\"name\":\"Composition de Newcastle contre Arsenal\u00a0: XI pr\u00e9vu pour le match de Premier League au milieu des inqui\u00e9tudes li\u00e9es aux blessures d&#39;Anthony Gordon\",\"isPartOf\":{\"@id\":\"https:\/\/footdavant.fr\/actualites\/#website\"},\"datePublished\":\"2026-04-27T00:48:14+00:00\",\"dateModified\":\"2026-04-27T00:48:16+00:00\",\"breadcrumb\":{\"@id\":\"https:\/\/footdavant.fr\/actualites\/composition-de-newcastle-contre-arsenal-xi-prevu-pour-le-match-de-premier-league-au-milieu-des-inquietudes-liees-aux-blessures-danthony-gordon\/#breadcrumb\"},\"inLanguage\":\"fr-FR\",\"potentialAction\":[{\"@type\":\"ReadAction\",\"target\":[\"https:\/\/footdavant.fr\/actualites\/composition-de-newcastle-contre-arsenal-xi-prevu-pour-le-match-de-premier-league-au-milieu-des-inquietudes-liees-aux-blessures-danthony-gordon\/\"]}]},{\"@type\":\"BreadcrumbList\",\"@id\":\"https:\/\/footdavant.fr\/actualites\/composition-de-newcastle-contre-arsenal-xi-prevu-pour-le-match-de-premier-league-au-milieu-des-inquietudes-liees-aux-blessures-danthony-gordon\/#breadcrumb\",\"itemListElement\":[{\"@type\":\"ListItem\",\"position\":1,\"name\":\"Accueil\",\"item\":\"https:\/\/footdavant.fr\/actualites\/\"},{\"@type\":\"ListItem\",\"position\":2,\"name\":\"Composition de Newcastle contre Arsenal\u00a0: XI pr\u00e9vu pour le match de Premier League au milieu des inqui\u00e9tudes li\u00e9es aux blessures d&#39;Anthony Gordon\"}]},{\"@type\":\"WebSite\",\"@id\":\"https:\/\/footdavant.fr\/actualites\/#website\",\"url\":\"https:\/\/footdavant.fr\/actualites\/\",\"name\":\"Foot d'avant\",\"description\":\"\",\"publisher\":{\"@id\":\"https:\/\/footdavant.fr\/actualites\/#organization\"},\"potentialAction\":[{\"@type\":\"SearchAction\",\"target\":{\"@type\":\"EntryPoint\",\"urlTemplate\":\"https:\/\/footdavant.fr\/actualites\/?s={search_term_string}\"},\"query-input\":\"required name=search_term_string\"}],\"inLanguage\":\"fr-FR\"},{\"@type\":\"Organization\",\"@id\":\"https:\/\/footdavant.fr\/actualites\/#organization\",\"name\":\"Foot d'avant\",\"url\":\"https:\/\/footdavant.fr\/actualites\/\",\"logo\":{\"@type\":\"ImageObject\",\"inLanguage\":\"fr-FR\",\"@id\":\"https:\/\/footdavant.fr\/actualites\/#\/schema\/logo\/image\/\",\"url\":\"https:\/\/footdavant.fr\/actualites\/wp-content\/uploads\/2023\/09\/Copy-of-FootDavant-Logo.png\",\"contentUrl\":\"https:\/\/footdavant.fr\/actualites\/wp-content\/uploads\/2023\/09\/Copy-of-FootDavant-Logo.png\",\"width\":936,\"height\":549,\"caption\":\"Foot d'avant\"},\"image\":{\"@id\":\"https:\/\/footdavant.fr\/actualites\/#\/schema\/logo\/image\/\"},\"sameAs\":[\"https:\/\/www.facebook.com\/Footdavant\/\",\"https:\/\/twitter.com\/FootdavantFr\",\"https:\/\/www.instagram.com\/footdavant.fr\/\"]},{\"@type\":\"Person\",\"@id\":\"https:\/\/footdavant.fr\/actualites\/#\/schema\/person\/bc222566d95871b37e597b3ed3ba5e1d\",\"name\":\"Cl\u00e9ment\",\"image\":{\"@type\":\"ImageObject\",\"inLanguage\":\"fr-FR\",\"@id\":\"https:\/\/footdavant.fr\/actualites\/#\/schema\/person\/image\/\",\"url\":\"https:\/\/secure.gravatar.com\/avatar\/7728b29aac2719421e1a9159b2254c44?s=96&d=mm&r=g\",\"contentUrl\":\"https:\/\/secure.gravatar.com\/avatar\/7728b29aac2719421e1a9159b2254c44?s=96&d=mm&r=g\",\"caption\":\"Cl\u00e9ment\"},\"sameAs\":[\"https:\/\/footdavant.fr\/\"]}]}<\/script>\n<!-- \/ Yoast SEO plugin. -->","yoast_head_json":{"title":"Composition de Newcastle contre Arsenal\u00a0: XI pr\u00e9vu pour le match de Premier League au milieu des inqui\u00e9tudes li\u00e9es aux blessures d&#39;Anthony Gordon","robots":{"index":"index","follow":"follow","max-snippet":"max-snippet:-1","max-image-preview":"max-image-preview:large","max-video-preview":"max-video-preview:-1"},"canonical":"https:\/\/footdavant.fr\/actualites\/composition-de-newcastle-contre-arsenal-xi-prevu-pour-le-match-de-premier-league-au-milieu-des-inquietudes-liees-aux-blessures-danthony-gordon\/","og_locale":"fr_FR","og_type":"article","og_title":"Composition de Newcastle contre Arsenal\u00a0: XI pr\u00e9vu pour le match de Premier League au milieu des inqui\u00e9tudes li\u00e9es aux blessures d&#39;Anthony Gordon","og_description":"Newcastle United devrait se retrouver priv\u00e9 de deux joueurs int\u00e9gr\u00e9s pour la confrontation de samedi en Premier League avec Arsenal, en qu\u00eate de titre, \u00e0","og_url":"https:\/\/footdavant.fr\/actualites\/composition-de-newcastle-contre-arsenal-xi-prevu-pour-le-match-de-premier-league-au-milieu-des-inquietudes-liees-aux-blessures-danthony-gordon\/","og_site_name":"Foot d&#039;avant","article_publisher":"https:\/\/www.facebook.com\/Footdavant\/","article_published_time":"2026-04-27T00:48:14+00:00","article_modified_time":"2026-04-27T00:48:16+00:00","og_image":[{"width":720,"height":410,"url":"https:\/\/footdavant.fr\/actualites\/wp-content\/uploads\/2026\/04\/Composition-de-Newcastle-contre-Arsenal-XI-prevu-pour-le-match.net2Fuploads2F20262F042Fanthony-gordon-6.webp","type":"image\/webp"}],"author":"Cl\u00e9ment","twitter_card":"summary_large_image","twitter_creator":"@FootdavantFr","twitter_site":"@FootdavantFr","twitter_misc":{"\u00c9crit par":"Cl\u00e9ment","Dur\u00e9e de lecture estim\u00e9e":"2 minutes"},"schema":{"@context":"https:\/\/schema.org","@graph":[{"@type":"Article","@id":"https:\/\/footdavant.fr\/actualites\/composition-de-newcastle-contre-arsenal-xi-prevu-pour-le-match-de-premier-league-au-milieu-des-inquietudes-liees-aux-blessures-danthony-gordon\/#article","isPartOf":{"@id":"https:\/\/footdavant.fr\/actualites\/composition-de-newcastle-contre-arsenal-xi-prevu-pour-le-match-de-premier-league-au-milieu-des-inquietudes-liees-aux-blessures-danthony-gordon\/"},"author":{"name":"Cl\u00e9ment","@id":"https:\/\/footdavant.fr\/actualites\/#\/schema\/person\/bc222566d95871b37e597b3ed3ba5e1d"},"headline":"Composition de Newcastle contre Arsenal\u00a0: XI pr\u00e9vu pour le match de Premier League au milieu des inqui\u00e9tudes li\u00e9es aux blessures d&#39;Anthony Gordon","datePublished":"2026-04-27T00:48:14+00:00","dateModified":"2026-04-27T00:48:16+00:00","mainEntityOfPage":{"@id":"https:\/\/footdavant.fr\/actualites\/composition-de-newcastle-contre-arsenal-xi-prevu-pour-le-match-de-premier-league-au-milieu-des-inquietudes-liees-aux-blessures-danthony-gordon\/"},"wordCount":334,"publisher":{"@id":"https:\/\/footdavant.fr\/actualites\/#organization"},"keywords":["Arsenal","aux","blessures","composition","contre","d39Anthony","des","Gordon","inqui\u00e9tudes","League","li\u00e9es","match","milieu","Newcastle","pour","Premier","pr\u00e9vu"],"articleSection":["Premier League"],"inLanguage":"fr-FR"},{"@type":"WebPage","@id":"https:\/\/footdavant.fr\/actualites\/composition-de-newcastle-contre-arsenal-xi-prevu-pour-le-match-de-premier-league-au-milieu-des-inquietudes-liees-aux-blessures-danthony-gordon\/","url":"https:\/\/footdavant.fr\/actualites\/composition-de-newcastle-contre-arsenal-xi-prevu-pour-le-match-de-premier-league-au-milieu-des-inquietudes-liees-aux-blessures-danthony-gordon\/","name":"Composition de Newcastle contre Arsenal\u00a0: XI pr\u00e9vu pour le match de Premier League au milieu des inqui\u00e9tudes li\u00e9es aux blessures d&#39;Anthony Gordon","isPartOf":{"@id":"https:\/\/footdavant.fr\/actualites\/#website"},"datePublished":"2026-04-27T00:48:14+00:00","dateModified":"2026-04-27T00:48:16+00:00","breadcrumb":{"@id":"https:\/\/footdavant.fr\/actualites\/composition-de-newcastle-contre-arsenal-xi-prevu-pour-le-match-de-premier-league-au-milieu-des-inquietudes-liees-aux-blessures-danthony-gordon\/#breadcrumb"},"inLanguage":"fr-FR","potentialAction":[{"@type":"ReadAction","target":["https:\/\/footdavant.fr\/actualites\/composition-de-newcastle-contre-arsenal-xi-prevu-pour-le-match-de-premier-league-au-milieu-des-inquietudes-liees-aux-blessures-danthony-gordon\/"]}]},{"@type":"BreadcrumbList","@id":"https:\/\/footdavant.fr\/actualites\/composition-de-newcastle-contre-arsenal-xi-prevu-pour-le-match-de-premier-league-au-milieu-des-inquietudes-liees-aux-blessures-danthony-gordon\/#breadcrumb","itemListElement":[{"@type":"ListItem","position":1,"name":"Accueil","item":"https:\/\/footdavant.fr\/actualites\/"},{"@type":"ListItem","position":2,"name":"Composition de Newcastle contre Arsenal\u00a0: XI pr\u00e9vu pour le match de Premier League au milieu des inqui\u00e9tudes li\u00e9es aux blessures d&#39;Anthony Gordon"}]},{"@type":"WebSite","@id":"https:\/\/footdavant.fr\/actualites\/#website","url":"https:\/\/footdavant.fr\/actualites\/","name":"Foot d'avant","description":"","publisher":{"@id":"https:\/\/footdavant.fr\/actualites\/#organization"},"potentialAction":[{"@type":"SearchAction","target":{"@type":"EntryPoint","urlTemplate":"https:\/\/footdavant.fr\/actualites\/?s={search_term_string}"},"query-input":"required name=search_term_string"}],"inLanguage":"fr-FR"},{"@type":"Organization","@id":"https:\/\/footdavant.fr\/actualites\/#organization","name":"Foot d'avant","url":"https:\/\/footdavant.fr\/actualites\/","logo":{"@type":"ImageObject","inLanguage":"fr-FR","@id":"https:\/\/footdavant.fr\/actualites\/#\/schema\/logo\/image\/","url":"https:\/\/footdavant.fr\/actualites\/wp-content\/uploads\/2023\/09\/Copy-of-FootDavant-Logo.png","contentUrl":"https:\/\/footdavant.fr\/actualites\/wp-content\/uploads\/2023\/09\/Copy-of-FootDavant-Logo.png","width":936,"height":549,"caption":"Foot d'avant"},"image":{"@id":"https:\/\/footdavant.fr\/actualites\/#\/schema\/logo\/image\/"},"sameAs":["https:\/\/www.facebook.com\/Footdavant\/","https:\/\/twitter.com\/FootdavantFr","https:\/\/www.instagram.com\/footdavant.fr\/"]},{"@type":"Person","@id":"https:\/\/footdavant.fr\/actualites\/#\/schema\/person\/bc222566d95871b37e597b3ed3ba5e1d","name":"Cl\u00e9ment","image":{"@type":"ImageObject","inLanguage":"fr-FR","@id":"https:\/\/footdavant.fr\/actualites\/#\/schema\/person\/image\/","url":"https:\/\/secure.gravatar.com\/avatar\/7728b29aac2719421e1a9159b2254c44?s=96&d=mm&r=g","contentUrl":"https:\/\/secure.gravatar.com\/avatar\/7728b29aac2719421e1a9159b2254c44?s=96&d=mm&r=g","caption":"Cl\u00e9ment"},"sameAs":["https:\/\/footdavant.fr\/"]}]}},"_links":{"self":[{"href":"https:\/\/footdavant.fr\/actualites\/wp-json\/wp\/v2\/posts\/36867"}],"collection":[{"href":"https:\/\/footdavant.fr\/actualites\/wp-json\/wp\/v2\/posts"}],"about":[{"href":"https:\/\/footdavant.fr\/actualites\/wp-json\/wp\/v2\/types\/post"}],"author":[{"embeddable":true,"href":"https:\/\/footdavant.fr\/actualites\/wp-json\/wp\/v2\/users\/1"}],"replies":[{"embeddable":true,"href":"https:\/\/footdavant.fr\/actualites\/wp-json\/wp\/v2\/comments?post=36867"}],"version-history":[{"count":1,"href":"https:\/\/footdavant.fr\/actualites\/wp-json\/wp\/v2\/posts\/36867\/revisions"}],"predecessor-version":[{"id":36869,"href":"https:\/\/footdavant.fr\/actualites\/wp-json\/wp\/v2\/posts\/36867\/revisions\/36869"}],"wp:featuredmedia":[{"embeddable":true,"href":"https:\/\/footdavant.fr\/actualites\/wp-json\/wp\/v2\/media\/36868"}],"wp:attachment":[{"href":"https:\/\/footdavant.fr\/actualites\/wp-json\/wp\/v2\/media?parent=36867"}],"wp:term":[{"taxonomy":"category","embeddable":true,"href":"https:\/\/footdavant.fr\/actualites\/wp-json\/wp\/v2\/categories?post=36867"},{"taxonomy":"post_tag","embeddable":true,"href":"https:\/\/footdavant.fr\/actualites\/wp-json\/wp\/v2\/tags?post=36867"}],"curies":[{"name":"wp","href":"https:\/\/api.w.org\/{rel}","templated":true}]}}