{"id":36873,"date":"2026-04-27T06:48:02","date_gmt":"2026-04-27T04:48:02","guid":{"rendered":"https:\/\/footdavant.fr\/actualites\/composition-darsenal-contre-newcastle-xi-prevu-pour-le-match-de-premier-league-alors-que-bukayo-saka-et-les-decisions-de-jurrien-timber-sont-prises\/"},"modified":"2026-04-27T06:48:03","modified_gmt":"2026-04-27T04:48:03","slug":"composition-darsenal-contre-newcastle-xi-prevu-pour-le-match-de-premier-league-alors-que-bukayo-saka-et-les-decisions-de-jurrien-timber-sont-prises","status":"publish","type":"post","link":"https:\/\/footdavant.fr\/actualites\/composition-darsenal-contre-newcastle-xi-prevu-pour-le-match-de-premier-league-alors-que-bukayo-saka-et-les-decisions-de-jurrien-timber-sont-prises\/","title":{"rendered":"Composition d&#39;Arsenal contre Newcastle\u00a0: XI pr\u00e9vu pour le match de Premier League alors que Bukayo Saka et les d\u00e9cisions de Jurrien Timber sont prises"},"content":{"rendered":"<div itemprop=\"articleBody\">\n<p>Le manager d&#39;Arsenal, Mikel Arteta, a fait le point sur la forme physique de Bukayo Saka avant le match de Premier League de samedi contre Newcastle United aux Emirats.<\/p>\n<p>Le joueur de 24 ans n&#39;a pas jou\u00e9 depuis qu&#39;il s&#39;est retir\u00e9 de l&#39;\u00e9quipe d&#39;Angleterre lors de la tr\u00eave internationale de mars, et Arteta l&#39;a fermement exclu du d\u00e9placement du week-end dernier \u00e0 Manchester City avant cette d\u00e9faite 2-1.<\/p>\n<p>Arteta a d\u00e9clar\u00e9 vendredi que Saka serait \u00ab\u00a0probablement\u00a0\u00bb dans l&#39;\u00e9quipe, mais avec l&#39;Atletico Madrid en Ligue des champions, Noni Madueke reprendra probablement son r\u00f4le \u00e0 droite pour le moment.<\/p>\n<p>L&#39;ancien joueur de Chelsea devrait faire partie d&#39;un trident offensif inchang\u00e9, alors que Kai Havertz conserve sa place face \u00e0 Viktor Gyokeres apr\u00e8s avoir forc\u00e9 Gianluigi Donnarumma \u00e0 se lancer dans un clash calamiteux le week-end dernier, tandis qu&#39;Eberechi Eze se pavane \u00e0 gauche.<\/p>\n<p>Ce dernier a la possibilit\u00e9 de fonctionner largement gr\u00e2ce au r\u00e9cent r\u00e9tablissement de Martin Odegaard d&#39;un probl\u00e8me au genou, et le Norv\u00e9gien tirera une fois de plus les ficelles cr\u00e9atives du r\u00f4le de num\u00e9ro 10.<\/p>\n<p>Apr\u00e8s avoir eu presque une semaine compl\u00e8te entre ses engagements nationaux, Mikel Arteta ne devrait pas h\u00e9siter \u00e0 relancer Declan Rice et Martin Zubimendi, mais il se retrouve dans un autre dilemme \u00e0 l&#39;arri\u00e8re droit.<\/p>\n<p>Cristhian Mosquera a naturellement eu du mal \u00e0 faire face \u00e0 Jeremy Doku lors de la d\u00e9faite de Man City, et avec Jurrien Timber (coup) toujours absent, Ben White pourrait \u00eatre r\u00e9introduit.<\/p>\n<p>Riccardo Calafiori est au moins sur le point de revenir, mais Piero Hincapie devrait malgr\u00e9 tout conserver sa place d&#39;arri\u00e8re gauche.<\/p>\n<p>Composition de d\u00e9part possible d\u2019Arsenal :<\/p>\n<p>Raya\u00a0; Blanc, Saliba, Gabriel, Hincapie ; Odegaard, Zubimendi, Riz\u00a0; Madueke, Havertz, \u00c8ze<\/p>\n<p>> Cliquez ici pour voir comment Newcastle pourrait s&#39;aligner contre Arsenal<\/p>\n<\/div>\n","protected":false},"excerpt":{"rendered":"<p>Le manager d&#39;Arsenal, Mikel Arteta, a fait le point sur la forme physique de Bukayo Saka avant le match de Premier League de samedi contre<\/p>\n","protected":false},"author":1,"featured_media":36874,"comment_status":"closed","ping_status":"","sticky":false,"template":"","format":"standard","meta":{"footnotes":""},"categories":[5],"tags":[318,865,2291,20,4221,3408,1506,202,93,257,22,51,201,3924,6311,185,45,1507],"yoast_head":"<!-- This site is optimized with the Yoast SEO plugin v21.0 - https:\/\/yoast.com\/wordpress\/plugins\/seo\/ -->\n<title>Composition d&#039;Arsenal contre Newcastle\u00a0: XI pr\u00e9vu pour le match de Premier League alors que Bukayo Saka et les d\u00e9cisions de Jurrien Timber sont prises<\/title>\n<meta name=\"robots\" content=\"index, follow, max-snippet:-1, max-image-preview:large, max-video-preview:-1\" \/>\n<link rel=\"canonical\" href=\"https:\/\/footdavant.fr\/actualites\/composition-darsenal-contre-newcastle-xi-prevu-pour-le-match-de-premier-league-alors-que-bukayo-saka-et-les-decisions-de-jurrien-timber-sont-prises\/\" \/>\n<meta property=\"og:locale\" content=\"fr_FR\" \/>\n<meta property=\"og:type\" content=\"article\" \/>\n<meta property=\"og:title\" content=\"Composition d&#039;Arsenal contre Newcastle\u00a0: XI pr\u00e9vu pour le match de Premier League alors que Bukayo Saka et les d\u00e9cisions de Jurrien Timber sont prises\" \/>\n<meta property=\"og:description\" content=\"Le manager d&#039;Arsenal, Mikel Arteta, a fait le point sur la forme physique de Bukayo Saka avant le match de Premier League de samedi contre\" \/>\n<meta property=\"og:url\" content=\"https:\/\/footdavant.fr\/actualites\/composition-darsenal-contre-newcastle-xi-prevu-pour-le-match-de-premier-league-alors-que-bukayo-saka-et-les-decisions-de-jurrien-timber-sont-prises\/\" \/>\n<meta property=\"og:site_name\" content=\"Foot d&#039;avant\" \/>\n<meta property=\"article:publisher\" content=\"https:\/\/www.facebook.com\/Footdavant\/\" \/>\n<meta property=\"article:published_time\" content=\"2026-04-27T04:48:02+00:00\" \/>\n<meta property=\"article:modified_time\" content=\"2026-04-27T04:48:03+00:00\" \/>\n<meta property=\"og:image\" content=\"https:\/\/footdavant.fr\/actualites\/wp-content\/uploads\/2026\/04\/Composition-d39Arsenal-contre-Newcastle-XI-prevu-pour-le-match-de.net2Fuploads2F20262F022Ficonsport-360150.webp\" \/>\n\t<meta property=\"og:image:width\" content=\"720\" \/>\n\t<meta property=\"og:image:height\" content=\"410\" \/>\n\t<meta property=\"og:image:type\" content=\"image\/webp\" \/>\n<meta name=\"author\" content=\"Cl\u00e9ment\" \/>\n<meta name=\"twitter:card\" content=\"summary_large_image\" \/>\n<meta name=\"twitter:creator\" content=\"@FootdavantFr\" \/>\n<meta name=\"twitter:site\" content=\"@FootdavantFr\" \/>\n<meta name=\"twitter:label1\" content=\"\u00c9crit par\" \/>\n\t<meta name=\"twitter:data1\" content=\"Cl\u00e9ment\" \/>\n\t<meta name=\"twitter:label2\" content=\"Dur\u00e9e de lecture estim\u00e9e\" \/>\n\t<meta name=\"twitter:data2\" content=\"2 minutes\" \/>\n<script type=\"application\/ld+json\" class=\"yoast-schema-graph\">{\"@context\":\"https:\/\/schema.org\",\"@graph\":[{\"@type\":\"Article\",\"@id\":\"https:\/\/footdavant.fr\/actualites\/composition-darsenal-contre-newcastle-xi-prevu-pour-le-match-de-premier-league-alors-que-bukayo-saka-et-les-decisions-de-jurrien-timber-sont-prises\/#article\",\"isPartOf\":{\"@id\":\"https:\/\/footdavant.fr\/actualites\/composition-darsenal-contre-newcastle-xi-prevu-pour-le-match-de-premier-league-alors-que-bukayo-saka-et-les-decisions-de-jurrien-timber-sont-prises\/\"},\"author\":{\"name\":\"Cl\u00e9ment\",\"@id\":\"https:\/\/footdavant.fr\/actualites\/#\/schema\/person\/bc222566d95871b37e597b3ed3ba5e1d\"},\"headline\":\"Composition d&#39;Arsenal contre Newcastle\u00a0: XI pr\u00e9vu pour le match de Premier League alors que Bukayo Saka et les d\u00e9cisions de Jurrien Timber sont prises\",\"datePublished\":\"2026-04-27T04:48:02+00:00\",\"dateModified\":\"2026-04-27T04:48:03+00:00\",\"mainEntityOfPage\":{\"@id\":\"https:\/\/footdavant.fr\/actualites\/composition-darsenal-contre-newcastle-xi-prevu-pour-le-match-de-premier-league-alors-que-bukayo-saka-et-les-decisions-de-jurrien-timber-sont-prises\/\"},\"wordCount\":345,\"publisher\":{\"@id\":\"https:\/\/footdavant.fr\/actualites\/#organization\"},\"keywords\":[\"alors\",\"Bukayo\",\"composition\",\"contre\",\"d39Arsenal\",\"d\u00e9cisions\",\"Jurrien\",\"League\",\"les\",\"match\",\"Newcastle\",\"pour\",\"Premier\",\"pr\u00e9vu\",\"prises\",\"Saka\",\"sont\",\"Timber\"],\"articleSection\":[\"Premier League\"],\"inLanguage\":\"fr-FR\"},{\"@type\":\"WebPage\",\"@id\":\"https:\/\/footdavant.fr\/actualites\/composition-darsenal-contre-newcastle-xi-prevu-pour-le-match-de-premier-league-alors-que-bukayo-saka-et-les-decisions-de-jurrien-timber-sont-prises\/\",\"url\":\"https:\/\/footdavant.fr\/actualites\/composition-darsenal-contre-newcastle-xi-prevu-pour-le-match-de-premier-league-alors-que-bukayo-saka-et-les-decisions-de-jurrien-timber-sont-prises\/\",\"name\":\"Composition d&#39;Arsenal contre Newcastle\u00a0: XI pr\u00e9vu pour le match de Premier League alors que Bukayo Saka et les d\u00e9cisions de Jurrien Timber sont prises\",\"isPartOf\":{\"@id\":\"https:\/\/footdavant.fr\/actualites\/#website\"},\"datePublished\":\"2026-04-27T04:48:02+00:00\",\"dateModified\":\"2026-04-27T04:48:03+00:00\",\"breadcrumb\":{\"@id\":\"https:\/\/footdavant.fr\/actualites\/composition-darsenal-contre-newcastle-xi-prevu-pour-le-match-de-premier-league-alors-que-bukayo-saka-et-les-decisions-de-jurrien-timber-sont-prises\/#breadcrumb\"},\"inLanguage\":\"fr-FR\",\"potentialAction\":[{\"@type\":\"ReadAction\",\"target\":[\"https:\/\/footdavant.fr\/actualites\/composition-darsenal-contre-newcastle-xi-prevu-pour-le-match-de-premier-league-alors-que-bukayo-saka-et-les-decisions-de-jurrien-timber-sont-prises\/\"]}]},{\"@type\":\"BreadcrumbList\",\"@id\":\"https:\/\/footdavant.fr\/actualites\/composition-darsenal-contre-newcastle-xi-prevu-pour-le-match-de-premier-league-alors-que-bukayo-saka-et-les-decisions-de-jurrien-timber-sont-prises\/#breadcrumb\",\"itemListElement\":[{\"@type\":\"ListItem\",\"position\":1,\"name\":\"Accueil\",\"item\":\"https:\/\/footdavant.fr\/actualites\/\"},{\"@type\":\"ListItem\",\"position\":2,\"name\":\"Composition d&#39;Arsenal contre Newcastle\u00a0: XI pr\u00e9vu pour le match de Premier League alors que Bukayo Saka et les d\u00e9cisions de Jurrien Timber sont prises\"}]},{\"@type\":\"WebSite\",\"@id\":\"https:\/\/footdavant.fr\/actualites\/#website\",\"url\":\"https:\/\/footdavant.fr\/actualites\/\",\"name\":\"Foot d'avant\",\"description\":\"\",\"publisher\":{\"@id\":\"https:\/\/footdavant.fr\/actualites\/#organization\"},\"potentialAction\":[{\"@type\":\"SearchAction\",\"target\":{\"@type\":\"EntryPoint\",\"urlTemplate\":\"https:\/\/footdavant.fr\/actualites\/?s={search_term_string}\"},\"query-input\":\"required name=search_term_string\"}],\"inLanguage\":\"fr-FR\"},{\"@type\":\"Organization\",\"@id\":\"https:\/\/footdavant.fr\/actualites\/#organization\",\"name\":\"Foot d'avant\",\"url\":\"https:\/\/footdavant.fr\/actualites\/\",\"logo\":{\"@type\":\"ImageObject\",\"inLanguage\":\"fr-FR\",\"@id\":\"https:\/\/footdavant.fr\/actualites\/#\/schema\/logo\/image\/\",\"url\":\"https:\/\/footdavant.fr\/actualites\/wp-content\/uploads\/2023\/09\/Copy-of-FootDavant-Logo.png\",\"contentUrl\":\"https:\/\/footdavant.fr\/actualites\/wp-content\/uploads\/2023\/09\/Copy-of-FootDavant-Logo.png\",\"width\":936,\"height\":549,\"caption\":\"Foot d'avant\"},\"image\":{\"@id\":\"https:\/\/footdavant.fr\/actualites\/#\/schema\/logo\/image\/\"},\"sameAs\":[\"https:\/\/www.facebook.com\/Footdavant\/\",\"https:\/\/twitter.com\/FootdavantFr\",\"https:\/\/www.instagram.com\/footdavant.fr\/\"]},{\"@type\":\"Person\",\"@id\":\"https:\/\/footdavant.fr\/actualites\/#\/schema\/person\/bc222566d95871b37e597b3ed3ba5e1d\",\"name\":\"Cl\u00e9ment\",\"image\":{\"@type\":\"ImageObject\",\"inLanguage\":\"fr-FR\",\"@id\":\"https:\/\/footdavant.fr\/actualites\/#\/schema\/person\/image\/\",\"url\":\"https:\/\/secure.gravatar.com\/avatar\/7728b29aac2719421e1a9159b2254c44?s=96&d=mm&r=g\",\"contentUrl\":\"https:\/\/secure.gravatar.com\/avatar\/7728b29aac2719421e1a9159b2254c44?s=96&d=mm&r=g\",\"caption\":\"Cl\u00e9ment\"},\"sameAs\":[\"https:\/\/footdavant.fr\/\"]}]}<\/script>\n<!-- \/ Yoast SEO plugin. -->","yoast_head_json":{"title":"Composition d&#39;Arsenal contre Newcastle\u00a0: XI pr\u00e9vu pour le match de Premier League alors que Bukayo Saka et les d\u00e9cisions de Jurrien Timber sont prises","robots":{"index":"index","follow":"follow","max-snippet":"max-snippet:-1","max-image-preview":"max-image-preview:large","max-video-preview":"max-video-preview:-1"},"canonical":"https:\/\/footdavant.fr\/actualites\/composition-darsenal-contre-newcastle-xi-prevu-pour-le-match-de-premier-league-alors-que-bukayo-saka-et-les-decisions-de-jurrien-timber-sont-prises\/","og_locale":"fr_FR","og_type":"article","og_title":"Composition d&#39;Arsenal contre Newcastle\u00a0: XI pr\u00e9vu pour le match de Premier League alors que Bukayo Saka et les d\u00e9cisions de Jurrien Timber sont prises","og_description":"Le manager d&#39;Arsenal, Mikel Arteta, a fait le point sur la forme physique de Bukayo Saka avant le match de Premier League de samedi contre","og_url":"https:\/\/footdavant.fr\/actualites\/composition-darsenal-contre-newcastle-xi-prevu-pour-le-match-de-premier-league-alors-que-bukayo-saka-et-les-decisions-de-jurrien-timber-sont-prises\/","og_site_name":"Foot d&#039;avant","article_publisher":"https:\/\/www.facebook.com\/Footdavant\/","article_published_time":"2026-04-27T04:48:02+00:00","article_modified_time":"2026-04-27T04:48:03+00:00","og_image":[{"width":720,"height":410,"url":"https:\/\/footdavant.fr\/actualites\/wp-content\/uploads\/2026\/04\/Composition-d39Arsenal-contre-Newcastle-XI-prevu-pour-le-match-de.net2Fuploads2F20262F022Ficonsport-360150.webp","type":"image\/webp"}],"author":"Cl\u00e9ment","twitter_card":"summary_large_image","twitter_creator":"@FootdavantFr","twitter_site":"@FootdavantFr","twitter_misc":{"\u00c9crit par":"Cl\u00e9ment","Dur\u00e9e de lecture estim\u00e9e":"2 minutes"},"schema":{"@context":"https:\/\/schema.org","@graph":[{"@type":"Article","@id":"https:\/\/footdavant.fr\/actualites\/composition-darsenal-contre-newcastle-xi-prevu-pour-le-match-de-premier-league-alors-que-bukayo-saka-et-les-decisions-de-jurrien-timber-sont-prises\/#article","isPartOf":{"@id":"https:\/\/footdavant.fr\/actualites\/composition-darsenal-contre-newcastle-xi-prevu-pour-le-match-de-premier-league-alors-que-bukayo-saka-et-les-decisions-de-jurrien-timber-sont-prises\/"},"author":{"name":"Cl\u00e9ment","@id":"https:\/\/footdavant.fr\/actualites\/#\/schema\/person\/bc222566d95871b37e597b3ed3ba5e1d"},"headline":"Composition d&#39;Arsenal contre Newcastle\u00a0: XI pr\u00e9vu pour le match de Premier League alors que Bukayo Saka et les d\u00e9cisions de Jurrien Timber sont prises","datePublished":"2026-04-27T04:48:02+00:00","dateModified":"2026-04-27T04:48:03+00:00","mainEntityOfPage":{"@id":"https:\/\/footdavant.fr\/actualites\/composition-darsenal-contre-newcastle-xi-prevu-pour-le-match-de-premier-league-alors-que-bukayo-saka-et-les-decisions-de-jurrien-timber-sont-prises\/"},"wordCount":345,"publisher":{"@id":"https:\/\/footdavant.fr\/actualites\/#organization"},"keywords":["alors","Bukayo","composition","contre","d39Arsenal","d\u00e9cisions","Jurrien","League","les","match","Newcastle","pour","Premier","pr\u00e9vu","prises","Saka","sont","Timber"],"articleSection":["Premier League"],"inLanguage":"fr-FR"},{"@type":"WebPage","@id":"https:\/\/footdavant.fr\/actualites\/composition-darsenal-contre-newcastle-xi-prevu-pour-le-match-de-premier-league-alors-que-bukayo-saka-et-les-decisions-de-jurrien-timber-sont-prises\/","url":"https:\/\/footdavant.fr\/actualites\/composition-darsenal-contre-newcastle-xi-prevu-pour-le-match-de-premier-league-alors-que-bukayo-saka-et-les-decisions-de-jurrien-timber-sont-prises\/","name":"Composition d&#39;Arsenal contre Newcastle\u00a0: XI pr\u00e9vu pour le match de Premier League alors que Bukayo Saka et les d\u00e9cisions de Jurrien Timber sont prises","isPartOf":{"@id":"https:\/\/footdavant.fr\/actualites\/#website"},"datePublished":"2026-04-27T04:48:02+00:00","dateModified":"2026-04-27T04:48:03+00:00","breadcrumb":{"@id":"https:\/\/footdavant.fr\/actualites\/composition-darsenal-contre-newcastle-xi-prevu-pour-le-match-de-premier-league-alors-que-bukayo-saka-et-les-decisions-de-jurrien-timber-sont-prises\/#breadcrumb"},"inLanguage":"fr-FR","potentialAction":[{"@type":"ReadAction","target":["https:\/\/footdavant.fr\/actualites\/composition-darsenal-contre-newcastle-xi-prevu-pour-le-match-de-premier-league-alors-que-bukayo-saka-et-les-decisions-de-jurrien-timber-sont-prises\/"]}]},{"@type":"BreadcrumbList","@id":"https:\/\/footdavant.fr\/actualites\/composition-darsenal-contre-newcastle-xi-prevu-pour-le-match-de-premier-league-alors-que-bukayo-saka-et-les-decisions-de-jurrien-timber-sont-prises\/#breadcrumb","itemListElement":[{"@type":"ListItem","position":1,"name":"Accueil","item":"https:\/\/footdavant.fr\/actualites\/"},{"@type":"ListItem","position":2,"name":"Composition d&#39;Arsenal contre Newcastle\u00a0: XI pr\u00e9vu pour le match de Premier League alors que Bukayo Saka et les d\u00e9cisions de Jurrien Timber sont prises"}]},{"@type":"WebSite","@id":"https:\/\/footdavant.fr\/actualites\/#website","url":"https:\/\/footdavant.fr\/actualites\/","name":"Foot d'avant","description":"","publisher":{"@id":"https:\/\/footdavant.fr\/actualites\/#organization"},"potentialAction":[{"@type":"SearchAction","target":{"@type":"EntryPoint","urlTemplate":"https:\/\/footdavant.fr\/actualites\/?s={search_term_string}"},"query-input":"required name=search_term_string"}],"inLanguage":"fr-FR"},{"@type":"Organization","@id":"https:\/\/footdavant.fr\/actualites\/#organization","name":"Foot d'avant","url":"https:\/\/footdavant.fr\/actualites\/","logo":{"@type":"ImageObject","inLanguage":"fr-FR","@id":"https:\/\/footdavant.fr\/actualites\/#\/schema\/logo\/image\/","url":"https:\/\/footdavant.fr\/actualites\/wp-content\/uploads\/2023\/09\/Copy-of-FootDavant-Logo.png","contentUrl":"https:\/\/footdavant.fr\/actualites\/wp-content\/uploads\/2023\/09\/Copy-of-FootDavant-Logo.png","width":936,"height":549,"caption":"Foot d'avant"},"image":{"@id":"https:\/\/footdavant.fr\/actualites\/#\/schema\/logo\/image\/"},"sameAs":["https:\/\/www.facebook.com\/Footdavant\/","https:\/\/twitter.com\/FootdavantFr","https:\/\/www.instagram.com\/footdavant.fr\/"]},{"@type":"Person","@id":"https:\/\/footdavant.fr\/actualites\/#\/schema\/person\/bc222566d95871b37e597b3ed3ba5e1d","name":"Cl\u00e9ment","image":{"@type":"ImageObject","inLanguage":"fr-FR","@id":"https:\/\/footdavant.fr\/actualites\/#\/schema\/person\/image\/","url":"https:\/\/secure.gravatar.com\/avatar\/7728b29aac2719421e1a9159b2254c44?s=96&d=mm&r=g","contentUrl":"https:\/\/secure.gravatar.com\/avatar\/7728b29aac2719421e1a9159b2254c44?s=96&d=mm&r=g","caption":"Cl\u00e9ment"},"sameAs":["https:\/\/footdavant.fr\/"]}]}},"_links":{"self":[{"href":"https:\/\/footdavant.fr\/actualites\/wp-json\/wp\/v2\/posts\/36873"}],"collection":[{"href":"https:\/\/footdavant.fr\/actualites\/wp-json\/wp\/v2\/posts"}],"about":[{"href":"https:\/\/footdavant.fr\/actualites\/wp-json\/wp\/v2\/types\/post"}],"author":[{"embeddable":true,"href":"https:\/\/footdavant.fr\/actualites\/wp-json\/wp\/v2\/users\/1"}],"replies":[{"embeddable":true,"href":"https:\/\/footdavant.fr\/actualites\/wp-json\/wp\/v2\/comments?post=36873"}],"version-history":[{"count":1,"href":"https:\/\/footdavant.fr\/actualites\/wp-json\/wp\/v2\/posts\/36873\/revisions"}],"predecessor-version":[{"id":36875,"href":"https:\/\/footdavant.fr\/actualites\/wp-json\/wp\/v2\/posts\/36873\/revisions\/36875"}],"wp:featuredmedia":[{"embeddable":true,"href":"https:\/\/footdavant.fr\/actualites\/wp-json\/wp\/v2\/media\/36874"}],"wp:attachment":[{"href":"https:\/\/footdavant.fr\/actualites\/wp-json\/wp\/v2\/media?parent=36873"}],"wp:term":[{"taxonomy":"category","embeddable":true,"href":"https:\/\/footdavant.fr\/actualites\/wp-json\/wp\/v2\/categories?post=36873"},{"taxonomy":"post_tag","embeddable":true,"href":"https:\/\/footdavant.fr\/actualites\/wp-json\/wp\/v2\/tags?post=36873"}],"curies":[{"name":"wp","href":"https:\/\/api.w.org\/{rel}","templated":true}]}}