{"id":36876,"date":"2026-04-27T08:48:15","date_gmt":"2026-04-27T06:48:15","guid":{"rendered":"https:\/\/footdavant.fr\/actualites\/mauricio-pochettino-lancienne-cible-de-united-leve-le-voile-sur-le-dejeuner-avec-sir-alex-ferguson\/"},"modified":"2026-04-27T08:48:17","modified_gmt":"2026-04-27T06:48:17","slug":"mauricio-pochettino-lancienne-cible-de-united-leve-le-voile-sur-le-dejeuner-avec-sir-alex-ferguson","status":"publish","type":"post","link":"https:\/\/footdavant.fr\/actualites\/mauricio-pochettino-lancienne-cible-de-united-leve-le-voile-sur-le-dejeuner-avec-sir-alex-ferguson\/","title":{"rendered":"Mauricio Pochettino: l&#39;ancienne cible de United l\u00e8ve le voile sur le d\u00e9jeuner avec Sir Alex Ferguson &#8211;"},"content":{"rendered":"<div id=\"penci-post-entry-inner\">\n<p>\t\t\t<i class=\"penci-post-countview-number-check\" style=\"display:none\">6<\/i><\/p>\n<p>L&#39;ancien manager de Tottenham Hotspur, Mauricio Pochettino, a parl\u00e9 de son c\u00e9l\u00e8bre repas avec Sir Alex Ferguson.<\/p>\n<h3>Succ\u00e8s en Angleterre<\/h3>\n<p>L&#39;ancien joueur et manager de l&#39;Espanyol est arriv\u00e9 en Angleterre en 2013.<\/p>\n<p>Il a pass\u00e9 un an \u00e0 Southampton avant de rejoindre Tottenham Hotspur en 2014, o\u00f9 il restera jusqu&#39;en 2019 apr\u00e8s les avoir men\u00e9s en finale de la Ligue des Champions.<\/p>\n<p>Apr\u00e8s une certaine absence du football, il passe un an au Paris Saint-Germain avant de rejoindre Chelsea pour la saison 2023-2024.<\/p>\n<p>Pochettino est manager de l&#39;\u00e9quipe nationale des \u00c9tats-Unis depuis 2024 et se pr\u00e9pare pour la Coupe du monde \u00e0 domicile plus tard cet \u00e9t\u00e9.<\/p>\n<h3>Liens avec United<\/h3>\n<p>Depuis plus d&#39;une d\u00e9cennie, l&#39;Argentin est r\u00e9guli\u00e8rement associ\u00e9 \u00e0 un d\u00e9m\u00e9nagement \u00e0 Old Trafford et \u00e9tait sur le point de se voir proposer le poste en 2022 avant de perdre face \u00e0 Erik ten Hag.<\/p>\n<p>S&#39;adressant au magazine FourFourTwo, Pochettino a r\u00e9v\u00e9l\u00e9 ce qui s&#39;est pass\u00e9 lors de son c\u00e9l\u00e8bre repas avec le l\u00e9gendaire Sir Alex Ferguson, admirateur connu de sa carri\u00e8re d&#39;entra\u00eeneur.<\/p>\n<p>Commentant le repas, il a d\u00e9clar\u00e9 : \u00ab par l&#39;interm\u00e9diaire du secr\u00e9taire de l&#39;Association des managers de la Ligue, Sir Alex m&#39;a demand\u00e9 mon num\u00e9ro de t\u00e9l\u00e9phone afin que nous puissions d\u00e9jeuner \u00bb.<\/p>\n<p>Il a d\u00e9crit la rencontre comme \u00ab une rencontre \u00e0 Londres entre coll\u00e8gues, entre un g\u00e9nie et un apprenti \u00bb.<\/p>\n<p>L&#39;Argentin a \u00e9galement r\u00e9v\u00e9l\u00e9 cette histoire amusante : \u00ab\u00a0Quand nous avons demand\u00e9 l&#39;addition, j&#39;ai voulu la prendre, et lui aussi. Nous avons commenc\u00e9 \u00e0 nous disputer pour savoir qui paierait\u00a0\u00bb.<\/p>\n<p>La solution de Sir Alex \u00e9tait de lui demander de nommer un Argentin qui avait marqu\u00e9 lors de la finale de la Coupe du monde 1930, et s&#39;il r\u00e9pondait correctement, Pochettino devrait payer.<\/p>\n<p>\u00c0 la grande surprise de Ferguson, Pochettino a r\u00e9pondu \u00ab Stabile \u00bb, c&#39;est donc l&#39;ancien manager de Tottenham Hotspur qui a fini par payer la facture.<\/p>\n<hr\/>\n<p>The Peoples Person est l&#39;un des principaux sites d&#39;information de Man United au monde depuis plus d&#39;une d\u00e9cennie. Suivez-nous sur Bluesky\u00a0: @peoplesperson.bsky.social<\/p>\n<p><!-- CONTENT END 2 --><\/p><\/div>\n","protected":false},"excerpt":{"rendered":"<p>6 L&#39;ancien manager de Tottenham Hotspur, Mauricio Pochettino, a parl\u00e9 de son c\u00e9l\u00e8bre repas avec Sir Alex Ferguson. Succ\u00e8s en Angleterre L&#39;ancien joueur et manager<\/p>\n","protected":false},"author":1,"featured_media":36877,"comment_status":"closed","ping_status":"","sticky":false,"template":"","format":"standard","meta":{"footnotes":""},"categories":[3],"tags":[1914,91,508,11851,1427,4848,4209,592,47,690,103,13,4210],"yoast_head":"<!-- This site is optimized with the Yoast SEO plugin v21.0 - https:\/\/yoast.com\/wordpress\/plugins\/seo\/ -->\n<title>Mauricio Pochettino: l&#039;ancienne cible de United l\u00e8ve le voile sur le d\u00e9jeuner avec Sir Alex Ferguson -<\/title>\n<meta name=\"robots\" content=\"index, follow, max-snippet:-1, max-image-preview:large, max-video-preview:-1\" \/>\n<link rel=\"canonical\" href=\"https:\/\/footdavant.fr\/actualites\/mauricio-pochettino-lancienne-cible-de-united-leve-le-voile-sur-le-dejeuner-avec-sir-alex-ferguson\/\" \/>\n<meta property=\"og:locale\" content=\"fr_FR\" \/>\n<meta property=\"og:type\" content=\"article\" \/>\n<meta property=\"og:title\" content=\"Mauricio Pochettino: l&#039;ancienne cible de United l\u00e8ve le voile sur le d\u00e9jeuner avec Sir Alex Ferguson -\" \/>\n<meta property=\"og:description\" content=\"6 L&#039;ancien manager de Tottenham Hotspur, Mauricio Pochettino, a parl\u00e9 de son c\u00e9l\u00e8bre repas avec Sir Alex Ferguson. Succ\u00e8s en Angleterre L&#039;ancien joueur et manager\" \/>\n<meta property=\"og:url\" content=\"https:\/\/footdavant.fr\/actualites\/mauricio-pochettino-lancienne-cible-de-united-leve-le-voile-sur-le-dejeuner-avec-sir-alex-ferguson\/\" \/>\n<meta property=\"og:site_name\" content=\"Foot d&#039;avant\" \/>\n<meta property=\"article:publisher\" content=\"https:\/\/www.facebook.com\/Footdavant\/\" \/>\n<meta property=\"article:published_time\" content=\"2026-04-27T06:48:15+00:00\" \/>\n<meta property=\"article:modified_time\" content=\"2026-04-27T06:48:17+00:00\" \/>\n<meta property=\"og:image\" content=\"https:\/\/footdavant.fr\/actualites\/wp-content\/uploads\/2026\/04\/Mauricio-Pochettino-l39ancienne-cible-de-United-leve-le-voile-sur.jpg\" \/>\n\t<meta property=\"og:image:width\" content=\"1600\" \/>\n\t<meta property=\"og:image:height\" content=\"709\" \/>\n\t<meta property=\"og:image:type\" content=\"image\/jpeg\" \/>\n<meta name=\"author\" content=\"Cl\u00e9ment\" \/>\n<meta name=\"twitter:card\" content=\"summary_large_image\" \/>\n<meta name=\"twitter:creator\" content=\"@FootdavantFr\" \/>\n<meta name=\"twitter:site\" content=\"@FootdavantFr\" \/>\n<meta name=\"twitter:label1\" content=\"\u00c9crit par\" \/>\n\t<meta name=\"twitter:data1\" content=\"Cl\u00e9ment\" \/>\n\t<meta name=\"twitter:label2\" content=\"Dur\u00e9e de lecture estim\u00e9e\" \/>\n\t<meta name=\"twitter:data2\" content=\"2 minutes\" \/>\n<script type=\"application\/ld+json\" class=\"yoast-schema-graph\">{\"@context\":\"https:\/\/schema.org\",\"@graph\":[{\"@type\":\"Article\",\"@id\":\"https:\/\/footdavant.fr\/actualites\/mauricio-pochettino-lancienne-cible-de-united-leve-le-voile-sur-le-dejeuner-avec-sir-alex-ferguson\/#article\",\"isPartOf\":{\"@id\":\"https:\/\/footdavant.fr\/actualites\/mauricio-pochettino-lancienne-cible-de-united-leve-le-voile-sur-le-dejeuner-avec-sir-alex-ferguson\/\"},\"author\":{\"name\":\"Cl\u00e9ment\",\"@id\":\"https:\/\/footdavant.fr\/actualites\/#\/schema\/person\/bc222566d95871b37e597b3ed3ba5e1d\"},\"headline\":\"Mauricio Pochettino: l&#39;ancienne cible de United l\u00e8ve le voile sur le d\u00e9jeuner avec Sir Alex Ferguson &#8211;\",\"datePublished\":\"2026-04-27T06:48:15+00:00\",\"dateModified\":\"2026-04-27T06:48:17+00:00\",\"mainEntityOfPage\":{\"@id\":\"https:\/\/footdavant.fr\/actualites\/mauricio-pochettino-lancienne-cible-de-united-leve-le-voile-sur-le-dejeuner-avec-sir-alex-ferguson\/\"},\"wordCount\":393,\"publisher\":{\"@id\":\"https:\/\/footdavant.fr\/actualites\/#organization\"},\"keywords\":[\"Alex\",\"avec\",\"cible\",\"d\u00e9jeuner\",\"Ferguson\",\"L39ancienne\",\"l\u00e8ve\",\"Mauricio\",\"Pochettino\",\"Sir\",\"sur\",\"United\",\"voile\"],\"articleSection\":[\"Football\"],\"inLanguage\":\"fr-FR\"},{\"@type\":\"WebPage\",\"@id\":\"https:\/\/footdavant.fr\/actualites\/mauricio-pochettino-lancienne-cible-de-united-leve-le-voile-sur-le-dejeuner-avec-sir-alex-ferguson\/\",\"url\":\"https:\/\/footdavant.fr\/actualites\/mauricio-pochettino-lancienne-cible-de-united-leve-le-voile-sur-le-dejeuner-avec-sir-alex-ferguson\/\",\"name\":\"Mauricio Pochettino: l&#39;ancienne cible de United l\u00e8ve le voile sur le d\u00e9jeuner avec Sir Alex Ferguson -\",\"isPartOf\":{\"@id\":\"https:\/\/footdavant.fr\/actualites\/#website\"},\"datePublished\":\"2026-04-27T06:48:15+00:00\",\"dateModified\":\"2026-04-27T06:48:17+00:00\",\"breadcrumb\":{\"@id\":\"https:\/\/footdavant.fr\/actualites\/mauricio-pochettino-lancienne-cible-de-united-leve-le-voile-sur-le-dejeuner-avec-sir-alex-ferguson\/#breadcrumb\"},\"inLanguage\":\"fr-FR\",\"potentialAction\":[{\"@type\":\"ReadAction\",\"target\":[\"https:\/\/footdavant.fr\/actualites\/mauricio-pochettino-lancienne-cible-de-united-leve-le-voile-sur-le-dejeuner-avec-sir-alex-ferguson\/\"]}]},{\"@type\":\"BreadcrumbList\",\"@id\":\"https:\/\/footdavant.fr\/actualites\/mauricio-pochettino-lancienne-cible-de-united-leve-le-voile-sur-le-dejeuner-avec-sir-alex-ferguson\/#breadcrumb\",\"itemListElement\":[{\"@type\":\"ListItem\",\"position\":1,\"name\":\"Accueil\",\"item\":\"https:\/\/footdavant.fr\/actualites\/\"},{\"@type\":\"ListItem\",\"position\":2,\"name\":\"Mauricio Pochettino: l&#39;ancienne cible de United l\u00e8ve le voile sur le d\u00e9jeuner avec Sir Alex Ferguson &#8211;\"}]},{\"@type\":\"WebSite\",\"@id\":\"https:\/\/footdavant.fr\/actualites\/#website\",\"url\":\"https:\/\/footdavant.fr\/actualites\/\",\"name\":\"Foot d'avant\",\"description\":\"\",\"publisher\":{\"@id\":\"https:\/\/footdavant.fr\/actualites\/#organization\"},\"potentialAction\":[{\"@type\":\"SearchAction\",\"target\":{\"@type\":\"EntryPoint\",\"urlTemplate\":\"https:\/\/footdavant.fr\/actualites\/?s={search_term_string}\"},\"query-input\":\"required name=search_term_string\"}],\"inLanguage\":\"fr-FR\"},{\"@type\":\"Organization\",\"@id\":\"https:\/\/footdavant.fr\/actualites\/#organization\",\"name\":\"Foot d'avant\",\"url\":\"https:\/\/footdavant.fr\/actualites\/\",\"logo\":{\"@type\":\"ImageObject\",\"inLanguage\":\"fr-FR\",\"@id\":\"https:\/\/footdavant.fr\/actualites\/#\/schema\/logo\/image\/\",\"url\":\"https:\/\/footdavant.fr\/actualites\/wp-content\/uploads\/2023\/09\/Copy-of-FootDavant-Logo.png\",\"contentUrl\":\"https:\/\/footdavant.fr\/actualites\/wp-content\/uploads\/2023\/09\/Copy-of-FootDavant-Logo.png\",\"width\":936,\"height\":549,\"caption\":\"Foot d'avant\"},\"image\":{\"@id\":\"https:\/\/footdavant.fr\/actualites\/#\/schema\/logo\/image\/\"},\"sameAs\":[\"https:\/\/www.facebook.com\/Footdavant\/\",\"https:\/\/twitter.com\/FootdavantFr\",\"https:\/\/www.instagram.com\/footdavant.fr\/\"]},{\"@type\":\"Person\",\"@id\":\"https:\/\/footdavant.fr\/actualites\/#\/schema\/person\/bc222566d95871b37e597b3ed3ba5e1d\",\"name\":\"Cl\u00e9ment\",\"image\":{\"@type\":\"ImageObject\",\"inLanguage\":\"fr-FR\",\"@id\":\"https:\/\/footdavant.fr\/actualites\/#\/schema\/person\/image\/\",\"url\":\"https:\/\/secure.gravatar.com\/avatar\/7728b29aac2719421e1a9159b2254c44?s=96&d=mm&r=g\",\"contentUrl\":\"https:\/\/secure.gravatar.com\/avatar\/7728b29aac2719421e1a9159b2254c44?s=96&d=mm&r=g\",\"caption\":\"Cl\u00e9ment\"},\"sameAs\":[\"https:\/\/footdavant.fr\/\"]}]}<\/script>\n<!-- \/ Yoast SEO plugin. -->","yoast_head_json":{"title":"Mauricio Pochettino: l&#39;ancienne cible de United l\u00e8ve le voile sur le d\u00e9jeuner avec Sir Alex Ferguson -","robots":{"index":"index","follow":"follow","max-snippet":"max-snippet:-1","max-image-preview":"max-image-preview:large","max-video-preview":"max-video-preview:-1"},"canonical":"https:\/\/footdavant.fr\/actualites\/mauricio-pochettino-lancienne-cible-de-united-leve-le-voile-sur-le-dejeuner-avec-sir-alex-ferguson\/","og_locale":"fr_FR","og_type":"article","og_title":"Mauricio Pochettino: l&#39;ancienne cible de United l\u00e8ve le voile sur le d\u00e9jeuner avec Sir Alex Ferguson -","og_description":"6 L&#39;ancien manager de Tottenham Hotspur, Mauricio Pochettino, a parl\u00e9 de son c\u00e9l\u00e8bre repas avec Sir Alex Ferguson. Succ\u00e8s en Angleterre L&#39;ancien joueur et manager","og_url":"https:\/\/footdavant.fr\/actualites\/mauricio-pochettino-lancienne-cible-de-united-leve-le-voile-sur-le-dejeuner-avec-sir-alex-ferguson\/","og_site_name":"Foot d&#039;avant","article_publisher":"https:\/\/www.facebook.com\/Footdavant\/","article_published_time":"2026-04-27T06:48:15+00:00","article_modified_time":"2026-04-27T06:48:17+00:00","og_image":[{"width":1600,"height":709,"url":"https:\/\/footdavant.fr\/actualites\/wp-content\/uploads\/2026\/04\/Mauricio-Pochettino-l39ancienne-cible-de-United-leve-le-voile-sur.jpg","type":"image\/jpeg"}],"author":"Cl\u00e9ment","twitter_card":"summary_large_image","twitter_creator":"@FootdavantFr","twitter_site":"@FootdavantFr","twitter_misc":{"\u00c9crit par":"Cl\u00e9ment","Dur\u00e9e de lecture estim\u00e9e":"2 minutes"},"schema":{"@context":"https:\/\/schema.org","@graph":[{"@type":"Article","@id":"https:\/\/footdavant.fr\/actualites\/mauricio-pochettino-lancienne-cible-de-united-leve-le-voile-sur-le-dejeuner-avec-sir-alex-ferguson\/#article","isPartOf":{"@id":"https:\/\/footdavant.fr\/actualites\/mauricio-pochettino-lancienne-cible-de-united-leve-le-voile-sur-le-dejeuner-avec-sir-alex-ferguson\/"},"author":{"name":"Cl\u00e9ment","@id":"https:\/\/footdavant.fr\/actualites\/#\/schema\/person\/bc222566d95871b37e597b3ed3ba5e1d"},"headline":"Mauricio Pochettino: l&#39;ancienne cible de United l\u00e8ve le voile sur le d\u00e9jeuner avec Sir Alex Ferguson &#8211;","datePublished":"2026-04-27T06:48:15+00:00","dateModified":"2026-04-27T06:48:17+00:00","mainEntityOfPage":{"@id":"https:\/\/footdavant.fr\/actualites\/mauricio-pochettino-lancienne-cible-de-united-leve-le-voile-sur-le-dejeuner-avec-sir-alex-ferguson\/"},"wordCount":393,"publisher":{"@id":"https:\/\/footdavant.fr\/actualites\/#organization"},"keywords":["Alex","avec","cible","d\u00e9jeuner","Ferguson","L39ancienne","l\u00e8ve","Mauricio","Pochettino","Sir","sur","United","voile"],"articleSection":["Football"],"inLanguage":"fr-FR"},{"@type":"WebPage","@id":"https:\/\/footdavant.fr\/actualites\/mauricio-pochettino-lancienne-cible-de-united-leve-le-voile-sur-le-dejeuner-avec-sir-alex-ferguson\/","url":"https:\/\/footdavant.fr\/actualites\/mauricio-pochettino-lancienne-cible-de-united-leve-le-voile-sur-le-dejeuner-avec-sir-alex-ferguson\/","name":"Mauricio Pochettino: l&#39;ancienne cible de United l\u00e8ve le voile sur le d\u00e9jeuner avec Sir Alex Ferguson -","isPartOf":{"@id":"https:\/\/footdavant.fr\/actualites\/#website"},"datePublished":"2026-04-27T06:48:15+00:00","dateModified":"2026-04-27T06:48:17+00:00","breadcrumb":{"@id":"https:\/\/footdavant.fr\/actualites\/mauricio-pochettino-lancienne-cible-de-united-leve-le-voile-sur-le-dejeuner-avec-sir-alex-ferguson\/#breadcrumb"},"inLanguage":"fr-FR","potentialAction":[{"@type":"ReadAction","target":["https:\/\/footdavant.fr\/actualites\/mauricio-pochettino-lancienne-cible-de-united-leve-le-voile-sur-le-dejeuner-avec-sir-alex-ferguson\/"]}]},{"@type":"BreadcrumbList","@id":"https:\/\/footdavant.fr\/actualites\/mauricio-pochettino-lancienne-cible-de-united-leve-le-voile-sur-le-dejeuner-avec-sir-alex-ferguson\/#breadcrumb","itemListElement":[{"@type":"ListItem","position":1,"name":"Accueil","item":"https:\/\/footdavant.fr\/actualites\/"},{"@type":"ListItem","position":2,"name":"Mauricio Pochettino: l&#39;ancienne cible de United l\u00e8ve le voile sur le d\u00e9jeuner avec Sir Alex Ferguson &#8211;"}]},{"@type":"WebSite","@id":"https:\/\/footdavant.fr\/actualites\/#website","url":"https:\/\/footdavant.fr\/actualites\/","name":"Foot d'avant","description":"","publisher":{"@id":"https:\/\/footdavant.fr\/actualites\/#organization"},"potentialAction":[{"@type":"SearchAction","target":{"@type":"EntryPoint","urlTemplate":"https:\/\/footdavant.fr\/actualites\/?s={search_term_string}"},"query-input":"required name=search_term_string"}],"inLanguage":"fr-FR"},{"@type":"Organization","@id":"https:\/\/footdavant.fr\/actualites\/#organization","name":"Foot d'avant","url":"https:\/\/footdavant.fr\/actualites\/","logo":{"@type":"ImageObject","inLanguage":"fr-FR","@id":"https:\/\/footdavant.fr\/actualites\/#\/schema\/logo\/image\/","url":"https:\/\/footdavant.fr\/actualites\/wp-content\/uploads\/2023\/09\/Copy-of-FootDavant-Logo.png","contentUrl":"https:\/\/footdavant.fr\/actualites\/wp-content\/uploads\/2023\/09\/Copy-of-FootDavant-Logo.png","width":936,"height":549,"caption":"Foot d'avant"},"image":{"@id":"https:\/\/footdavant.fr\/actualites\/#\/schema\/logo\/image\/"},"sameAs":["https:\/\/www.facebook.com\/Footdavant\/","https:\/\/twitter.com\/FootdavantFr","https:\/\/www.instagram.com\/footdavant.fr\/"]},{"@type":"Person","@id":"https:\/\/footdavant.fr\/actualites\/#\/schema\/person\/bc222566d95871b37e597b3ed3ba5e1d","name":"Cl\u00e9ment","image":{"@type":"ImageObject","inLanguage":"fr-FR","@id":"https:\/\/footdavant.fr\/actualites\/#\/schema\/person\/image\/","url":"https:\/\/secure.gravatar.com\/avatar\/7728b29aac2719421e1a9159b2254c44?s=96&d=mm&r=g","contentUrl":"https:\/\/secure.gravatar.com\/avatar\/7728b29aac2719421e1a9159b2254c44?s=96&d=mm&r=g","caption":"Cl\u00e9ment"},"sameAs":["https:\/\/footdavant.fr\/"]}]}},"_links":{"self":[{"href":"https:\/\/footdavant.fr\/actualites\/wp-json\/wp\/v2\/posts\/36876"}],"collection":[{"href":"https:\/\/footdavant.fr\/actualites\/wp-json\/wp\/v2\/posts"}],"about":[{"href":"https:\/\/footdavant.fr\/actualites\/wp-json\/wp\/v2\/types\/post"}],"author":[{"embeddable":true,"href":"https:\/\/footdavant.fr\/actualites\/wp-json\/wp\/v2\/users\/1"}],"replies":[{"embeddable":true,"href":"https:\/\/footdavant.fr\/actualites\/wp-json\/wp\/v2\/comments?post=36876"}],"version-history":[{"count":1,"href":"https:\/\/footdavant.fr\/actualites\/wp-json\/wp\/v2\/posts\/36876\/revisions"}],"predecessor-version":[{"id":36878,"href":"https:\/\/footdavant.fr\/actualites\/wp-json\/wp\/v2\/posts\/36876\/revisions\/36878"}],"wp:featuredmedia":[{"embeddable":true,"href":"https:\/\/footdavant.fr\/actualites\/wp-json\/wp\/v2\/media\/36877"}],"wp:attachment":[{"href":"https:\/\/footdavant.fr\/actualites\/wp-json\/wp\/v2\/media?parent=36876"}],"wp:term":[{"taxonomy":"category","embeddable":true,"href":"https:\/\/footdavant.fr\/actualites\/wp-json\/wp\/v2\/categories?post=36876"},{"taxonomy":"post_tag","embeddable":true,"href":"https:\/\/footdavant.fr\/actualites\/wp-json\/wp\/v2\/tags?post=36876"}],"curies":[{"name":"wp","href":"https:\/\/api.w.org\/{rel}","templated":true}]}}