{"id":36882,"date":"2026-04-27T12:48:21","date_gmt":"2026-04-27T10:48:21","guid":{"rendered":"https:\/\/footdavant.fr\/actualites\/blessure-frappee-un-blog-darsenal\/"},"modified":"2026-04-27T12:48:22","modified_gmt":"2026-04-27T10:48:22","slug":"blessure-frappee-un-blog-darsenal","status":"publish","type":"post","link":"https:\/\/footdavant.fr\/actualites\/blessure-frappee-un-blog-darsenal\/","title":{"rendered":"Blessure frapp\u00e9e |  &#8230;un blog d&#39;Arsenal"},"content":{"rendered":"<div>\n<p>Bonjour \u00e0 tous.<\/p>\n<p>C&#39;est un changement d&#39;orientation en milieu de semaine alors que nous envisageons l&#39;Atletico Madrid en Ligue des champions. \u00c0 l\u2019heure actuelle, nous sommes inquiets en ce qui concerne la forme physique de Kai Havertz et d\u2019Eberechi Eze. Le premier, en particulier, avait l&#39;air plut\u00f4t abattu lorsqu&#39;il est sorti samedi, et malgr\u00e9 certaines choses selon lesquelles il bougeait \u00ab librement \u00bb par la suite, je suis assez inquiet pour lui.<\/p>\n<p>Il y a un peu plus d&#39;un an, Mikel Arteta parlait de son physique en disant :<\/p>\n<blockquote>\n<p>G\u00e9n\u00e9tiquement, c\u2019est une centrale \u00e9lectrique. Il est si bien b\u00e2ti. C&#39;est un joueur que tout ce qu&#39;on lui demande, il est heureux de le faire : courir dans la zone six, \u00eatre tr\u00e8s robuste, parcourir de longues distances. Son corps absorbe tout. Et puis il prend vraiment soin de lui.<\/p>\n<\/blockquote>\n<p>Puis ses ischio-jambiers ont disparu quelques jours plus tard, et apr\u00e8s s&#39;en \u00eatre remis et \u00eatre revenu en pr\u00e9-saison, il a contract\u00e9 ce probl\u00e8me au genou d\u00e8s la premi\u00e8re journ\u00e9e. Le manager l&#39;a-t-il injuri\u00e9 ? Oui, cela ne fait aucun doute. C&#39;est une sorci\u00e8re. Mais plus s\u00e9rieusement, il doit aussi y avoir une raison pour laquelle les blessures, en g\u00e9n\u00e9ral, sont si fr\u00e9quentes au cours des derni\u00e8res saisons.<\/p>\n<p>J&#39;ai jet\u00e9 un \u0153il aux absences cette saison, et d&#39;apr\u00e8s les informations de , les seuls joueurs qui n&#39;ont pas rat\u00e9 un match de Premier League en raison d&#39;une blessure cette saison sont Martin Zubimendi (qui a disput\u00e9 les 34 matches), Eberechi Eze (29 apparitions, mais il y a eu ce sort lorsqu&#39;il \u00e9tait sur le banc pour une s\u00e9rie de matchs) et Myles Lewis-Skelly (m\u00eame si seulement 2 titularisations et 14 sous-apparitions pour un total de 411 minutes pourraient suffire). fa\u00e7on d&#39;expliquer cela).<\/p>\n<p>Tout le monde a rat\u00e9 au moins un match.<\/p>\n<h4>Matchs de Premier League manqu\u00e9s en raison de blessures par des joueurs d&#39;Arsenal cette saison\u00a0:<\/h4>\n<p>  \u2013 4*<br \/> \u2013 7<br \/> \u2013 6<br \/> \u2013 6<br \/> \u2013 7<br \/> \u2013 9*<br \/> \u2013 5<br \/> \u2013 1<br \/> \u2013 5<br \/> \u2013 12<br \/> \u2013 11*<br \/> \u2013 3<br \/> \u2013 2<br \/> \u2013 13<br \/> \u2013 2<br \/> \u2013 23<br \/> \u2013 6<br \/> \u2013 6<br \/> \u2013 13<\/p>\n<p>.<\/p>\n<p>Il s&#39;agit uniquement de PL, et avec les engagements en coupe et en Europe, certains de ces joueurs ont rat\u00e9 bien plus de matchs que cela. Au total, cela fait 141 matchs, soit plus de trois saisons \u00e0 eux deux (38 x 3 = 114). Je sais que ce n&#39;est pas comme \u00e7a que \u00e7a marche, mais \u00e7a met les choses dans un contexte simple quand on arrondit les choses comme \u00e7a.<\/p>\n<p>Je pense que cela ne vaut rien qu&#39;\u00e0 notre \u00e9poque, avec les exigences du jeu lui-m\u00eame et la fa\u00e7on dont il est jou\u00e9 maintenant, ainsi que le calendrier qui laisse les joueurs des plus grands clubs avec peu ou pas de temps libre pour se reposer et r\u00e9cup\u00e9rer, des blessures vont survenir. Cela ne se produit pas seulement \u00e0 Arsenal, mais cela nous semble \u00e9videmment plus aigu parce que nous sommes tellement concentr\u00e9s sur notre propre club.<\/p>\n<p>Cependant, lorsque presque tous les joueurs de votre tr\u00e8s grande \u00e9quipe ont disparu pour un match de Premier League, il est s\u00fbrement n\u00e9cessaire d&#39;essayer de comprendre pourquoi. Avons-nous simplement beaucoup de joueurs sujets aux blessures ? C&#39;est possible, certains sont \u00e9videmment plus sujets aux absences que d&#39;autres. Avons-nous \u00e9t\u00e9 malchanceux dans certains cas ? Bien s\u00fbr, pensez \u00e0 Mikel Merino, par exemple, mais je ne pense pas qu&#39;un club puisse compenser ce genre de blessure par impact. Un autre jour, ce d\u00e9fi lui laisse un pied douloureux, pas cass\u00e9. De m\u00eame, quelques atterrissages difficiles ont caus\u00e9 deux absences \u00e0 Martin Odegaard cette saison, et un choc de genoux en est un autre que vous pouvez souvent fuir plut\u00f4t que d&#39;\u00eatre mis \u00e0 l&#39;\u00e9cart.<\/p>\n<p>Nous pensons souvent aux joueurs bless\u00e9s et \u00e0 ce qu&#39;ils pourraient apporter \u00e0 l&#39;\u00e9quipe dans une performance o\u00f9 nous sommes en difficult\u00e9, par exemple, et ce n&#39;est pas du tout d\u00e9raisonnable. Mais dans une perspective plus large, ce ne sont pas seulement les individus qui nous manquent : les relations et les combinaisons sur le terrain nous manquent. C&#39;est fou de penser que nous sommes en 2024 depuis qu&#39;Odegaard, Havertz et Saka ont commenc\u00e9 ensemble. Cette saison aurait-elle \u00e9t\u00e9 un peu moins difficile s&#39;ils avaient tous \u00e9t\u00e9 en forme ? Je le pense, je ne peux pas le prouver absolument, mais je n&#39;ai pas besoin d&#39;\u00eatre convaincu.<\/p>\n<p>Une grande partie de ce que nous faisons en \u00e9quipe repose sur nos arri\u00e8res lat\u00e9raux. J&#39;ai d\u00e9plor\u00e9 le fait que Jurrien Timber ait eu, trop souvent \u00e0 mon go\u00fbt, beaucoup \u00e0 faire dans le dernier tiers adverse, mais il nous a manqu\u00e9, ainsi que Riccardo Calafiori de l&#39;autre c\u00f4t\u00e9. D\u00e9fensivement, je n&#39;ai rien \u00e0 redire sur Piero Hincapie, dont j&#39;ai soulign\u00e9 la performance contre Newcastle hier, mais dans la moiti\u00e9 de terrain adverse, il n&#39;a pas tout \u00e0 fait la m\u00eame pouss\u00e9e que l&#39;Italien.<\/p>\n<p>Ben White ressemble d\u00e9sormais \u00e0 l\u2019ombre du joueur qui \u00e9tait, \u00e0 son meilleur, un \u00e9l\u00e9ment cl\u00e9 de la fa\u00e7on dont notre c\u00f4t\u00e9 droit op\u00e9rait et attaquait avec une telle efficacit\u00e9. Pourquoi? Des blessures pour lui en raison du fardeau impos\u00e9 sur lui par les blessures d&#39;autrui (le malheureux jour d&#39;ouverture de Timber, ACL lorsqu&#39;il a \u00e9t\u00e9 autoris\u00e9 \u00e0 jouer, ne l&#39;oublions pas). Et \u00e0 droite, on ne peut pas regarder Bukayo Saka et dire qu&#39;il est le m\u00eame joueur depuis son op\u00e9ration la saison derni\u00e8re. Cela ne veut pas dire qu&#39;il ne pourra pas atteindre ce niveau \u00e0 nouveau, mais pour le moment, il n&#39;y est pas, et un total de 15 matchs manqu\u00e9s cette saison vous indiquent qu&#39;il y a quelque chose \u00e0 r\u00e9gler.<\/p>\n<p>Je suis all\u00e9 sur Arseblog News, parce que je me souviens qu&#39;il y a quelques \u00e9t\u00e9s, l&#39;accent \u00e9tait mis sur les blessures et je me souviens vaguement d&#39;avoir parl\u00e9 d&#39;une sorte d&#39;enqu\u00eate interne. J&#39;ai trouv\u00e9 cette citation de Mikel Arteta :<\/p>\n<blockquote>\n<p><span class=\"notranslate\">La seule chose qui nous manque, c&#39;est d&#39;avoir de la continuit\u00e9 dans les onze premiers pour que nous soyons forts et efficaces en tant que groupe. <\/span><span class=\"notranslate\">Et cela, avec les blessures de cette ann\u00e9e, est impossible.<\/span><\/p>\n<\/blockquote>\n<p>Il parlait au journal espagnol. En 2014. Plus les choses changent etc etc. Quoi qu&#39;il en soit, esp\u00e9rons de bonnes nouvelles sur Havertz, de m\u00eame Eze qui a dit qu&#39;il se sentait bien apr\u00e8s samedi mais il a dit que la derni\u00e8re fois il \u00e9tait sorti et avait rat\u00e9 des matchs \u2013 y compris une finale de coupe o\u00f9 sa pr\u00e9sence aurait \u00e9t\u00e9 tr\u00e8s, tr\u00e8s utile.<\/p>\n<p>Au-del\u00e0 de cela, Arsenal ne peut pas faire grand-chose maintenant pour changer la situation globale, mais quoi qu&#39;il arrive d&#39;ici la fin de la saison, un examen s\u00e9rieux est n\u00e9cessaire pour garantir que nous \u00e9vitons certaines de ces absences dans les ann\u00e9es \u00e0 venir.<\/p>\n<p>D&#39;accord, je vais en rester l\u00e0, mais vous pourrez nous rejoindre avec James et Arsecast Extra un peu plus tard. Nous avons d\u00e9j\u00e0 lanc\u00e9 un appel \u00e0 questions sur @gunnerblog.bsky.social et @arseblog.com. Alors lancez-vous en utilisant le hashtag \u2013 ou si vous \u00eates membre d&#39;Arseblog sur Patreon, laissez votre question sur la cha\u00eene de notre serveur Discord. Le pod devrait \u00eatre sorti vers midi.<\/p>\n<p>Pour l\u2019instant, passez-en un bon.<\/p>\n<\/div>\n","protected":false},"excerpt":{"rendered":"<p>Bonjour \u00e0 tous. C&#39;est un changement d&#39;orientation en milieu de semaine alors que nous envisageons l&#39;Atletico Madrid en Ligue des champions. \u00c0 l\u2019heure actuelle, nous<\/p>\n","protected":false},"author":1,"featured_media":36883,"comment_status":"closed","ping_status":"","sticky":false,"template":"","format":"standard","meta":{"footnotes":""},"categories":[3],"tags":[57,15,58,4221,11888],"yoast_head":"<!-- This site is optimized with the Yoast SEO plugin v21.0 - https:\/\/yoast.com\/wordpress\/plugins\/seo\/ -->\n<title>Blessure frapp\u00e9e | ...un blog d&#039;Arsenal<\/title>\n<meta name=\"robots\" content=\"index, follow, max-snippet:-1, max-image-preview:large, max-video-preview:-1\" \/>\n<link rel=\"canonical\" href=\"https:\/\/footdavant.fr\/actualites\/blessure-frappee-un-blog-darsenal\/\" \/>\n<meta property=\"og:locale\" content=\"fr_FR\" \/>\n<meta property=\"og:type\" content=\"article\" \/>\n<meta property=\"og:title\" content=\"Blessure frapp\u00e9e | ...un blog d&#039;Arsenal\" \/>\n<meta property=\"og:description\" content=\"Bonjour \u00e0 tous. C&#039;est un changement d&#039;orientation en milieu de semaine alors que nous envisageons l&#039;Atletico Madrid en Ligue des champions. \u00c0 l\u2019heure actuelle, nous\" \/>\n<meta property=\"og:url\" content=\"https:\/\/footdavant.fr\/actualites\/blessure-frappee-un-blog-darsenal\/\" \/>\n<meta property=\"og:site_name\" content=\"Foot d&#039;avant\" \/>\n<meta property=\"article:publisher\" content=\"https:\/\/www.facebook.com\/Footdavant\/\" \/>\n<meta property=\"article:published_time\" content=\"2026-04-27T10:48:21+00:00\" \/>\n<meta property=\"article:modified_time\" content=\"2026-04-27T10:48:22+00:00\" \/>\n<meta property=\"og:image\" content=\"https:\/\/footdavant.fr\/actualites\/wp-content\/uploads\/2026\/04\/Blessure-frappee-un-blog-d39Arsenal.jpg\" \/>\n\t<meta property=\"og:image:width\" content=\"1500\" \/>\n\t<meta property=\"og:image:height\" content=\"750\" \/>\n\t<meta property=\"og:image:type\" content=\"image\/jpeg\" \/>\n<meta name=\"author\" content=\"Cl\u00e9ment\" \/>\n<meta name=\"twitter:card\" content=\"summary_large_image\" \/>\n<meta name=\"twitter:creator\" content=\"@FootdavantFr\" \/>\n<meta name=\"twitter:site\" content=\"@FootdavantFr\" \/>\n<meta name=\"twitter:label1\" content=\"\u00c9crit par\" \/>\n\t<meta name=\"twitter:data1\" content=\"Cl\u00e9ment\" \/>\n\t<meta name=\"twitter:label2\" content=\"Dur\u00e9e de lecture estim\u00e9e\" \/>\n\t<meta name=\"twitter:data2\" content=\"6 minutes\" \/>\n<script type=\"application\/ld+json\" class=\"yoast-schema-graph\">{\"@context\":\"https:\/\/schema.org\",\"@graph\":[{\"@type\":\"Article\",\"@id\":\"https:\/\/footdavant.fr\/actualites\/blessure-frappee-un-blog-darsenal\/#article\",\"isPartOf\":{\"@id\":\"https:\/\/footdavant.fr\/actualites\/blessure-frappee-un-blog-darsenal\/\"},\"author\":{\"name\":\"Cl\u00e9ment\",\"@id\":\"https:\/\/footdavant.fr\/actualites\/#\/schema\/person\/bc222566d95871b37e597b3ed3ba5e1d\"},\"headline\":\"Blessure frapp\u00e9e | &#8230;un blog d&#39;Arsenal\",\"datePublished\":\"2026-04-27T10:48:21+00:00\",\"dateModified\":\"2026-04-27T10:48:22+00:00\",\"mainEntityOfPage\":{\"@id\":\"https:\/\/footdavant.fr\/actualites\/blessure-frappee-un-blog-darsenal\/\"},\"wordCount\":1258,\"publisher\":{\"@id\":\"https:\/\/footdavant.fr\/actualites\/#organization\"},\"keywords\":[\"...un\",\"Blessure\",\"blog\",\"d39Arsenal\",\"frapp\u00e9e\"],\"articleSection\":[\"Football\"],\"inLanguage\":\"fr-FR\"},{\"@type\":\"WebPage\",\"@id\":\"https:\/\/footdavant.fr\/actualites\/blessure-frappee-un-blog-darsenal\/\",\"url\":\"https:\/\/footdavant.fr\/actualites\/blessure-frappee-un-blog-darsenal\/\",\"name\":\"Blessure frapp\u00e9e | ...un blog d&#39;Arsenal\",\"isPartOf\":{\"@id\":\"https:\/\/footdavant.fr\/actualites\/#website\"},\"datePublished\":\"2026-04-27T10:48:21+00:00\",\"dateModified\":\"2026-04-27T10:48:22+00:00\",\"breadcrumb\":{\"@id\":\"https:\/\/footdavant.fr\/actualites\/blessure-frappee-un-blog-darsenal\/#breadcrumb\"},\"inLanguage\":\"fr-FR\",\"potentialAction\":[{\"@type\":\"ReadAction\",\"target\":[\"https:\/\/footdavant.fr\/actualites\/blessure-frappee-un-blog-darsenal\/\"]}]},{\"@type\":\"BreadcrumbList\",\"@id\":\"https:\/\/footdavant.fr\/actualites\/blessure-frappee-un-blog-darsenal\/#breadcrumb\",\"itemListElement\":[{\"@type\":\"ListItem\",\"position\":1,\"name\":\"Accueil\",\"item\":\"https:\/\/footdavant.fr\/actualites\/\"},{\"@type\":\"ListItem\",\"position\":2,\"name\":\"Blessure frapp\u00e9e | &#8230;un blog d&#39;Arsenal\"}]},{\"@type\":\"WebSite\",\"@id\":\"https:\/\/footdavant.fr\/actualites\/#website\",\"url\":\"https:\/\/footdavant.fr\/actualites\/\",\"name\":\"Foot d'avant\",\"description\":\"\",\"publisher\":{\"@id\":\"https:\/\/footdavant.fr\/actualites\/#organization\"},\"potentialAction\":[{\"@type\":\"SearchAction\",\"target\":{\"@type\":\"EntryPoint\",\"urlTemplate\":\"https:\/\/footdavant.fr\/actualites\/?s={search_term_string}\"},\"query-input\":\"required name=search_term_string\"}],\"inLanguage\":\"fr-FR\"},{\"@type\":\"Organization\",\"@id\":\"https:\/\/footdavant.fr\/actualites\/#organization\",\"name\":\"Foot d'avant\",\"url\":\"https:\/\/footdavant.fr\/actualites\/\",\"logo\":{\"@type\":\"ImageObject\",\"inLanguage\":\"fr-FR\",\"@id\":\"https:\/\/footdavant.fr\/actualites\/#\/schema\/logo\/image\/\",\"url\":\"https:\/\/footdavant.fr\/actualites\/wp-content\/uploads\/2023\/09\/Copy-of-FootDavant-Logo.png\",\"contentUrl\":\"https:\/\/footdavant.fr\/actualites\/wp-content\/uploads\/2023\/09\/Copy-of-FootDavant-Logo.png\",\"width\":936,\"height\":549,\"caption\":\"Foot d'avant\"},\"image\":{\"@id\":\"https:\/\/footdavant.fr\/actualites\/#\/schema\/logo\/image\/\"},\"sameAs\":[\"https:\/\/www.facebook.com\/Footdavant\/\",\"https:\/\/twitter.com\/FootdavantFr\",\"https:\/\/www.instagram.com\/footdavant.fr\/\"]},{\"@type\":\"Person\",\"@id\":\"https:\/\/footdavant.fr\/actualites\/#\/schema\/person\/bc222566d95871b37e597b3ed3ba5e1d\",\"name\":\"Cl\u00e9ment\",\"image\":{\"@type\":\"ImageObject\",\"inLanguage\":\"fr-FR\",\"@id\":\"https:\/\/footdavant.fr\/actualites\/#\/schema\/person\/image\/\",\"url\":\"https:\/\/secure.gravatar.com\/avatar\/7728b29aac2719421e1a9159b2254c44?s=96&d=mm&r=g\",\"contentUrl\":\"https:\/\/secure.gravatar.com\/avatar\/7728b29aac2719421e1a9159b2254c44?s=96&d=mm&r=g\",\"caption\":\"Cl\u00e9ment\"},\"sameAs\":[\"https:\/\/footdavant.fr\/\"]}]}<\/script>\n<!-- \/ Yoast SEO plugin. -->","yoast_head_json":{"title":"Blessure frapp\u00e9e | ...un blog d&#39;Arsenal","robots":{"index":"index","follow":"follow","max-snippet":"max-snippet:-1","max-image-preview":"max-image-preview:large","max-video-preview":"max-video-preview:-1"},"canonical":"https:\/\/footdavant.fr\/actualites\/blessure-frappee-un-blog-darsenal\/","og_locale":"fr_FR","og_type":"article","og_title":"Blessure frapp\u00e9e | ...un blog d&#39;Arsenal","og_description":"Bonjour \u00e0 tous. C&#39;est un changement d&#39;orientation en milieu de semaine alors que nous envisageons l&#39;Atletico Madrid en Ligue des champions. \u00c0 l\u2019heure actuelle, nous","og_url":"https:\/\/footdavant.fr\/actualites\/blessure-frappee-un-blog-darsenal\/","og_site_name":"Foot d&#039;avant","article_publisher":"https:\/\/www.facebook.com\/Footdavant\/","article_published_time":"2026-04-27T10:48:21+00:00","article_modified_time":"2026-04-27T10:48:22+00:00","og_image":[{"width":1500,"height":750,"url":"https:\/\/footdavant.fr\/actualites\/wp-content\/uploads\/2026\/04\/Blessure-frappee-un-blog-d39Arsenal.jpg","type":"image\/jpeg"}],"author":"Cl\u00e9ment","twitter_card":"summary_large_image","twitter_creator":"@FootdavantFr","twitter_site":"@FootdavantFr","twitter_misc":{"\u00c9crit par":"Cl\u00e9ment","Dur\u00e9e de lecture estim\u00e9e":"6 minutes"},"schema":{"@context":"https:\/\/schema.org","@graph":[{"@type":"Article","@id":"https:\/\/footdavant.fr\/actualites\/blessure-frappee-un-blog-darsenal\/#article","isPartOf":{"@id":"https:\/\/footdavant.fr\/actualites\/blessure-frappee-un-blog-darsenal\/"},"author":{"name":"Cl\u00e9ment","@id":"https:\/\/footdavant.fr\/actualites\/#\/schema\/person\/bc222566d95871b37e597b3ed3ba5e1d"},"headline":"Blessure frapp\u00e9e | &#8230;un blog d&#39;Arsenal","datePublished":"2026-04-27T10:48:21+00:00","dateModified":"2026-04-27T10:48:22+00:00","mainEntityOfPage":{"@id":"https:\/\/footdavant.fr\/actualites\/blessure-frappee-un-blog-darsenal\/"},"wordCount":1258,"publisher":{"@id":"https:\/\/footdavant.fr\/actualites\/#organization"},"keywords":["...un","Blessure","blog","d39Arsenal","frapp\u00e9e"],"articleSection":["Football"],"inLanguage":"fr-FR"},{"@type":"WebPage","@id":"https:\/\/footdavant.fr\/actualites\/blessure-frappee-un-blog-darsenal\/","url":"https:\/\/footdavant.fr\/actualites\/blessure-frappee-un-blog-darsenal\/","name":"Blessure frapp\u00e9e | ...un blog d&#39;Arsenal","isPartOf":{"@id":"https:\/\/footdavant.fr\/actualites\/#website"},"datePublished":"2026-04-27T10:48:21+00:00","dateModified":"2026-04-27T10:48:22+00:00","breadcrumb":{"@id":"https:\/\/footdavant.fr\/actualites\/blessure-frappee-un-blog-darsenal\/#breadcrumb"},"inLanguage":"fr-FR","potentialAction":[{"@type":"ReadAction","target":["https:\/\/footdavant.fr\/actualites\/blessure-frappee-un-blog-darsenal\/"]}]},{"@type":"BreadcrumbList","@id":"https:\/\/footdavant.fr\/actualites\/blessure-frappee-un-blog-darsenal\/#breadcrumb","itemListElement":[{"@type":"ListItem","position":1,"name":"Accueil","item":"https:\/\/footdavant.fr\/actualites\/"},{"@type":"ListItem","position":2,"name":"Blessure frapp\u00e9e | &#8230;un blog d&#39;Arsenal"}]},{"@type":"WebSite","@id":"https:\/\/footdavant.fr\/actualites\/#website","url":"https:\/\/footdavant.fr\/actualites\/","name":"Foot d'avant","description":"","publisher":{"@id":"https:\/\/footdavant.fr\/actualites\/#organization"},"potentialAction":[{"@type":"SearchAction","target":{"@type":"EntryPoint","urlTemplate":"https:\/\/footdavant.fr\/actualites\/?s={search_term_string}"},"query-input":"required name=search_term_string"}],"inLanguage":"fr-FR"},{"@type":"Organization","@id":"https:\/\/footdavant.fr\/actualites\/#organization","name":"Foot d'avant","url":"https:\/\/footdavant.fr\/actualites\/","logo":{"@type":"ImageObject","inLanguage":"fr-FR","@id":"https:\/\/footdavant.fr\/actualites\/#\/schema\/logo\/image\/","url":"https:\/\/footdavant.fr\/actualites\/wp-content\/uploads\/2023\/09\/Copy-of-FootDavant-Logo.png","contentUrl":"https:\/\/footdavant.fr\/actualites\/wp-content\/uploads\/2023\/09\/Copy-of-FootDavant-Logo.png","width":936,"height":549,"caption":"Foot d'avant"},"image":{"@id":"https:\/\/footdavant.fr\/actualites\/#\/schema\/logo\/image\/"},"sameAs":["https:\/\/www.facebook.com\/Footdavant\/","https:\/\/twitter.com\/FootdavantFr","https:\/\/www.instagram.com\/footdavant.fr\/"]},{"@type":"Person","@id":"https:\/\/footdavant.fr\/actualites\/#\/schema\/person\/bc222566d95871b37e597b3ed3ba5e1d","name":"Cl\u00e9ment","image":{"@type":"ImageObject","inLanguage":"fr-FR","@id":"https:\/\/footdavant.fr\/actualites\/#\/schema\/person\/image\/","url":"https:\/\/secure.gravatar.com\/avatar\/7728b29aac2719421e1a9159b2254c44?s=96&d=mm&r=g","contentUrl":"https:\/\/secure.gravatar.com\/avatar\/7728b29aac2719421e1a9159b2254c44?s=96&d=mm&r=g","caption":"Cl\u00e9ment"},"sameAs":["https:\/\/footdavant.fr\/"]}]}},"_links":{"self":[{"href":"https:\/\/footdavant.fr\/actualites\/wp-json\/wp\/v2\/posts\/36882"}],"collection":[{"href":"https:\/\/footdavant.fr\/actualites\/wp-json\/wp\/v2\/posts"}],"about":[{"href":"https:\/\/footdavant.fr\/actualites\/wp-json\/wp\/v2\/types\/post"}],"author":[{"embeddable":true,"href":"https:\/\/footdavant.fr\/actualites\/wp-json\/wp\/v2\/users\/1"}],"replies":[{"embeddable":true,"href":"https:\/\/footdavant.fr\/actualites\/wp-json\/wp\/v2\/comments?post=36882"}],"version-history":[{"count":1,"href":"https:\/\/footdavant.fr\/actualites\/wp-json\/wp\/v2\/posts\/36882\/revisions"}],"predecessor-version":[{"id":36884,"href":"https:\/\/footdavant.fr\/actualites\/wp-json\/wp\/v2\/posts\/36882\/revisions\/36884"}],"wp:featuredmedia":[{"embeddable":true,"href":"https:\/\/footdavant.fr\/actualites\/wp-json\/wp\/v2\/media\/36883"}],"wp:attachment":[{"href":"https:\/\/footdavant.fr\/actualites\/wp-json\/wp\/v2\/media?parent=36882"}],"wp:term":[{"taxonomy":"category","embeddable":true,"href":"https:\/\/footdavant.fr\/actualites\/wp-json\/wp\/v2\/categories?post=36882"},{"taxonomy":"post_tag","embeddable":true,"href":"https:\/\/footdavant.fr\/actualites\/wp-json\/wp\/v2\/tags?post=36882"}],"curies":[{"name":"wp","href":"https:\/\/api.w.org\/{rel}","templated":true}]}}