{"id":36885,"date":"2026-04-27T14:48:03","date_gmt":"2026-04-27T12:48:03","guid":{"rendered":"https:\/\/footdavant.fr\/actualites\/composition-de-southampton-contre-man-city-xi-prevu-pour-la-demi-finale-de-la-fa-cup\/"},"modified":"2026-04-27T14:48:04","modified_gmt":"2026-04-27T12:48:04","slug":"composition-de-southampton-contre-man-city-xi-prevu-pour-la-demi-finale-de-la-fa-cup","status":"publish","type":"post","link":"https:\/\/footdavant.fr\/actualites\/composition-de-southampton-contre-man-city-xi-prevu-pour-la-demi-finale-de-la-fa-cup\/","title":{"rendered":"Composition de Southampton contre Man City\u00a0: XI pr\u00e9vu pour la demi-finale de la FA Cup"},"content":{"rendered":"<div itemprop=\"articleBody\">\n<p style=\"margin-bottom:11px\">Southampton transpire \u00e0 cause de la forme physique du capitaine Jack Stephens avant la demi-finale de la FA Cup de samedi avec Manchester City au stade de Wembley.<\/p>\n<p>Stephens s&#39;est retir\u00e9 de la formation de d\u00e9part avant le match nul 2-2 de mardi contre Bristol City apr\u00e8s avoir peaufin\u00e9 ses muscles du mollet lors de l&#39;\u00e9chauffement, et un appel tardif devrait \u00eatre fait concernant sa disponibilit\u00e9 ce week-end.<\/p>\n<p>Mads Roerslev (Achille) et Alex McCarthy (poignet) restent absents en raison d&#39;une blessure, tandis que Ryan Manning et Flynn Downes sont tous deux exclus pour cause de suspension, ce dernier entamant une suspension de trois matches apr\u00e8s avoir \u00e9t\u00e9 accus\u00e9 de conduite violente par la Football Association.<\/p>\n<p>L&#39;entra\u00eeneur-chef Tonda Eckert envisagera de passer \u00e0 un syst\u00e8me \u00e0 trois \u00e0 l&#39;arri\u00e8re ce week-end. Welington est un pr\u00e9tendant pour remplacer Manning et d\u00e9buter \u00e0 l&#39;arri\u00e8re gauche, tandis que James Bree devrait op\u00e9rer sur le flanc oppos\u00e9, alors que l&#39;ancien joueur de Man City Taylor Harwood-Bellis, Nathan Wood et Stephens &#8211; s&#39;ils sont en forme &#8211; s&#39;associent \u00e0 l&#39;arri\u00e8re central.<\/p>\n<p>Shea Charles, autrefois inscrit \u00e0 Man City, a marqu\u00e9 un but vainqueur \u00e0 la 85e minute lors du triomphe 2-1 de Southampton en quart de finale contre Arsenal plus t\u00f4t ce mois-ci, et il esp\u00e8re conserver sa place au milieu de terrain. Caspar Jander ou Cam Bragg pourraient jouer \u00e0 ses c\u00f4t\u00e9s en l&#39;absence de Downes.<\/p>\n<p>Finn Azaz a marqu\u00e9 10 buts, un record d&#39;\u00e9quipe, et enregistr\u00e9 sept passes d\u00e9cisives en 39 matchs de championnat cette saison, et il devrait occuper un r\u00f4le central avanc\u00e9, \u00e9ventuellement aux c\u00f4t\u00e9s de Leo Scienza.<\/p>\n<p>Ross Stewart a marqu\u00e9 trois buts en cinq matches de FA Cup (un sur deux pour Sunderland, deux sur trois pour les Saints), dont le premier match contre Arsenal au tour pr\u00e9c\u00e9dent. Il a \u00e9galement marqu\u00e9 lors de sa derni\u00e8re apparition \u00e0 Wembley en tant que joueur de Sunderland en mai 2022, et il pourrait \u00eatre titulaire ce week-end devant Cyle Larin et Cameron Archer.<\/p>\n<p>Onze de d\u00e9part possibles \u00e0 Southampton : <\/p>\n<p>Peretz\u00a0; Stephens, Harwood-Bellis, Bois\u00a0; Bree, Jander, Charles, Welington\u00a0; Azaz, Scienza; Stewart<\/p>\n<p>> Cliquez ici pour voir comment Manchester City pourrait s&#39;aligner contre Southampton<\/p>\n<h2>D\u00e9couvrez l&#39;aper\u00e7u vid\u00e9o de Sports Mole pour Man City contre Southampton\u00a0:<\/h2>\n<\/p>\n<\/div>\n","protected":false},"excerpt":{"rendered":"<p>Southampton transpire \u00e0 cause de la forme physique du capitaine Jack Stephens avant la demi-finale de la FA Cup de samedi avec Manchester City au<\/p>\n","protected":false},"author":1,"featured_media":36886,"comment_status":"closed","ping_status":"","sticky":false,"template":"","format":"standard","meta":{"footnotes":""},"categories":[5],"tags":[27,2291,20,466,2294,24,51,3924,1748],"yoast_head":"<!-- This site is optimized with the Yoast SEO plugin v21.0 - https:\/\/yoast.com\/wordpress\/plugins\/seo\/ -->\n<title>Composition de Southampton contre Man City\u00a0: XI pr\u00e9vu pour la demi-finale de la FA Cup<\/title>\n<meta name=\"robots\" content=\"index, follow, max-snippet:-1, max-image-preview:large, max-video-preview:-1\" \/>\n<link rel=\"canonical\" href=\"https:\/\/footdavant.fr\/actualites\/composition-de-southampton-contre-man-city-xi-prevu-pour-la-demi-finale-de-la-fa-cup\/\" \/>\n<meta property=\"og:locale\" content=\"fr_FR\" \/>\n<meta property=\"og:type\" content=\"article\" \/>\n<meta property=\"og:title\" content=\"Composition de Southampton contre Man City\u00a0: XI pr\u00e9vu pour la demi-finale de la FA Cup\" \/>\n<meta property=\"og:description\" content=\"Southampton transpire \u00e0 cause de la forme physique du capitaine Jack Stephens avant la demi-finale de la FA Cup de samedi avec Manchester City au\" \/>\n<meta property=\"og:url\" content=\"https:\/\/footdavant.fr\/actualites\/composition-de-southampton-contre-man-city-xi-prevu-pour-la-demi-finale-de-la-fa-cup\/\" \/>\n<meta property=\"og:site_name\" content=\"Foot d&#039;avant\" \/>\n<meta property=\"article:publisher\" content=\"https:\/\/www.facebook.com\/Footdavant\/\" \/>\n<meta property=\"article:published_time\" content=\"2026-04-27T12:48:03+00:00\" \/>\n<meta property=\"article:modified_time\" content=\"2026-04-27T12:48:04+00:00\" \/>\n<meta property=\"og:image\" content=\"https:\/\/footdavant.fr\/actualites\/wp-content\/uploads\/2026\/04\/Composition-de-Southampton-contre-Man-City-XI-prevu-pour-la.net2Fuploads2F20262F042Faaa-js-69e9c7438.webp\" \/>\n\t<meta property=\"og:image:width\" content=\"720\" \/>\n\t<meta property=\"og:image:height\" content=\"410\" \/>\n\t<meta property=\"og:image:type\" content=\"image\/webp\" \/>\n<meta name=\"author\" content=\"Cl\u00e9ment\" \/>\n<meta name=\"twitter:card\" content=\"summary_large_image\" \/>\n<meta name=\"twitter:creator\" content=\"@FootdavantFr\" \/>\n<meta name=\"twitter:site\" content=\"@FootdavantFr\" \/>\n<meta name=\"twitter:label1\" content=\"\u00c9crit par\" \/>\n\t<meta name=\"twitter:data1\" content=\"Cl\u00e9ment\" \/>\n\t<meta name=\"twitter:label2\" content=\"Dur\u00e9e de lecture estim\u00e9e\" \/>\n\t<meta name=\"twitter:data2\" content=\"2 minutes\" \/>\n<script type=\"application\/ld+json\" class=\"yoast-schema-graph\">{\"@context\":\"https:\/\/schema.org\",\"@graph\":[{\"@type\":\"Article\",\"@id\":\"https:\/\/footdavant.fr\/actualites\/composition-de-southampton-contre-man-city-xi-prevu-pour-la-demi-finale-de-la-fa-cup\/#article\",\"isPartOf\":{\"@id\":\"https:\/\/footdavant.fr\/actualites\/composition-de-southampton-contre-man-city-xi-prevu-pour-la-demi-finale-de-la-fa-cup\/\"},\"author\":{\"name\":\"Cl\u00e9ment\",\"@id\":\"https:\/\/footdavant.fr\/actualites\/#\/schema\/person\/bc222566d95871b37e597b3ed3ba5e1d\"},\"headline\":\"Composition de Southampton contre Man City\u00a0: XI pr\u00e9vu pour la demi-finale de la FA Cup\",\"datePublished\":\"2026-04-27T12:48:03+00:00\",\"dateModified\":\"2026-04-27T12:48:04+00:00\",\"mainEntityOfPage\":{\"@id\":\"https:\/\/footdavant.fr\/actualites\/composition-de-southampton-contre-man-city-xi-prevu-pour-la-demi-finale-de-la-fa-cup\/\"},\"wordCount\":412,\"publisher\":{\"@id\":\"https:\/\/footdavant.fr\/actualites\/#organization\"},\"keywords\":[\"City\",\"composition\",\"contre\",\"Cup\",\"demifinale\",\"Man\",\"pour\",\"pr\u00e9vu\",\"Southampton\"],\"articleSection\":[\"Premier League\"],\"inLanguage\":\"fr-FR\"},{\"@type\":\"WebPage\",\"@id\":\"https:\/\/footdavant.fr\/actualites\/composition-de-southampton-contre-man-city-xi-prevu-pour-la-demi-finale-de-la-fa-cup\/\",\"url\":\"https:\/\/footdavant.fr\/actualites\/composition-de-southampton-contre-man-city-xi-prevu-pour-la-demi-finale-de-la-fa-cup\/\",\"name\":\"Composition de Southampton contre Man City\u00a0: XI pr\u00e9vu pour la demi-finale de la FA Cup\",\"isPartOf\":{\"@id\":\"https:\/\/footdavant.fr\/actualites\/#website\"},\"datePublished\":\"2026-04-27T12:48:03+00:00\",\"dateModified\":\"2026-04-27T12:48:04+00:00\",\"breadcrumb\":{\"@id\":\"https:\/\/footdavant.fr\/actualites\/composition-de-southampton-contre-man-city-xi-prevu-pour-la-demi-finale-de-la-fa-cup\/#breadcrumb\"},\"inLanguage\":\"fr-FR\",\"potentialAction\":[{\"@type\":\"ReadAction\",\"target\":[\"https:\/\/footdavant.fr\/actualites\/composition-de-southampton-contre-man-city-xi-prevu-pour-la-demi-finale-de-la-fa-cup\/\"]}]},{\"@type\":\"BreadcrumbList\",\"@id\":\"https:\/\/footdavant.fr\/actualites\/composition-de-southampton-contre-man-city-xi-prevu-pour-la-demi-finale-de-la-fa-cup\/#breadcrumb\",\"itemListElement\":[{\"@type\":\"ListItem\",\"position\":1,\"name\":\"Accueil\",\"item\":\"https:\/\/footdavant.fr\/actualites\/\"},{\"@type\":\"ListItem\",\"position\":2,\"name\":\"Composition de Southampton contre Man City\u00a0: XI pr\u00e9vu pour la demi-finale de la FA Cup\"}]},{\"@type\":\"WebSite\",\"@id\":\"https:\/\/footdavant.fr\/actualites\/#website\",\"url\":\"https:\/\/footdavant.fr\/actualites\/\",\"name\":\"Foot d'avant\",\"description\":\"\",\"publisher\":{\"@id\":\"https:\/\/footdavant.fr\/actualites\/#organization\"},\"potentialAction\":[{\"@type\":\"SearchAction\",\"target\":{\"@type\":\"EntryPoint\",\"urlTemplate\":\"https:\/\/footdavant.fr\/actualites\/?s={search_term_string}\"},\"query-input\":\"required name=search_term_string\"}],\"inLanguage\":\"fr-FR\"},{\"@type\":\"Organization\",\"@id\":\"https:\/\/footdavant.fr\/actualites\/#organization\",\"name\":\"Foot d'avant\",\"url\":\"https:\/\/footdavant.fr\/actualites\/\",\"logo\":{\"@type\":\"ImageObject\",\"inLanguage\":\"fr-FR\",\"@id\":\"https:\/\/footdavant.fr\/actualites\/#\/schema\/logo\/image\/\",\"url\":\"https:\/\/footdavant.fr\/actualites\/wp-content\/uploads\/2023\/09\/Copy-of-FootDavant-Logo.png\",\"contentUrl\":\"https:\/\/footdavant.fr\/actualites\/wp-content\/uploads\/2023\/09\/Copy-of-FootDavant-Logo.png\",\"width\":936,\"height\":549,\"caption\":\"Foot d'avant\"},\"image\":{\"@id\":\"https:\/\/footdavant.fr\/actualites\/#\/schema\/logo\/image\/\"},\"sameAs\":[\"https:\/\/www.facebook.com\/Footdavant\/\",\"https:\/\/twitter.com\/FootdavantFr\",\"https:\/\/www.instagram.com\/footdavant.fr\/\"]},{\"@type\":\"Person\",\"@id\":\"https:\/\/footdavant.fr\/actualites\/#\/schema\/person\/bc222566d95871b37e597b3ed3ba5e1d\",\"name\":\"Cl\u00e9ment\",\"image\":{\"@type\":\"ImageObject\",\"inLanguage\":\"fr-FR\",\"@id\":\"https:\/\/footdavant.fr\/actualites\/#\/schema\/person\/image\/\",\"url\":\"https:\/\/secure.gravatar.com\/avatar\/7728b29aac2719421e1a9159b2254c44?s=96&d=mm&r=g\",\"contentUrl\":\"https:\/\/secure.gravatar.com\/avatar\/7728b29aac2719421e1a9159b2254c44?s=96&d=mm&r=g\",\"caption\":\"Cl\u00e9ment\"},\"sameAs\":[\"https:\/\/footdavant.fr\/\"]}]}<\/script>\n<!-- \/ Yoast SEO plugin. -->","yoast_head_json":{"title":"Composition de Southampton contre Man City\u00a0: XI pr\u00e9vu pour la demi-finale de la FA Cup","robots":{"index":"index","follow":"follow","max-snippet":"max-snippet:-1","max-image-preview":"max-image-preview:large","max-video-preview":"max-video-preview:-1"},"canonical":"https:\/\/footdavant.fr\/actualites\/composition-de-southampton-contre-man-city-xi-prevu-pour-la-demi-finale-de-la-fa-cup\/","og_locale":"fr_FR","og_type":"article","og_title":"Composition de Southampton contre Man City\u00a0: XI pr\u00e9vu pour la demi-finale de la FA Cup","og_description":"Southampton transpire \u00e0 cause de la forme physique du capitaine Jack Stephens avant la demi-finale de la FA Cup de samedi avec Manchester City au","og_url":"https:\/\/footdavant.fr\/actualites\/composition-de-southampton-contre-man-city-xi-prevu-pour-la-demi-finale-de-la-fa-cup\/","og_site_name":"Foot d&#039;avant","article_publisher":"https:\/\/www.facebook.com\/Footdavant\/","article_published_time":"2026-04-27T12:48:03+00:00","article_modified_time":"2026-04-27T12:48:04+00:00","og_image":[{"width":720,"height":410,"url":"https:\/\/footdavant.fr\/actualites\/wp-content\/uploads\/2026\/04\/Composition-de-Southampton-contre-Man-City-XI-prevu-pour-la.net2Fuploads2F20262F042Faaa-js-69e9c7438.webp","type":"image\/webp"}],"author":"Cl\u00e9ment","twitter_card":"summary_large_image","twitter_creator":"@FootdavantFr","twitter_site":"@FootdavantFr","twitter_misc":{"\u00c9crit par":"Cl\u00e9ment","Dur\u00e9e de lecture estim\u00e9e":"2 minutes"},"schema":{"@context":"https:\/\/schema.org","@graph":[{"@type":"Article","@id":"https:\/\/footdavant.fr\/actualites\/composition-de-southampton-contre-man-city-xi-prevu-pour-la-demi-finale-de-la-fa-cup\/#article","isPartOf":{"@id":"https:\/\/footdavant.fr\/actualites\/composition-de-southampton-contre-man-city-xi-prevu-pour-la-demi-finale-de-la-fa-cup\/"},"author":{"name":"Cl\u00e9ment","@id":"https:\/\/footdavant.fr\/actualites\/#\/schema\/person\/bc222566d95871b37e597b3ed3ba5e1d"},"headline":"Composition de Southampton contre Man City\u00a0: XI pr\u00e9vu pour la demi-finale de la FA Cup","datePublished":"2026-04-27T12:48:03+00:00","dateModified":"2026-04-27T12:48:04+00:00","mainEntityOfPage":{"@id":"https:\/\/footdavant.fr\/actualites\/composition-de-southampton-contre-man-city-xi-prevu-pour-la-demi-finale-de-la-fa-cup\/"},"wordCount":412,"publisher":{"@id":"https:\/\/footdavant.fr\/actualites\/#organization"},"keywords":["City","composition","contre","Cup","demifinale","Man","pour","pr\u00e9vu","Southampton"],"articleSection":["Premier League"],"inLanguage":"fr-FR"},{"@type":"WebPage","@id":"https:\/\/footdavant.fr\/actualites\/composition-de-southampton-contre-man-city-xi-prevu-pour-la-demi-finale-de-la-fa-cup\/","url":"https:\/\/footdavant.fr\/actualites\/composition-de-southampton-contre-man-city-xi-prevu-pour-la-demi-finale-de-la-fa-cup\/","name":"Composition de Southampton contre Man City\u00a0: XI pr\u00e9vu pour la demi-finale de la FA Cup","isPartOf":{"@id":"https:\/\/footdavant.fr\/actualites\/#website"},"datePublished":"2026-04-27T12:48:03+00:00","dateModified":"2026-04-27T12:48:04+00:00","breadcrumb":{"@id":"https:\/\/footdavant.fr\/actualites\/composition-de-southampton-contre-man-city-xi-prevu-pour-la-demi-finale-de-la-fa-cup\/#breadcrumb"},"inLanguage":"fr-FR","potentialAction":[{"@type":"ReadAction","target":["https:\/\/footdavant.fr\/actualites\/composition-de-southampton-contre-man-city-xi-prevu-pour-la-demi-finale-de-la-fa-cup\/"]}]},{"@type":"BreadcrumbList","@id":"https:\/\/footdavant.fr\/actualites\/composition-de-southampton-contre-man-city-xi-prevu-pour-la-demi-finale-de-la-fa-cup\/#breadcrumb","itemListElement":[{"@type":"ListItem","position":1,"name":"Accueil","item":"https:\/\/footdavant.fr\/actualites\/"},{"@type":"ListItem","position":2,"name":"Composition de Southampton contre Man City\u00a0: XI pr\u00e9vu pour la demi-finale de la FA Cup"}]},{"@type":"WebSite","@id":"https:\/\/footdavant.fr\/actualites\/#website","url":"https:\/\/footdavant.fr\/actualites\/","name":"Foot d'avant","description":"","publisher":{"@id":"https:\/\/footdavant.fr\/actualites\/#organization"},"potentialAction":[{"@type":"SearchAction","target":{"@type":"EntryPoint","urlTemplate":"https:\/\/footdavant.fr\/actualites\/?s={search_term_string}"},"query-input":"required name=search_term_string"}],"inLanguage":"fr-FR"},{"@type":"Organization","@id":"https:\/\/footdavant.fr\/actualites\/#organization","name":"Foot d'avant","url":"https:\/\/footdavant.fr\/actualites\/","logo":{"@type":"ImageObject","inLanguage":"fr-FR","@id":"https:\/\/footdavant.fr\/actualites\/#\/schema\/logo\/image\/","url":"https:\/\/footdavant.fr\/actualites\/wp-content\/uploads\/2023\/09\/Copy-of-FootDavant-Logo.png","contentUrl":"https:\/\/footdavant.fr\/actualites\/wp-content\/uploads\/2023\/09\/Copy-of-FootDavant-Logo.png","width":936,"height":549,"caption":"Foot d'avant"},"image":{"@id":"https:\/\/footdavant.fr\/actualites\/#\/schema\/logo\/image\/"},"sameAs":["https:\/\/www.facebook.com\/Footdavant\/","https:\/\/twitter.com\/FootdavantFr","https:\/\/www.instagram.com\/footdavant.fr\/"]},{"@type":"Person","@id":"https:\/\/footdavant.fr\/actualites\/#\/schema\/person\/bc222566d95871b37e597b3ed3ba5e1d","name":"Cl\u00e9ment","image":{"@type":"ImageObject","inLanguage":"fr-FR","@id":"https:\/\/footdavant.fr\/actualites\/#\/schema\/person\/image\/","url":"https:\/\/secure.gravatar.com\/avatar\/7728b29aac2719421e1a9159b2254c44?s=96&d=mm&r=g","contentUrl":"https:\/\/secure.gravatar.com\/avatar\/7728b29aac2719421e1a9159b2254c44?s=96&d=mm&r=g","caption":"Cl\u00e9ment"},"sameAs":["https:\/\/footdavant.fr\/"]}]}},"_links":{"self":[{"href":"https:\/\/footdavant.fr\/actualites\/wp-json\/wp\/v2\/posts\/36885"}],"collection":[{"href":"https:\/\/footdavant.fr\/actualites\/wp-json\/wp\/v2\/posts"}],"about":[{"href":"https:\/\/footdavant.fr\/actualites\/wp-json\/wp\/v2\/types\/post"}],"author":[{"embeddable":true,"href":"https:\/\/footdavant.fr\/actualites\/wp-json\/wp\/v2\/users\/1"}],"replies":[{"embeddable":true,"href":"https:\/\/footdavant.fr\/actualites\/wp-json\/wp\/v2\/comments?post=36885"}],"version-history":[{"count":1,"href":"https:\/\/footdavant.fr\/actualites\/wp-json\/wp\/v2\/posts\/36885\/revisions"}],"predecessor-version":[{"id":36887,"href":"https:\/\/footdavant.fr\/actualites\/wp-json\/wp\/v2\/posts\/36885\/revisions\/36887"}],"wp:featuredmedia":[{"embeddable":true,"href":"https:\/\/footdavant.fr\/actualites\/wp-json\/wp\/v2\/media\/36886"}],"wp:attachment":[{"href":"https:\/\/footdavant.fr\/actualites\/wp-json\/wp\/v2\/media?parent=36885"}],"wp:term":[{"taxonomy":"category","embeddable":true,"href":"https:\/\/footdavant.fr\/actualites\/wp-json\/wp\/v2\/categories?post=36885"},{"taxonomy":"post_tag","embeddable":true,"href":"https:\/\/footdavant.fr\/actualites\/wp-json\/wp\/v2\/tags?post=36885"}],"curies":[{"name":"wp","href":"https:\/\/api.w.org\/{rel}","templated":true}]}}