{"id":36891,"date":"2026-04-27T18:48:09","date_gmt":"2026-04-27T16:48:09","guid":{"rendered":"https:\/\/footdavant.fr\/actualites\/composition-de-man-city-contre-southampton-xi-prevu-pour-la-demi-finale-de-la-fa-cup\/"},"modified":"2026-04-27T18:48:10","modified_gmt":"2026-04-27T16:48:10","slug":"composition-de-man-city-contre-southampton-xi-prevu-pour-la-demi-finale-de-la-fa-cup","status":"publish","type":"post","link":"https:\/\/footdavant.fr\/actualites\/composition-de-man-city-contre-southampton-xi-prevu-pour-la-demi-finale-de-la-fa-cup\/","title":{"rendered":"Composition de Man City contre Southampton : XI pr\u00e9vu pour la demi-finale de la FA Cup"},"content":{"rendered":"<div itemprop=\"articleBody\">\n<p style=\"margin-bottom:11px\">Manchester City sera priv\u00e9 de trois joueurs pour la demi-finale de la FA Cup samedi contre Southampton au stade de Wembley.<\/p>\n<p>Si Jokso Gvardiol (fracture du tibia) et Ruben Dias (cheville) restent absents en raison d&#39;une blessure, Rodri est \u00e9galement indisponible en raison d&#39;un probl\u00e8me \u00e0 l&#39;aine qui l&#39;a contraint \u00e0 rater la victoire 1-0 des Citizens contre Burnley en Premier League mercredi.<\/p>\n<p>Nico O&#39;Reilly a d\u00e9but\u00e9 au milieu de terrain aux c\u00f4t\u00e9s de la l\u00e9gende Bernardo Silva \u00e0 Turf Moor, et les deux pourraient \u00e0 nouveau lier les bras au milieu ce week-end, bien que Nico Gonzalez esp\u00e8re se frayer un chemin dans le premier XI.<\/p>\n<p>Le manager Pep Guardiola a fait allusion \u00e0 la possibilit\u00e9 d&#39;apporter quelques changements \u00e0 son alignement, et une alternance probable devrait se produire entre les b\u00e2tons, le gardien de la coupe James Trafford rempla\u00e7ant Gianluigi Donnarumma.<\/p>\n<p>Les quatre arri\u00e8res compos\u00e9s de Matheus Nunes, Abdukodir Khusanov, Marc Guehi et Rayan Ait-Nouri peuvent rester intacts, mais des joueurs comme Nathan Ake et John Stones pourraient \u00eatre consid\u00e9r\u00e9s comme un d\u00e9part rare au c\u0153ur de la d\u00e9fense.<\/p>\n<p>Apr\u00e8s avoir vu son \u00e9quipe des Citizens marquer avec un seul de leurs 28 tirs au but contre Burnley, Guardiola pourrait envisager des changements d&#39;attaque, avec Savinho, Omar Marmoush et Phil Foden poussant tous pour obtenir un rappel. Antoine Semenyo et Jeremy Doku pourraient risquer d&#39;abandonner, mais Rayan Cherki, en forme, devrait conserver sa place de titulaire dans le r\u00f4le de num\u00e9ro 10.<\/p>\n<p>Erling Haaland a marqu\u00e9 son 35e but de la saison toutes comp\u00e9titions confondues en milieu de semaine et il devrait mener la ligne contre Southampton. Le Norv\u00e9gien a marqu\u00e9 12 buts en 12 matches de FA Cup pour Man City, dont 11 dans le cadre de tripl\u00e9s, dont trois contre Liverpool lors d&#39;une victoire 4-0 en quart de finale plus t\u00f4t ce mois-ci.<\/p>\n<p>Composition de d\u00e9part possible de Manchester City : <\/p>\n<p>Trafic ; Nunes, Khusanov, Guehi, Ait-Nouri ; Bernardo, O&#39;Reilly; Savinho, Cherki, Marmoush\u00a0; Haaland<\/p>\n<p>> Cliquez ici pour voir comment Southampton pourrait s&#39;aligner contre Manchester City<\/p>\n<h2>D\u00e9couvrez l&#39;aper\u00e7u vid\u00e9o de Sports Mole pour Man City contre Southampton\u00a0:<\/h2>\n<\/div>\n","protected":false},"excerpt":{"rendered":"<p>Manchester City sera priv\u00e9 de trois joueurs pour la demi-finale de la FA Cup samedi contre Southampton au stade de Wembley. Si Jokso Gvardiol (fracture<\/p>\n","protected":false},"author":1,"featured_media":36892,"comment_status":"closed","ping_status":"","sticky":false,"template":"","format":"standard","meta":{"footnotes":""},"categories":[5],"tags":[27,2291,20,466,2294,24,51,3924,1748],"yoast_head":"<!-- This site is optimized with the Yoast SEO plugin v21.0 - https:\/\/yoast.com\/wordpress\/plugins\/seo\/ -->\n<title>Composition de Man City contre Southampton : XI pr\u00e9vu pour la demi-finale de la FA Cup<\/title>\n<meta name=\"robots\" content=\"index, follow, max-snippet:-1, max-image-preview:large, max-video-preview:-1\" \/>\n<link rel=\"canonical\" href=\"https:\/\/footdavant.fr\/actualites\/composition-de-man-city-contre-southampton-xi-prevu-pour-la-demi-finale-de-la-fa-cup\/\" \/>\n<meta property=\"og:locale\" content=\"fr_FR\" \/>\n<meta property=\"og:type\" content=\"article\" \/>\n<meta property=\"og:title\" content=\"Composition de Man City contre Southampton : XI pr\u00e9vu pour la demi-finale de la FA Cup\" \/>\n<meta property=\"og:description\" content=\"Manchester City sera priv\u00e9 de trois joueurs pour la demi-finale de la FA Cup samedi contre Southampton au stade de Wembley. Si Jokso Gvardiol (fracture\" \/>\n<meta property=\"og:url\" content=\"https:\/\/footdavant.fr\/actualites\/composition-de-man-city-contre-southampton-xi-prevu-pour-la-demi-finale-de-la-fa-cup\/\" \/>\n<meta property=\"og:site_name\" content=\"Foot d&#039;avant\" \/>\n<meta property=\"article:publisher\" content=\"https:\/\/www.facebook.com\/Footdavant\/\" \/>\n<meta property=\"article:published_time\" content=\"2026-04-27T16:48:09+00:00\" \/>\n<meta property=\"article:modified_time\" content=\"2026-04-27T16:48:10+00:00\" \/>\n<meta property=\"og:image\" content=\"https:\/\/footdavant.fr\/actualites\/wp-content\/uploads\/2026\/04\/Composition-de-Man-City-contre-Southampton-XI-prevu-pour.net2Fuploads2F20262F032Fimago1073070254.webp\" \/>\n\t<meta property=\"og:image:width\" content=\"720\" \/>\n\t<meta property=\"og:image:height\" content=\"410\" \/>\n\t<meta property=\"og:image:type\" content=\"image\/webp\" \/>\n<meta name=\"author\" content=\"Cl\u00e9ment\" \/>\n<meta name=\"twitter:card\" content=\"summary_large_image\" \/>\n<meta name=\"twitter:creator\" content=\"@FootdavantFr\" \/>\n<meta name=\"twitter:site\" content=\"@FootdavantFr\" \/>\n<meta name=\"twitter:label1\" content=\"\u00c9crit par\" \/>\n\t<meta name=\"twitter:data1\" content=\"Cl\u00e9ment\" \/>\n\t<meta name=\"twitter:label2\" content=\"Dur\u00e9e de lecture estim\u00e9e\" \/>\n\t<meta name=\"twitter:data2\" content=\"2 minutes\" \/>\n<script type=\"application\/ld+json\" class=\"yoast-schema-graph\">{\"@context\":\"https:\/\/schema.org\",\"@graph\":[{\"@type\":\"Article\",\"@id\":\"https:\/\/footdavant.fr\/actualites\/composition-de-man-city-contre-southampton-xi-prevu-pour-la-demi-finale-de-la-fa-cup\/#article\",\"isPartOf\":{\"@id\":\"https:\/\/footdavant.fr\/actualites\/composition-de-man-city-contre-southampton-xi-prevu-pour-la-demi-finale-de-la-fa-cup\/\"},\"author\":{\"name\":\"Cl\u00e9ment\",\"@id\":\"https:\/\/footdavant.fr\/actualites\/#\/schema\/person\/bc222566d95871b37e597b3ed3ba5e1d\"},\"headline\":\"Composition de Man City contre Southampton : XI pr\u00e9vu pour la demi-finale de la FA Cup\",\"datePublished\":\"2026-04-27T16:48:09+00:00\",\"dateModified\":\"2026-04-27T16:48:10+00:00\",\"mainEntityOfPage\":{\"@id\":\"https:\/\/footdavant.fr\/actualites\/composition-de-man-city-contre-southampton-xi-prevu-pour-la-demi-finale-de-la-fa-cup\/\"},\"wordCount\":390,\"publisher\":{\"@id\":\"https:\/\/footdavant.fr\/actualites\/#organization\"},\"keywords\":[\"City\",\"composition\",\"contre\",\"Cup\",\"demifinale\",\"Man\",\"pour\",\"pr\u00e9vu\",\"Southampton\"],\"articleSection\":[\"Premier League\"],\"inLanguage\":\"fr-FR\"},{\"@type\":\"WebPage\",\"@id\":\"https:\/\/footdavant.fr\/actualites\/composition-de-man-city-contre-southampton-xi-prevu-pour-la-demi-finale-de-la-fa-cup\/\",\"url\":\"https:\/\/footdavant.fr\/actualites\/composition-de-man-city-contre-southampton-xi-prevu-pour-la-demi-finale-de-la-fa-cup\/\",\"name\":\"Composition de Man City contre Southampton : XI pr\u00e9vu pour la demi-finale de la FA Cup\",\"isPartOf\":{\"@id\":\"https:\/\/footdavant.fr\/actualites\/#website\"},\"datePublished\":\"2026-04-27T16:48:09+00:00\",\"dateModified\":\"2026-04-27T16:48:10+00:00\",\"breadcrumb\":{\"@id\":\"https:\/\/footdavant.fr\/actualites\/composition-de-man-city-contre-southampton-xi-prevu-pour-la-demi-finale-de-la-fa-cup\/#breadcrumb\"},\"inLanguage\":\"fr-FR\",\"potentialAction\":[{\"@type\":\"ReadAction\",\"target\":[\"https:\/\/footdavant.fr\/actualites\/composition-de-man-city-contre-southampton-xi-prevu-pour-la-demi-finale-de-la-fa-cup\/\"]}]},{\"@type\":\"BreadcrumbList\",\"@id\":\"https:\/\/footdavant.fr\/actualites\/composition-de-man-city-contre-southampton-xi-prevu-pour-la-demi-finale-de-la-fa-cup\/#breadcrumb\",\"itemListElement\":[{\"@type\":\"ListItem\",\"position\":1,\"name\":\"Accueil\",\"item\":\"https:\/\/footdavant.fr\/actualites\/\"},{\"@type\":\"ListItem\",\"position\":2,\"name\":\"Composition de Man City contre Southampton : XI pr\u00e9vu pour la demi-finale de la FA Cup\"}]},{\"@type\":\"WebSite\",\"@id\":\"https:\/\/footdavant.fr\/actualites\/#website\",\"url\":\"https:\/\/footdavant.fr\/actualites\/\",\"name\":\"Foot d'avant\",\"description\":\"\",\"publisher\":{\"@id\":\"https:\/\/footdavant.fr\/actualites\/#organization\"},\"potentialAction\":[{\"@type\":\"SearchAction\",\"target\":{\"@type\":\"EntryPoint\",\"urlTemplate\":\"https:\/\/footdavant.fr\/actualites\/?s={search_term_string}\"},\"query-input\":\"required name=search_term_string\"}],\"inLanguage\":\"fr-FR\"},{\"@type\":\"Organization\",\"@id\":\"https:\/\/footdavant.fr\/actualites\/#organization\",\"name\":\"Foot d'avant\",\"url\":\"https:\/\/footdavant.fr\/actualites\/\",\"logo\":{\"@type\":\"ImageObject\",\"inLanguage\":\"fr-FR\",\"@id\":\"https:\/\/footdavant.fr\/actualites\/#\/schema\/logo\/image\/\",\"url\":\"https:\/\/footdavant.fr\/actualites\/wp-content\/uploads\/2023\/09\/Copy-of-FootDavant-Logo.png\",\"contentUrl\":\"https:\/\/footdavant.fr\/actualites\/wp-content\/uploads\/2023\/09\/Copy-of-FootDavant-Logo.png\",\"width\":936,\"height\":549,\"caption\":\"Foot d'avant\"},\"image\":{\"@id\":\"https:\/\/footdavant.fr\/actualites\/#\/schema\/logo\/image\/\"},\"sameAs\":[\"https:\/\/www.facebook.com\/Footdavant\/\",\"https:\/\/twitter.com\/FootdavantFr\",\"https:\/\/www.instagram.com\/footdavant.fr\/\"]},{\"@type\":\"Person\",\"@id\":\"https:\/\/footdavant.fr\/actualites\/#\/schema\/person\/bc222566d95871b37e597b3ed3ba5e1d\",\"name\":\"Cl\u00e9ment\",\"image\":{\"@type\":\"ImageObject\",\"inLanguage\":\"fr-FR\",\"@id\":\"https:\/\/footdavant.fr\/actualites\/#\/schema\/person\/image\/\",\"url\":\"https:\/\/secure.gravatar.com\/avatar\/7728b29aac2719421e1a9159b2254c44?s=96&d=mm&r=g\",\"contentUrl\":\"https:\/\/secure.gravatar.com\/avatar\/7728b29aac2719421e1a9159b2254c44?s=96&d=mm&r=g\",\"caption\":\"Cl\u00e9ment\"},\"sameAs\":[\"https:\/\/footdavant.fr\/\"]}]}<\/script>\n<!-- \/ Yoast SEO plugin. -->","yoast_head_json":{"title":"Composition de Man City contre Southampton : XI pr\u00e9vu pour la demi-finale de la FA Cup","robots":{"index":"index","follow":"follow","max-snippet":"max-snippet:-1","max-image-preview":"max-image-preview:large","max-video-preview":"max-video-preview:-1"},"canonical":"https:\/\/footdavant.fr\/actualites\/composition-de-man-city-contre-southampton-xi-prevu-pour-la-demi-finale-de-la-fa-cup\/","og_locale":"fr_FR","og_type":"article","og_title":"Composition de Man City contre Southampton : XI pr\u00e9vu pour la demi-finale de la FA Cup","og_description":"Manchester City sera priv\u00e9 de trois joueurs pour la demi-finale de la FA Cup samedi contre Southampton au stade de Wembley. Si Jokso Gvardiol (fracture","og_url":"https:\/\/footdavant.fr\/actualites\/composition-de-man-city-contre-southampton-xi-prevu-pour-la-demi-finale-de-la-fa-cup\/","og_site_name":"Foot d&#039;avant","article_publisher":"https:\/\/www.facebook.com\/Footdavant\/","article_published_time":"2026-04-27T16:48:09+00:00","article_modified_time":"2026-04-27T16:48:10+00:00","og_image":[{"width":720,"height":410,"url":"https:\/\/footdavant.fr\/actualites\/wp-content\/uploads\/2026\/04\/Composition-de-Man-City-contre-Southampton-XI-prevu-pour.net2Fuploads2F20262F032Fimago1073070254.webp","type":"image\/webp"}],"author":"Cl\u00e9ment","twitter_card":"summary_large_image","twitter_creator":"@FootdavantFr","twitter_site":"@FootdavantFr","twitter_misc":{"\u00c9crit par":"Cl\u00e9ment","Dur\u00e9e de lecture estim\u00e9e":"2 minutes"},"schema":{"@context":"https:\/\/schema.org","@graph":[{"@type":"Article","@id":"https:\/\/footdavant.fr\/actualites\/composition-de-man-city-contre-southampton-xi-prevu-pour-la-demi-finale-de-la-fa-cup\/#article","isPartOf":{"@id":"https:\/\/footdavant.fr\/actualites\/composition-de-man-city-contre-southampton-xi-prevu-pour-la-demi-finale-de-la-fa-cup\/"},"author":{"name":"Cl\u00e9ment","@id":"https:\/\/footdavant.fr\/actualites\/#\/schema\/person\/bc222566d95871b37e597b3ed3ba5e1d"},"headline":"Composition de Man City contre Southampton : XI pr\u00e9vu pour la demi-finale de la FA Cup","datePublished":"2026-04-27T16:48:09+00:00","dateModified":"2026-04-27T16:48:10+00:00","mainEntityOfPage":{"@id":"https:\/\/footdavant.fr\/actualites\/composition-de-man-city-contre-southampton-xi-prevu-pour-la-demi-finale-de-la-fa-cup\/"},"wordCount":390,"publisher":{"@id":"https:\/\/footdavant.fr\/actualites\/#organization"},"keywords":["City","composition","contre","Cup","demifinale","Man","pour","pr\u00e9vu","Southampton"],"articleSection":["Premier League"],"inLanguage":"fr-FR"},{"@type":"WebPage","@id":"https:\/\/footdavant.fr\/actualites\/composition-de-man-city-contre-southampton-xi-prevu-pour-la-demi-finale-de-la-fa-cup\/","url":"https:\/\/footdavant.fr\/actualites\/composition-de-man-city-contre-southampton-xi-prevu-pour-la-demi-finale-de-la-fa-cup\/","name":"Composition de Man City contre Southampton : XI pr\u00e9vu pour la demi-finale de la FA Cup","isPartOf":{"@id":"https:\/\/footdavant.fr\/actualites\/#website"},"datePublished":"2026-04-27T16:48:09+00:00","dateModified":"2026-04-27T16:48:10+00:00","breadcrumb":{"@id":"https:\/\/footdavant.fr\/actualites\/composition-de-man-city-contre-southampton-xi-prevu-pour-la-demi-finale-de-la-fa-cup\/#breadcrumb"},"inLanguage":"fr-FR","potentialAction":[{"@type":"ReadAction","target":["https:\/\/footdavant.fr\/actualites\/composition-de-man-city-contre-southampton-xi-prevu-pour-la-demi-finale-de-la-fa-cup\/"]}]},{"@type":"BreadcrumbList","@id":"https:\/\/footdavant.fr\/actualites\/composition-de-man-city-contre-southampton-xi-prevu-pour-la-demi-finale-de-la-fa-cup\/#breadcrumb","itemListElement":[{"@type":"ListItem","position":1,"name":"Accueil","item":"https:\/\/footdavant.fr\/actualites\/"},{"@type":"ListItem","position":2,"name":"Composition de Man City contre Southampton : XI pr\u00e9vu pour la demi-finale de la FA Cup"}]},{"@type":"WebSite","@id":"https:\/\/footdavant.fr\/actualites\/#website","url":"https:\/\/footdavant.fr\/actualites\/","name":"Foot d'avant","description":"","publisher":{"@id":"https:\/\/footdavant.fr\/actualites\/#organization"},"potentialAction":[{"@type":"SearchAction","target":{"@type":"EntryPoint","urlTemplate":"https:\/\/footdavant.fr\/actualites\/?s={search_term_string}"},"query-input":"required name=search_term_string"}],"inLanguage":"fr-FR"},{"@type":"Organization","@id":"https:\/\/footdavant.fr\/actualites\/#organization","name":"Foot d'avant","url":"https:\/\/footdavant.fr\/actualites\/","logo":{"@type":"ImageObject","inLanguage":"fr-FR","@id":"https:\/\/footdavant.fr\/actualites\/#\/schema\/logo\/image\/","url":"https:\/\/footdavant.fr\/actualites\/wp-content\/uploads\/2023\/09\/Copy-of-FootDavant-Logo.png","contentUrl":"https:\/\/footdavant.fr\/actualites\/wp-content\/uploads\/2023\/09\/Copy-of-FootDavant-Logo.png","width":936,"height":549,"caption":"Foot d'avant"},"image":{"@id":"https:\/\/footdavant.fr\/actualites\/#\/schema\/logo\/image\/"},"sameAs":["https:\/\/www.facebook.com\/Footdavant\/","https:\/\/twitter.com\/FootdavantFr","https:\/\/www.instagram.com\/footdavant.fr\/"]},{"@type":"Person","@id":"https:\/\/footdavant.fr\/actualites\/#\/schema\/person\/bc222566d95871b37e597b3ed3ba5e1d","name":"Cl\u00e9ment","image":{"@type":"ImageObject","inLanguage":"fr-FR","@id":"https:\/\/footdavant.fr\/actualites\/#\/schema\/person\/image\/","url":"https:\/\/secure.gravatar.com\/avatar\/7728b29aac2719421e1a9159b2254c44?s=96&d=mm&r=g","contentUrl":"https:\/\/secure.gravatar.com\/avatar\/7728b29aac2719421e1a9159b2254c44?s=96&d=mm&r=g","caption":"Cl\u00e9ment"},"sameAs":["https:\/\/footdavant.fr\/"]}]}},"_links":{"self":[{"href":"https:\/\/footdavant.fr\/actualites\/wp-json\/wp\/v2\/posts\/36891"}],"collection":[{"href":"https:\/\/footdavant.fr\/actualites\/wp-json\/wp\/v2\/posts"}],"about":[{"href":"https:\/\/footdavant.fr\/actualites\/wp-json\/wp\/v2\/types\/post"}],"author":[{"embeddable":true,"href":"https:\/\/footdavant.fr\/actualites\/wp-json\/wp\/v2\/users\/1"}],"replies":[{"embeddable":true,"href":"https:\/\/footdavant.fr\/actualites\/wp-json\/wp\/v2\/comments?post=36891"}],"version-history":[{"count":1,"href":"https:\/\/footdavant.fr\/actualites\/wp-json\/wp\/v2\/posts\/36891\/revisions"}],"predecessor-version":[{"id":36893,"href":"https:\/\/footdavant.fr\/actualites\/wp-json\/wp\/v2\/posts\/36891\/revisions\/36893"}],"wp:featuredmedia":[{"embeddable":true,"href":"https:\/\/footdavant.fr\/actualites\/wp-json\/wp\/v2\/media\/36892"}],"wp:attachment":[{"href":"https:\/\/footdavant.fr\/actualites\/wp-json\/wp\/v2\/media?parent=36891"}],"wp:term":[{"taxonomy":"category","embeddable":true,"href":"https:\/\/footdavant.fr\/actualites\/wp-json\/wp\/v2\/categories?post=36891"},{"taxonomy":"post_tag","embeddable":true,"href":"https:\/\/footdavant.fr\/actualites\/wp-json\/wp\/v2\/tags?post=36891"}],"curies":[{"name":"wp","href":"https:\/\/api.w.org\/{rel}","templated":true}]}}