{"id":36900,"date":"2026-04-28T00:48:08","date_gmt":"2026-04-27T22:48:08","guid":{"rendered":"https:\/\/footdavant.fr\/actualites\/bruno-fernandes-lingard-fait-une-declaration-audacieuse-a-propos-de-las-de-man-united\/"},"modified":"2026-04-28T00:48:09","modified_gmt":"2026-04-27T22:48:09","slug":"bruno-fernandes-lingard-fait-une-declaration-audacieuse-a-propos-de-las-de-man-united","status":"publish","type":"post","link":"https:\/\/footdavant.fr\/actualites\/bruno-fernandes-lingard-fait-une-declaration-audacieuse-a-propos-de-las-de-man-united\/","title":{"rendered":"Bruno Fernandes: Lingard fait une d\u00e9claration audacieuse \u00e0 propos de l&#39;as de Man United &#8211;"},"content":{"rendered":"<div id=\"penci-post-entry-inner\">\n<p>\t\t\t<i class=\"penci-post-countview-number-check\" style=\"display:none\">2<\/i><\/p>\n<p>Manchester United a remport\u00e9 une victoire \u00e2prement disput\u00e9e 2-1 contre Brentford \u00e0 Old Trafford, lundi 27 avril, en Premier League. Casemiro et Benjamin Sesko ont inscrit la feuille de match pour aider les Diables Rouges \u00e0 r\u00e9colter les trois points et \u00e0 am\u00e9liorer leurs chances de terminer parmi les quatre premiers. <\/p>\n<p>Les g\u00e9ants de la Premier League s&#39;attendent \u00e0 un \u00e9t\u00e9 mouvement\u00e9, au cours duquel ils nommeront \u00e9galement leur prochain manager permanent apr\u00e8s s&#39;\u00eatre s\u00e9par\u00e9s de Ruben Amorim au tournant de cette ann\u00e9e. L&#39;entra\u00eeneur-chef portugais a \u00e9t\u00e9 licenci\u00e9 apr\u00e8s un mandat d\u00e9cevant de 14 mois, Michael Carrick \u00e9tant nomm\u00e9 directeur int\u00e9rimaire jusqu&#39;\u00e0 la fin de la campagne. <\/p>\n<p>Une nomination permanente est attendue \u00e0 la fin de cette saison, m\u00eame si les g\u00e9ants de la Premier League ont connu un nouveau souffle sous la direction de l&#39;Anglais. United a d\u00e9sormais remport\u00e9 neuf victoires et deux nuls en 13 matchs depuis l&#39;arriv\u00e9e de Carrick, et est d\u00e9sormais troisi\u00e8me du classement apr\u00e8s 34 matchs. <\/p>\n<p>Alors que les Red Devils se rapprochent du retour de la Ligue des champions \u00e0 Old Trafford la saison prochaine, l\u2019Anglais fait partie des favoris pour le poste permanent. L&#39;ancien attaquant de United, Jesse Lingard, a maintenant expliqu\u00e9 pourquoi Carrick pourrait \u00eatre un excellent choix pour ce poste. <\/p>\n<h3>Lingard soutient Carrick pour un emploi \u00e0 temps plein<\/h3>\n<p>S&#39;adressant \u00e0 la BBC, Lingard a f\u00e9licit\u00e9 Carrick et a insist\u00e9 sur le fait que United \u00e9tait sur la bonne voie sous ses ordres. Il a d\u00e9clar\u00e9 : \u00ab\u00a0Cela peut \u00eatre difficile avec l&#39;arriv\u00e9e de diff\u00e9rents managers, ayant des id\u00e9es diff\u00e9rentes, un personnel diff\u00e9rent. Mais je pense qu&#39;ils sont vraiment sur la bonne voie avec Michael.\u00a0\u00bb <\/p>\n<p>\u00ab\u00a0Je le connais depuis mes ann\u00e9es \u00e0 United. Je sais comment il fonctionne. Les gars se d\u00e9brouillent tr\u00e8s bien sous ses ordres. Il a cet ADN de Manchester United en lui. Il conna\u00eet les tenants et les aboutissants du club.\u00a0\u00bb<\/p>\n<p>L&#39;attaquant des Corinthians a \u00e9galement parl\u00e9 avec tendresse de Bruno Fernandes, ajoutant : \u00ab\u00a0Il a toujours voulu voir le meilleur de moi \u00e0 United. Il a toujours \u00e9t\u00e9 un gars qui a \u00e9t\u00e9 l\u00e0, vers qui je peux toujours tendre la main.\u00a0\u00bb<\/p>\n<p>Paul Pogba a r\u00e9cemment affirm\u00e9 que le maestro portugais aurait remport\u00e9 le Ballon d&#39;Or s&#39;il avait jou\u00e9 pour une \u00e9quipe \u00e0 succ\u00e8s comme Manchester City. Lorsqu&#39;on lui a demand\u00e9 son avis sur la question, Lingard a soulign\u00e9 que Fernandes m\u00e9ritait de toute fa\u00e7on d&#39;\u00eatre dans la conversation pour le prix tant convoit\u00e9, d\u00e9clarant : \u00ab\u00a0100%. Ses performances \u00e0 Manchester United cette saison ont \u00e9t\u00e9 extraordinaires. Il doit \u00eatre l\u00e0-haut.\u00a0\u00bb <\/p>\n<h3>La saison record de Bruno Fernandes<\/h3>\n<p>Lundi, Fernandes a d\u00e9croch\u00e9 sa 19e passe d\u00e9cisive de la saison en Premier League, le pla\u00e7ant au bord de l&#39;histoire. United menait 1-0 sur un autre but de Casemiro lorsque les Portugais ont permis \u00e0 Sesko de doubler le score.<\/p>\n<p>Fernandes a d\u00e9j\u00e0 battu le record du plus grand nombre de passes d\u00e9cisives lors d&#39;une campagne de Premier League pour les Red Devils, pr\u00e9c\u00e9demment d\u00e9tenu par David Beckham (15), cette saison. Le joueur de 31 ans a d\u00e9sormais les yeux riv\u00e9s sur le record de 20 passes d\u00e9cisives de Kevin De Bruyne et Thierry Henry en Premier League, et peu parieraient contre lui pour le battre. <\/p>\n<p>Le Portugais a marqu\u00e9 huit buts et en a inscrit 20 autres en 33 apparitions toutes comp\u00e9titions confondues cette saison. <\/p>\n<h2 id=\"tablepress-1263-name\" class=\"tablepress-table-name tablepress-table-name-id-1263\">Stats de Bruno Fernandes: saison 2025\/26<\/h2>\n<table id=\"tablepress-1263\" class=\"tablepress tablepress-id-1263\" aria-labelledby=\"tablepress-1263-name\">\n<thead>\n<tr class=\"row-1\">\n<th class=\"column-1\">Concours<\/th>\n<th class=\"column-2\">Apparitions<\/th>\n<th class=\"column-3\">Commence<\/th>\n<th class=\"column-4\">Objectifs<\/th>\n<th class=\"column-5\">Aides<\/th>\n<th class=\"column-6\">Cartons jaunes<\/th>\n<th class=\"column-7\">Cartons rouges<\/th>\n<th class=\"column-8\">Minutes jou\u00e9es<\/th>\n<\/tr>\n<\/thead>\n<tbody class=\"row-striping row-hover\">\n<tr class=\"row-2\">\n<td class=\"column-1\">Premi\u00e8re Ligue<\/td>\n<td class=\"column-2\">31<\/td>\n<td class=\"column-3\">31<\/td>\n<td class=\"column-4\">8<\/td>\n<td class=\"column-5\">19<\/td>\n<td class=\"column-6\">4<\/td>\n<td class=\"column-7\">&#8211;<\/td>\n<td class=\"column-8\">2 708&#39;<\/td>\n<\/tr>\n<tr class=\"row-3\">\n<td class=\"column-1\">Coupe d&#39;Angleterre<\/td>\n<td class=\"column-2\">1<\/td>\n<td class=\"column-3\">1<\/td>\n<td class=\"column-4\">&#8211;<\/td>\n<td class=\"column-5\">1<\/td>\n<td class=\"column-6\">&#8211;<\/td>\n<td class=\"column-7\">&#8211;<\/td>\n<td class=\"column-8\">90&#39;<\/td>\n<\/tr>\n<tr class=\"row-4\">\n<td class=\"column-1\">Coupe EFL<\/td>\n<td class=\"column-2\">1<\/td>\n<td class=\"column-3\">0<\/td>\n<td class=\"column-4\">&#8211;<\/td>\n<td class=\"column-5\">&#8211;<\/td>\n<td class=\"column-6\">&#8211;<\/td>\n<td class=\"column-7\">&#8211;<\/td>\n<td class=\"column-8\">45&#39;<\/td>\n<\/tr>\n<tr class=\"row-5\">\n<td class=\"column-1\">Total<\/td>\n<td class=\"column-2\">33<\/td>\n<td class=\"column-3\">32<\/td>\n<td class=\"column-4\">8<\/td>\n<td class=\"column-5\">20<\/td>\n<td class=\"column-6\">4<\/td>\n<td class=\"column-7\">&#8211;<\/td>\n<td class=\"column-8\">2 843&#39;<\/td>\n<\/tr>\n<\/tbody>\n<\/table>\n<p><!-- #tablepress-1263 from cache --><\/p>\n<h3>Pens\u00e9es finales<\/h3>\n<p>Fernandes entamera la derni\u00e8re ann\u00e9e de son contrat cet \u00e9t\u00e9, mais on suppose qu&#39;il en a fait assez pour m\u00e9riter un nouveau contrat. Les Portugais restent la pi\u00e8ce la plus importante du puzzle pour United pour le moment et ils ne sont pas encore pr\u00eats \u00e0 vivre sans leur skipper talismanique. <\/p>\n<\/p>\n<hr\/>\n<p>The Peoples Person est l&#39;un des principaux sites d&#39;information de Man United au monde depuis plus d&#39;une d\u00e9cennie. Suivez-nous sur Bluesky\u00a0: @peoplesperson.bsky.social<\/p>\n<p><!-- CONTENT END 2 --><\/p><\/div>\n","protected":false},"excerpt":{"rendered":"<p>2 Manchester United a remport\u00e9 une victoire \u00e2prement disput\u00e9e 2-1 contre Brentford \u00e0 Old Trafford, lundi 27 avril, en Premier League. Casemiro et Benjamin Sesko<\/p>\n","protected":false},"author":1,"featured_media":36901,"comment_status":"closed","ping_status":"","sticky":false,"template":"","format":"standard","meta":{"footnotes":""},"categories":[3],"tags":[4419,138,749,152,139,4719,2805,24,3148,92,13],"yoast_head":"<!-- This site is optimized with the Yoast SEO plugin v21.0 - https:\/\/yoast.com\/wordpress\/plugins\/seo\/ -->\n<title>Bruno Fernandes: Lingard fait une d\u00e9claration audacieuse \u00e0 propos de l&#039;as de Man United -<\/title>\n<meta name=\"robots\" content=\"index, follow, max-snippet:-1, max-image-preview:large, max-video-preview:-1\" \/>\n<link rel=\"canonical\" href=\"https:\/\/footdavant.fr\/actualites\/bruno-fernandes-lingard-fait-une-declaration-audacieuse-a-propos-de-las-de-man-united\/\" \/>\n<meta property=\"og:locale\" content=\"fr_FR\" \/>\n<meta property=\"og:type\" content=\"article\" \/>\n<meta property=\"og:title\" content=\"Bruno Fernandes: Lingard fait une d\u00e9claration audacieuse \u00e0 propos de l&#039;as de Man United -\" \/>\n<meta property=\"og:description\" content=\"2 Manchester United a remport\u00e9 une victoire \u00e2prement disput\u00e9e 2-1 contre Brentford \u00e0 Old Trafford, lundi 27 avril, en Premier League. Casemiro et Benjamin Sesko\" \/>\n<meta property=\"og:url\" content=\"https:\/\/footdavant.fr\/actualites\/bruno-fernandes-lingard-fait-une-declaration-audacieuse-a-propos-de-las-de-man-united\/\" \/>\n<meta property=\"og:site_name\" content=\"Foot d&#039;avant\" \/>\n<meta property=\"article:publisher\" content=\"https:\/\/www.facebook.com\/Footdavant\/\" \/>\n<meta property=\"article:published_time\" content=\"2026-04-27T22:48:08+00:00\" \/>\n<meta property=\"article:modified_time\" content=\"2026-04-27T22:48:09+00:00\" \/>\n<meta property=\"og:image\" content=\"https:\/\/footdavant.fr\/actualites\/wp-content\/uploads\/2026\/04\/Bruno-Fernandes-Lingard-fait-une-declaration-audacieuse-a-propos-de.jpg\" \/>\n\t<meta property=\"og:image:width\" content=\"1200\" \/>\n\t<meta property=\"og:image:height\" content=\"674\" \/>\n\t<meta property=\"og:image:type\" content=\"image\/jpeg\" \/>\n<meta name=\"author\" content=\"Cl\u00e9ment\" \/>\n<meta name=\"twitter:card\" content=\"summary_large_image\" \/>\n<meta name=\"twitter:creator\" content=\"@FootdavantFr\" \/>\n<meta name=\"twitter:site\" content=\"@FootdavantFr\" \/>\n<meta name=\"twitter:label1\" content=\"\u00c9crit par\" \/>\n\t<meta name=\"twitter:data1\" content=\"Cl\u00e9ment\" \/>\n\t<meta name=\"twitter:label2\" content=\"Dur\u00e9e de lecture estim\u00e9e\" \/>\n\t<meta name=\"twitter:data2\" content=\"4 minutes\" \/>\n<script type=\"application\/ld+json\" class=\"yoast-schema-graph\">{\"@context\":\"https:\/\/schema.org\",\"@graph\":[{\"@type\":\"Article\",\"@id\":\"https:\/\/footdavant.fr\/actualites\/bruno-fernandes-lingard-fait-une-declaration-audacieuse-a-propos-de-las-de-man-united\/#article\",\"isPartOf\":{\"@id\":\"https:\/\/footdavant.fr\/actualites\/bruno-fernandes-lingard-fait-une-declaration-audacieuse-a-propos-de-las-de-man-united\/\"},\"author\":{\"name\":\"Cl\u00e9ment\",\"@id\":\"https:\/\/footdavant.fr\/actualites\/#\/schema\/person\/bc222566d95871b37e597b3ed3ba5e1d\"},\"headline\":\"Bruno Fernandes: Lingard fait une d\u00e9claration audacieuse \u00e0 propos de l&#39;as de Man United &#8211;\",\"datePublished\":\"2026-04-27T22:48:08+00:00\",\"dateModified\":\"2026-04-27T22:48:09+00:00\",\"mainEntityOfPage\":{\"@id\":\"https:\/\/footdavant.fr\/actualites\/bruno-fernandes-lingard-fait-une-declaration-audacieuse-a-propos-de-las-de-man-united\/\"},\"wordCount\":734,\"publisher\":{\"@id\":\"https:\/\/footdavant.fr\/actualites\/#organization\"},\"keywords\":[\"audacieuse\",\"Bruno\",\"D\u00e9claration\",\"fait\",\"Fernandes\",\"L39as\",\"Lingard\",\"Man\",\"propos\",\"une\",\"United\"],\"articleSection\":[\"Football\"],\"inLanguage\":\"fr-FR\"},{\"@type\":\"WebPage\",\"@id\":\"https:\/\/footdavant.fr\/actualites\/bruno-fernandes-lingard-fait-une-declaration-audacieuse-a-propos-de-las-de-man-united\/\",\"url\":\"https:\/\/footdavant.fr\/actualites\/bruno-fernandes-lingard-fait-une-declaration-audacieuse-a-propos-de-las-de-man-united\/\",\"name\":\"Bruno Fernandes: Lingard fait une d\u00e9claration audacieuse \u00e0 propos de l&#39;as de Man United -\",\"isPartOf\":{\"@id\":\"https:\/\/footdavant.fr\/actualites\/#website\"},\"datePublished\":\"2026-04-27T22:48:08+00:00\",\"dateModified\":\"2026-04-27T22:48:09+00:00\",\"breadcrumb\":{\"@id\":\"https:\/\/footdavant.fr\/actualites\/bruno-fernandes-lingard-fait-une-declaration-audacieuse-a-propos-de-las-de-man-united\/#breadcrumb\"},\"inLanguage\":\"fr-FR\",\"potentialAction\":[{\"@type\":\"ReadAction\",\"target\":[\"https:\/\/footdavant.fr\/actualites\/bruno-fernandes-lingard-fait-une-declaration-audacieuse-a-propos-de-las-de-man-united\/\"]}]},{\"@type\":\"BreadcrumbList\",\"@id\":\"https:\/\/footdavant.fr\/actualites\/bruno-fernandes-lingard-fait-une-declaration-audacieuse-a-propos-de-las-de-man-united\/#breadcrumb\",\"itemListElement\":[{\"@type\":\"ListItem\",\"position\":1,\"name\":\"Accueil\",\"item\":\"https:\/\/footdavant.fr\/actualites\/\"},{\"@type\":\"ListItem\",\"position\":2,\"name\":\"Bruno Fernandes: Lingard fait une d\u00e9claration audacieuse \u00e0 propos de l&#39;as de Man United &#8211;\"}]},{\"@type\":\"WebSite\",\"@id\":\"https:\/\/footdavant.fr\/actualites\/#website\",\"url\":\"https:\/\/footdavant.fr\/actualites\/\",\"name\":\"Foot d'avant\",\"description\":\"\",\"publisher\":{\"@id\":\"https:\/\/footdavant.fr\/actualites\/#organization\"},\"potentialAction\":[{\"@type\":\"SearchAction\",\"target\":{\"@type\":\"EntryPoint\",\"urlTemplate\":\"https:\/\/footdavant.fr\/actualites\/?s={search_term_string}\"},\"query-input\":\"required name=search_term_string\"}],\"inLanguage\":\"fr-FR\"},{\"@type\":\"Organization\",\"@id\":\"https:\/\/footdavant.fr\/actualites\/#organization\",\"name\":\"Foot d'avant\",\"url\":\"https:\/\/footdavant.fr\/actualites\/\",\"logo\":{\"@type\":\"ImageObject\",\"inLanguage\":\"fr-FR\",\"@id\":\"https:\/\/footdavant.fr\/actualites\/#\/schema\/logo\/image\/\",\"url\":\"https:\/\/footdavant.fr\/actualites\/wp-content\/uploads\/2023\/09\/Copy-of-FootDavant-Logo.png\",\"contentUrl\":\"https:\/\/footdavant.fr\/actualites\/wp-content\/uploads\/2023\/09\/Copy-of-FootDavant-Logo.png\",\"width\":936,\"height\":549,\"caption\":\"Foot d'avant\"},\"image\":{\"@id\":\"https:\/\/footdavant.fr\/actualites\/#\/schema\/logo\/image\/\"},\"sameAs\":[\"https:\/\/www.facebook.com\/Footdavant\/\",\"https:\/\/twitter.com\/FootdavantFr\",\"https:\/\/www.instagram.com\/footdavant.fr\/\"]},{\"@type\":\"Person\",\"@id\":\"https:\/\/footdavant.fr\/actualites\/#\/schema\/person\/bc222566d95871b37e597b3ed3ba5e1d\",\"name\":\"Cl\u00e9ment\",\"image\":{\"@type\":\"ImageObject\",\"inLanguage\":\"fr-FR\",\"@id\":\"https:\/\/footdavant.fr\/actualites\/#\/schema\/person\/image\/\",\"url\":\"https:\/\/secure.gravatar.com\/avatar\/7728b29aac2719421e1a9159b2254c44?s=96&d=mm&r=g\",\"contentUrl\":\"https:\/\/secure.gravatar.com\/avatar\/7728b29aac2719421e1a9159b2254c44?s=96&d=mm&r=g\",\"caption\":\"Cl\u00e9ment\"},\"sameAs\":[\"https:\/\/footdavant.fr\/\"]}]}<\/script>\n<!-- \/ Yoast SEO plugin. -->","yoast_head_json":{"title":"Bruno Fernandes: Lingard fait une d\u00e9claration audacieuse \u00e0 propos de l&#39;as de Man United -","robots":{"index":"index","follow":"follow","max-snippet":"max-snippet:-1","max-image-preview":"max-image-preview:large","max-video-preview":"max-video-preview:-1"},"canonical":"https:\/\/footdavant.fr\/actualites\/bruno-fernandes-lingard-fait-une-declaration-audacieuse-a-propos-de-las-de-man-united\/","og_locale":"fr_FR","og_type":"article","og_title":"Bruno Fernandes: Lingard fait une d\u00e9claration audacieuse \u00e0 propos de l&#39;as de Man United -","og_description":"2 Manchester United a remport\u00e9 une victoire \u00e2prement disput\u00e9e 2-1 contre Brentford \u00e0 Old Trafford, lundi 27 avril, en Premier League. Casemiro et Benjamin Sesko","og_url":"https:\/\/footdavant.fr\/actualites\/bruno-fernandes-lingard-fait-une-declaration-audacieuse-a-propos-de-las-de-man-united\/","og_site_name":"Foot d&#039;avant","article_publisher":"https:\/\/www.facebook.com\/Footdavant\/","article_published_time":"2026-04-27T22:48:08+00:00","article_modified_time":"2026-04-27T22:48:09+00:00","og_image":[{"width":1200,"height":674,"url":"https:\/\/footdavant.fr\/actualites\/wp-content\/uploads\/2026\/04\/Bruno-Fernandes-Lingard-fait-une-declaration-audacieuse-a-propos-de.jpg","type":"image\/jpeg"}],"author":"Cl\u00e9ment","twitter_card":"summary_large_image","twitter_creator":"@FootdavantFr","twitter_site":"@FootdavantFr","twitter_misc":{"\u00c9crit par":"Cl\u00e9ment","Dur\u00e9e de lecture estim\u00e9e":"4 minutes"},"schema":{"@context":"https:\/\/schema.org","@graph":[{"@type":"Article","@id":"https:\/\/footdavant.fr\/actualites\/bruno-fernandes-lingard-fait-une-declaration-audacieuse-a-propos-de-las-de-man-united\/#article","isPartOf":{"@id":"https:\/\/footdavant.fr\/actualites\/bruno-fernandes-lingard-fait-une-declaration-audacieuse-a-propos-de-las-de-man-united\/"},"author":{"name":"Cl\u00e9ment","@id":"https:\/\/footdavant.fr\/actualites\/#\/schema\/person\/bc222566d95871b37e597b3ed3ba5e1d"},"headline":"Bruno Fernandes: Lingard fait une d\u00e9claration audacieuse \u00e0 propos de l&#39;as de Man United &#8211;","datePublished":"2026-04-27T22:48:08+00:00","dateModified":"2026-04-27T22:48:09+00:00","mainEntityOfPage":{"@id":"https:\/\/footdavant.fr\/actualites\/bruno-fernandes-lingard-fait-une-declaration-audacieuse-a-propos-de-las-de-man-united\/"},"wordCount":734,"publisher":{"@id":"https:\/\/footdavant.fr\/actualites\/#organization"},"keywords":["audacieuse","Bruno","D\u00e9claration","fait","Fernandes","L39as","Lingard","Man","propos","une","United"],"articleSection":["Football"],"inLanguage":"fr-FR"},{"@type":"WebPage","@id":"https:\/\/footdavant.fr\/actualites\/bruno-fernandes-lingard-fait-une-declaration-audacieuse-a-propos-de-las-de-man-united\/","url":"https:\/\/footdavant.fr\/actualites\/bruno-fernandes-lingard-fait-une-declaration-audacieuse-a-propos-de-las-de-man-united\/","name":"Bruno Fernandes: Lingard fait une d\u00e9claration audacieuse \u00e0 propos de l&#39;as de Man United -","isPartOf":{"@id":"https:\/\/footdavant.fr\/actualites\/#website"},"datePublished":"2026-04-27T22:48:08+00:00","dateModified":"2026-04-27T22:48:09+00:00","breadcrumb":{"@id":"https:\/\/footdavant.fr\/actualites\/bruno-fernandes-lingard-fait-une-declaration-audacieuse-a-propos-de-las-de-man-united\/#breadcrumb"},"inLanguage":"fr-FR","potentialAction":[{"@type":"ReadAction","target":["https:\/\/footdavant.fr\/actualites\/bruno-fernandes-lingard-fait-une-declaration-audacieuse-a-propos-de-las-de-man-united\/"]}]},{"@type":"BreadcrumbList","@id":"https:\/\/footdavant.fr\/actualites\/bruno-fernandes-lingard-fait-une-declaration-audacieuse-a-propos-de-las-de-man-united\/#breadcrumb","itemListElement":[{"@type":"ListItem","position":1,"name":"Accueil","item":"https:\/\/footdavant.fr\/actualites\/"},{"@type":"ListItem","position":2,"name":"Bruno Fernandes: Lingard fait une d\u00e9claration audacieuse \u00e0 propos de l&#39;as de Man United &#8211;"}]},{"@type":"WebSite","@id":"https:\/\/footdavant.fr\/actualites\/#website","url":"https:\/\/footdavant.fr\/actualites\/","name":"Foot d'avant","description":"","publisher":{"@id":"https:\/\/footdavant.fr\/actualites\/#organization"},"potentialAction":[{"@type":"SearchAction","target":{"@type":"EntryPoint","urlTemplate":"https:\/\/footdavant.fr\/actualites\/?s={search_term_string}"},"query-input":"required name=search_term_string"}],"inLanguage":"fr-FR"},{"@type":"Organization","@id":"https:\/\/footdavant.fr\/actualites\/#organization","name":"Foot d'avant","url":"https:\/\/footdavant.fr\/actualites\/","logo":{"@type":"ImageObject","inLanguage":"fr-FR","@id":"https:\/\/footdavant.fr\/actualites\/#\/schema\/logo\/image\/","url":"https:\/\/footdavant.fr\/actualites\/wp-content\/uploads\/2023\/09\/Copy-of-FootDavant-Logo.png","contentUrl":"https:\/\/footdavant.fr\/actualites\/wp-content\/uploads\/2023\/09\/Copy-of-FootDavant-Logo.png","width":936,"height":549,"caption":"Foot d'avant"},"image":{"@id":"https:\/\/footdavant.fr\/actualites\/#\/schema\/logo\/image\/"},"sameAs":["https:\/\/www.facebook.com\/Footdavant\/","https:\/\/twitter.com\/FootdavantFr","https:\/\/www.instagram.com\/footdavant.fr\/"]},{"@type":"Person","@id":"https:\/\/footdavant.fr\/actualites\/#\/schema\/person\/bc222566d95871b37e597b3ed3ba5e1d","name":"Cl\u00e9ment","image":{"@type":"ImageObject","inLanguage":"fr-FR","@id":"https:\/\/footdavant.fr\/actualites\/#\/schema\/person\/image\/","url":"https:\/\/secure.gravatar.com\/avatar\/7728b29aac2719421e1a9159b2254c44?s=96&d=mm&r=g","contentUrl":"https:\/\/secure.gravatar.com\/avatar\/7728b29aac2719421e1a9159b2254c44?s=96&d=mm&r=g","caption":"Cl\u00e9ment"},"sameAs":["https:\/\/footdavant.fr\/"]}]}},"_links":{"self":[{"href":"https:\/\/footdavant.fr\/actualites\/wp-json\/wp\/v2\/posts\/36900"}],"collection":[{"href":"https:\/\/footdavant.fr\/actualites\/wp-json\/wp\/v2\/posts"}],"about":[{"href":"https:\/\/footdavant.fr\/actualites\/wp-json\/wp\/v2\/types\/post"}],"author":[{"embeddable":true,"href":"https:\/\/footdavant.fr\/actualites\/wp-json\/wp\/v2\/users\/1"}],"replies":[{"embeddable":true,"href":"https:\/\/footdavant.fr\/actualites\/wp-json\/wp\/v2\/comments?post=36900"}],"version-history":[{"count":1,"href":"https:\/\/footdavant.fr\/actualites\/wp-json\/wp\/v2\/posts\/36900\/revisions"}],"predecessor-version":[{"id":36902,"href":"https:\/\/footdavant.fr\/actualites\/wp-json\/wp\/v2\/posts\/36900\/revisions\/36902"}],"wp:featuredmedia":[{"embeddable":true,"href":"https:\/\/footdavant.fr\/actualites\/wp-json\/wp\/v2\/media\/36901"}],"wp:attachment":[{"href":"https:\/\/footdavant.fr\/actualites\/wp-json\/wp\/v2\/media?parent=36900"}],"wp:term":[{"taxonomy":"category","embeddable":true,"href":"https:\/\/footdavant.fr\/actualites\/wp-json\/wp\/v2\/categories?post=36900"},{"taxonomy":"post_tag","embeddable":true,"href":"https:\/\/footdavant.fr\/actualites\/wp-json\/wp\/v2\/tags?post=36900"}],"curies":[{"name":"wp","href":"https:\/\/api.w.org\/{rel}","templated":true}]}}