{"id":36903,"date":"2026-04-28T02:48:03","date_gmt":"2026-04-28T00:48:03","guid":{"rendered":"https:\/\/footdavant.fr\/actualites\/composition-deverton-contre-west-ham-xi-prevu-pour-le-choc-en-premier-league\/"},"modified":"2026-04-28T02:48:04","modified_gmt":"2026-04-28T00:48:04","slug":"composition-deverton-contre-west-ham-xi-prevu-pour-le-choc-en-premier-league","status":"publish","type":"post","link":"https:\/\/footdavant.fr\/actualites\/composition-deverton-contre-west-ham-xi-prevu-pour-le-choc-en-premier-league\/","title":{"rendered":"Composition d&#39;Everton contre West Ham\u00a0: XI pr\u00e9vu pour le choc en Premier League"},"content":{"rendered":"<div itemprop=\"articleBody\">\n<p style=\"margin-bottom:11px\">Le manager d&#39;Everton, David Moyes, devra se passer de l&#39;attaquant en forme Beto, disponible pour le choc de Premier League de samedi avec West Ham United au stade de Londres.<\/p>\n<p>Le joueur de 28 ans a marqu\u00e9 son cinqui\u00e8me but en six matchs lors de la d\u00e9faite 2-1 du derby des Toffees contre Liverpool le week-end dernier avant d&#39;\u00eatre retir\u00e9 en seconde p\u00e9riode \u00e0 la suite d&#39;un affrontement avec Ibrahima Konate.<\/p>\n<p>Moyes a depuis confirm\u00e9 que Beto n&#39;\u00e9tait pas disponible pour la s\u00e9lection car il doit suivre des protocoles de commotion c\u00e9r\u00e9brale, donc Thierno Barry devrait d\u00e9buter en tant qu&#39;avant-centre ce week-end.<\/p>\n<p>Le d\u00e9fenseur Jarrad Branthwaite, qui a \u00e9t\u00e9 exclu pour le reste de la saison apr\u00e8s avoir \u00e9t\u00e9 \u00e9tir\u00e9 en raison d&#39;une blessure aux ischio-jambiers lors de la d\u00e9faite contre Liverpool, rejoint Beto et Jack Grealish (pied) dans la salle de soins.<\/p>\n<p>En l&#39;absence de Branthwaite, Michael Keane &#8211; qui vient de signer une nouvelle prolongation de contrat d&#39;un an &#8211; devrait remplacer l&#39;arri\u00e8re central aux c\u00f4t\u00e9s de James Tarkowski, Jake O&#39;Brien et Vitaliy Mykolenko conservant leur place d&#39;arri\u00e8re lat\u00e9ral.<\/p>\n<p>Le trio cl\u00e9 du milieu de terrain James Garner, Idrissa Gueye et Kiernan Dewsbury-Hall devraient tous recommencer, tandis qu&#39;Iliman Ndiaye et Dwight McNeil devraient continuer sur les flancs, bien que Tyrique George soit un pr\u00e9tendant pour remplacer ce dernier \u00e0 droite.<\/p>\n<p>Onze de d\u00e9part possibles d\u2019Everton : <\/p>\n<p>Pickford\u00a0; O&#39;Brien, Tarkowski, Keane, Mykolenko\u00a0; Garner, Gueye; McNeil, Dewsbury-Hall, Ndiaye\u00a0; Barry<\/p>\n<p>> Cliquez ici pour voir comment West Ham United pourrait s&#39;aligner contre Everton<\/p>\n<h2>D\u00e9couvrez l\u2019aper\u00e7u vid\u00e9o de Sports Mole pour West Ham contre Everton\u00a0:<\/h2>\n<\/div>\n","protected":false},"excerpt":{"rendered":"<p>Le manager d&#39;Everton, David Moyes, devra se passer de l&#39;attaquant en forme Beto, disponible pour le choc de Premier League de samedi avec West Ham<\/p>\n","protected":false},"author":1,"featured_media":36904,"comment_status":"closed","ping_status":"","sticky":false,"template":"","format":"standard","meta":{"footnotes":""},"categories":[5],"tags":[332,2291,20,4282,286,202,51,201,3924,285],"yoast_head":"<!-- This site is optimized with the Yoast SEO plugin v21.0 - https:\/\/yoast.com\/wordpress\/plugins\/seo\/ -->\n<title>Composition d&#039;Everton contre West Ham\u00a0: XI pr\u00e9vu pour le choc en Premier League<\/title>\n<meta name=\"robots\" content=\"index, follow, max-snippet:-1, max-image-preview:large, max-video-preview:-1\" \/>\n<link rel=\"canonical\" href=\"https:\/\/footdavant.fr\/actualites\/composition-deverton-contre-west-ham-xi-prevu-pour-le-choc-en-premier-league\/\" \/>\n<meta property=\"og:locale\" content=\"fr_FR\" \/>\n<meta property=\"og:type\" content=\"article\" \/>\n<meta property=\"og:title\" content=\"Composition d&#039;Everton contre West Ham\u00a0: XI pr\u00e9vu pour le choc en Premier League\" \/>\n<meta property=\"og:description\" content=\"Le manager d&#039;Everton, David Moyes, devra se passer de l&#039;attaquant en forme Beto, disponible pour le choc de Premier League de samedi avec West Ham\" \/>\n<meta property=\"og:url\" content=\"https:\/\/footdavant.fr\/actualites\/composition-deverton-contre-west-ham-xi-prevu-pour-le-choc-en-premier-league\/\" \/>\n<meta property=\"og:site_name\" content=\"Foot d&#039;avant\" \/>\n<meta property=\"article:publisher\" content=\"https:\/\/www.facebook.com\/Footdavant\/\" \/>\n<meta property=\"article:published_time\" content=\"2026-04-28T00:48:03+00:00\" \/>\n<meta property=\"article:modified_time\" content=\"2026-04-28T00:48:04+00:00\" \/>\n<meta property=\"og:image\" content=\"https:\/\/footdavant.fr\/actualites\/wp-content\/uploads\/2026\/04\/Composition-d39Everton-contre-West-Ham-XI-prevu-pour-le-choc.net2Fuploads2F20262F042Faaa-beto-69d7ccb.webp\" \/>\n\t<meta property=\"og:image:width\" content=\"720\" \/>\n\t<meta property=\"og:image:height\" content=\"410\" \/>\n\t<meta property=\"og:image:type\" content=\"image\/webp\" \/>\n<meta name=\"author\" content=\"Cl\u00e9ment\" \/>\n<meta name=\"twitter:card\" content=\"summary_large_image\" \/>\n<meta name=\"twitter:creator\" content=\"@FootdavantFr\" \/>\n<meta name=\"twitter:site\" content=\"@FootdavantFr\" \/>\n<meta name=\"twitter:label1\" content=\"\u00c9crit par\" \/>\n\t<meta name=\"twitter:data1\" content=\"Cl\u00e9ment\" \/>\n\t<meta name=\"twitter:label2\" content=\"Dur\u00e9e de lecture estim\u00e9e\" \/>\n\t<meta name=\"twitter:data2\" content=\"1 minute\" \/>\n<script type=\"application\/ld+json\" class=\"yoast-schema-graph\">{\"@context\":\"https:\/\/schema.org\",\"@graph\":[{\"@type\":\"Article\",\"@id\":\"https:\/\/footdavant.fr\/actualites\/composition-deverton-contre-west-ham-xi-prevu-pour-le-choc-en-premier-league\/#article\",\"isPartOf\":{\"@id\":\"https:\/\/footdavant.fr\/actualites\/composition-deverton-contre-west-ham-xi-prevu-pour-le-choc-en-premier-league\/\"},\"author\":{\"name\":\"Cl\u00e9ment\",\"@id\":\"https:\/\/footdavant.fr\/actualites\/#\/schema\/person\/bc222566d95871b37e597b3ed3ba5e1d\"},\"headline\":\"Composition d&#39;Everton contre West Ham\u00a0: XI pr\u00e9vu pour le choc en Premier League\",\"datePublished\":\"2026-04-28T00:48:03+00:00\",\"dateModified\":\"2026-04-28T00:48:04+00:00\",\"mainEntityOfPage\":{\"@id\":\"https:\/\/footdavant.fr\/actualites\/composition-deverton-contre-west-ham-xi-prevu-pour-le-choc-en-premier-league\/\"},\"wordCount\":310,\"publisher\":{\"@id\":\"https:\/\/footdavant.fr\/actualites\/#organization\"},\"keywords\":[\"choc\",\"composition\",\"contre\",\"d39Everton\",\"Ham\",\"League\",\"pour\",\"Premier\",\"pr\u00e9vu\",\"West\"],\"articleSection\":[\"Premier League\"],\"inLanguage\":\"fr-FR\"},{\"@type\":\"WebPage\",\"@id\":\"https:\/\/footdavant.fr\/actualites\/composition-deverton-contre-west-ham-xi-prevu-pour-le-choc-en-premier-league\/\",\"url\":\"https:\/\/footdavant.fr\/actualites\/composition-deverton-contre-west-ham-xi-prevu-pour-le-choc-en-premier-league\/\",\"name\":\"Composition d&#39;Everton contre West Ham\u00a0: XI pr\u00e9vu pour le choc en Premier League\",\"isPartOf\":{\"@id\":\"https:\/\/footdavant.fr\/actualites\/#website\"},\"datePublished\":\"2026-04-28T00:48:03+00:00\",\"dateModified\":\"2026-04-28T00:48:04+00:00\",\"breadcrumb\":{\"@id\":\"https:\/\/footdavant.fr\/actualites\/composition-deverton-contre-west-ham-xi-prevu-pour-le-choc-en-premier-league\/#breadcrumb\"},\"inLanguage\":\"fr-FR\",\"potentialAction\":[{\"@type\":\"ReadAction\",\"target\":[\"https:\/\/footdavant.fr\/actualites\/composition-deverton-contre-west-ham-xi-prevu-pour-le-choc-en-premier-league\/\"]}]},{\"@type\":\"BreadcrumbList\",\"@id\":\"https:\/\/footdavant.fr\/actualites\/composition-deverton-contre-west-ham-xi-prevu-pour-le-choc-en-premier-league\/#breadcrumb\",\"itemListElement\":[{\"@type\":\"ListItem\",\"position\":1,\"name\":\"Accueil\",\"item\":\"https:\/\/footdavant.fr\/actualites\/\"},{\"@type\":\"ListItem\",\"position\":2,\"name\":\"Composition d&#39;Everton contre West Ham\u00a0: XI pr\u00e9vu pour le choc en Premier League\"}]},{\"@type\":\"WebSite\",\"@id\":\"https:\/\/footdavant.fr\/actualites\/#website\",\"url\":\"https:\/\/footdavant.fr\/actualites\/\",\"name\":\"Foot d'avant\",\"description\":\"\",\"publisher\":{\"@id\":\"https:\/\/footdavant.fr\/actualites\/#organization\"},\"potentialAction\":[{\"@type\":\"SearchAction\",\"target\":{\"@type\":\"EntryPoint\",\"urlTemplate\":\"https:\/\/footdavant.fr\/actualites\/?s={search_term_string}\"},\"query-input\":\"required name=search_term_string\"}],\"inLanguage\":\"fr-FR\"},{\"@type\":\"Organization\",\"@id\":\"https:\/\/footdavant.fr\/actualites\/#organization\",\"name\":\"Foot d'avant\",\"url\":\"https:\/\/footdavant.fr\/actualites\/\",\"logo\":{\"@type\":\"ImageObject\",\"inLanguage\":\"fr-FR\",\"@id\":\"https:\/\/footdavant.fr\/actualites\/#\/schema\/logo\/image\/\",\"url\":\"https:\/\/footdavant.fr\/actualites\/wp-content\/uploads\/2023\/09\/Copy-of-FootDavant-Logo.png\",\"contentUrl\":\"https:\/\/footdavant.fr\/actualites\/wp-content\/uploads\/2023\/09\/Copy-of-FootDavant-Logo.png\",\"width\":936,\"height\":549,\"caption\":\"Foot d'avant\"},\"image\":{\"@id\":\"https:\/\/footdavant.fr\/actualites\/#\/schema\/logo\/image\/\"},\"sameAs\":[\"https:\/\/www.facebook.com\/Footdavant\/\",\"https:\/\/twitter.com\/FootdavantFr\",\"https:\/\/www.instagram.com\/footdavant.fr\/\"]},{\"@type\":\"Person\",\"@id\":\"https:\/\/footdavant.fr\/actualites\/#\/schema\/person\/bc222566d95871b37e597b3ed3ba5e1d\",\"name\":\"Cl\u00e9ment\",\"image\":{\"@type\":\"ImageObject\",\"inLanguage\":\"fr-FR\",\"@id\":\"https:\/\/footdavant.fr\/actualites\/#\/schema\/person\/image\/\",\"url\":\"https:\/\/secure.gravatar.com\/avatar\/7728b29aac2719421e1a9159b2254c44?s=96&d=mm&r=g\",\"contentUrl\":\"https:\/\/secure.gravatar.com\/avatar\/7728b29aac2719421e1a9159b2254c44?s=96&d=mm&r=g\",\"caption\":\"Cl\u00e9ment\"},\"sameAs\":[\"https:\/\/footdavant.fr\/\"]}]}<\/script>\n<!-- \/ Yoast SEO plugin. -->","yoast_head_json":{"title":"Composition d&#39;Everton contre West Ham\u00a0: XI pr\u00e9vu pour le choc en Premier League","robots":{"index":"index","follow":"follow","max-snippet":"max-snippet:-1","max-image-preview":"max-image-preview:large","max-video-preview":"max-video-preview:-1"},"canonical":"https:\/\/footdavant.fr\/actualites\/composition-deverton-contre-west-ham-xi-prevu-pour-le-choc-en-premier-league\/","og_locale":"fr_FR","og_type":"article","og_title":"Composition d&#39;Everton contre West Ham\u00a0: XI pr\u00e9vu pour le choc en Premier League","og_description":"Le manager d&#39;Everton, David Moyes, devra se passer de l&#39;attaquant en forme Beto, disponible pour le choc de Premier League de samedi avec West Ham","og_url":"https:\/\/footdavant.fr\/actualites\/composition-deverton-contre-west-ham-xi-prevu-pour-le-choc-en-premier-league\/","og_site_name":"Foot d&#039;avant","article_publisher":"https:\/\/www.facebook.com\/Footdavant\/","article_published_time":"2026-04-28T00:48:03+00:00","article_modified_time":"2026-04-28T00:48:04+00:00","og_image":[{"width":720,"height":410,"url":"https:\/\/footdavant.fr\/actualites\/wp-content\/uploads\/2026\/04\/Composition-d39Everton-contre-West-Ham-XI-prevu-pour-le-choc.net2Fuploads2F20262F042Faaa-beto-69d7ccb.webp","type":"image\/webp"}],"author":"Cl\u00e9ment","twitter_card":"summary_large_image","twitter_creator":"@FootdavantFr","twitter_site":"@FootdavantFr","twitter_misc":{"\u00c9crit par":"Cl\u00e9ment","Dur\u00e9e de lecture estim\u00e9e":"1 minute"},"schema":{"@context":"https:\/\/schema.org","@graph":[{"@type":"Article","@id":"https:\/\/footdavant.fr\/actualites\/composition-deverton-contre-west-ham-xi-prevu-pour-le-choc-en-premier-league\/#article","isPartOf":{"@id":"https:\/\/footdavant.fr\/actualites\/composition-deverton-contre-west-ham-xi-prevu-pour-le-choc-en-premier-league\/"},"author":{"name":"Cl\u00e9ment","@id":"https:\/\/footdavant.fr\/actualites\/#\/schema\/person\/bc222566d95871b37e597b3ed3ba5e1d"},"headline":"Composition d&#39;Everton contre West Ham\u00a0: XI pr\u00e9vu pour le choc en Premier League","datePublished":"2026-04-28T00:48:03+00:00","dateModified":"2026-04-28T00:48:04+00:00","mainEntityOfPage":{"@id":"https:\/\/footdavant.fr\/actualites\/composition-deverton-contre-west-ham-xi-prevu-pour-le-choc-en-premier-league\/"},"wordCount":310,"publisher":{"@id":"https:\/\/footdavant.fr\/actualites\/#organization"},"keywords":["choc","composition","contre","d39Everton","Ham","League","pour","Premier","pr\u00e9vu","West"],"articleSection":["Premier League"],"inLanguage":"fr-FR"},{"@type":"WebPage","@id":"https:\/\/footdavant.fr\/actualites\/composition-deverton-contre-west-ham-xi-prevu-pour-le-choc-en-premier-league\/","url":"https:\/\/footdavant.fr\/actualites\/composition-deverton-contre-west-ham-xi-prevu-pour-le-choc-en-premier-league\/","name":"Composition d&#39;Everton contre West Ham\u00a0: XI pr\u00e9vu pour le choc en Premier League","isPartOf":{"@id":"https:\/\/footdavant.fr\/actualites\/#website"},"datePublished":"2026-04-28T00:48:03+00:00","dateModified":"2026-04-28T00:48:04+00:00","breadcrumb":{"@id":"https:\/\/footdavant.fr\/actualites\/composition-deverton-contre-west-ham-xi-prevu-pour-le-choc-en-premier-league\/#breadcrumb"},"inLanguage":"fr-FR","potentialAction":[{"@type":"ReadAction","target":["https:\/\/footdavant.fr\/actualites\/composition-deverton-contre-west-ham-xi-prevu-pour-le-choc-en-premier-league\/"]}]},{"@type":"BreadcrumbList","@id":"https:\/\/footdavant.fr\/actualites\/composition-deverton-contre-west-ham-xi-prevu-pour-le-choc-en-premier-league\/#breadcrumb","itemListElement":[{"@type":"ListItem","position":1,"name":"Accueil","item":"https:\/\/footdavant.fr\/actualites\/"},{"@type":"ListItem","position":2,"name":"Composition d&#39;Everton contre West Ham\u00a0: XI pr\u00e9vu pour le choc en Premier League"}]},{"@type":"WebSite","@id":"https:\/\/footdavant.fr\/actualites\/#website","url":"https:\/\/footdavant.fr\/actualites\/","name":"Foot d'avant","description":"","publisher":{"@id":"https:\/\/footdavant.fr\/actualites\/#organization"},"potentialAction":[{"@type":"SearchAction","target":{"@type":"EntryPoint","urlTemplate":"https:\/\/footdavant.fr\/actualites\/?s={search_term_string}"},"query-input":"required name=search_term_string"}],"inLanguage":"fr-FR"},{"@type":"Organization","@id":"https:\/\/footdavant.fr\/actualites\/#organization","name":"Foot d'avant","url":"https:\/\/footdavant.fr\/actualites\/","logo":{"@type":"ImageObject","inLanguage":"fr-FR","@id":"https:\/\/footdavant.fr\/actualites\/#\/schema\/logo\/image\/","url":"https:\/\/footdavant.fr\/actualites\/wp-content\/uploads\/2023\/09\/Copy-of-FootDavant-Logo.png","contentUrl":"https:\/\/footdavant.fr\/actualites\/wp-content\/uploads\/2023\/09\/Copy-of-FootDavant-Logo.png","width":936,"height":549,"caption":"Foot d'avant"},"image":{"@id":"https:\/\/footdavant.fr\/actualites\/#\/schema\/logo\/image\/"},"sameAs":["https:\/\/www.facebook.com\/Footdavant\/","https:\/\/twitter.com\/FootdavantFr","https:\/\/www.instagram.com\/footdavant.fr\/"]},{"@type":"Person","@id":"https:\/\/footdavant.fr\/actualites\/#\/schema\/person\/bc222566d95871b37e597b3ed3ba5e1d","name":"Cl\u00e9ment","image":{"@type":"ImageObject","inLanguage":"fr-FR","@id":"https:\/\/footdavant.fr\/actualites\/#\/schema\/person\/image\/","url":"https:\/\/secure.gravatar.com\/avatar\/7728b29aac2719421e1a9159b2254c44?s=96&d=mm&r=g","contentUrl":"https:\/\/secure.gravatar.com\/avatar\/7728b29aac2719421e1a9159b2254c44?s=96&d=mm&r=g","caption":"Cl\u00e9ment"},"sameAs":["https:\/\/footdavant.fr\/"]}]}},"_links":{"self":[{"href":"https:\/\/footdavant.fr\/actualites\/wp-json\/wp\/v2\/posts\/36903"}],"collection":[{"href":"https:\/\/footdavant.fr\/actualites\/wp-json\/wp\/v2\/posts"}],"about":[{"href":"https:\/\/footdavant.fr\/actualites\/wp-json\/wp\/v2\/types\/post"}],"author":[{"embeddable":true,"href":"https:\/\/footdavant.fr\/actualites\/wp-json\/wp\/v2\/users\/1"}],"replies":[{"embeddable":true,"href":"https:\/\/footdavant.fr\/actualites\/wp-json\/wp\/v2\/comments?post=36903"}],"version-history":[{"count":1,"href":"https:\/\/footdavant.fr\/actualites\/wp-json\/wp\/v2\/posts\/36903\/revisions"}],"predecessor-version":[{"id":36905,"href":"https:\/\/footdavant.fr\/actualites\/wp-json\/wp\/v2\/posts\/36903\/revisions\/36905"}],"wp:featuredmedia":[{"embeddable":true,"href":"https:\/\/footdavant.fr\/actualites\/wp-json\/wp\/v2\/media\/36904"}],"wp:attachment":[{"href":"https:\/\/footdavant.fr\/actualites\/wp-json\/wp\/v2\/media?parent=36903"}],"wp:term":[{"taxonomy":"category","embeddable":true,"href":"https:\/\/footdavant.fr\/actualites\/wp-json\/wp\/v2\/categories?post=36903"},{"taxonomy":"post_tag","embeddable":true,"href":"https:\/\/footdavant.fr\/actualites\/wp-json\/wp\/v2\/tags?post=36903"}],"curies":[{"name":"wp","href":"https:\/\/api.w.org\/{rel}","templated":true}]}}