{"id":36912,"date":"2026-04-28T08:48:08","date_gmt":"2026-04-28T06:48:08","guid":{"rendered":"https:\/\/footdavant.fr\/actualites\/les-fans-laisses-pour-compte-alors-que-le-match-de-burnley-semble-pret-pour-le-creneau-de-lundi-soir\/"},"modified":"2026-04-28T08:48:12","modified_gmt":"2026-04-28T06:48:12","slug":"les-fans-laisses-pour-compte-alors-que-le-match-de-burnley-semble-pret-pour-le-creneau-de-lundi-soir","status":"publish","type":"post","link":"https:\/\/footdavant.fr\/actualites\/les-fans-laisses-pour-compte-alors-que-le-match-de-burnley-semble-pret-pour-le-creneau-de-lundi-soir\/","title":{"rendered":"Les fans laiss\u00e9s pour compte alors que le match de Burnley semble pr\u00eat pour le cr\u00e9neau de lundi soir"},"content":{"rendered":"<div>\n<p>Bonjour \u00e0 tous.<\/p>\n<p>Commen\u00e7ons aujourd&#39;hui par la rumeur, que j&#39;ai entendue de plusieurs sources et qui semble susceptible de devenir r\u00e9alit\u00e9 plus tard dans la journ\u00e9e, selon laquelle notre match contre Burnley serait d\u00e9plac\u00e9 vers la machine \u00e0 sous Monday Night Football sur Sky Sports. Actuellement, avec la finale de la FA Cup samedi, tous les matchs de Premier League sont programm\u00e9s dimanche, mais les horaires de diffusion n&#39;ont pas encore \u00e9t\u00e9 d\u00e9cid\u00e9s. Il semble maintenant que nous allons \u00eatre dans ce cr\u00e9neau du lundi soir, Sky prenant la d\u00e9cision de d\u00e9placer notre jeu.<\/p>\n<p>Premi\u00e8rement, quoi qu\u2019il arrive avec ce qui reste de cette saison, lundi soir est une p\u00e9riode de merde pour le dernier match \u00e0 domicile de la saison. Je sais que les gens peuvent prendre ou quitter le \u00ab tour d&#39;appr\u00e9ciation \u00bb et tout \u00e7a, mais c&#39;est un moment pour les supporters et les joueurs qui seront clairement impact\u00e9s par cette heure de coup d&#39;envoi. M\u00eame dans des circonstances normales, le fait que ce soit une nuit de travail ou d&#39;\u00e9cole signifie que les gens ne pourront pas rester dans les parages, ils auront des trains \u00e0 prendre, beaucoup auront une distance importante \u00e0 parcourir m\u00eame s&#39;ils sont relativement \u00ab locaux \u00bb. N&#39;oublions pas non plus les supporters visiteurs, qui ont ensuite une longue distance \u00e0 parcourir pour rentrer chez eux \u2013 ce sera tr\u00e8s tard dans la nuit\/t\u00f4t le matin pour eux.<\/p>\n<p>Ensuite, il y a ceux qui auront d\u00e9j\u00e0 r\u00e9serv\u00e9 un voyage depuis beaucoup plus loin. J&#39;ai d\u00e9j\u00e0 parl\u00e9 \u00e0 des personnes qui seront bloqu\u00e9es par ce changement. Un homme qui am\u00e8ne son fils \u00e0 son premier match ne peut tout simplement pas modifier ses projets de voyage pour inclure le lundi (\u00e9cole et travail, etc.)\u00a0; J&#39;ai entendu d&#39;innombrables personnes qui ont r\u00e9serv\u00e9 pour \u00eatre \u00e0 Londres pour le week-end avec des vols, longue distance ou autres, qui reviennent lundi. Changer de vol est au mieux un inconv\u00e9nient et une d\u00e9pense suppl\u00e9mentaire, mais au pire impossible.<\/p>\n<p>Et je sais que jusqu&#39;\u00e0 ce qu&#39;un match soit d\u00e9finitivement programm\u00e9 \u00e0 100%, vous vous exposez au risque de vous faire baiser par les diffuseurs, mais \u00e0 une \u00e9poque o\u00f9 tout est si cher \u2013 notamment les vols et l&#39;h\u00e9bergement \u2013 \u200b\u200bvous pouvez comprendre pourquoi les gens r\u00e9servent \u00e0 l&#39;avance. Pour beaucoup, ce sera la seule fa\u00e7on de pouvoir se permettre de faire un voyage comme celui-ci, car plus on se rapproche de l&#39;heure, plus les prix sont \u00e9lev\u00e9s. Et cela s\u2019applique aux personnes qui prendront des vols de loin, ou m\u00eame des trains pour rentrer chez elles, quelle que soit la r\u00e9gion du Royaume-Uni o\u00f9 elles vivent.<\/p>\n<p>Bien s\u00fbr, ce n\u2019est que le dernier exemple en date de la mani\u00e8re dont les diffuseurs ne se soucient tout simplement pas des fans qui assistent aux matchs. Ce n&#39;est en aucun cas unique \u00e0 Arsenal, les fans de chaque club peuvent vous donner des exemples de la fa\u00e7on dont Sky ou TNT ont rendu leur vie plus difficile et certainement plus co\u00fbteuse par les d\u00e9cisions qu&#39;ils prennent, et en particulier le timing de ces d\u00e9cisions. Les clubs sont heureux de prendre l&#39;argent, ce qui les rend complices du traitement r\u00e9serv\u00e9 \u00e0 leurs propres supporters. Ind\u00e9pendamment de la mani\u00e8re dont les gens sont g\u00ean\u00e9s, ind\u00e9pendamment de toute mesure de solidarit\u00e9 entre les fans et leurs groupes repr\u00e9sentatifs, Sky, etc., ignorent simplement les choses et font ce qu&#39;ils veulent.<\/p>\n<p>Je pense que nous savons tous que lorsqu&#39;ils font des trucs comme cette \u00e9mission t\u00e9l\u00e9vis\u00e9e o\u00f9 ils demandent \u00e0 de nombreux fans de r\u00e9pondre aux questions de Jamie Carragher et Paul Scholes, ce n&#39;est pas qu&#39;ils se soucient vraiment de ce que pensent ces gens. Ils peuvent l&#39;habiller comme \u00e7a, mais en fin de compte, il s&#39;agit de g\u00e9n\u00e9rer pour leurs cha\u00eenes et diverses plateformes sociales, et c&#39;est bien pour eux si ce branleur de Chelsea aux cheveux souples a un probl\u00e8me avec un autre gar\u00e7on pour que les clips puissent devenir viraux. Des trucs de plus petit d\u00e9nominateur commun, comme cet idiot de Man City avec la bouteille \u00e0 laquelle ils ont donn\u00e9 tant de temps d&#39;antenne l&#39;autre semaine. Pour moi, c&#39;est une autre fa\u00e7on dont ils d\u00e9montrent leur m\u00e9pris envers les fans de football, car ils pr\u00e9sentent un connard avec son comportement de connard comme repr\u00e9sentant de la majorit\u00e9, alors qu&#39;en fait ils utilisent simplement un simplet pour app\u00e2ter les gens.<\/p>\n<p>Il y a aussi un \u00e9l\u00e9ment plus pernicieux, comme nous l&#39;avons vu avec la soci\u00e9t\u00e9 de Gary Neville qui a rachet\u00e9 les cha\u00eenes YouTube de Mark Goldbridge (United Stand). Ils veulent l&#39;immobilier num\u00e9rique, bien s\u00fbr, mais \u2013 que vous pensiez que Goldbridge est authentique ou non avec son faux nom et tout le reste \u2013 ne soyons pas aveugles au fait que c&#39;est une fa\u00e7on de consolider les espaces de fans sous un parapluie adjacent \u00e0 Sky. Et puis il y aura des choses que vous ne pourrez plus dire, des probl\u00e8mes discr\u00e8tement mais ostensiblement ignor\u00e9s par lui et les autres qu&#39;ils apporteront in\u00e9vitablement, et des messages contr\u00f4l\u00e9s sur certaines des plus grandes plateformes de \u00ab fans \u00bb.<\/p>\n<p>Je pense qu&#39;ils ont reconnu qu&#39;en tant que diffuseur \u00ab traditionnel \u00bb, les sables mouvants du paysage m\u00e9diatique signifient qu&#39;ils doivent se diversifier. Si la prochaine \u00e9tape in\u00e9vitable dans notre vision du football est de plus en plus li\u00e9e au streaming plut\u00f4t qu\u2019aux antennes paraboliques\/c\u00e2ble, comment peuvent-ils en faire partie ? Acquisitions, retenez mes mots.<\/p>\n<p>Enfin, je ne peux pas imaginer que ce soit quelque chose qui plaira particuli\u00e8rement \u00e0 Mikel Arteta. En tant que personne qui a toujours fait r\u00e9f\u00e9rence \u00e0 l&#39;impact des fans, je pense qu&#39;un beau dimanche ensoleill\u00e9 de mai serait de loin pr\u00e9f\u00e9rable \u00e0 un lundi soir en termes d&#39;ambiance pour ce qui pourrait \u00eatre un match crucial. Cela aura un impact \u00e0 la fois sur la pr\u00e9paration et sur ce qui se passera apr\u00e8s le coup de sifflet final. Je suppose que ce sera un autre d\u00e9fi pour lui et son \u00e9quipe, mais je suis certain qu&#39;il sera m\u00e9content.<\/p>\n<p>Quoi qu&#39;il en soit, je pense que nous obtiendrons une confirmation officielle \u00e0 un moment donn\u00e9 aujourd&#39;hui, m\u00eame si la clart\u00e9 ne sera pas utile du tout pour beaucoup de personnes qui seront touch\u00e9es par ce changement. Je me sens vraiment mal pour ceux qui ne pourront plus y aller ou qui n&#39;auront plus de leur poche.<\/p>\n<p>Mais pas Sky.<\/p>\n<\/div>\n","protected":false},"excerpt":{"rendered":"<p>Bonjour \u00e0 tous. Commen\u00e7ons aujourd&#39;hui par la rumeur, que j&#39;ai entendue de plusieurs sources et qui semble susceptible de devenir r\u00e9alit\u00e9 plus tard dans la<\/p>\n","protected":false},"author":1,"featured_media":36913,"comment_status":"closed","ping_status":"","sticky":false,"template":"","format":"standard","meta":{"footnotes":""},"categories":[3],"tags":[318,541,4423,10185,512,7863,93,670,257,51,165,2862,671],"yoast_head":"<!-- This site is optimized with the Yoast SEO plugin v21.0 - https:\/\/yoast.com\/wordpress\/plugins\/seo\/ -->\n<title>Les fans laiss\u00e9s pour compte alors que le match de Burnley semble pr\u00eat pour le cr\u00e9neau de lundi soir<\/title>\n<meta name=\"robots\" content=\"index, follow, max-snippet:-1, max-image-preview:large, max-video-preview:-1\" \/>\n<link rel=\"canonical\" href=\"https:\/\/footdavant.fr\/actualites\/les-fans-laisses-pour-compte-alors-que-le-match-de-burnley-semble-pret-pour-le-creneau-de-lundi-soir\/\" \/>\n<meta property=\"og:locale\" content=\"fr_FR\" \/>\n<meta property=\"og:type\" content=\"article\" \/>\n<meta property=\"og:title\" content=\"Les fans laiss\u00e9s pour compte alors que le match de Burnley semble pr\u00eat pour le cr\u00e9neau de lundi soir\" \/>\n<meta property=\"og:description\" content=\"Bonjour \u00e0 tous. Commen\u00e7ons aujourd&#039;hui par la rumeur, que j&#039;ai entendue de plusieurs sources et qui semble susceptible de devenir r\u00e9alit\u00e9 plus tard dans la\" \/>\n<meta property=\"og:url\" content=\"https:\/\/footdavant.fr\/actualites\/les-fans-laisses-pour-compte-alors-que-le-match-de-burnley-semble-pret-pour-le-creneau-de-lundi-soir\/\" \/>\n<meta property=\"og:site_name\" content=\"Foot d&#039;avant\" \/>\n<meta property=\"article:publisher\" content=\"https:\/\/www.facebook.com\/Footdavant\/\" \/>\n<meta property=\"article:published_time\" content=\"2026-04-28T06:48:08+00:00\" \/>\n<meta property=\"article:modified_time\" content=\"2026-04-28T06:48:12+00:00\" \/>\n<meta property=\"og:image\" content=\"https:\/\/footdavant.fr\/actualites\/wp-content\/uploads\/2026\/04\/Les-fans-laisses-pour-compte-alors-que-le-match-de.jpg\" \/>\n\t<meta property=\"og:image:width\" content=\"1500\" \/>\n\t<meta property=\"og:image:height\" content=\"750\" \/>\n\t<meta property=\"og:image:type\" content=\"image\/jpeg\" \/>\n<meta name=\"author\" content=\"Cl\u00e9ment\" \/>\n<meta name=\"twitter:card\" content=\"summary_large_image\" \/>\n<meta name=\"twitter:creator\" content=\"@FootdavantFr\" \/>\n<meta name=\"twitter:site\" content=\"@FootdavantFr\" \/>\n<meta name=\"twitter:label1\" content=\"\u00c9crit par\" \/>\n\t<meta name=\"twitter:data1\" content=\"Cl\u00e9ment\" \/>\n\t<meta name=\"twitter:label2\" content=\"Dur\u00e9e de lecture estim\u00e9e\" \/>\n\t<meta name=\"twitter:data2\" content=\"6 minutes\" \/>\n<script type=\"application\/ld+json\" class=\"yoast-schema-graph\">{\"@context\":\"https:\/\/schema.org\",\"@graph\":[{\"@type\":\"Article\",\"@id\":\"https:\/\/footdavant.fr\/actualites\/les-fans-laisses-pour-compte-alors-que-le-match-de-burnley-semble-pret-pour-le-creneau-de-lundi-soir\/#article\",\"isPartOf\":{\"@id\":\"https:\/\/footdavant.fr\/actualites\/les-fans-laisses-pour-compte-alors-que-le-match-de-burnley-semble-pret-pour-le-creneau-de-lundi-soir\/\"},\"author\":{\"name\":\"Cl\u00e9ment\",\"@id\":\"https:\/\/footdavant.fr\/actualites\/#\/schema\/person\/bc222566d95871b37e597b3ed3ba5e1d\"},\"headline\":\"Les fans laiss\u00e9s pour compte alors que le match de Burnley semble pr\u00eat pour le cr\u00e9neau de lundi soir\",\"datePublished\":\"2026-04-28T06:48:08+00:00\",\"dateModified\":\"2026-04-28T06:48:12+00:00\",\"mainEntityOfPage\":{\"@id\":\"https:\/\/footdavant.fr\/actualites\/les-fans-laisses-pour-compte-alors-que-le-match-de-burnley-semble-pret-pour-le-creneau-de-lundi-soir\/\"},\"wordCount\":1188,\"publisher\":{\"@id\":\"https:\/\/footdavant.fr\/actualites\/#organization\"},\"keywords\":[\"alors\",\"Burnley\",\"compte\",\"cr\u00e9neau\",\"fans\",\"laiss\u00e9s\",\"les\",\"lundi\",\"match\",\"pour\",\"pr\u00eat\",\"semble\",\"soir\"],\"articleSection\":[\"Football\"],\"inLanguage\":\"fr-FR\"},{\"@type\":\"WebPage\",\"@id\":\"https:\/\/footdavant.fr\/actualites\/les-fans-laisses-pour-compte-alors-que-le-match-de-burnley-semble-pret-pour-le-creneau-de-lundi-soir\/\",\"url\":\"https:\/\/footdavant.fr\/actualites\/les-fans-laisses-pour-compte-alors-que-le-match-de-burnley-semble-pret-pour-le-creneau-de-lundi-soir\/\",\"name\":\"Les fans laiss\u00e9s pour compte alors que le match de Burnley semble pr\u00eat pour le cr\u00e9neau de lundi soir\",\"isPartOf\":{\"@id\":\"https:\/\/footdavant.fr\/actualites\/#website\"},\"datePublished\":\"2026-04-28T06:48:08+00:00\",\"dateModified\":\"2026-04-28T06:48:12+00:00\",\"breadcrumb\":{\"@id\":\"https:\/\/footdavant.fr\/actualites\/les-fans-laisses-pour-compte-alors-que-le-match-de-burnley-semble-pret-pour-le-creneau-de-lundi-soir\/#breadcrumb\"},\"inLanguage\":\"fr-FR\",\"potentialAction\":[{\"@type\":\"ReadAction\",\"target\":[\"https:\/\/footdavant.fr\/actualites\/les-fans-laisses-pour-compte-alors-que-le-match-de-burnley-semble-pret-pour-le-creneau-de-lundi-soir\/\"]}]},{\"@type\":\"BreadcrumbList\",\"@id\":\"https:\/\/footdavant.fr\/actualites\/les-fans-laisses-pour-compte-alors-que-le-match-de-burnley-semble-pret-pour-le-creneau-de-lundi-soir\/#breadcrumb\",\"itemListElement\":[{\"@type\":\"ListItem\",\"position\":1,\"name\":\"Accueil\",\"item\":\"https:\/\/footdavant.fr\/actualites\/\"},{\"@type\":\"ListItem\",\"position\":2,\"name\":\"Les fans laiss\u00e9s pour compte alors que le match de Burnley semble pr\u00eat pour le cr\u00e9neau de lundi soir\"}]},{\"@type\":\"WebSite\",\"@id\":\"https:\/\/footdavant.fr\/actualites\/#website\",\"url\":\"https:\/\/footdavant.fr\/actualites\/\",\"name\":\"Foot d'avant\",\"description\":\"\",\"publisher\":{\"@id\":\"https:\/\/footdavant.fr\/actualites\/#organization\"},\"potentialAction\":[{\"@type\":\"SearchAction\",\"target\":{\"@type\":\"EntryPoint\",\"urlTemplate\":\"https:\/\/footdavant.fr\/actualites\/?s={search_term_string}\"},\"query-input\":\"required name=search_term_string\"}],\"inLanguage\":\"fr-FR\"},{\"@type\":\"Organization\",\"@id\":\"https:\/\/footdavant.fr\/actualites\/#organization\",\"name\":\"Foot d'avant\",\"url\":\"https:\/\/footdavant.fr\/actualites\/\",\"logo\":{\"@type\":\"ImageObject\",\"inLanguage\":\"fr-FR\",\"@id\":\"https:\/\/footdavant.fr\/actualites\/#\/schema\/logo\/image\/\",\"url\":\"https:\/\/footdavant.fr\/actualites\/wp-content\/uploads\/2023\/09\/Copy-of-FootDavant-Logo.png\",\"contentUrl\":\"https:\/\/footdavant.fr\/actualites\/wp-content\/uploads\/2023\/09\/Copy-of-FootDavant-Logo.png\",\"width\":936,\"height\":549,\"caption\":\"Foot d'avant\"},\"image\":{\"@id\":\"https:\/\/footdavant.fr\/actualites\/#\/schema\/logo\/image\/\"},\"sameAs\":[\"https:\/\/www.facebook.com\/Footdavant\/\",\"https:\/\/twitter.com\/FootdavantFr\",\"https:\/\/www.instagram.com\/footdavant.fr\/\"]},{\"@type\":\"Person\",\"@id\":\"https:\/\/footdavant.fr\/actualites\/#\/schema\/person\/bc222566d95871b37e597b3ed3ba5e1d\",\"name\":\"Cl\u00e9ment\",\"image\":{\"@type\":\"ImageObject\",\"inLanguage\":\"fr-FR\",\"@id\":\"https:\/\/footdavant.fr\/actualites\/#\/schema\/person\/image\/\",\"url\":\"https:\/\/secure.gravatar.com\/avatar\/7728b29aac2719421e1a9159b2254c44?s=96&d=mm&r=g\",\"contentUrl\":\"https:\/\/secure.gravatar.com\/avatar\/7728b29aac2719421e1a9159b2254c44?s=96&d=mm&r=g\",\"caption\":\"Cl\u00e9ment\"},\"sameAs\":[\"https:\/\/footdavant.fr\/\"]}]}<\/script>\n<!-- \/ Yoast SEO plugin. -->","yoast_head_json":{"title":"Les fans laiss\u00e9s pour compte alors que le match de Burnley semble pr\u00eat pour le cr\u00e9neau de lundi soir","robots":{"index":"index","follow":"follow","max-snippet":"max-snippet:-1","max-image-preview":"max-image-preview:large","max-video-preview":"max-video-preview:-1"},"canonical":"https:\/\/footdavant.fr\/actualites\/les-fans-laisses-pour-compte-alors-que-le-match-de-burnley-semble-pret-pour-le-creneau-de-lundi-soir\/","og_locale":"fr_FR","og_type":"article","og_title":"Les fans laiss\u00e9s pour compte alors que le match de Burnley semble pr\u00eat pour le cr\u00e9neau de lundi soir","og_description":"Bonjour \u00e0 tous. Commen\u00e7ons aujourd&#39;hui par la rumeur, que j&#39;ai entendue de plusieurs sources et qui semble susceptible de devenir r\u00e9alit\u00e9 plus tard dans la","og_url":"https:\/\/footdavant.fr\/actualites\/les-fans-laisses-pour-compte-alors-que-le-match-de-burnley-semble-pret-pour-le-creneau-de-lundi-soir\/","og_site_name":"Foot d&#039;avant","article_publisher":"https:\/\/www.facebook.com\/Footdavant\/","article_published_time":"2026-04-28T06:48:08+00:00","article_modified_time":"2026-04-28T06:48:12+00:00","og_image":[{"width":1500,"height":750,"url":"https:\/\/footdavant.fr\/actualites\/wp-content\/uploads\/2026\/04\/Les-fans-laisses-pour-compte-alors-que-le-match-de.jpg","type":"image\/jpeg"}],"author":"Cl\u00e9ment","twitter_card":"summary_large_image","twitter_creator":"@FootdavantFr","twitter_site":"@FootdavantFr","twitter_misc":{"\u00c9crit par":"Cl\u00e9ment","Dur\u00e9e de lecture estim\u00e9e":"6 minutes"},"schema":{"@context":"https:\/\/schema.org","@graph":[{"@type":"Article","@id":"https:\/\/footdavant.fr\/actualites\/les-fans-laisses-pour-compte-alors-que-le-match-de-burnley-semble-pret-pour-le-creneau-de-lundi-soir\/#article","isPartOf":{"@id":"https:\/\/footdavant.fr\/actualites\/les-fans-laisses-pour-compte-alors-que-le-match-de-burnley-semble-pret-pour-le-creneau-de-lundi-soir\/"},"author":{"name":"Cl\u00e9ment","@id":"https:\/\/footdavant.fr\/actualites\/#\/schema\/person\/bc222566d95871b37e597b3ed3ba5e1d"},"headline":"Les fans laiss\u00e9s pour compte alors que le match de Burnley semble pr\u00eat pour le cr\u00e9neau de lundi soir","datePublished":"2026-04-28T06:48:08+00:00","dateModified":"2026-04-28T06:48:12+00:00","mainEntityOfPage":{"@id":"https:\/\/footdavant.fr\/actualites\/les-fans-laisses-pour-compte-alors-que-le-match-de-burnley-semble-pret-pour-le-creneau-de-lundi-soir\/"},"wordCount":1188,"publisher":{"@id":"https:\/\/footdavant.fr\/actualites\/#organization"},"keywords":["alors","Burnley","compte","cr\u00e9neau","fans","laiss\u00e9s","les","lundi","match","pour","pr\u00eat","semble","soir"],"articleSection":["Football"],"inLanguage":"fr-FR"},{"@type":"WebPage","@id":"https:\/\/footdavant.fr\/actualites\/les-fans-laisses-pour-compte-alors-que-le-match-de-burnley-semble-pret-pour-le-creneau-de-lundi-soir\/","url":"https:\/\/footdavant.fr\/actualites\/les-fans-laisses-pour-compte-alors-que-le-match-de-burnley-semble-pret-pour-le-creneau-de-lundi-soir\/","name":"Les fans laiss\u00e9s pour compte alors que le match de Burnley semble pr\u00eat pour le cr\u00e9neau de lundi soir","isPartOf":{"@id":"https:\/\/footdavant.fr\/actualites\/#website"},"datePublished":"2026-04-28T06:48:08+00:00","dateModified":"2026-04-28T06:48:12+00:00","breadcrumb":{"@id":"https:\/\/footdavant.fr\/actualites\/les-fans-laisses-pour-compte-alors-que-le-match-de-burnley-semble-pret-pour-le-creneau-de-lundi-soir\/#breadcrumb"},"inLanguage":"fr-FR","potentialAction":[{"@type":"ReadAction","target":["https:\/\/footdavant.fr\/actualites\/les-fans-laisses-pour-compte-alors-que-le-match-de-burnley-semble-pret-pour-le-creneau-de-lundi-soir\/"]}]},{"@type":"BreadcrumbList","@id":"https:\/\/footdavant.fr\/actualites\/les-fans-laisses-pour-compte-alors-que-le-match-de-burnley-semble-pret-pour-le-creneau-de-lundi-soir\/#breadcrumb","itemListElement":[{"@type":"ListItem","position":1,"name":"Accueil","item":"https:\/\/footdavant.fr\/actualites\/"},{"@type":"ListItem","position":2,"name":"Les fans laiss\u00e9s pour compte alors que le match de Burnley semble pr\u00eat pour le cr\u00e9neau de lundi soir"}]},{"@type":"WebSite","@id":"https:\/\/footdavant.fr\/actualites\/#website","url":"https:\/\/footdavant.fr\/actualites\/","name":"Foot d'avant","description":"","publisher":{"@id":"https:\/\/footdavant.fr\/actualites\/#organization"},"potentialAction":[{"@type":"SearchAction","target":{"@type":"EntryPoint","urlTemplate":"https:\/\/footdavant.fr\/actualites\/?s={search_term_string}"},"query-input":"required name=search_term_string"}],"inLanguage":"fr-FR"},{"@type":"Organization","@id":"https:\/\/footdavant.fr\/actualites\/#organization","name":"Foot d'avant","url":"https:\/\/footdavant.fr\/actualites\/","logo":{"@type":"ImageObject","inLanguage":"fr-FR","@id":"https:\/\/footdavant.fr\/actualites\/#\/schema\/logo\/image\/","url":"https:\/\/footdavant.fr\/actualites\/wp-content\/uploads\/2023\/09\/Copy-of-FootDavant-Logo.png","contentUrl":"https:\/\/footdavant.fr\/actualites\/wp-content\/uploads\/2023\/09\/Copy-of-FootDavant-Logo.png","width":936,"height":549,"caption":"Foot d'avant"},"image":{"@id":"https:\/\/footdavant.fr\/actualites\/#\/schema\/logo\/image\/"},"sameAs":["https:\/\/www.facebook.com\/Footdavant\/","https:\/\/twitter.com\/FootdavantFr","https:\/\/www.instagram.com\/footdavant.fr\/"]},{"@type":"Person","@id":"https:\/\/footdavant.fr\/actualites\/#\/schema\/person\/bc222566d95871b37e597b3ed3ba5e1d","name":"Cl\u00e9ment","image":{"@type":"ImageObject","inLanguage":"fr-FR","@id":"https:\/\/footdavant.fr\/actualites\/#\/schema\/person\/image\/","url":"https:\/\/secure.gravatar.com\/avatar\/7728b29aac2719421e1a9159b2254c44?s=96&d=mm&r=g","contentUrl":"https:\/\/secure.gravatar.com\/avatar\/7728b29aac2719421e1a9159b2254c44?s=96&d=mm&r=g","caption":"Cl\u00e9ment"},"sameAs":["https:\/\/footdavant.fr\/"]}]}},"_links":{"self":[{"href":"https:\/\/footdavant.fr\/actualites\/wp-json\/wp\/v2\/posts\/36912"}],"collection":[{"href":"https:\/\/footdavant.fr\/actualites\/wp-json\/wp\/v2\/posts"}],"about":[{"href":"https:\/\/footdavant.fr\/actualites\/wp-json\/wp\/v2\/types\/post"}],"author":[{"embeddable":true,"href":"https:\/\/footdavant.fr\/actualites\/wp-json\/wp\/v2\/users\/1"}],"replies":[{"embeddable":true,"href":"https:\/\/footdavant.fr\/actualites\/wp-json\/wp\/v2\/comments?post=36912"}],"version-history":[{"count":1,"href":"https:\/\/footdavant.fr\/actualites\/wp-json\/wp\/v2\/posts\/36912\/revisions"}],"predecessor-version":[{"id":36914,"href":"https:\/\/footdavant.fr\/actualites\/wp-json\/wp\/v2\/posts\/36912\/revisions\/36914"}],"wp:featuredmedia":[{"embeddable":true,"href":"https:\/\/footdavant.fr\/actualites\/wp-json\/wp\/v2\/media\/36913"}],"wp:attachment":[{"href":"https:\/\/footdavant.fr\/actualites\/wp-json\/wp\/v2\/media?parent=36912"}],"wp:term":[{"taxonomy":"category","embeddable":true,"href":"https:\/\/footdavant.fr\/actualites\/wp-json\/wp\/v2\/categories?post=36912"},{"taxonomy":"post_tag","embeddable":true,"href":"https:\/\/footdavant.fr\/actualites\/wp-json\/wp\/v2\/tags?post=36912"}],"curies":[{"name":"wp","href":"https:\/\/api.w.org\/{rel}","templated":true}]}}