{"id":36921,"date":"2026-04-28T14:48:13","date_gmt":"2026-04-28T12:48:13","guid":{"rendered":"https:\/\/footdavant.fr\/actualites\/composition-daston-villa-contre-fulham-xi-prevu-pour-le-choc-de-premier-league\/"},"modified":"2026-04-28T14:48:14","modified_gmt":"2026-04-28T12:48:14","slug":"composition-daston-villa-contre-fulham-xi-prevu-pour-le-choc-de-premier-league","status":"publish","type":"post","link":"https:\/\/footdavant.fr\/actualites\/composition-daston-villa-contre-fulham-xi-prevu-pour-le-choc-de-premier-league\/","title":{"rendered":"Composition d&#39;Aston Villa contre Fulham\u00a0: XI pr\u00e9vu pour le choc de Premier League"},"content":{"rendered":"<div itemprop=\"articleBody\">\n<p style=\"margin-bottom:11px\">L&#39;entra\u00eeneur-chef d&#39;Aston Villa, Unai Emery, aura presque une \u00e9quipe en pleine forme \u00e0 sa disposition pour le choc de Premier League de samedi avec Fulham \u00e0 Craven Cottage.<\/p>\n<p>Le milieu de terrain Boubacar Kamara reste absent de longue date alors qu&#39;il continue de se remettre d&#39;une blessure au genou, tandis que l&#39;ajout de janvier, Alysson, est toujours aux prises avec un probl\u00e8me de forme physique et ne devrait pas \u00eatre impliqu\u00e9.<\/p>\n<p>Emery a peut-\u00eatre un \u0153il sur le match aller de la demi-finale aller de la Ligue Europa la semaine prochaine avec Nottingham Forest, mais il devrait toujours nommer une solide formation de d\u00e9part alors que les Lions s&#39;efforcent d&#39;assurer la qualification en Ligue des champions avec des matchs \u00e0 jouer.<\/p>\n<p>Ollie Watkins conna\u00eet une forme positive, marquant six buts lors de ses cinq derniers matchs, dont un doubl\u00e9 lors de la passionnante victoire 4-3 de Villa contre Sunderland le week-end dernier. L&#39;international anglais, qui a \u00e9galement trouv\u00e9 le chemin des filets six fois en neuf matches contre Fulham, devrait continuer \u00e0 occuper le poste de leader ce week-end.<\/p>\n<p>Alors que Morgan Rogers devrait soutenir Watkins en tant que milieu de terrain avanc\u00e9, Jadon Sancho et Emiliano Buendia feront tous deux pression pour une place sur le flanc gauche. Si l&#39;un ou l&#39;autre joueur commen\u00e7ait, Ross Barkley pourrait descendre sur le banc des rempla\u00e7ants.<\/p>\n<p>John McGinn est susceptible de continuer sur le c\u00f4t\u00e9 droit du milieu de terrain alors qu&#39;Andre Onana et Youri Tielemans lient leurs bras dans des positions de milieu de terrain plus profondes.<\/p>\n<p>Pendant ce temps, les quatre d\u00e9fenseurs compos\u00e9s de Matty Cash, Ezri Konsa, Tyrone Mings et Ian Maatsen pourraient rester intacts, bien que ce dernier puisse \u00eatre remplac\u00e9 par Lucas Digne \u00e0 l&#39;arri\u00e8re gauche.<\/p>\n<p>Aston Villa composition de d\u00e9part possible :<\/p>\n<p>Martinez\u00a0; Cash, Konsa, Mings, Maatsen\u00a0; Onana, Tielemans; McGinn, Rogers, Sancho\u00a0; Watkins<\/p>\n<p>> Cliquez ici pour voir comment Fulham pourrait affronter Aston Villa<\/p>\n<h2>D\u00e9couvrez l\u2019aper\u00e7u vid\u00e9o de Sports Mole pour Fulham vs Aston Villa\u00a0:<\/h2>\n<\/div>\n","protected":false},"excerpt":{"rendered":"<p>L&#39;entra\u00eeneur-chef d&#39;Aston Villa, Unai Emery, aura presque une \u00e9quipe en pleine forme \u00e0 sa disposition pour le choc de Premier League de samedi avec Fulham<\/p>\n","protected":false},"author":1,"featured_media":34284,"comment_status":"closed","ping_status":"","sticky":false,"template":"","format":"standard","meta":{"footnotes":""},"categories":[5],"tags":[332,2291,20,4823,348,202,51,201,3924,370],"yoast_head":"<!-- This site is optimized with the Yoast SEO plugin v21.0 - https:\/\/yoast.com\/wordpress\/plugins\/seo\/ -->\n<title>Composition d&#039;Aston Villa contre Fulham\u00a0: XI pr\u00e9vu pour le choc de Premier League<\/title>\n<meta name=\"robots\" content=\"index, follow, max-snippet:-1, max-image-preview:large, max-video-preview:-1\" \/>\n<link rel=\"canonical\" href=\"https:\/\/footdavant.fr\/actualites\/composition-daston-villa-contre-fulham-xi-prevu-pour-le-choc-de-premier-league\/\" \/>\n<meta property=\"og:locale\" content=\"fr_FR\" \/>\n<meta property=\"og:type\" content=\"article\" \/>\n<meta property=\"og:title\" content=\"Composition d&#039;Aston Villa contre Fulham\u00a0: XI pr\u00e9vu pour le choc de Premier League\" \/>\n<meta property=\"og:description\" content=\"L&#039;entra\u00eeneur-chef d&#039;Aston Villa, Unai Emery, aura presque une \u00e9quipe en pleine forme \u00e0 sa disposition pour le choc de Premier League de samedi avec Fulham\" \/>\n<meta property=\"og:url\" content=\"https:\/\/footdavant.fr\/actualites\/composition-daston-villa-contre-fulham-xi-prevu-pour-le-choc-de-premier-league\/\" \/>\n<meta property=\"og:site_name\" content=\"Foot d&#039;avant\" \/>\n<meta property=\"article:publisher\" content=\"https:\/\/www.facebook.com\/Footdavant\/\" \/>\n<meta property=\"article:published_time\" content=\"2026-04-28T12:48:13+00:00\" \/>\n<meta property=\"article:modified_time\" content=\"2026-04-28T12:48:14+00:00\" \/>\n<meta property=\"og:image\" content=\"https:\/\/footdavant.fr\/actualites\/wp-content\/uploads\/2026\/02\/Composition-d39Aston-Villa-contre-Bournemouth-XI-prevu-pour-le-choc.net2Fuploads2F20262F012Follie-wat-69612d.webp\" \/>\n\t<meta property=\"og:image:width\" content=\"720\" \/>\n\t<meta property=\"og:image:height\" content=\"410\" \/>\n\t<meta property=\"og:image:type\" content=\"image\/webp\" \/>\n<meta name=\"author\" content=\"Cl\u00e9ment\" \/>\n<meta name=\"twitter:card\" content=\"summary_large_image\" \/>\n<meta name=\"twitter:creator\" content=\"@FootdavantFr\" \/>\n<meta name=\"twitter:site\" content=\"@FootdavantFr\" \/>\n<meta name=\"twitter:label1\" content=\"\u00c9crit par\" \/>\n\t<meta name=\"twitter:data1\" content=\"Cl\u00e9ment\" \/>\n\t<meta name=\"twitter:label2\" content=\"Dur\u00e9e de lecture estim\u00e9e\" \/>\n\t<meta name=\"twitter:data2\" content=\"2 minutes\" \/>\n<script type=\"application\/ld+json\" class=\"yoast-schema-graph\">{\"@context\":\"https:\/\/schema.org\",\"@graph\":[{\"@type\":\"Article\",\"@id\":\"https:\/\/footdavant.fr\/actualites\/composition-daston-villa-contre-fulham-xi-prevu-pour-le-choc-de-premier-league\/#article\",\"isPartOf\":{\"@id\":\"https:\/\/footdavant.fr\/actualites\/composition-daston-villa-contre-fulham-xi-prevu-pour-le-choc-de-premier-league\/\"},\"author\":{\"name\":\"Cl\u00e9ment\",\"@id\":\"https:\/\/footdavant.fr\/actualites\/#\/schema\/person\/bc222566d95871b37e597b3ed3ba5e1d\"},\"headline\":\"Composition d&#39;Aston Villa contre Fulham\u00a0: XI pr\u00e9vu pour le choc de Premier League\",\"datePublished\":\"2026-04-28T12:48:13+00:00\",\"dateModified\":\"2026-04-28T12:48:14+00:00\",\"mainEntityOfPage\":{\"@id\":\"https:\/\/footdavant.fr\/actualites\/composition-daston-villa-contre-fulham-xi-prevu-pour-le-choc-de-premier-league\/\"},\"wordCount\":365,\"publisher\":{\"@id\":\"https:\/\/footdavant.fr\/actualites\/#organization\"},\"keywords\":[\"choc\",\"composition\",\"contre\",\"d39Aston\",\"Fulham\",\"League\",\"pour\",\"Premier\",\"pr\u00e9vu\",\"Villa\"],\"articleSection\":[\"Premier League\"],\"inLanguage\":\"fr-FR\"},{\"@type\":\"WebPage\",\"@id\":\"https:\/\/footdavant.fr\/actualites\/composition-daston-villa-contre-fulham-xi-prevu-pour-le-choc-de-premier-league\/\",\"url\":\"https:\/\/footdavant.fr\/actualites\/composition-daston-villa-contre-fulham-xi-prevu-pour-le-choc-de-premier-league\/\",\"name\":\"Composition d&#39;Aston Villa contre Fulham\u00a0: XI pr\u00e9vu pour le choc de Premier League\",\"isPartOf\":{\"@id\":\"https:\/\/footdavant.fr\/actualites\/#website\"},\"datePublished\":\"2026-04-28T12:48:13+00:00\",\"dateModified\":\"2026-04-28T12:48:14+00:00\",\"breadcrumb\":{\"@id\":\"https:\/\/footdavant.fr\/actualites\/composition-daston-villa-contre-fulham-xi-prevu-pour-le-choc-de-premier-league\/#breadcrumb\"},\"inLanguage\":\"fr-FR\",\"potentialAction\":[{\"@type\":\"ReadAction\",\"target\":[\"https:\/\/footdavant.fr\/actualites\/composition-daston-villa-contre-fulham-xi-prevu-pour-le-choc-de-premier-league\/\"]}]},{\"@type\":\"BreadcrumbList\",\"@id\":\"https:\/\/footdavant.fr\/actualites\/composition-daston-villa-contre-fulham-xi-prevu-pour-le-choc-de-premier-league\/#breadcrumb\",\"itemListElement\":[{\"@type\":\"ListItem\",\"position\":1,\"name\":\"Accueil\",\"item\":\"https:\/\/footdavant.fr\/actualites\/\"},{\"@type\":\"ListItem\",\"position\":2,\"name\":\"Composition d&#39;Aston Villa contre Fulham\u00a0: XI pr\u00e9vu pour le choc de Premier League\"}]},{\"@type\":\"WebSite\",\"@id\":\"https:\/\/footdavant.fr\/actualites\/#website\",\"url\":\"https:\/\/footdavant.fr\/actualites\/\",\"name\":\"Foot d'avant\",\"description\":\"\",\"publisher\":{\"@id\":\"https:\/\/footdavant.fr\/actualites\/#organization\"},\"potentialAction\":[{\"@type\":\"SearchAction\",\"target\":{\"@type\":\"EntryPoint\",\"urlTemplate\":\"https:\/\/footdavant.fr\/actualites\/?s={search_term_string}\"},\"query-input\":\"required name=search_term_string\"}],\"inLanguage\":\"fr-FR\"},{\"@type\":\"Organization\",\"@id\":\"https:\/\/footdavant.fr\/actualites\/#organization\",\"name\":\"Foot d'avant\",\"url\":\"https:\/\/footdavant.fr\/actualites\/\",\"logo\":{\"@type\":\"ImageObject\",\"inLanguage\":\"fr-FR\",\"@id\":\"https:\/\/footdavant.fr\/actualites\/#\/schema\/logo\/image\/\",\"url\":\"https:\/\/footdavant.fr\/actualites\/wp-content\/uploads\/2023\/09\/Copy-of-FootDavant-Logo.png\",\"contentUrl\":\"https:\/\/footdavant.fr\/actualites\/wp-content\/uploads\/2023\/09\/Copy-of-FootDavant-Logo.png\",\"width\":936,\"height\":549,\"caption\":\"Foot d'avant\"},\"image\":{\"@id\":\"https:\/\/footdavant.fr\/actualites\/#\/schema\/logo\/image\/\"},\"sameAs\":[\"https:\/\/www.facebook.com\/Footdavant\/\",\"https:\/\/twitter.com\/FootdavantFr\",\"https:\/\/www.instagram.com\/footdavant.fr\/\"]},{\"@type\":\"Person\",\"@id\":\"https:\/\/footdavant.fr\/actualites\/#\/schema\/person\/bc222566d95871b37e597b3ed3ba5e1d\",\"name\":\"Cl\u00e9ment\",\"image\":{\"@type\":\"ImageObject\",\"inLanguage\":\"fr-FR\",\"@id\":\"https:\/\/footdavant.fr\/actualites\/#\/schema\/person\/image\/\",\"url\":\"https:\/\/secure.gravatar.com\/avatar\/7728b29aac2719421e1a9159b2254c44?s=96&d=mm&r=g\",\"contentUrl\":\"https:\/\/secure.gravatar.com\/avatar\/7728b29aac2719421e1a9159b2254c44?s=96&d=mm&r=g\",\"caption\":\"Cl\u00e9ment\"},\"sameAs\":[\"https:\/\/footdavant.fr\/\"]}]}<\/script>\n<!-- \/ Yoast SEO plugin. -->","yoast_head_json":{"title":"Composition d&#39;Aston Villa contre Fulham\u00a0: XI pr\u00e9vu pour le choc de Premier League","robots":{"index":"index","follow":"follow","max-snippet":"max-snippet:-1","max-image-preview":"max-image-preview:large","max-video-preview":"max-video-preview:-1"},"canonical":"https:\/\/footdavant.fr\/actualites\/composition-daston-villa-contre-fulham-xi-prevu-pour-le-choc-de-premier-league\/","og_locale":"fr_FR","og_type":"article","og_title":"Composition d&#39;Aston Villa contre Fulham\u00a0: XI pr\u00e9vu pour le choc de Premier League","og_description":"L&#39;entra\u00eeneur-chef d&#39;Aston Villa, Unai Emery, aura presque une \u00e9quipe en pleine forme \u00e0 sa disposition pour le choc de Premier League de samedi avec Fulham","og_url":"https:\/\/footdavant.fr\/actualites\/composition-daston-villa-contre-fulham-xi-prevu-pour-le-choc-de-premier-league\/","og_site_name":"Foot d&#039;avant","article_publisher":"https:\/\/www.facebook.com\/Footdavant\/","article_published_time":"2026-04-28T12:48:13+00:00","article_modified_time":"2026-04-28T12:48:14+00:00","og_image":[{"width":720,"height":410,"url":"https:\/\/footdavant.fr\/actualites\/wp-content\/uploads\/2026\/02\/Composition-d39Aston-Villa-contre-Bournemouth-XI-prevu-pour-le-choc.net2Fuploads2F20262F012Follie-wat-69612d.webp","type":"image\/webp"}],"author":"Cl\u00e9ment","twitter_card":"summary_large_image","twitter_creator":"@FootdavantFr","twitter_site":"@FootdavantFr","twitter_misc":{"\u00c9crit par":"Cl\u00e9ment","Dur\u00e9e de lecture estim\u00e9e":"2 minutes"},"schema":{"@context":"https:\/\/schema.org","@graph":[{"@type":"Article","@id":"https:\/\/footdavant.fr\/actualites\/composition-daston-villa-contre-fulham-xi-prevu-pour-le-choc-de-premier-league\/#article","isPartOf":{"@id":"https:\/\/footdavant.fr\/actualites\/composition-daston-villa-contre-fulham-xi-prevu-pour-le-choc-de-premier-league\/"},"author":{"name":"Cl\u00e9ment","@id":"https:\/\/footdavant.fr\/actualites\/#\/schema\/person\/bc222566d95871b37e597b3ed3ba5e1d"},"headline":"Composition d&#39;Aston Villa contre Fulham\u00a0: XI pr\u00e9vu pour le choc de Premier League","datePublished":"2026-04-28T12:48:13+00:00","dateModified":"2026-04-28T12:48:14+00:00","mainEntityOfPage":{"@id":"https:\/\/footdavant.fr\/actualites\/composition-daston-villa-contre-fulham-xi-prevu-pour-le-choc-de-premier-league\/"},"wordCount":365,"publisher":{"@id":"https:\/\/footdavant.fr\/actualites\/#organization"},"keywords":["choc","composition","contre","d39Aston","Fulham","League","pour","Premier","pr\u00e9vu","Villa"],"articleSection":["Premier League"],"inLanguage":"fr-FR"},{"@type":"WebPage","@id":"https:\/\/footdavant.fr\/actualites\/composition-daston-villa-contre-fulham-xi-prevu-pour-le-choc-de-premier-league\/","url":"https:\/\/footdavant.fr\/actualites\/composition-daston-villa-contre-fulham-xi-prevu-pour-le-choc-de-premier-league\/","name":"Composition d&#39;Aston Villa contre Fulham\u00a0: XI pr\u00e9vu pour le choc de Premier League","isPartOf":{"@id":"https:\/\/footdavant.fr\/actualites\/#website"},"datePublished":"2026-04-28T12:48:13+00:00","dateModified":"2026-04-28T12:48:14+00:00","breadcrumb":{"@id":"https:\/\/footdavant.fr\/actualites\/composition-daston-villa-contre-fulham-xi-prevu-pour-le-choc-de-premier-league\/#breadcrumb"},"inLanguage":"fr-FR","potentialAction":[{"@type":"ReadAction","target":["https:\/\/footdavant.fr\/actualites\/composition-daston-villa-contre-fulham-xi-prevu-pour-le-choc-de-premier-league\/"]}]},{"@type":"BreadcrumbList","@id":"https:\/\/footdavant.fr\/actualites\/composition-daston-villa-contre-fulham-xi-prevu-pour-le-choc-de-premier-league\/#breadcrumb","itemListElement":[{"@type":"ListItem","position":1,"name":"Accueil","item":"https:\/\/footdavant.fr\/actualites\/"},{"@type":"ListItem","position":2,"name":"Composition d&#39;Aston Villa contre Fulham\u00a0: XI pr\u00e9vu pour le choc de Premier League"}]},{"@type":"WebSite","@id":"https:\/\/footdavant.fr\/actualites\/#website","url":"https:\/\/footdavant.fr\/actualites\/","name":"Foot d'avant","description":"","publisher":{"@id":"https:\/\/footdavant.fr\/actualites\/#organization"},"potentialAction":[{"@type":"SearchAction","target":{"@type":"EntryPoint","urlTemplate":"https:\/\/footdavant.fr\/actualites\/?s={search_term_string}"},"query-input":"required name=search_term_string"}],"inLanguage":"fr-FR"},{"@type":"Organization","@id":"https:\/\/footdavant.fr\/actualites\/#organization","name":"Foot d'avant","url":"https:\/\/footdavant.fr\/actualites\/","logo":{"@type":"ImageObject","inLanguage":"fr-FR","@id":"https:\/\/footdavant.fr\/actualites\/#\/schema\/logo\/image\/","url":"https:\/\/footdavant.fr\/actualites\/wp-content\/uploads\/2023\/09\/Copy-of-FootDavant-Logo.png","contentUrl":"https:\/\/footdavant.fr\/actualites\/wp-content\/uploads\/2023\/09\/Copy-of-FootDavant-Logo.png","width":936,"height":549,"caption":"Foot d'avant"},"image":{"@id":"https:\/\/footdavant.fr\/actualites\/#\/schema\/logo\/image\/"},"sameAs":["https:\/\/www.facebook.com\/Footdavant\/","https:\/\/twitter.com\/FootdavantFr","https:\/\/www.instagram.com\/footdavant.fr\/"]},{"@type":"Person","@id":"https:\/\/footdavant.fr\/actualites\/#\/schema\/person\/bc222566d95871b37e597b3ed3ba5e1d","name":"Cl\u00e9ment","image":{"@type":"ImageObject","inLanguage":"fr-FR","@id":"https:\/\/footdavant.fr\/actualites\/#\/schema\/person\/image\/","url":"https:\/\/secure.gravatar.com\/avatar\/7728b29aac2719421e1a9159b2254c44?s=96&d=mm&r=g","contentUrl":"https:\/\/secure.gravatar.com\/avatar\/7728b29aac2719421e1a9159b2254c44?s=96&d=mm&r=g","caption":"Cl\u00e9ment"},"sameAs":["https:\/\/footdavant.fr\/"]}]}},"_links":{"self":[{"href":"https:\/\/footdavant.fr\/actualites\/wp-json\/wp\/v2\/posts\/36921"}],"collection":[{"href":"https:\/\/footdavant.fr\/actualites\/wp-json\/wp\/v2\/posts"}],"about":[{"href":"https:\/\/footdavant.fr\/actualites\/wp-json\/wp\/v2\/types\/post"}],"author":[{"embeddable":true,"href":"https:\/\/footdavant.fr\/actualites\/wp-json\/wp\/v2\/users\/1"}],"replies":[{"embeddable":true,"href":"https:\/\/footdavant.fr\/actualites\/wp-json\/wp\/v2\/comments?post=36921"}],"version-history":[{"count":1,"href":"https:\/\/footdavant.fr\/actualites\/wp-json\/wp\/v2\/posts\/36921\/revisions"}],"predecessor-version":[{"id":36922,"href":"https:\/\/footdavant.fr\/actualites\/wp-json\/wp\/v2\/posts\/36921\/revisions\/36922"}],"wp:featuredmedia":[{"embeddable":true,"href":"https:\/\/footdavant.fr\/actualites\/wp-json\/wp\/v2\/media\/34284"}],"wp:attachment":[{"href":"https:\/\/footdavant.fr\/actualites\/wp-json\/wp\/v2\/media?parent=36921"}],"wp:term":[{"taxonomy":"category","embeddable":true,"href":"https:\/\/footdavant.fr\/actualites\/wp-json\/wp\/v2\/categories?post=36921"},{"taxonomy":"post_tag","embeddable":true,"href":"https:\/\/footdavant.fr\/actualites\/wp-json\/wp\/v2\/tags?post=36921"}],"curies":[{"name":"wp","href":"https:\/\/api.w.org\/{rel}","templated":true}]}}