{"id":36926,"date":"2026-04-28T18:48:00","date_gmt":"2026-04-28T16:48:00","guid":{"rendered":"https:\/\/footdavant.fr\/actualites\/composition-de-fulham-contre-aston-villa-xi-prevu-pour-le-choc-de-premier-league\/"},"modified":"2026-04-28T18:48:01","modified_gmt":"2026-04-28T16:48:01","slug":"composition-de-fulham-contre-aston-villa-xi-prevu-pour-le-choc-de-premier-league","status":"publish","type":"post","link":"https:\/\/footdavant.fr\/actualites\/composition-de-fulham-contre-aston-villa-xi-prevu-pour-le-choc-de-premier-league\/","title":{"rendered":"Composition de Fulham contre Aston Villa\u00a0: XI pr\u00e9vu pour le choc de Premier League"},"content":{"rendered":"<div itemprop=\"articleBody\">\n<p style=\"margin-bottom:11px\">Fulham devra se passer de trois joueurs pour le choc de Premier League de samedi avec Aston Villa \u00e0 Craven Cottage.<\/p>\n<p>L&#39;ailier br\u00e9silien Kevin (pied) et l&#39;arri\u00e8re droit Kenny Tete (cheville) restent absents en raison d&#39;une blessure, et Alex Iwobi les a rejoints dans la salle de soins en raison d&#39;un probl\u00e8me \u00e0 la cuisse subi lors du match nul 0-0 de Fulham contre Brentford le week-end dernier.<\/p>\n<p>Sander Berge, Harrison Reed, Sasa Lukic et Tom Cairney sont tous des pr\u00e9tendants au poste de milieu de terrain central en l&#39;absence d&#39;Iwobi ; les deux premiers ont d\u00e9but\u00e9 comme rempla\u00e7ants la derni\u00e8re fois et feront pression pour obtenir un rappel.<\/p>\n<p>Les recrues de janvier, Oscar Bobb et Samuel Chukwueze, se battront tous deux pour un d\u00e9part sur le c\u00f4t\u00e9 gauche de l&#39;attaque, tandis qu&#39;Harry Wilson continue sur le flanc droit, bien qu&#39;il n&#39;ait marqu\u00e9 que deux buts lors de ses neuf derni\u00e8res apparitions.<\/p>\n<p>L&#39;entra\u00eeneur-chef Marco Silva \u00e9valuera s&#39;il doit rester avec l&#39;attaquant Rodrigo Muniz &#8211; sans but depuis ao\u00fbt &#8211; ou rappeler Raul Jimenez &#8211; un but en six matchs &#8211; dans son onze de d\u00e9part.<\/p>\n<p>Josh King d\u00e9fiera Emile Smith Rowe pour un d\u00e9part dans un r\u00f4le central avanc\u00e9, tandis que les quatre d\u00e9fenseurs compos\u00e9s de Timothy Castagne, Joachim Andersen, Calvin Bassey et Ryan Sessegnon pourraient rester intacts devant le gardien Bernd Leno, qui a r\u00e9alis\u00e9 un arr\u00eat digne de l&#39;homme du match pour aider Fulham \u00e0 remporter un point \u00e0 Brentford le week-end dernier.<\/p>\n<p>Fulham onze de d\u00e9part possible :<\/p>\n<p>L\u00e9no\u00a0; Castagne, Andersen, Bassey, Sessegnon ; Berge, Lukic; Wilson, Smith Rowe, Bobb; Jim\u00e9nez<\/p>\n<p>> Cliquez ici pour voir comment Aston Villa pourrait s&#39;aligner contre Fulham<\/p>\n<h2>D\u00e9couvrez l\u2019aper\u00e7u vid\u00e9o de Sports Mole pour Fulham vs Aston Villa\u00a0:<\/h2>\n<\/div>\n","protected":false},"excerpt":{"rendered":"<p>Fulham devra se passer de trois joueurs pour le choc de Premier League de samedi avec Aston Villa \u00e0 Craven Cottage. L&#39;ailier br\u00e9silien Kevin (pied)<\/p>\n","protected":false},"author":1,"featured_media":36927,"comment_status":"closed","ping_status":"","sticky":false,"template":"","format":"standard","meta":{"footnotes":""},"categories":[5],"tags":[369,332,2291,20,348,202,51,201,3924,370],"yoast_head":"<!-- This site is optimized with the Yoast SEO plugin v21.0 - https:\/\/yoast.com\/wordpress\/plugins\/seo\/ -->\n<title>Composition de Fulham contre Aston Villa\u00a0: XI pr\u00e9vu pour le choc de Premier League<\/title>\n<meta name=\"robots\" content=\"index, follow, max-snippet:-1, max-image-preview:large, max-video-preview:-1\" \/>\n<link rel=\"canonical\" href=\"https:\/\/footdavant.fr\/actualites\/composition-de-fulham-contre-aston-villa-xi-prevu-pour-le-choc-de-premier-league\/\" \/>\n<meta property=\"og:locale\" content=\"fr_FR\" \/>\n<meta property=\"og:type\" content=\"article\" \/>\n<meta property=\"og:title\" content=\"Composition de Fulham contre Aston Villa\u00a0: XI pr\u00e9vu pour le choc de Premier League\" \/>\n<meta property=\"og:description\" content=\"Fulham devra se passer de trois joueurs pour le choc de Premier League de samedi avec Aston Villa \u00e0 Craven Cottage. L&#039;ailier br\u00e9silien Kevin (pied)\" \/>\n<meta property=\"og:url\" content=\"https:\/\/footdavant.fr\/actualites\/composition-de-fulham-contre-aston-villa-xi-prevu-pour-le-choc-de-premier-league\/\" \/>\n<meta property=\"og:site_name\" content=\"Foot d&#039;avant\" \/>\n<meta property=\"article:publisher\" content=\"https:\/\/www.facebook.com\/Footdavant\/\" \/>\n<meta property=\"article:published_time\" content=\"2026-04-28T16:48:00+00:00\" \/>\n<meta property=\"article:modified_time\" content=\"2026-04-28T16:48:01+00:00\" \/>\n<meta property=\"og:image\" content=\"https:\/\/footdavant.fr\/actualites\/wp-content\/uploads\/2026\/04\/Composition-de-Fulham-contre-Aston-Villa-XI-prevu-pour-le.net2Fuploads2F20252F092Ficonsport-271302.webp\" \/>\n\t<meta property=\"og:image:width\" content=\"720\" \/>\n\t<meta property=\"og:image:height\" content=\"410\" \/>\n\t<meta property=\"og:image:type\" content=\"image\/webp\" \/>\n<meta name=\"author\" content=\"Cl\u00e9ment\" \/>\n<meta name=\"twitter:card\" content=\"summary_large_image\" \/>\n<meta name=\"twitter:creator\" content=\"@FootdavantFr\" \/>\n<meta name=\"twitter:site\" content=\"@FootdavantFr\" \/>\n<meta name=\"twitter:label1\" content=\"\u00c9crit par\" \/>\n\t<meta name=\"twitter:data1\" content=\"Cl\u00e9ment\" \/>\n\t<meta name=\"twitter:label2\" content=\"Dur\u00e9e de lecture estim\u00e9e\" \/>\n\t<meta name=\"twitter:data2\" content=\"2 minutes\" \/>\n<script type=\"application\/ld+json\" class=\"yoast-schema-graph\">{\"@context\":\"https:\/\/schema.org\",\"@graph\":[{\"@type\":\"Article\",\"@id\":\"https:\/\/footdavant.fr\/actualites\/composition-de-fulham-contre-aston-villa-xi-prevu-pour-le-choc-de-premier-league\/#article\",\"isPartOf\":{\"@id\":\"https:\/\/footdavant.fr\/actualites\/composition-de-fulham-contre-aston-villa-xi-prevu-pour-le-choc-de-premier-league\/\"},\"author\":{\"name\":\"Cl\u00e9ment\",\"@id\":\"https:\/\/footdavant.fr\/actualites\/#\/schema\/person\/bc222566d95871b37e597b3ed3ba5e1d\"},\"headline\":\"Composition de Fulham contre Aston Villa\u00a0: XI pr\u00e9vu pour le choc de Premier League\",\"datePublished\":\"2026-04-28T16:48:00+00:00\",\"dateModified\":\"2026-04-28T16:48:01+00:00\",\"mainEntityOfPage\":{\"@id\":\"https:\/\/footdavant.fr\/actualites\/composition-de-fulham-contre-aston-villa-xi-prevu-pour-le-choc-de-premier-league\/\"},\"wordCount\":336,\"publisher\":{\"@id\":\"https:\/\/footdavant.fr\/actualites\/#organization\"},\"keywords\":[\"Aston\",\"choc\",\"composition\",\"contre\",\"Fulham\",\"League\",\"pour\",\"Premier\",\"pr\u00e9vu\",\"Villa\"],\"articleSection\":[\"Premier League\"],\"inLanguage\":\"fr-FR\"},{\"@type\":\"WebPage\",\"@id\":\"https:\/\/footdavant.fr\/actualites\/composition-de-fulham-contre-aston-villa-xi-prevu-pour-le-choc-de-premier-league\/\",\"url\":\"https:\/\/footdavant.fr\/actualites\/composition-de-fulham-contre-aston-villa-xi-prevu-pour-le-choc-de-premier-league\/\",\"name\":\"Composition de Fulham contre Aston Villa\u00a0: XI pr\u00e9vu pour le choc de Premier League\",\"isPartOf\":{\"@id\":\"https:\/\/footdavant.fr\/actualites\/#website\"},\"datePublished\":\"2026-04-28T16:48:00+00:00\",\"dateModified\":\"2026-04-28T16:48:01+00:00\",\"breadcrumb\":{\"@id\":\"https:\/\/footdavant.fr\/actualites\/composition-de-fulham-contre-aston-villa-xi-prevu-pour-le-choc-de-premier-league\/#breadcrumb\"},\"inLanguage\":\"fr-FR\",\"potentialAction\":[{\"@type\":\"ReadAction\",\"target\":[\"https:\/\/footdavant.fr\/actualites\/composition-de-fulham-contre-aston-villa-xi-prevu-pour-le-choc-de-premier-league\/\"]}]},{\"@type\":\"BreadcrumbList\",\"@id\":\"https:\/\/footdavant.fr\/actualites\/composition-de-fulham-contre-aston-villa-xi-prevu-pour-le-choc-de-premier-league\/#breadcrumb\",\"itemListElement\":[{\"@type\":\"ListItem\",\"position\":1,\"name\":\"Accueil\",\"item\":\"https:\/\/footdavant.fr\/actualites\/\"},{\"@type\":\"ListItem\",\"position\":2,\"name\":\"Composition de Fulham contre Aston Villa\u00a0: XI pr\u00e9vu pour le choc de Premier League\"}]},{\"@type\":\"WebSite\",\"@id\":\"https:\/\/footdavant.fr\/actualites\/#website\",\"url\":\"https:\/\/footdavant.fr\/actualites\/\",\"name\":\"Foot d'avant\",\"description\":\"\",\"publisher\":{\"@id\":\"https:\/\/footdavant.fr\/actualites\/#organization\"},\"potentialAction\":[{\"@type\":\"SearchAction\",\"target\":{\"@type\":\"EntryPoint\",\"urlTemplate\":\"https:\/\/footdavant.fr\/actualites\/?s={search_term_string}\"},\"query-input\":\"required name=search_term_string\"}],\"inLanguage\":\"fr-FR\"},{\"@type\":\"Organization\",\"@id\":\"https:\/\/footdavant.fr\/actualites\/#organization\",\"name\":\"Foot d'avant\",\"url\":\"https:\/\/footdavant.fr\/actualites\/\",\"logo\":{\"@type\":\"ImageObject\",\"inLanguage\":\"fr-FR\",\"@id\":\"https:\/\/footdavant.fr\/actualites\/#\/schema\/logo\/image\/\",\"url\":\"https:\/\/footdavant.fr\/actualites\/wp-content\/uploads\/2023\/09\/Copy-of-FootDavant-Logo.png\",\"contentUrl\":\"https:\/\/footdavant.fr\/actualites\/wp-content\/uploads\/2023\/09\/Copy-of-FootDavant-Logo.png\",\"width\":936,\"height\":549,\"caption\":\"Foot d'avant\"},\"image\":{\"@id\":\"https:\/\/footdavant.fr\/actualites\/#\/schema\/logo\/image\/\"},\"sameAs\":[\"https:\/\/www.facebook.com\/Footdavant\/\",\"https:\/\/twitter.com\/FootdavantFr\",\"https:\/\/www.instagram.com\/footdavant.fr\/\"]},{\"@type\":\"Person\",\"@id\":\"https:\/\/footdavant.fr\/actualites\/#\/schema\/person\/bc222566d95871b37e597b3ed3ba5e1d\",\"name\":\"Cl\u00e9ment\",\"image\":{\"@type\":\"ImageObject\",\"inLanguage\":\"fr-FR\",\"@id\":\"https:\/\/footdavant.fr\/actualites\/#\/schema\/person\/image\/\",\"url\":\"https:\/\/secure.gravatar.com\/avatar\/7728b29aac2719421e1a9159b2254c44?s=96&d=mm&r=g\",\"contentUrl\":\"https:\/\/secure.gravatar.com\/avatar\/7728b29aac2719421e1a9159b2254c44?s=96&d=mm&r=g\",\"caption\":\"Cl\u00e9ment\"},\"sameAs\":[\"https:\/\/footdavant.fr\/\"]}]}<\/script>\n<!-- \/ Yoast SEO plugin. -->","yoast_head_json":{"title":"Composition de Fulham contre Aston Villa\u00a0: XI pr\u00e9vu pour le choc de Premier League","robots":{"index":"index","follow":"follow","max-snippet":"max-snippet:-1","max-image-preview":"max-image-preview:large","max-video-preview":"max-video-preview:-1"},"canonical":"https:\/\/footdavant.fr\/actualites\/composition-de-fulham-contre-aston-villa-xi-prevu-pour-le-choc-de-premier-league\/","og_locale":"fr_FR","og_type":"article","og_title":"Composition de Fulham contre Aston Villa\u00a0: XI pr\u00e9vu pour le choc de Premier League","og_description":"Fulham devra se passer de trois joueurs pour le choc de Premier League de samedi avec Aston Villa \u00e0 Craven Cottage. L&#39;ailier br\u00e9silien Kevin (pied)","og_url":"https:\/\/footdavant.fr\/actualites\/composition-de-fulham-contre-aston-villa-xi-prevu-pour-le-choc-de-premier-league\/","og_site_name":"Foot d&#039;avant","article_publisher":"https:\/\/www.facebook.com\/Footdavant\/","article_published_time":"2026-04-28T16:48:00+00:00","article_modified_time":"2026-04-28T16:48:01+00:00","og_image":[{"width":720,"height":410,"url":"https:\/\/footdavant.fr\/actualites\/wp-content\/uploads\/2026\/04\/Composition-de-Fulham-contre-Aston-Villa-XI-prevu-pour-le.net2Fuploads2F20252F092Ficonsport-271302.webp","type":"image\/webp"}],"author":"Cl\u00e9ment","twitter_card":"summary_large_image","twitter_creator":"@FootdavantFr","twitter_site":"@FootdavantFr","twitter_misc":{"\u00c9crit par":"Cl\u00e9ment","Dur\u00e9e de lecture estim\u00e9e":"2 minutes"},"schema":{"@context":"https:\/\/schema.org","@graph":[{"@type":"Article","@id":"https:\/\/footdavant.fr\/actualites\/composition-de-fulham-contre-aston-villa-xi-prevu-pour-le-choc-de-premier-league\/#article","isPartOf":{"@id":"https:\/\/footdavant.fr\/actualites\/composition-de-fulham-contre-aston-villa-xi-prevu-pour-le-choc-de-premier-league\/"},"author":{"name":"Cl\u00e9ment","@id":"https:\/\/footdavant.fr\/actualites\/#\/schema\/person\/bc222566d95871b37e597b3ed3ba5e1d"},"headline":"Composition de Fulham contre Aston Villa\u00a0: XI pr\u00e9vu pour le choc de Premier League","datePublished":"2026-04-28T16:48:00+00:00","dateModified":"2026-04-28T16:48:01+00:00","mainEntityOfPage":{"@id":"https:\/\/footdavant.fr\/actualites\/composition-de-fulham-contre-aston-villa-xi-prevu-pour-le-choc-de-premier-league\/"},"wordCount":336,"publisher":{"@id":"https:\/\/footdavant.fr\/actualites\/#organization"},"keywords":["Aston","choc","composition","contre","Fulham","League","pour","Premier","pr\u00e9vu","Villa"],"articleSection":["Premier League"],"inLanguage":"fr-FR"},{"@type":"WebPage","@id":"https:\/\/footdavant.fr\/actualites\/composition-de-fulham-contre-aston-villa-xi-prevu-pour-le-choc-de-premier-league\/","url":"https:\/\/footdavant.fr\/actualites\/composition-de-fulham-contre-aston-villa-xi-prevu-pour-le-choc-de-premier-league\/","name":"Composition de Fulham contre Aston Villa\u00a0: XI pr\u00e9vu pour le choc de Premier League","isPartOf":{"@id":"https:\/\/footdavant.fr\/actualites\/#website"},"datePublished":"2026-04-28T16:48:00+00:00","dateModified":"2026-04-28T16:48:01+00:00","breadcrumb":{"@id":"https:\/\/footdavant.fr\/actualites\/composition-de-fulham-contre-aston-villa-xi-prevu-pour-le-choc-de-premier-league\/#breadcrumb"},"inLanguage":"fr-FR","potentialAction":[{"@type":"ReadAction","target":["https:\/\/footdavant.fr\/actualites\/composition-de-fulham-contre-aston-villa-xi-prevu-pour-le-choc-de-premier-league\/"]}]},{"@type":"BreadcrumbList","@id":"https:\/\/footdavant.fr\/actualites\/composition-de-fulham-contre-aston-villa-xi-prevu-pour-le-choc-de-premier-league\/#breadcrumb","itemListElement":[{"@type":"ListItem","position":1,"name":"Accueil","item":"https:\/\/footdavant.fr\/actualites\/"},{"@type":"ListItem","position":2,"name":"Composition de Fulham contre Aston Villa\u00a0: XI pr\u00e9vu pour le choc de Premier League"}]},{"@type":"WebSite","@id":"https:\/\/footdavant.fr\/actualites\/#website","url":"https:\/\/footdavant.fr\/actualites\/","name":"Foot d'avant","description":"","publisher":{"@id":"https:\/\/footdavant.fr\/actualites\/#organization"},"potentialAction":[{"@type":"SearchAction","target":{"@type":"EntryPoint","urlTemplate":"https:\/\/footdavant.fr\/actualites\/?s={search_term_string}"},"query-input":"required name=search_term_string"}],"inLanguage":"fr-FR"},{"@type":"Organization","@id":"https:\/\/footdavant.fr\/actualites\/#organization","name":"Foot d'avant","url":"https:\/\/footdavant.fr\/actualites\/","logo":{"@type":"ImageObject","inLanguage":"fr-FR","@id":"https:\/\/footdavant.fr\/actualites\/#\/schema\/logo\/image\/","url":"https:\/\/footdavant.fr\/actualites\/wp-content\/uploads\/2023\/09\/Copy-of-FootDavant-Logo.png","contentUrl":"https:\/\/footdavant.fr\/actualites\/wp-content\/uploads\/2023\/09\/Copy-of-FootDavant-Logo.png","width":936,"height":549,"caption":"Foot d'avant"},"image":{"@id":"https:\/\/footdavant.fr\/actualites\/#\/schema\/logo\/image\/"},"sameAs":["https:\/\/www.facebook.com\/Footdavant\/","https:\/\/twitter.com\/FootdavantFr","https:\/\/www.instagram.com\/footdavant.fr\/"]},{"@type":"Person","@id":"https:\/\/footdavant.fr\/actualites\/#\/schema\/person\/bc222566d95871b37e597b3ed3ba5e1d","name":"Cl\u00e9ment","image":{"@type":"ImageObject","inLanguage":"fr-FR","@id":"https:\/\/footdavant.fr\/actualites\/#\/schema\/person\/image\/","url":"https:\/\/secure.gravatar.com\/avatar\/7728b29aac2719421e1a9159b2254c44?s=96&d=mm&r=g","contentUrl":"https:\/\/secure.gravatar.com\/avatar\/7728b29aac2719421e1a9159b2254c44?s=96&d=mm&r=g","caption":"Cl\u00e9ment"},"sameAs":["https:\/\/footdavant.fr\/"]}]}},"_links":{"self":[{"href":"https:\/\/footdavant.fr\/actualites\/wp-json\/wp\/v2\/posts\/36926"}],"collection":[{"href":"https:\/\/footdavant.fr\/actualites\/wp-json\/wp\/v2\/posts"}],"about":[{"href":"https:\/\/footdavant.fr\/actualites\/wp-json\/wp\/v2\/types\/post"}],"author":[{"embeddable":true,"href":"https:\/\/footdavant.fr\/actualites\/wp-json\/wp\/v2\/users\/1"}],"replies":[{"embeddable":true,"href":"https:\/\/footdavant.fr\/actualites\/wp-json\/wp\/v2\/comments?post=36926"}],"version-history":[{"count":1,"href":"https:\/\/footdavant.fr\/actualites\/wp-json\/wp\/v2\/posts\/36926\/revisions"}],"predecessor-version":[{"id":36928,"href":"https:\/\/footdavant.fr\/actualites\/wp-json\/wp\/v2\/posts\/36926\/revisions\/36928"}],"wp:featuredmedia":[{"embeddable":true,"href":"https:\/\/footdavant.fr\/actualites\/wp-json\/wp\/v2\/media\/36927"}],"wp:attachment":[{"href":"https:\/\/footdavant.fr\/actualites\/wp-json\/wp\/v2\/media?parent=36926"}],"wp:term":[{"taxonomy":"category","embeddable":true,"href":"https:\/\/footdavant.fr\/actualites\/wp-json\/wp\/v2\/categories?post=36926"},{"taxonomy":"post_tag","embeddable":true,"href":"https:\/\/footdavant.fr\/actualites\/wp-json\/wp\/v2\/tags?post=36926"}],"curies":[{"name":"wp","href":"https:\/\/api.w.org\/{rel}","templated":true}]}}