{"id":36935,"date":"2026-04-29T00:48:06","date_gmt":"2026-04-28T22:48:06","guid":{"rendered":"https:\/\/footdavant.fr\/actualites\/le-lfc-a-mis-en-garde-contre-une-dependance-excessive-a-legard-de-talents-speciaux-la-saison-prochaine\/"},"modified":"2026-04-29T00:48:09","modified_gmt":"2026-04-28T22:48:09","slug":"le-lfc-a-mis-en-garde-contre-une-dependance-excessive-a-legard-de-talents-speciaux-la-saison-prochaine","status":"publish","type":"post","link":"https:\/\/footdavant.fr\/actualites\/le-lfc-a-mis-en-garde-contre-une-dependance-excessive-a-legard-de-talents-speciaux-la-saison-prochaine\/","title":{"rendered":"Le LFC a mis en garde contre une \u00ab d\u00e9pendance excessive \u00bb \u00e0 l&#39;\u00e9gard de talents \u00ab sp\u00e9ciaux \u00bb la saison prochaine"},"content":{"rendered":"<p><\/p>\n<div id=\"article-body\">\n<!-- Article Start --><\/p>\n<p>Liverpool a \u00e9t\u00e9 invit\u00e9 \u00e0 g\u00e9rer la pression qu\u2019il exerce sur Rio Ngumoha la saison prochaine.<\/p>\n<p>Avec la campagne en cours, la derni\u00e8re de Mo Salah \u00e0 Anfield et Hugo Ekitike exclu pour le long terme avec un <span>rupture du tendon d&#39;Achille, il y a de l&#39;enthousiasme autour de ce que la sensation adolescente peut apporter plus fr\u00e9quemment aux c\u00f4t\u00e9s d&#39;Arne Slot la saison prochaine.<\/span><\/p>\n<p>L&#39;ancien espoir de Chelsea a jou\u00e9 27 fois pour les champions de Premier League cette saison (toutes comp\u00e9titions confondues) et a marqu\u00e9 trois buts au cours du processus.<\/p>\n<p>Malgr\u00e9 les signes prometteurs montr\u00e9s par notre n\u00b073, l&#39;ancien Red Joe Cole a soulign\u00e9 que Liverpool devait adopter une approche prudente concernant son d\u00e9veloppement.<\/p>\n<p><span>  Cole a dit \u00e0 BUT. <\/span><\/p>\n<\/p>\n<p>Malgr\u00e9 les d\u00e9penses de plus de 300 millions de livres sterling pour renforcer ses options offensives au d\u00e9but de la campagne en cours, Liverpool devrait \u00e0 nouveau se lancer sur le march\u00e9 des transferts cet \u00e9t\u00e9.<\/p>\n<p>Salah, qui est une l\u00e9gende de Liverpool apr\u00e8s tout ce qu&#39;il a accompli depuis qu&#39;il a rejoint le club en provenance de l&#39;AS Roma en 2017, est pr\u00eat \u00e0 relever un nouveau d\u00e9fi ailleurs tandis que la blessure \u00e0 long terme d&#39;Ekitike laisse les Reds quelque peu \u00e0 court d&#39;options en haut du terrain.<\/p>\n<p>Alexander Isak et Cody Gakpo seraient les seuls attaquants seniors disponibles si l&#39;\u00e9quipe bas\u00e9e \u00e0 Anfield ne signait pas de signature avec Fede Chiesa, \u00e9galement susceptible de partir cet \u00e9t\u00e9.<\/p>\n<p><span>  \u00bb a ajout\u00e9 Cole.<\/span><\/p>\n<\/p>\n<p>Ngumoha, qui a d\u00e9j\u00e0 \u00e9t\u00e9 qualifi\u00e9 de \u00ab sp\u00e9cial \u00bb par Arne Slot (via ESPN), a d\u00e9j\u00e0 prouv\u00e9 qu&#39;il avait ce qu&#39;il fallait pour r\u00e9ussir \u00e0 Liverpool.<\/p>\n<p>Ses supporters sont sur le bord de leur si\u00e8ge \u00e0 chaque fois qu&#39;il r\u00e9cup\u00e8re le ballon, mais Cole a raison : nous ne pouvons pas attendre trop de la part du jeune.<\/p>\n<p><!-- Article End -->\t\t\t\t<\/div>\n","protected":false},"excerpt":{"rendered":"<p>Liverpool a \u00e9t\u00e9 invit\u00e9 \u00e0 g\u00e9rer la pression qu\u2019il exerce sur Rio Ngumoha la saison prochaine. Avec la campagne en cours, la derni\u00e8re de Mo<\/p>\n","protected":false},"author":1,"featured_media":36936,"comment_status":"closed","ping_status":"","sticky":false,"template":"","format":"standard","meta":{"footnotes":""},"categories":[3],"tags":[20,11896,11897,205,6844,204,1619,1202,482,9041,7260,92],"yoast_head":"<!-- This site is optimized with the Yoast SEO plugin v21.0 - https:\/\/yoast.com\/wordpress\/plugins\/seo\/ -->\n<title>Le LFC a mis en garde contre une \u00ab d\u00e9pendance excessive \u00bb \u00e0 l&#039;\u00e9gard de talents \u00ab sp\u00e9ciaux \u00bb la saison prochaine<\/title>\n<meta name=\"robots\" content=\"index, follow, max-snippet:-1, max-image-preview:large, max-video-preview:-1\" \/>\n<link rel=\"canonical\" href=\"https:\/\/footdavant.fr\/actualites\/le-lfc-a-mis-en-garde-contre-une-dependance-excessive-a-legard-de-talents-speciaux-la-saison-prochaine\/\" \/>\n<meta property=\"og:locale\" content=\"fr_FR\" \/>\n<meta property=\"og:type\" content=\"article\" \/>\n<meta property=\"og:title\" content=\"Le LFC a mis en garde contre une \u00ab d\u00e9pendance excessive \u00bb \u00e0 l&#039;\u00e9gard de talents \u00ab sp\u00e9ciaux \u00bb la saison prochaine\" \/>\n<meta property=\"og:description\" content=\"Liverpool a \u00e9t\u00e9 invit\u00e9 \u00e0 g\u00e9rer la pression qu\u2019il exerce sur Rio Ngumoha la saison prochaine. Avec la campagne en cours, la derni\u00e8re de Mo\" \/>\n<meta property=\"og:url\" content=\"https:\/\/footdavant.fr\/actualites\/le-lfc-a-mis-en-garde-contre-une-dependance-excessive-a-legard-de-talents-speciaux-la-saison-prochaine\/\" \/>\n<meta property=\"og:site_name\" content=\"Foot d&#039;avant\" \/>\n<meta property=\"article:publisher\" content=\"https:\/\/www.facebook.com\/Footdavant\/\" \/>\n<meta property=\"article:published_time\" content=\"2026-04-28T22:48:06+00:00\" \/>\n<meta property=\"article:modified_time\" content=\"2026-04-28T22:48:09+00:00\" \/>\n<meta property=\"og:image\" content=\"https:\/\/footdavant.fr\/actualites\/wp-content\/uploads\/2026\/04\/Le-LFC-a-mis-en-garde-contre-une-dependance.jpg\" \/>\n\t<meta property=\"og:image:width\" content=\"1200\" \/>\n\t<meta property=\"og:image:height\" content=\"675\" \/>\n\t<meta property=\"og:image:type\" content=\"image\/jpeg\" \/>\n<meta name=\"author\" content=\"Cl\u00e9ment\" \/>\n<meta name=\"twitter:card\" content=\"summary_large_image\" \/>\n<meta name=\"twitter:creator\" content=\"@FootdavantFr\" \/>\n<meta name=\"twitter:site\" content=\"@FootdavantFr\" \/>\n<meta name=\"twitter:label1\" content=\"\u00c9crit par\" \/>\n\t<meta name=\"twitter:data1\" content=\"Cl\u00e9ment\" \/>\n\t<meta name=\"twitter:label2\" content=\"Dur\u00e9e de lecture estim\u00e9e\" \/>\n\t<meta name=\"twitter:data2\" content=\"2 minutes\" \/>\n<script type=\"application\/ld+json\" class=\"yoast-schema-graph\">{\"@context\":\"https:\/\/schema.org\",\"@graph\":[{\"@type\":\"Article\",\"@id\":\"https:\/\/footdavant.fr\/actualites\/le-lfc-a-mis-en-garde-contre-une-dependance-excessive-a-legard-de-talents-speciaux-la-saison-prochaine\/#article\",\"isPartOf\":{\"@id\":\"https:\/\/footdavant.fr\/actualites\/le-lfc-a-mis-en-garde-contre-une-dependance-excessive-a-legard-de-talents-speciaux-la-saison-prochaine\/\"},\"author\":{\"name\":\"Cl\u00e9ment\",\"@id\":\"https:\/\/footdavant.fr\/actualites\/#\/schema\/person\/bc222566d95871b37e597b3ed3ba5e1d\"},\"headline\":\"Le LFC a mis en garde contre une \u00ab d\u00e9pendance excessive \u00bb \u00e0 l&#39;\u00e9gard de talents \u00ab sp\u00e9ciaux \u00bb la saison prochaine\",\"datePublished\":\"2026-04-28T22:48:06+00:00\",\"dateModified\":\"2026-04-28T22:48:09+00:00\",\"mainEntityOfPage\":{\"@id\":\"https:\/\/footdavant.fr\/actualites\/le-lfc-a-mis-en-garde-contre-une-dependance-excessive-a-legard-de-talents-speciaux-la-saison-prochaine\/\"},\"wordCount\":345,\"publisher\":{\"@id\":\"https:\/\/footdavant.fr\/actualites\/#organization\"},\"keywords\":[\"contre\",\"d\u00e9pendance\",\"excessive\",\"garde\",\"l39\u00e9gard\",\"LFC\",\"mis\",\"prochaine\",\"saison\",\"sp\u00e9ciaux\",\"talents\",\"une\"],\"articleSection\":[\"Football\"],\"inLanguage\":\"fr-FR\"},{\"@type\":\"WebPage\",\"@id\":\"https:\/\/footdavant.fr\/actualites\/le-lfc-a-mis-en-garde-contre-une-dependance-excessive-a-legard-de-talents-speciaux-la-saison-prochaine\/\",\"url\":\"https:\/\/footdavant.fr\/actualites\/le-lfc-a-mis-en-garde-contre-une-dependance-excessive-a-legard-de-talents-speciaux-la-saison-prochaine\/\",\"name\":\"Le LFC a mis en garde contre une \u00ab d\u00e9pendance excessive \u00bb \u00e0 l&#39;\u00e9gard de talents \u00ab sp\u00e9ciaux \u00bb la saison prochaine\",\"isPartOf\":{\"@id\":\"https:\/\/footdavant.fr\/actualites\/#website\"},\"datePublished\":\"2026-04-28T22:48:06+00:00\",\"dateModified\":\"2026-04-28T22:48:09+00:00\",\"breadcrumb\":{\"@id\":\"https:\/\/footdavant.fr\/actualites\/le-lfc-a-mis-en-garde-contre-une-dependance-excessive-a-legard-de-talents-speciaux-la-saison-prochaine\/#breadcrumb\"},\"inLanguage\":\"fr-FR\",\"potentialAction\":[{\"@type\":\"ReadAction\",\"target\":[\"https:\/\/footdavant.fr\/actualites\/le-lfc-a-mis-en-garde-contre-une-dependance-excessive-a-legard-de-talents-speciaux-la-saison-prochaine\/\"]}]},{\"@type\":\"BreadcrumbList\",\"@id\":\"https:\/\/footdavant.fr\/actualites\/le-lfc-a-mis-en-garde-contre-une-dependance-excessive-a-legard-de-talents-speciaux-la-saison-prochaine\/#breadcrumb\",\"itemListElement\":[{\"@type\":\"ListItem\",\"position\":1,\"name\":\"Accueil\",\"item\":\"https:\/\/footdavant.fr\/actualites\/\"},{\"@type\":\"ListItem\",\"position\":2,\"name\":\"Le LFC a mis en garde contre une \u00ab d\u00e9pendance excessive \u00bb \u00e0 l&#39;\u00e9gard de talents \u00ab sp\u00e9ciaux \u00bb la saison prochaine\"}]},{\"@type\":\"WebSite\",\"@id\":\"https:\/\/footdavant.fr\/actualites\/#website\",\"url\":\"https:\/\/footdavant.fr\/actualites\/\",\"name\":\"Foot d'avant\",\"description\":\"\",\"publisher\":{\"@id\":\"https:\/\/footdavant.fr\/actualites\/#organization\"},\"potentialAction\":[{\"@type\":\"SearchAction\",\"target\":{\"@type\":\"EntryPoint\",\"urlTemplate\":\"https:\/\/footdavant.fr\/actualites\/?s={search_term_string}\"},\"query-input\":\"required name=search_term_string\"}],\"inLanguage\":\"fr-FR\"},{\"@type\":\"Organization\",\"@id\":\"https:\/\/footdavant.fr\/actualites\/#organization\",\"name\":\"Foot d'avant\",\"url\":\"https:\/\/footdavant.fr\/actualites\/\",\"logo\":{\"@type\":\"ImageObject\",\"inLanguage\":\"fr-FR\",\"@id\":\"https:\/\/footdavant.fr\/actualites\/#\/schema\/logo\/image\/\",\"url\":\"https:\/\/footdavant.fr\/actualites\/wp-content\/uploads\/2023\/09\/Copy-of-FootDavant-Logo.png\",\"contentUrl\":\"https:\/\/footdavant.fr\/actualites\/wp-content\/uploads\/2023\/09\/Copy-of-FootDavant-Logo.png\",\"width\":936,\"height\":549,\"caption\":\"Foot d'avant\"},\"image\":{\"@id\":\"https:\/\/footdavant.fr\/actualites\/#\/schema\/logo\/image\/\"},\"sameAs\":[\"https:\/\/www.facebook.com\/Footdavant\/\",\"https:\/\/twitter.com\/FootdavantFr\",\"https:\/\/www.instagram.com\/footdavant.fr\/\"]},{\"@type\":\"Person\",\"@id\":\"https:\/\/footdavant.fr\/actualites\/#\/schema\/person\/bc222566d95871b37e597b3ed3ba5e1d\",\"name\":\"Cl\u00e9ment\",\"image\":{\"@type\":\"ImageObject\",\"inLanguage\":\"fr-FR\",\"@id\":\"https:\/\/footdavant.fr\/actualites\/#\/schema\/person\/image\/\",\"url\":\"https:\/\/secure.gravatar.com\/avatar\/7728b29aac2719421e1a9159b2254c44?s=96&d=mm&r=g\",\"contentUrl\":\"https:\/\/secure.gravatar.com\/avatar\/7728b29aac2719421e1a9159b2254c44?s=96&d=mm&r=g\",\"caption\":\"Cl\u00e9ment\"},\"sameAs\":[\"https:\/\/footdavant.fr\/\"]}]}<\/script>\n<!-- \/ Yoast SEO plugin. -->","yoast_head_json":{"title":"Le LFC a mis en garde contre une \u00ab d\u00e9pendance excessive \u00bb \u00e0 l&#39;\u00e9gard de talents \u00ab sp\u00e9ciaux \u00bb la saison prochaine","robots":{"index":"index","follow":"follow","max-snippet":"max-snippet:-1","max-image-preview":"max-image-preview:large","max-video-preview":"max-video-preview:-1"},"canonical":"https:\/\/footdavant.fr\/actualites\/le-lfc-a-mis-en-garde-contre-une-dependance-excessive-a-legard-de-talents-speciaux-la-saison-prochaine\/","og_locale":"fr_FR","og_type":"article","og_title":"Le LFC a mis en garde contre une \u00ab d\u00e9pendance excessive \u00bb \u00e0 l&#39;\u00e9gard de talents \u00ab sp\u00e9ciaux \u00bb la saison prochaine","og_description":"Liverpool a \u00e9t\u00e9 invit\u00e9 \u00e0 g\u00e9rer la pression qu\u2019il exerce sur Rio Ngumoha la saison prochaine. Avec la campagne en cours, la derni\u00e8re de Mo","og_url":"https:\/\/footdavant.fr\/actualites\/le-lfc-a-mis-en-garde-contre-une-dependance-excessive-a-legard-de-talents-speciaux-la-saison-prochaine\/","og_site_name":"Foot d&#039;avant","article_publisher":"https:\/\/www.facebook.com\/Footdavant\/","article_published_time":"2026-04-28T22:48:06+00:00","article_modified_time":"2026-04-28T22:48:09+00:00","og_image":[{"width":1200,"height":675,"url":"https:\/\/footdavant.fr\/actualites\/wp-content\/uploads\/2026\/04\/Le-LFC-a-mis-en-garde-contre-une-dependance.jpg","type":"image\/jpeg"}],"author":"Cl\u00e9ment","twitter_card":"summary_large_image","twitter_creator":"@FootdavantFr","twitter_site":"@FootdavantFr","twitter_misc":{"\u00c9crit par":"Cl\u00e9ment","Dur\u00e9e de lecture estim\u00e9e":"2 minutes"},"schema":{"@context":"https:\/\/schema.org","@graph":[{"@type":"Article","@id":"https:\/\/footdavant.fr\/actualites\/le-lfc-a-mis-en-garde-contre-une-dependance-excessive-a-legard-de-talents-speciaux-la-saison-prochaine\/#article","isPartOf":{"@id":"https:\/\/footdavant.fr\/actualites\/le-lfc-a-mis-en-garde-contre-une-dependance-excessive-a-legard-de-talents-speciaux-la-saison-prochaine\/"},"author":{"name":"Cl\u00e9ment","@id":"https:\/\/footdavant.fr\/actualites\/#\/schema\/person\/bc222566d95871b37e597b3ed3ba5e1d"},"headline":"Le LFC a mis en garde contre une \u00ab d\u00e9pendance excessive \u00bb \u00e0 l&#39;\u00e9gard de talents \u00ab sp\u00e9ciaux \u00bb la saison prochaine","datePublished":"2026-04-28T22:48:06+00:00","dateModified":"2026-04-28T22:48:09+00:00","mainEntityOfPage":{"@id":"https:\/\/footdavant.fr\/actualites\/le-lfc-a-mis-en-garde-contre-une-dependance-excessive-a-legard-de-talents-speciaux-la-saison-prochaine\/"},"wordCount":345,"publisher":{"@id":"https:\/\/footdavant.fr\/actualites\/#organization"},"keywords":["contre","d\u00e9pendance","excessive","garde","l39\u00e9gard","LFC","mis","prochaine","saison","sp\u00e9ciaux","talents","une"],"articleSection":["Football"],"inLanguage":"fr-FR"},{"@type":"WebPage","@id":"https:\/\/footdavant.fr\/actualites\/le-lfc-a-mis-en-garde-contre-une-dependance-excessive-a-legard-de-talents-speciaux-la-saison-prochaine\/","url":"https:\/\/footdavant.fr\/actualites\/le-lfc-a-mis-en-garde-contre-une-dependance-excessive-a-legard-de-talents-speciaux-la-saison-prochaine\/","name":"Le LFC a mis en garde contre une \u00ab d\u00e9pendance excessive \u00bb \u00e0 l&#39;\u00e9gard de talents \u00ab sp\u00e9ciaux \u00bb la saison prochaine","isPartOf":{"@id":"https:\/\/footdavant.fr\/actualites\/#website"},"datePublished":"2026-04-28T22:48:06+00:00","dateModified":"2026-04-28T22:48:09+00:00","breadcrumb":{"@id":"https:\/\/footdavant.fr\/actualites\/le-lfc-a-mis-en-garde-contre-une-dependance-excessive-a-legard-de-talents-speciaux-la-saison-prochaine\/#breadcrumb"},"inLanguage":"fr-FR","potentialAction":[{"@type":"ReadAction","target":["https:\/\/footdavant.fr\/actualites\/le-lfc-a-mis-en-garde-contre-une-dependance-excessive-a-legard-de-talents-speciaux-la-saison-prochaine\/"]}]},{"@type":"BreadcrumbList","@id":"https:\/\/footdavant.fr\/actualites\/le-lfc-a-mis-en-garde-contre-une-dependance-excessive-a-legard-de-talents-speciaux-la-saison-prochaine\/#breadcrumb","itemListElement":[{"@type":"ListItem","position":1,"name":"Accueil","item":"https:\/\/footdavant.fr\/actualites\/"},{"@type":"ListItem","position":2,"name":"Le LFC a mis en garde contre une \u00ab d\u00e9pendance excessive \u00bb \u00e0 l&#39;\u00e9gard de talents \u00ab sp\u00e9ciaux \u00bb la saison prochaine"}]},{"@type":"WebSite","@id":"https:\/\/footdavant.fr\/actualites\/#website","url":"https:\/\/footdavant.fr\/actualites\/","name":"Foot d'avant","description":"","publisher":{"@id":"https:\/\/footdavant.fr\/actualites\/#organization"},"potentialAction":[{"@type":"SearchAction","target":{"@type":"EntryPoint","urlTemplate":"https:\/\/footdavant.fr\/actualites\/?s={search_term_string}"},"query-input":"required name=search_term_string"}],"inLanguage":"fr-FR"},{"@type":"Organization","@id":"https:\/\/footdavant.fr\/actualites\/#organization","name":"Foot d'avant","url":"https:\/\/footdavant.fr\/actualites\/","logo":{"@type":"ImageObject","inLanguage":"fr-FR","@id":"https:\/\/footdavant.fr\/actualites\/#\/schema\/logo\/image\/","url":"https:\/\/footdavant.fr\/actualites\/wp-content\/uploads\/2023\/09\/Copy-of-FootDavant-Logo.png","contentUrl":"https:\/\/footdavant.fr\/actualites\/wp-content\/uploads\/2023\/09\/Copy-of-FootDavant-Logo.png","width":936,"height":549,"caption":"Foot d'avant"},"image":{"@id":"https:\/\/footdavant.fr\/actualites\/#\/schema\/logo\/image\/"},"sameAs":["https:\/\/www.facebook.com\/Footdavant\/","https:\/\/twitter.com\/FootdavantFr","https:\/\/www.instagram.com\/footdavant.fr\/"]},{"@type":"Person","@id":"https:\/\/footdavant.fr\/actualites\/#\/schema\/person\/bc222566d95871b37e597b3ed3ba5e1d","name":"Cl\u00e9ment","image":{"@type":"ImageObject","inLanguage":"fr-FR","@id":"https:\/\/footdavant.fr\/actualites\/#\/schema\/person\/image\/","url":"https:\/\/secure.gravatar.com\/avatar\/7728b29aac2719421e1a9159b2254c44?s=96&d=mm&r=g","contentUrl":"https:\/\/secure.gravatar.com\/avatar\/7728b29aac2719421e1a9159b2254c44?s=96&d=mm&r=g","caption":"Cl\u00e9ment"},"sameAs":["https:\/\/footdavant.fr\/"]}]}},"_links":{"self":[{"href":"https:\/\/footdavant.fr\/actualites\/wp-json\/wp\/v2\/posts\/36935"}],"collection":[{"href":"https:\/\/footdavant.fr\/actualites\/wp-json\/wp\/v2\/posts"}],"about":[{"href":"https:\/\/footdavant.fr\/actualites\/wp-json\/wp\/v2\/types\/post"}],"author":[{"embeddable":true,"href":"https:\/\/footdavant.fr\/actualites\/wp-json\/wp\/v2\/users\/1"}],"replies":[{"embeddable":true,"href":"https:\/\/footdavant.fr\/actualites\/wp-json\/wp\/v2\/comments?post=36935"}],"version-history":[{"count":1,"href":"https:\/\/footdavant.fr\/actualites\/wp-json\/wp\/v2\/posts\/36935\/revisions"}],"predecessor-version":[{"id":36937,"href":"https:\/\/footdavant.fr\/actualites\/wp-json\/wp\/v2\/posts\/36935\/revisions\/36937"}],"wp:featuredmedia":[{"embeddable":true,"href":"https:\/\/footdavant.fr\/actualites\/wp-json\/wp\/v2\/media\/36936"}],"wp:attachment":[{"href":"https:\/\/footdavant.fr\/actualites\/wp-json\/wp\/v2\/media?parent=36935"}],"wp:term":[{"taxonomy":"category","embeddable":true,"href":"https:\/\/footdavant.fr\/actualites\/wp-json\/wp\/v2\/categories?post=36935"},{"taxonomy":"post_tag","embeddable":true,"href":"https:\/\/footdavant.fr\/actualites\/wp-json\/wp\/v2\/tags?post=36935"}],"curies":[{"name":"wp","href":"https:\/\/api.w.org\/{rel}","templated":true}]}}