{"id":36940,"date":"2026-04-29T04:48:03","date_gmt":"2026-04-29T02:48:03","guid":{"rendered":"https:\/\/footdavant.fr\/actualites\/nous-nous-sommes-battus-et-nous-sommes-de-nouveau-a-egalite\/"},"modified":"2026-04-29T04:48:06","modified_gmt":"2026-04-29T02:48:06","slug":"nous-nous-sommes-battus-et-nous-sommes-de-nouveau-a-egalite","status":"publish","type":"post","link":"https:\/\/footdavant.fr\/actualites\/nous-nous-sommes-battus-et-nous-sommes-de-nouveau-a-egalite\/","title":{"rendered":"\u00ab\u00a0Nous nous sommes battus et nous sommes de nouveau \u00e0 \u00e9galit\u00e9\u00a0\u00bb"},"content":{"rendered":"<div>\n<p>Harry Kane pense que l&#39;esprit combatif du Bayern Munich lors de sa d\u00e9faite \u00e9poustouflante 5-4 contre le Paris Saint-Germain sera le facteur d\u00e9cisif lors du match retour de la demi-finale retour de la Ligue des champions la semaine prochaine.<\/p>\n<p>Dans un match qui sera consid\u00e9r\u00e9 comme un classique instantan\u00e9 \u2013 devenant la demi-finale la plus marquante de l&#39;histoire de la comp\u00e9tition \u2013 les Bavarois ont regard\u00e9 de terre lorsque les champions de France ont pris une avance de 5-2. Cependant, un retour en force avec des buts de Dayot Upamecano et Luis Diaz a laiss\u00e9 l&#39;\u00e9galit\u00e9 grande ouverte pour le match retour en Allemagne.<\/p>\n<p>Kane, qui a ouvert le score avec un penalty \u00e0 la 17e minute pour devenir le premier joueur anglais \u00e0 marquer lors de six matches cons\u00e9cutifs de Ligue des Champions, \u00e9tait immens\u00e9ment fier de la fa\u00e7on dont son \u00e9quipe a refus\u00e9 de c\u00e9der sous la pression.<\/p>\n<figure class=\"wp-block-embed is-type-rich is-provider-twitter wp-block-embed-twitter\">\n<div class=\"wp-block-embed__wrapper\">\n<blockquote class=\"twitter-tweet\" data-width=\"500\" data-dnt=\"true\">\n<p lang=\"en\" dir=\"ltr\">Harry Kane est c\u00e2bl\u00e9 diff\u00e9remment <\/p>\n<p>D\u00e9ambulez dans une paire de sketchers et d\u00e9p\u00eachez-vous \ud83d\udc4a\ud83c\udffb<\/p>\n<p>\u2013 Peter Croupton (@petercrouch) <a rel=\"nofollow\" href=\"https:\/\/twitter.com\/petercrouch\/status\/2049207196420874353?ref_src=twsrc%5Etfw\" rel=\"nofollow noopener\">28 avril 2026<\/a><\/p><\/blockquote>\n<\/div>\n<\/figure>\n<p>\u00ab\u00a0Dans l&#39;ensemble, nous avons eu des moments o\u00f9 nous aurions pu tuer le match plus t\u00f4t \u00e9galement\u00a0\u00bb, a d\u00e9clar\u00e9 Kane.<\/p>\n<p>\u00ab\u00a0Nous sommes donc tr\u00e8s fiers d&#39;\u00eatre revenus \u00e0 5-4, car \u00e0 l&#39;ext\u00e9rieur, \u00eatre men\u00e9 5-2 pourrait \u00eatre tr\u00e8s difficile. Mais nous nous sommes battus et nous sommes de retour \u00e0 \u00e9galit\u00e9.\u00a0\u00bb<\/p>\n<p>Le capitaine anglais, qui compte d\u00e9sormais 13 buts dans la comp\u00e9tition cette saison, a d\u00e9crit la rencontre comme une rencontre de g\u00e9ants.<\/p>\n<p>\u00ab\u00a0Je pense que nous avons vu deux \u00e9quipes de haut niveau aujourd&#39;hui, notamment dans le jeu offensif et dans les transitions, la vitesse, l&#39;intensit\u00e9 dans les duels. Deux des meilleures \u00e9quipes s&#39;affrontent.\u00a0\u00bb<\/p>\n<figure class=\"wp-block-embed is-type-rich is-provider-twitter wp-block-embed-twitter\">\n<div class=\"wp-block-embed__wrapper\">\n<blockquote class=\"twitter-tweet\" data-width=\"500\" data-dnt=\"true\">\n<p lang=\"en\" dir=\"ltr\">Harry Kane devient le premier joueur anglais \u00e0 marquer lors de six matchs cons\u00e9cutifs de Ligue des Champions<\/p>\n<p>Steven Gerrard d\u00e9tenait auparavant le record (cinq matchs) <a rel=\"nofollow\" href=\"https:\/\/t.co\/5EEZzgsQKN\" rel=\"nofollow\">pic.twitter.com\/5EEZzgsQKN<\/a><\/p>\n<p>\u2013 Football sur TNT Sports (@footballontnt) <a rel=\"nofollow\" href=\"https:\/\/twitter.com\/footballontnt\/status\/2049208892928704782?ref_src=twsrc%5Etfw\" rel=\"nofollow noopener\">28 avril 2026<\/a><\/p><\/blockquote>\n<\/div>\n<\/figure>\n<p>Dans la perspective de l\u2019Allianz Arena, Kane appelle le Bayern \u00e0 trouver un avantage clinique \u00e0 la hauteur de son intensit\u00e9 ind\u00e9niable.<\/p>\n<p>\u00ab\u00a0Nous avons eu des moments o\u00f9 nous aurions pu \u00eatre plus cliniques dans la passe finale ou dans la finition finale. Nous avons senti que nous allions de mieux en mieux, surtout \u00e0 mesure que le match avan\u00e7ait, ils ont commenc\u00e9 \u00e0 se fatiguer. Nous devons juste apporter la m\u00eame intensit\u00e9. Nous en aurons besoin de plus la semaine prochaine.\u00a0\u00bb<\/p>\n<h2 class=\"wp-block-heading\">Vue de Kompany depuis les tribunes<\/h2>\n<figure class=\"wp-block-image size-large\"><picture decoding=\"async\" class=\"wp-image-96923\"><source type=\"image\/webp\" data-lazy- \/><img loading=\"lazy\" decoding=\"async\" width=\"1024\" height=\"576\" src=\"https:\/\/footdavant.fr\/actualites\/wp-content\/uploads\/2026\/04\/Nous-nous-sommes-battus-et-nous-sommes-de-nouveau-a.jpg\" alt=\"Vincent Kompany, manager du club de football du Bayern Munich\"  \/>\n<\/picture>\n<\/figure>\n<p>Alors que le drame se d\u00e9roulait sur le terrain, l&#39;entra\u00eeneur du Bayern, Vincent Kompany, a \u00e9t\u00e9 contraint de regarder depuis les tribunes en raison d&#39;une suspension sur la ligne de touche. Ce fut une soir\u00e9e frustrante pour le Belge, qui a d\u00fb regarder son assistant Aaron Danks prendre les r\u00eanes alors qu&#39;il communiquait via une oreillette.<\/p>\n<p>\u00ab\u00a0Ce n&#39;est pas amusant. Si cela ne se reproduit plus, je serai satisfait. Je ne peux pas prendre de d\u00e9cisions \u00e0 80 m\u00e8tres (262 pieds). Mais j&#39;ai appr\u00e9ci\u00e9 la fa\u00e7on dont les joueurs ont r\u00e9agi, du haut des tribunes\u00a0\u00bb, a d\u00e9clar\u00e9 Kompany.<\/p>\n<p>Kompany est rest\u00e9 \u00ab impassible \u00bb alors que l&#39;avance passait \u00e0 5-2, mais a \u00e9t\u00e9 revitalis\u00e9 par la pouss\u00e9e tardive. Il a \u00e9galement \u00e9cart\u00e9 l&#39;id\u00e9e d&#39;une observation tactique depuis les tribunes \u2013 une m\u00e9thode parfois utilis\u00e9e par son homologue Luis Enrique.<\/p>\n<figure class=\"wp-block-embed is-type-rich is-provider-twitter wp-block-embed-twitter\"\/>\n<p>\u00ab\u00a0Je ne sais pas pourquoi. Je ne ferais pas \u00e7a\u00a0\u00bb, a d\u00e9clar\u00e9 l&#39;entra\u00eeneur belge.<\/p>\n<p>Sa suspension purg\u00e9e, Kompany sera de retour dans la zone technique pour le match retour. Il a lanc\u00e9 le d\u00e9fi aux supporters du Bayern Munich de cr\u00e9er un environnement hostile qui surpasse leurs pr\u00e9c\u00e9dentes soir\u00e9es europ\u00e9ennes.<\/p>\n<p>\u00ab\u00a0Il y a eu un tel feu contre Madrid. Il nous faut rien de moins, il nous faut encore plus, et c&#39;est tout ce que je peux demander. J&#39;irais au stade pour un match comme celui-l\u00e0, mais pas pour me taire.\u00a0\u00bb<\/p>\n<p>Kane a fait \u00e9cho \u00e0 ce sentiment, comptant sur le public local pour agir en tant que 12e homme pour pousser le Bayern vers la finale.<\/p>\n<p>\u00ab\u00a0Ce sera \u00e0 qui prendra ses moments la semaine prochaine. Il y a eu beaucoup de moments aujourd&#39;hui, et ce sera probablement la m\u00eame chose la semaine prochaine. Donc, nous \u00e9tant \u00e0 la maison avec la foule derri\u00e8re nous, nous esp\u00e9rons que cela pourra nous pousser au-del\u00e0 de la ligne d&#39;arriv\u00e9e.\u00a0\u00bb<\/p>\n<\/p><\/div>\n<p><script async src=\"https:\/\/platform.twitter.com\/widgets.js\" charset=\"utf-8\"><\/script><\/p>\n","protected":false},"excerpt":{"rendered":"<p>Harry Kane pense que l&#39;esprit combatif du Bayern Munich lors de sa d\u00e9faite \u00e9poustouflante 5-4 contre le Paris Saint-Germain sera le facteur d\u00e9cisif lors du<\/p>\n","protected":false},"author":1,"featured_media":36941,"comment_status":"closed","ping_status":"","sticky":false,"template":"","format":"standard","meta":{"footnotes":""},"categories":[3],"tags":[4990,3797,762,199,7963],"yoast_head":"<!-- This site is optimized with the Yoast SEO plugin v21.0 - https:\/\/yoast.com\/wordpress\/plugins\/seo\/ -->\n<title>&quot;Nous nous sommes battus et nous sommes de nouveau \u00e0 \u00e9galit\u00e9&quot;<\/title>\n<meta name=\"robots\" content=\"index, follow, max-snippet:-1, max-image-preview:large, max-video-preview:-1\" \/>\n<link rel=\"canonical\" href=\"https:\/\/footdavant.fr\/actualites\/nous-nous-sommes-battus-et-nous-sommes-de-nouveau-a-egalite\/\" \/>\n<meta property=\"og:locale\" content=\"fr_FR\" \/>\n<meta property=\"og:type\" content=\"article\" \/>\n<meta property=\"og:title\" content=\"&quot;Nous nous sommes battus et nous sommes de nouveau \u00e0 \u00e9galit\u00e9&quot;\" \/>\n<meta property=\"og:description\" content=\"Harry Kane pense que l&#039;esprit combatif du Bayern Munich lors de sa d\u00e9faite \u00e9poustouflante 5-4 contre le Paris Saint-Germain sera le facteur d\u00e9cisif lors du\" \/>\n<meta property=\"og:url\" content=\"https:\/\/footdavant.fr\/actualites\/nous-nous-sommes-battus-et-nous-sommes-de-nouveau-a-egalite\/\" \/>\n<meta property=\"og:site_name\" content=\"Foot d&#039;avant\" \/>\n<meta property=\"article:publisher\" content=\"https:\/\/www.facebook.com\/Footdavant\/\" \/>\n<meta property=\"article:published_time\" content=\"2026-04-29T02:48:03+00:00\" \/>\n<meta property=\"article:modified_time\" content=\"2026-04-29T02:48:06+00:00\" \/>\n<meta property=\"og:image\" content=\"https:\/\/footdavant.fr\/actualites\/wp-content\/uploads\/2026\/04\/1777430884_Nous-nous-sommes-battus-et-nous-sommes-de-nouveau-a.jpg\" \/>\n\t<meta property=\"og:image:width\" content=\"1600\" \/>\n\t<meta property=\"og:image:height\" content=\"1067\" \/>\n\t<meta property=\"og:image:type\" content=\"image\/jpeg\" \/>\n<meta name=\"author\" content=\"Cl\u00e9ment\" \/>\n<meta name=\"twitter:card\" content=\"summary_large_image\" \/>\n<meta name=\"twitter:creator\" content=\"@FootdavantFr\" \/>\n<meta name=\"twitter:site\" content=\"@FootdavantFr\" \/>\n<meta name=\"twitter:label1\" content=\"\u00c9crit par\" \/>\n\t<meta name=\"twitter:data1\" content=\"Cl\u00e9ment\" \/>\n\t<meta name=\"twitter:label2\" content=\"Dur\u00e9e de lecture estim\u00e9e\" \/>\n\t<meta name=\"twitter:data2\" content=\"4 minutes\" \/>\n<script type=\"application\/ld+json\" class=\"yoast-schema-graph\">{\"@context\":\"https:\/\/schema.org\",\"@graph\":[{\"@type\":\"Article\",\"@id\":\"https:\/\/footdavant.fr\/actualites\/nous-nous-sommes-battus-et-nous-sommes-de-nouveau-a-egalite\/#article\",\"isPartOf\":{\"@id\":\"https:\/\/footdavant.fr\/actualites\/nous-nous-sommes-battus-et-nous-sommes-de-nouveau-a-egalite\/\"},\"author\":{\"name\":\"Cl\u00e9ment\",\"@id\":\"https:\/\/footdavant.fr\/actualites\/#\/schema\/person\/bc222566d95871b37e597b3ed3ba5e1d\"},\"headline\":\"\u00ab\u00a0Nous nous sommes battus et nous sommes de nouveau \u00e0 \u00e9galit\u00e9\u00a0\u00bb\",\"datePublished\":\"2026-04-29T02:48:03+00:00\",\"dateModified\":\"2026-04-29T02:48:06+00:00\",\"mainEntityOfPage\":{\"@id\":\"https:\/\/footdavant.fr\/actualites\/nous-nous-sommes-battus-et-nous-sommes-de-nouveau-a-egalite\/\"},\"wordCount\":767,\"publisher\":{\"@id\":\"https:\/\/footdavant.fr\/actualites\/#organization\"},\"keywords\":[\"battus\",\"\u00e9galit\u00e9\",\"nous\",\"nouveau\",\"sommes\"],\"articleSection\":[\"Football\"],\"inLanguage\":\"fr-FR\"},{\"@type\":\"WebPage\",\"@id\":\"https:\/\/footdavant.fr\/actualites\/nous-nous-sommes-battus-et-nous-sommes-de-nouveau-a-egalite\/\",\"url\":\"https:\/\/footdavant.fr\/actualites\/nous-nous-sommes-battus-et-nous-sommes-de-nouveau-a-egalite\/\",\"name\":\"\\\"Nous nous sommes battus et nous sommes de nouveau \u00e0 \u00e9galit\u00e9\\\"\",\"isPartOf\":{\"@id\":\"https:\/\/footdavant.fr\/actualites\/#website\"},\"datePublished\":\"2026-04-29T02:48:03+00:00\",\"dateModified\":\"2026-04-29T02:48:06+00:00\",\"breadcrumb\":{\"@id\":\"https:\/\/footdavant.fr\/actualites\/nous-nous-sommes-battus-et-nous-sommes-de-nouveau-a-egalite\/#breadcrumb\"},\"inLanguage\":\"fr-FR\",\"potentialAction\":[{\"@type\":\"ReadAction\",\"target\":[\"https:\/\/footdavant.fr\/actualites\/nous-nous-sommes-battus-et-nous-sommes-de-nouveau-a-egalite\/\"]}]},{\"@type\":\"BreadcrumbList\",\"@id\":\"https:\/\/footdavant.fr\/actualites\/nous-nous-sommes-battus-et-nous-sommes-de-nouveau-a-egalite\/#breadcrumb\",\"itemListElement\":[{\"@type\":\"ListItem\",\"position\":1,\"name\":\"Accueil\",\"item\":\"https:\/\/footdavant.fr\/actualites\/\"},{\"@type\":\"ListItem\",\"position\":2,\"name\":\"\u00ab\u00a0Nous nous sommes battus et nous sommes de nouveau \u00e0 \u00e9galit\u00e9\u00a0\u00bb\"}]},{\"@type\":\"WebSite\",\"@id\":\"https:\/\/footdavant.fr\/actualites\/#website\",\"url\":\"https:\/\/footdavant.fr\/actualites\/\",\"name\":\"Foot d'avant\",\"description\":\"\",\"publisher\":{\"@id\":\"https:\/\/footdavant.fr\/actualites\/#organization\"},\"potentialAction\":[{\"@type\":\"SearchAction\",\"target\":{\"@type\":\"EntryPoint\",\"urlTemplate\":\"https:\/\/footdavant.fr\/actualites\/?s={search_term_string}\"},\"query-input\":\"required name=search_term_string\"}],\"inLanguage\":\"fr-FR\"},{\"@type\":\"Organization\",\"@id\":\"https:\/\/footdavant.fr\/actualites\/#organization\",\"name\":\"Foot d'avant\",\"url\":\"https:\/\/footdavant.fr\/actualites\/\",\"logo\":{\"@type\":\"ImageObject\",\"inLanguage\":\"fr-FR\",\"@id\":\"https:\/\/footdavant.fr\/actualites\/#\/schema\/logo\/image\/\",\"url\":\"https:\/\/footdavant.fr\/actualites\/wp-content\/uploads\/2023\/09\/Copy-of-FootDavant-Logo.png\",\"contentUrl\":\"https:\/\/footdavant.fr\/actualites\/wp-content\/uploads\/2023\/09\/Copy-of-FootDavant-Logo.png\",\"width\":936,\"height\":549,\"caption\":\"Foot d'avant\"},\"image\":{\"@id\":\"https:\/\/footdavant.fr\/actualites\/#\/schema\/logo\/image\/\"},\"sameAs\":[\"https:\/\/www.facebook.com\/Footdavant\/\",\"https:\/\/twitter.com\/FootdavantFr\",\"https:\/\/www.instagram.com\/footdavant.fr\/\"]},{\"@type\":\"Person\",\"@id\":\"https:\/\/footdavant.fr\/actualites\/#\/schema\/person\/bc222566d95871b37e597b3ed3ba5e1d\",\"name\":\"Cl\u00e9ment\",\"image\":{\"@type\":\"ImageObject\",\"inLanguage\":\"fr-FR\",\"@id\":\"https:\/\/footdavant.fr\/actualites\/#\/schema\/person\/image\/\",\"url\":\"https:\/\/secure.gravatar.com\/avatar\/7728b29aac2719421e1a9159b2254c44?s=96&d=mm&r=g\",\"contentUrl\":\"https:\/\/secure.gravatar.com\/avatar\/7728b29aac2719421e1a9159b2254c44?s=96&d=mm&r=g\",\"caption\":\"Cl\u00e9ment\"},\"sameAs\":[\"https:\/\/footdavant.fr\/\"]}]}<\/script>\n<!-- \/ Yoast SEO plugin. -->","yoast_head_json":{"title":"\"Nous nous sommes battus et nous sommes de nouveau \u00e0 \u00e9galit\u00e9\"","robots":{"index":"index","follow":"follow","max-snippet":"max-snippet:-1","max-image-preview":"max-image-preview:large","max-video-preview":"max-video-preview:-1"},"canonical":"https:\/\/footdavant.fr\/actualites\/nous-nous-sommes-battus-et-nous-sommes-de-nouveau-a-egalite\/","og_locale":"fr_FR","og_type":"article","og_title":"\"Nous nous sommes battus et nous sommes de nouveau \u00e0 \u00e9galit\u00e9\"","og_description":"Harry Kane pense que l&#39;esprit combatif du Bayern Munich lors de sa d\u00e9faite \u00e9poustouflante 5-4 contre le Paris Saint-Germain sera le facteur d\u00e9cisif lors du","og_url":"https:\/\/footdavant.fr\/actualites\/nous-nous-sommes-battus-et-nous-sommes-de-nouveau-a-egalite\/","og_site_name":"Foot d&#039;avant","article_publisher":"https:\/\/www.facebook.com\/Footdavant\/","article_published_time":"2026-04-29T02:48:03+00:00","article_modified_time":"2026-04-29T02:48:06+00:00","og_image":[{"width":1600,"height":1067,"url":"https:\/\/footdavant.fr\/actualites\/wp-content\/uploads\/2026\/04\/1777430884_Nous-nous-sommes-battus-et-nous-sommes-de-nouveau-a.jpg","type":"image\/jpeg"}],"author":"Cl\u00e9ment","twitter_card":"summary_large_image","twitter_creator":"@FootdavantFr","twitter_site":"@FootdavantFr","twitter_misc":{"\u00c9crit par":"Cl\u00e9ment","Dur\u00e9e de lecture estim\u00e9e":"4 minutes"},"schema":{"@context":"https:\/\/schema.org","@graph":[{"@type":"Article","@id":"https:\/\/footdavant.fr\/actualites\/nous-nous-sommes-battus-et-nous-sommes-de-nouveau-a-egalite\/#article","isPartOf":{"@id":"https:\/\/footdavant.fr\/actualites\/nous-nous-sommes-battus-et-nous-sommes-de-nouveau-a-egalite\/"},"author":{"name":"Cl\u00e9ment","@id":"https:\/\/footdavant.fr\/actualites\/#\/schema\/person\/bc222566d95871b37e597b3ed3ba5e1d"},"headline":"\u00ab\u00a0Nous nous sommes battus et nous sommes de nouveau \u00e0 \u00e9galit\u00e9\u00a0\u00bb","datePublished":"2026-04-29T02:48:03+00:00","dateModified":"2026-04-29T02:48:06+00:00","mainEntityOfPage":{"@id":"https:\/\/footdavant.fr\/actualites\/nous-nous-sommes-battus-et-nous-sommes-de-nouveau-a-egalite\/"},"wordCount":767,"publisher":{"@id":"https:\/\/footdavant.fr\/actualites\/#organization"},"keywords":["battus","\u00e9galit\u00e9","nous","nouveau","sommes"],"articleSection":["Football"],"inLanguage":"fr-FR"},{"@type":"WebPage","@id":"https:\/\/footdavant.fr\/actualites\/nous-nous-sommes-battus-et-nous-sommes-de-nouveau-a-egalite\/","url":"https:\/\/footdavant.fr\/actualites\/nous-nous-sommes-battus-et-nous-sommes-de-nouveau-a-egalite\/","name":"\"Nous nous sommes battus et nous sommes de nouveau \u00e0 \u00e9galit\u00e9\"","isPartOf":{"@id":"https:\/\/footdavant.fr\/actualites\/#website"},"datePublished":"2026-04-29T02:48:03+00:00","dateModified":"2026-04-29T02:48:06+00:00","breadcrumb":{"@id":"https:\/\/footdavant.fr\/actualites\/nous-nous-sommes-battus-et-nous-sommes-de-nouveau-a-egalite\/#breadcrumb"},"inLanguage":"fr-FR","potentialAction":[{"@type":"ReadAction","target":["https:\/\/footdavant.fr\/actualites\/nous-nous-sommes-battus-et-nous-sommes-de-nouveau-a-egalite\/"]}]},{"@type":"BreadcrumbList","@id":"https:\/\/footdavant.fr\/actualites\/nous-nous-sommes-battus-et-nous-sommes-de-nouveau-a-egalite\/#breadcrumb","itemListElement":[{"@type":"ListItem","position":1,"name":"Accueil","item":"https:\/\/footdavant.fr\/actualites\/"},{"@type":"ListItem","position":2,"name":"\u00ab\u00a0Nous nous sommes battus et nous sommes de nouveau \u00e0 \u00e9galit\u00e9\u00a0\u00bb"}]},{"@type":"WebSite","@id":"https:\/\/footdavant.fr\/actualites\/#website","url":"https:\/\/footdavant.fr\/actualites\/","name":"Foot d'avant","description":"","publisher":{"@id":"https:\/\/footdavant.fr\/actualites\/#organization"},"potentialAction":[{"@type":"SearchAction","target":{"@type":"EntryPoint","urlTemplate":"https:\/\/footdavant.fr\/actualites\/?s={search_term_string}"},"query-input":"required name=search_term_string"}],"inLanguage":"fr-FR"},{"@type":"Organization","@id":"https:\/\/footdavant.fr\/actualites\/#organization","name":"Foot d'avant","url":"https:\/\/footdavant.fr\/actualites\/","logo":{"@type":"ImageObject","inLanguage":"fr-FR","@id":"https:\/\/footdavant.fr\/actualites\/#\/schema\/logo\/image\/","url":"https:\/\/footdavant.fr\/actualites\/wp-content\/uploads\/2023\/09\/Copy-of-FootDavant-Logo.png","contentUrl":"https:\/\/footdavant.fr\/actualites\/wp-content\/uploads\/2023\/09\/Copy-of-FootDavant-Logo.png","width":936,"height":549,"caption":"Foot d'avant"},"image":{"@id":"https:\/\/footdavant.fr\/actualites\/#\/schema\/logo\/image\/"},"sameAs":["https:\/\/www.facebook.com\/Footdavant\/","https:\/\/twitter.com\/FootdavantFr","https:\/\/www.instagram.com\/footdavant.fr\/"]},{"@type":"Person","@id":"https:\/\/footdavant.fr\/actualites\/#\/schema\/person\/bc222566d95871b37e597b3ed3ba5e1d","name":"Cl\u00e9ment","image":{"@type":"ImageObject","inLanguage":"fr-FR","@id":"https:\/\/footdavant.fr\/actualites\/#\/schema\/person\/image\/","url":"https:\/\/secure.gravatar.com\/avatar\/7728b29aac2719421e1a9159b2254c44?s=96&d=mm&r=g","contentUrl":"https:\/\/secure.gravatar.com\/avatar\/7728b29aac2719421e1a9159b2254c44?s=96&d=mm&r=g","caption":"Cl\u00e9ment"},"sameAs":["https:\/\/footdavant.fr\/"]}]}},"_links":{"self":[{"href":"https:\/\/footdavant.fr\/actualites\/wp-json\/wp\/v2\/posts\/36940"}],"collection":[{"href":"https:\/\/footdavant.fr\/actualites\/wp-json\/wp\/v2\/posts"}],"about":[{"href":"https:\/\/footdavant.fr\/actualites\/wp-json\/wp\/v2\/types\/post"}],"author":[{"embeddable":true,"href":"https:\/\/footdavant.fr\/actualites\/wp-json\/wp\/v2\/users\/1"}],"replies":[{"embeddable":true,"href":"https:\/\/footdavant.fr\/actualites\/wp-json\/wp\/v2\/comments?post=36940"}],"version-history":[{"count":1,"href":"https:\/\/footdavant.fr\/actualites\/wp-json\/wp\/v2\/posts\/36940\/revisions"}],"predecessor-version":[{"id":36942,"href":"https:\/\/footdavant.fr\/actualites\/wp-json\/wp\/v2\/posts\/36940\/revisions\/36942"}],"wp:featuredmedia":[{"embeddable":true,"href":"https:\/\/footdavant.fr\/actualites\/wp-json\/wp\/v2\/media\/36941"}],"wp:attachment":[{"href":"https:\/\/footdavant.fr\/actualites\/wp-json\/wp\/v2\/media?parent=36940"}],"wp:term":[{"taxonomy":"category","embeddable":true,"href":"https:\/\/footdavant.fr\/actualites\/wp-json\/wp\/v2\/categories?post=36940"},{"taxonomy":"post_tag","embeddable":true,"href":"https:\/\/footdavant.fr\/actualites\/wp-json\/wp\/v2\/tags?post=36940"}],"curies":[{"name":"wp","href":"https:\/\/api.w.org\/{rel}","templated":true}]}}