{"id":36952,"date":"2026-04-29T12:48:14","date_gmt":"2026-04-29T10:48:14","guid":{"rendered":"https:\/\/footdavant.fr\/actualites\/tout-tourne-autour-de-latletico\/"},"modified":"2026-04-29T12:48:16","modified_gmt":"2026-04-29T10:48:16","slug":"tout-tourne-autour-de-latletico","status":"publish","type":"post","link":"https:\/\/footdavant.fr\/actualites\/tout-tourne-autour-de-latletico\/","title":{"rendered":"Tout tourne autour de l&#39;Atletico&#8230;"},"content":{"rendered":"<div>\n<p>Bonjour \u00e0 tous.<\/p>\n<p>Apr\u00e8s une demi-finale \u00e9pique de Ligue des Champions hier soir, c&#39;est \u00e0 notre tour ce soir d&#39;affronter l&#39;Atletico Madrid au Metropolitano. Ce sont peut-\u00eatre des derniers mots c\u00e9l\u00e8bres, mais si cela ressemble un peu au PSG 5-4 Bayern, je mangerai mon chapeau.<\/p>\n<p>Il convient de noter que cette it\u00e9ration actuelle de l&#39;Atletico est assez diff\u00e9rente de la perception que les gens ont des \u00e9quipes de Diego Simeone. Oui, ils travailleront dur et seront g\u00e9n\u00e9ralement tenaces, mais ils sont beaucoup moins concentr\u00e9s sur la d\u00e9fensive que par le pass\u00e9. Principalement parce que, selon leur manager, ils n&#39;ont pas la force d\u00e9fensive d&#39;autrefois et s&#39;appuient donc sur les qualit\u00e9s qu&#39;ils ont plus haut sur le terrain. Quiconque a regard\u00e9 ses quarts de finale contre Barcelone aura vu une \u00e9quipe qui dispose d&#39;une grande menace offensive, mais ne va pas simplement s&#39;asseoir et voir si vous pouvez les briser.<\/p>\n<p>Arsenal, en revanche, pourrait \u00eatre plus enclin \u00e0 faire quelque chose dans ce sens. Loin de chez nous apr\u00e8s un match difficile de Premier League ce week-end, Mikel Arteta s&#39;appuiera probablement sur ce qui est, ou \u00e9tait en tout cas, notre plus grande force, et c&#39;est difficile de marquer contre et difficile \u00e0 battre. Je pense que c&#39;est parfaitement bien de regarder le genre de football que nous avons vu hier soir et de penser qu&#39;il correspond davantage \u00e0 la fa\u00e7on dont vous envisagez le jeu, mais le co\u00fbt \u00e9vident est que, d\u00e9fensivement, vous \u00eates beaucoup moins en s\u00e9curit\u00e9. 9 buts ont \u00e9t\u00e9 marqu\u00e9s hier soir, mais l\u2019autre fa\u00e7on de voir les choses est de 9 encaiss\u00e9s.<\/p>\n<p>Cela ne correspond vraiment pas \u00e0 la fa\u00e7on de penser de notre manager, et quand on atteint les demi-finales de la plus grande comp\u00e9tition europ\u00e9enne pour la deuxi\u00e8me saison cons\u00e9cutive \u2013 pour la premi\u00e8re fois dans l&#39;histoire du club \u2013 je ne pense pas qu&#39;on puisse trop se plaindre de ce genre d&#39;approche. Ind\u00e9pendamment de ce que l\u2019on dit, si \u00eatre plus aventureux \u00e0 l\u2019avenir signifiait que nous en laissions entrer autant de monde que les deux c\u00f4t\u00e9s hier soir, il y aurait beaucoup de grognements. Je veux que nous soyons meilleurs offensivement, nous manquons clairement du talent d\u2019\u00e9lite de certaines autres \u00e9quipes, mais l\u2019\u00e9quilibre doit \u00eatre juste \u00e0 ce niveau.<\/p>\n<p>Le Bayer Leverkusen en huiti\u00e8mes de finale a \u00e9t\u00e9 une corv\u00e9e, mais nous sommes revenus \u00e0 Londres avec un match nul et avons termin\u00e9 le travail \u00e0 domicile de mani\u00e8re tr\u00e8s professionnelle. Un but tardif de Kai Havertz \u00e0 Lisbonne a suffi \u00e0 nous permettre de remporter notre propre quart de finale. Ainsi, m\u00eame si le football est une b\u00eate \u00e9trange et que les jeux peuvent vous surprendre, je serais \u00e9tonn\u00e9 que ce soir ne soit pas plus conforme \u00e0 ces jeux que les trucs de flipper de bout en bout que nous avons vus ailleurs.<\/p>\n<p>En termes d&#39;\u00e9quipe, je suppose que Viktor Gyokeres d\u00e9butera devant en l&#39;absence de Kai Havertz, et rappelons-nous qu&#39;il a marqu\u00e9 deux fois contre l&#39;Atletico en phase de championnat. Celui-l\u00e0 est \u00e9videmment diff\u00e9rent de ce soir, tout comme notre victoire 2-0 contre le PSG au m\u00eame stade la saison derni\u00e8re, mais c&#39;est toujours quelque chose dont vous esp\u00e9rez qu&#39;il lui sera tr\u00e8s utile. Dans la mesure du possible, je pense que nous avons besoin d&#39;autant de joueurs techniques que possible autour de lui. A gauche, il pourrait s&#39;agir de Leandro Trossard, ou d&#39;Eberechi Eze qui est suffisamment en forme pour voyager apr\u00e8s son forfait contre Newcastle, mais on ne peut s&#39;emp\u00eacher de s&#39;inqui\u00e9ter un peu de sa forme physique dans un match difficile, sans parler de la forme du Belge qui n&#39;a plus marqu\u00e9 de but depuis d\u00e9cembre. Le record de buts europ\u00e9ens de Gabriel Martinelli cette saison donne-t-il au manager de quoi r\u00e9fl\u00e9chir, ou est-ce quelque chose \u00e0 garder en r\u00e9serve si n\u00e9cessaire ?<\/p>\n<p>A droite, la tentation doit \u00eatre de faire d\u00e9buter Bukayo Saka dont la qualit\u00e9 donne \u00e0 l&#39;\u00e9quipe plus de puissance et \u00e0 l&#39;opposition quelque chose de plus \u00e0 penser, mais encore une fois, les probl\u00e8mes de forme physique soul\u00e8vent une ou deux questions. Est-ce qu&#39;Achille est assez bon pour faire ce dont nous avons besoin ce soir ? Dans quelle mesure devons-nous r\u00e9fl\u00e9chir \u00e0 ce dont nous avons besoin de lui ce week-end, et potentiellement la semaine prochaine lorsque nous affronterons ce qui sera probablement un \u00e9norme match retour ? La s\u00e9lection d&#39;arri\u00e8re droit, avec un choix entre Ben White et Cristhian Mosquera, joue-t-elle un r\u00f4le ? Nous pourrions potentiellement assister \u00e0 un retour du triangle White, Saka, Odegaard, mais il semble que cela fait longtemps que ce trio n&#39;a pas commenc\u00e9, et je me demande si, \u00e0 l&#39;ext\u00e9rieur, nous pourrions p\u00e9cher par exc\u00e8s de l\u00e9g\u00e8re prudence d\u00e9fensive avec le jeune Espagnol.<\/p>\n<p>Nous le saurons plus tard, mais avec autant d&#39;attention port\u00e9e \u00e0 la Premier League, et c&#39;est compr\u00e9hensible, ne n\u00e9gligeons pas l&#39;opportunit\u00e9 fantastique que nous avons en Europe. C&#39;est seulement la quatri\u00e8me fois de notre histoire que nous atteignons les demi-finales de cette comp\u00e9tition, et c&#39;est un troph\u00e9e que nous n&#39;avons jamais gagn\u00e9. Cela cr\u00e9e une dynamique int\u00e9ressante avec ce match nul, car l&#39;Atletico n&#39;a rien \u00e0 jouer en Liga, il est en s\u00e9curit\u00e9 dans les places de la Ligue des Champions et il a sa propre histoire douloureuse dans cette comp\u00e9tition \u00e0 essayer de corriger. Pour eux, tous les regards sont tourn\u00e9s vers ce prix alors que nous concourons sur deux fronts. Je pense qu&#39;ils voudront vraiment jouer \u00e0 domicile devant leurs propres supporters, ce qui pourrait nous laisser de l&#39;espace \u00e0 exploiter si nous pouvons \u00eatre efficaces dans ces moments-l\u00e0, mais ne vous y trompez pas, nous allons devoir travailler dur pour obtenir un r\u00e9sultat ce soir.<\/p>\n<p>Mikel Arteta dit :<\/p>\n<blockquote>\n<p>Nous connaissons la difficult\u00e9 du match, mais je pense que nous avons montr\u00e9 en Europe, sur tous les terrains, de quoi nous \u00e9tions capables. Nous avons \u00e9t\u00e9 tr\u00e8s constants et demain nous devons jouer avec cette confiance, avec cette envie et cette volont\u00e9, pour venir ici et gagner le match.<\/p>\n<p>C&#39;est le statut que nous souhaitons, et nous l&#39;avons gagn\u00e9 gr\u00e2ce \u00e0 un travail incroyable, de la passion et de la qualit\u00e9 au cours des neuf derniers mois. C\u2019est le moment de faire une d\u00e9claration, de montrer \u00e0 quel point nous sommes bons, \u00e0 quel point nous le voulons et de le r\u00e9aliser. C\u2019est clair, l\u2019opportunit\u00e9 s\u2019offre \u00e0 nous et nous devons l\u2019attaquer.<\/p>\n<\/blockquote>\n<p>Esp\u00e9rons que c&#39;est ce que nous pouvons faire. Nous sommes actuellement dans un territoire classique, un jeu \u00e0 la fois. Nous devons tout donner ce soir, puis voir qui nous avons et ce que nous pouvons faire contre Fulham, mais pour l&#39;instant, tout tourne autour de l&#39;Atletico.<\/p>\n<p>D&#39;accord, je vais en rester l\u00e0 pour l&#39;instant. Comme toujours, nous vous proposerons une couverture de blog en direct plus tard ainsi que toutes les informations d&#39;apr\u00e8s-match sur Arseblog News.<\/p>\n<p>On se retrouve plus tard\u00a0!<\/p>\n<\/div>\n","protected":false},"excerpt":{"rendered":"<p>Bonjour \u00e0 tous. Apr\u00e8s une demi-finale \u00e9pique de Ligue des Champions hier soir, c&#39;est \u00e0 notre tour ce soir d&#39;affronter l&#39;Atletico Madrid au Metropolitano. Ce<\/p>\n","protected":false},"author":1,"featured_media":36953,"comment_status":"closed","ping_status":"","sticky":false,"template":"","format":"standard","meta":{"footnotes":""},"categories":[3],"tags":[1248,4289,4429,291],"yoast_head":"<!-- This site is optimized with the Yoast SEO plugin v21.0 - https:\/\/yoast.com\/wordpress\/plugins\/seo\/ -->\n<title>Tout tourne autour de l&#039;Atletico...<\/title>\n<meta name=\"robots\" content=\"index, follow, max-snippet:-1, max-image-preview:large, max-video-preview:-1\" \/>\n<link rel=\"canonical\" href=\"https:\/\/footdavant.fr\/actualites\/tout-tourne-autour-de-latletico\/\" \/>\n<meta property=\"og:locale\" content=\"fr_FR\" \/>\n<meta property=\"og:type\" content=\"article\" \/>\n<meta property=\"og:title\" content=\"Tout tourne autour de l&#039;Atletico...\" \/>\n<meta property=\"og:description\" content=\"Bonjour \u00e0 tous. Apr\u00e8s une demi-finale \u00e9pique de Ligue des Champions hier soir, c&#039;est \u00e0 notre tour ce soir d&#039;affronter l&#039;Atletico Madrid au Metropolitano. Ce\" \/>\n<meta property=\"og:url\" content=\"https:\/\/footdavant.fr\/actualites\/tout-tourne-autour-de-latletico\/\" \/>\n<meta property=\"og:site_name\" content=\"Foot d&#039;avant\" \/>\n<meta property=\"article:publisher\" content=\"https:\/\/www.facebook.com\/Footdavant\/\" \/>\n<meta property=\"article:published_time\" content=\"2026-04-29T10:48:14+00:00\" \/>\n<meta property=\"article:modified_time\" content=\"2026-04-29T10:48:16+00:00\" \/>\n<meta property=\"og:image\" content=\"https:\/\/footdavant.fr\/actualites\/wp-content\/uploads\/2026\/04\/Tout-tourne-autour-de-l39Atletico.jpg\" \/>\n\t<meta property=\"og:image:width\" content=\"1500\" \/>\n\t<meta property=\"og:image:height\" content=\"750\" \/>\n\t<meta property=\"og:image:type\" content=\"image\/jpeg\" \/>\n<meta name=\"author\" content=\"Cl\u00e9ment\" \/>\n<meta name=\"twitter:card\" content=\"summary_large_image\" \/>\n<meta name=\"twitter:creator\" content=\"@FootdavantFr\" \/>\n<meta name=\"twitter:site\" content=\"@FootdavantFr\" \/>\n<meta name=\"twitter:label1\" content=\"\u00c9crit par\" \/>\n\t<meta name=\"twitter:data1\" content=\"Cl\u00e9ment\" \/>\n\t<meta name=\"twitter:label2\" content=\"Dur\u00e9e de lecture estim\u00e9e\" \/>\n\t<meta name=\"twitter:data2\" content=\"6 minutes\" \/>\n<script type=\"application\/ld+json\" class=\"yoast-schema-graph\">{\"@context\":\"https:\/\/schema.org\",\"@graph\":[{\"@type\":\"Article\",\"@id\":\"https:\/\/footdavant.fr\/actualites\/tout-tourne-autour-de-latletico\/#article\",\"isPartOf\":{\"@id\":\"https:\/\/footdavant.fr\/actualites\/tout-tourne-autour-de-latletico\/\"},\"author\":{\"name\":\"Cl\u00e9ment\",\"@id\":\"https:\/\/footdavant.fr\/actualites\/#\/schema\/person\/bc222566d95871b37e597b3ed3ba5e1d\"},\"headline\":\"Tout tourne autour de l&#39;Atletico&#8230;\",\"datePublished\":\"2026-04-29T10:48:14+00:00\",\"dateModified\":\"2026-04-29T10:48:16+00:00\",\"mainEntityOfPage\":{\"@id\":\"https:\/\/footdavant.fr\/actualites\/tout-tourne-autour-de-latletico\/\"},\"wordCount\":1258,\"publisher\":{\"@id\":\"https:\/\/footdavant.fr\/actualites\/#organization\"},\"keywords\":[\"autour\",\"l39Atletico\",\"tourne\",\"tout\"],\"articleSection\":[\"Football\"],\"inLanguage\":\"fr-FR\"},{\"@type\":\"WebPage\",\"@id\":\"https:\/\/footdavant.fr\/actualites\/tout-tourne-autour-de-latletico\/\",\"url\":\"https:\/\/footdavant.fr\/actualites\/tout-tourne-autour-de-latletico\/\",\"name\":\"Tout tourne autour de l&#39;Atletico...\",\"isPartOf\":{\"@id\":\"https:\/\/footdavant.fr\/actualites\/#website\"},\"datePublished\":\"2026-04-29T10:48:14+00:00\",\"dateModified\":\"2026-04-29T10:48:16+00:00\",\"breadcrumb\":{\"@id\":\"https:\/\/footdavant.fr\/actualites\/tout-tourne-autour-de-latletico\/#breadcrumb\"},\"inLanguage\":\"fr-FR\",\"potentialAction\":[{\"@type\":\"ReadAction\",\"target\":[\"https:\/\/footdavant.fr\/actualites\/tout-tourne-autour-de-latletico\/\"]}]},{\"@type\":\"BreadcrumbList\",\"@id\":\"https:\/\/footdavant.fr\/actualites\/tout-tourne-autour-de-latletico\/#breadcrumb\",\"itemListElement\":[{\"@type\":\"ListItem\",\"position\":1,\"name\":\"Accueil\",\"item\":\"https:\/\/footdavant.fr\/actualites\/\"},{\"@type\":\"ListItem\",\"position\":2,\"name\":\"Tout tourne autour de l&#39;Atletico&#8230;\"}]},{\"@type\":\"WebSite\",\"@id\":\"https:\/\/footdavant.fr\/actualites\/#website\",\"url\":\"https:\/\/footdavant.fr\/actualites\/\",\"name\":\"Foot d'avant\",\"description\":\"\",\"publisher\":{\"@id\":\"https:\/\/footdavant.fr\/actualites\/#organization\"},\"potentialAction\":[{\"@type\":\"SearchAction\",\"target\":{\"@type\":\"EntryPoint\",\"urlTemplate\":\"https:\/\/footdavant.fr\/actualites\/?s={search_term_string}\"},\"query-input\":\"required name=search_term_string\"}],\"inLanguage\":\"fr-FR\"},{\"@type\":\"Organization\",\"@id\":\"https:\/\/footdavant.fr\/actualites\/#organization\",\"name\":\"Foot d'avant\",\"url\":\"https:\/\/footdavant.fr\/actualites\/\",\"logo\":{\"@type\":\"ImageObject\",\"inLanguage\":\"fr-FR\",\"@id\":\"https:\/\/footdavant.fr\/actualites\/#\/schema\/logo\/image\/\",\"url\":\"https:\/\/footdavant.fr\/actualites\/wp-content\/uploads\/2023\/09\/Copy-of-FootDavant-Logo.png\",\"contentUrl\":\"https:\/\/footdavant.fr\/actualites\/wp-content\/uploads\/2023\/09\/Copy-of-FootDavant-Logo.png\",\"width\":936,\"height\":549,\"caption\":\"Foot d'avant\"},\"image\":{\"@id\":\"https:\/\/footdavant.fr\/actualites\/#\/schema\/logo\/image\/\"},\"sameAs\":[\"https:\/\/www.facebook.com\/Footdavant\/\",\"https:\/\/twitter.com\/FootdavantFr\",\"https:\/\/www.instagram.com\/footdavant.fr\/\"]},{\"@type\":\"Person\",\"@id\":\"https:\/\/footdavant.fr\/actualites\/#\/schema\/person\/bc222566d95871b37e597b3ed3ba5e1d\",\"name\":\"Cl\u00e9ment\",\"image\":{\"@type\":\"ImageObject\",\"inLanguage\":\"fr-FR\",\"@id\":\"https:\/\/footdavant.fr\/actualites\/#\/schema\/person\/image\/\",\"url\":\"https:\/\/secure.gravatar.com\/avatar\/7728b29aac2719421e1a9159b2254c44?s=96&d=mm&r=g\",\"contentUrl\":\"https:\/\/secure.gravatar.com\/avatar\/7728b29aac2719421e1a9159b2254c44?s=96&d=mm&r=g\",\"caption\":\"Cl\u00e9ment\"},\"sameAs\":[\"https:\/\/footdavant.fr\/\"]}]}<\/script>\n<!-- \/ Yoast SEO plugin. -->","yoast_head_json":{"title":"Tout tourne autour de l&#39;Atletico...","robots":{"index":"index","follow":"follow","max-snippet":"max-snippet:-1","max-image-preview":"max-image-preview:large","max-video-preview":"max-video-preview:-1"},"canonical":"https:\/\/footdavant.fr\/actualites\/tout-tourne-autour-de-latletico\/","og_locale":"fr_FR","og_type":"article","og_title":"Tout tourne autour de l&#39;Atletico...","og_description":"Bonjour \u00e0 tous. Apr\u00e8s une demi-finale \u00e9pique de Ligue des Champions hier soir, c&#39;est \u00e0 notre tour ce soir d&#39;affronter l&#39;Atletico Madrid au Metropolitano. Ce","og_url":"https:\/\/footdavant.fr\/actualites\/tout-tourne-autour-de-latletico\/","og_site_name":"Foot d&#039;avant","article_publisher":"https:\/\/www.facebook.com\/Footdavant\/","article_published_time":"2026-04-29T10:48:14+00:00","article_modified_time":"2026-04-29T10:48:16+00:00","og_image":[{"width":1500,"height":750,"url":"https:\/\/footdavant.fr\/actualites\/wp-content\/uploads\/2026\/04\/Tout-tourne-autour-de-l39Atletico.jpg","type":"image\/jpeg"}],"author":"Cl\u00e9ment","twitter_card":"summary_large_image","twitter_creator":"@FootdavantFr","twitter_site":"@FootdavantFr","twitter_misc":{"\u00c9crit par":"Cl\u00e9ment","Dur\u00e9e de lecture estim\u00e9e":"6 minutes"},"schema":{"@context":"https:\/\/schema.org","@graph":[{"@type":"Article","@id":"https:\/\/footdavant.fr\/actualites\/tout-tourne-autour-de-latletico\/#article","isPartOf":{"@id":"https:\/\/footdavant.fr\/actualites\/tout-tourne-autour-de-latletico\/"},"author":{"name":"Cl\u00e9ment","@id":"https:\/\/footdavant.fr\/actualites\/#\/schema\/person\/bc222566d95871b37e597b3ed3ba5e1d"},"headline":"Tout tourne autour de l&#39;Atletico&#8230;","datePublished":"2026-04-29T10:48:14+00:00","dateModified":"2026-04-29T10:48:16+00:00","mainEntityOfPage":{"@id":"https:\/\/footdavant.fr\/actualites\/tout-tourne-autour-de-latletico\/"},"wordCount":1258,"publisher":{"@id":"https:\/\/footdavant.fr\/actualites\/#organization"},"keywords":["autour","l39Atletico","tourne","tout"],"articleSection":["Football"],"inLanguage":"fr-FR"},{"@type":"WebPage","@id":"https:\/\/footdavant.fr\/actualites\/tout-tourne-autour-de-latletico\/","url":"https:\/\/footdavant.fr\/actualites\/tout-tourne-autour-de-latletico\/","name":"Tout tourne autour de l&#39;Atletico...","isPartOf":{"@id":"https:\/\/footdavant.fr\/actualites\/#website"},"datePublished":"2026-04-29T10:48:14+00:00","dateModified":"2026-04-29T10:48:16+00:00","breadcrumb":{"@id":"https:\/\/footdavant.fr\/actualites\/tout-tourne-autour-de-latletico\/#breadcrumb"},"inLanguage":"fr-FR","potentialAction":[{"@type":"ReadAction","target":["https:\/\/footdavant.fr\/actualites\/tout-tourne-autour-de-latletico\/"]}]},{"@type":"BreadcrumbList","@id":"https:\/\/footdavant.fr\/actualites\/tout-tourne-autour-de-latletico\/#breadcrumb","itemListElement":[{"@type":"ListItem","position":1,"name":"Accueil","item":"https:\/\/footdavant.fr\/actualites\/"},{"@type":"ListItem","position":2,"name":"Tout tourne autour de l&#39;Atletico&#8230;"}]},{"@type":"WebSite","@id":"https:\/\/footdavant.fr\/actualites\/#website","url":"https:\/\/footdavant.fr\/actualites\/","name":"Foot d'avant","description":"","publisher":{"@id":"https:\/\/footdavant.fr\/actualites\/#organization"},"potentialAction":[{"@type":"SearchAction","target":{"@type":"EntryPoint","urlTemplate":"https:\/\/footdavant.fr\/actualites\/?s={search_term_string}"},"query-input":"required name=search_term_string"}],"inLanguage":"fr-FR"},{"@type":"Organization","@id":"https:\/\/footdavant.fr\/actualites\/#organization","name":"Foot d'avant","url":"https:\/\/footdavant.fr\/actualites\/","logo":{"@type":"ImageObject","inLanguage":"fr-FR","@id":"https:\/\/footdavant.fr\/actualites\/#\/schema\/logo\/image\/","url":"https:\/\/footdavant.fr\/actualites\/wp-content\/uploads\/2023\/09\/Copy-of-FootDavant-Logo.png","contentUrl":"https:\/\/footdavant.fr\/actualites\/wp-content\/uploads\/2023\/09\/Copy-of-FootDavant-Logo.png","width":936,"height":549,"caption":"Foot d'avant"},"image":{"@id":"https:\/\/footdavant.fr\/actualites\/#\/schema\/logo\/image\/"},"sameAs":["https:\/\/www.facebook.com\/Footdavant\/","https:\/\/twitter.com\/FootdavantFr","https:\/\/www.instagram.com\/footdavant.fr\/"]},{"@type":"Person","@id":"https:\/\/footdavant.fr\/actualites\/#\/schema\/person\/bc222566d95871b37e597b3ed3ba5e1d","name":"Cl\u00e9ment","image":{"@type":"ImageObject","inLanguage":"fr-FR","@id":"https:\/\/footdavant.fr\/actualites\/#\/schema\/person\/image\/","url":"https:\/\/secure.gravatar.com\/avatar\/7728b29aac2719421e1a9159b2254c44?s=96&d=mm&r=g","contentUrl":"https:\/\/secure.gravatar.com\/avatar\/7728b29aac2719421e1a9159b2254c44?s=96&d=mm&r=g","caption":"Cl\u00e9ment"},"sameAs":["https:\/\/footdavant.fr\/"]}]}},"_links":{"self":[{"href":"https:\/\/footdavant.fr\/actualites\/wp-json\/wp\/v2\/posts\/36952"}],"collection":[{"href":"https:\/\/footdavant.fr\/actualites\/wp-json\/wp\/v2\/posts"}],"about":[{"href":"https:\/\/footdavant.fr\/actualites\/wp-json\/wp\/v2\/types\/post"}],"author":[{"embeddable":true,"href":"https:\/\/footdavant.fr\/actualites\/wp-json\/wp\/v2\/users\/1"}],"replies":[{"embeddable":true,"href":"https:\/\/footdavant.fr\/actualites\/wp-json\/wp\/v2\/comments?post=36952"}],"version-history":[{"count":1,"href":"https:\/\/footdavant.fr\/actualites\/wp-json\/wp\/v2\/posts\/36952\/revisions"}],"predecessor-version":[{"id":36954,"href":"https:\/\/footdavant.fr\/actualites\/wp-json\/wp\/v2\/posts\/36952\/revisions\/36954"}],"wp:featuredmedia":[{"embeddable":true,"href":"https:\/\/footdavant.fr\/actualites\/wp-json\/wp\/v2\/media\/36953"}],"wp:attachment":[{"href":"https:\/\/footdavant.fr\/actualites\/wp-json\/wp\/v2\/media?parent=36952"}],"wp:term":[{"taxonomy":"category","embeddable":true,"href":"https:\/\/footdavant.fr\/actualites\/wp-json\/wp\/v2\/categories?post=36952"},{"taxonomy":"post_tag","embeddable":true,"href":"https:\/\/footdavant.fr\/actualites\/wp-json\/wp\/v2\/tags?post=36952"}],"curies":[{"name":"wp","href":"https:\/\/api.w.org\/{rel}","templated":true}]}}