{"id":36955,"date":"2026-04-29T16:48:09","date_gmt":"2026-04-29T14:48:09","guid":{"rendered":"https:\/\/footdavant.fr\/actualites\/liverpool-confirme-les-details-des-matches-de-pre-saison-pour-les-matchs-amicaux-avec-les-etats-unis\/"},"modified":"2026-04-29T16:48:12","modified_gmt":"2026-04-29T14:48:12","slug":"liverpool-confirme-les-details-des-matches-de-pre-saison-pour-les-matchs-amicaux-avec-les-etats-unis","status":"publish","type":"post","link":"https:\/\/footdavant.fr\/actualites\/liverpool-confirme-les-details-des-matches-de-pre-saison-pour-les-matchs-amicaux-avec-les-etats-unis\/","title":{"rendered":"Liverpool confirme les d\u00e9tails des matches de pr\u00e9-saison pour les matchs amicaux avec les \u00c9tats-Unis"},"content":{"rendered":"<p><\/p>\n<div id=\"article-body\">\n<!-- Article Start --><\/p>\n<p>Liverpool a confirm\u00e9 les dates et heures de ses trois matches de pr\u00e9-saison aux \u00c9tats-Unis cet \u00e9t\u00e9.<\/p>\n<p>Quelques jours seulement apr\u00e8s la finale de la Coupe du monde dans le New Jersey, les Reds se rendront aux \u00c9tats-Unis pour une triple confrontation contre des adversaires des deux premiers niveaux du football anglais \u00e0 Sunderland, Leeds et Wrexham.<\/p>\n<hr\/>\n<p><b><i>T\u00c9L\u00c9CHARGEZ L&#39;APPLICATION OFFICIELLE EMPIRE OF KOP POUR TOUTES LES DERNI\u00c8RES MISES \u00c0 JOUR \u2013 DIRECTEMENT SUR VOTRE T\u00c9L\u00c9PHONE\u00a0! SUR APPLE ET GOOGLE PLAY<\/i><\/b><\/p>\n<hr\/>\n<p>Il y a deux ans, Arne Slot faisait ses premiers pas en tant qu&#39;entra\u00eeneur-chef du LFC en Am\u00e9rique, o\u00f9 il supervisait les victoires de pr\u00e9-saison contre le Real Betis, Arsenal et Manchester United avant de remporter le titre de Premier League quelques mois plus tard.<\/p>\n<h2>Liverpool confirme les d\u00e9tails du match de pr\u00e9-saison<\/h2>\n<p>Mercredi apr\u00e8s-midi, Liverpool a confirm\u00e9 les d\u00e9tails de sa tourn\u00e9e de pr\u00e9-saison 2026 aux \u00c9tats-Unis sur son site officiel.<\/p>\n<p>Le premier sera un affrontement contre Sunderland le samedi 25 juillet au Geodis Park de Nashville, avec un coup d&#39;envoi \u00e0 23 heures GMT.<\/p>\n<p>Cela sera suivi d&#39;un match contre Wrexham au Yankee Stadium de New York, qui se jouera aux premi\u00e8res heures du jeudi 30 juillet pour les t\u00e9l\u00e9spectateurs britanniques (00h30 GMT), la tourn\u00e9e se terminant contre Leeds au Solider Field de Chicago le dimanche 2 ao\u00fbt avec un coup d&#39;envoi \u00e0 21h00 GMT.<\/p>\n<\/p>\n<h2>Beaucoup de choses pourraient changer \u00e0 Liverpool d\u2019ici l\u00e0<\/h2>\n<p>M\u00eame si ces matchs ne sont que dans trois mois, il est possible que beaucoup de choses changent d\u2019ici l\u00e0.<\/p>\n<p>Y aura-t-il un premier aper\u00e7u de nouvelles recrues plus t\u00f4t cet \u00e9t\u00e9 ? Quels grands noms pourraient manquer \u00e0 l\u2019appel en raison de leur participation prolong\u00e9e \u00e0 la Coupe du monde ? Alisson Becker, Alexis Mac Allister et Curtis Jones seront-ils encore des joueurs de Liverpool d&#39;ici l\u00e0 ? Pourrait-il m\u00eame y avoir un nouvel entra\u00eeneur-chef \u00e0 la barre ?<\/p>\n<p>Les r\u00e9sultats de pr\u00e9-saison ne comptent explicitement pour rien, mais de solides performances et quelques victoires garantiraient que les Reds reprennent la comp\u00e9tition en ao\u00fbt sur une note positive, pr\u00e9par\u00e9s et pr\u00eats, esp\u00e9rons-le, \u00e0 d\u00e9livrer un succ\u00e8s tangible d&#39;ici mai suivant.<\/p>\n<p>Une chose que nous esp\u00e9rons vraiment voir en Am\u00e9rique \u2013 outre les nouveaux maillots qu&#39;Adidas aura sans doute sortis d&#39;ici l\u00e0 \u2013 est de savoir si une starlette de l&#39;acad\u00e9mie peut attirer l&#39;attention comme l&#39;a fait Rio Ngumoha en Extr\u00eame-Orient l&#39;\u00e9t\u00e9 dernier.<\/p>\n<p>Il reste encore la question non n\u00e9gligeable de la qualification en Ligue des champions \u00e0 r\u00e9gler au cours des quatre derni\u00e8res semaines de cette campagne, mais les d\u00e9tails confirm\u00e9s des matchs de pr\u00e9-saison de Liverpool aux \u00c9tats-Unis mettent en perspective la saison 2026\/27.<\/p>\n<p><!-- Article End -->\t\t\t\t<\/div>\n","protected":false},"excerpt":{"rendered":"<p>Liverpool a confirm\u00e9 les dates et heures de ses trois matches de pr\u00e9-saison aux \u00c9tats-Unis cet \u00e9t\u00e9. Quelques jours seulement apr\u00e8s la finale de la<\/p>\n","protected":false},"author":1,"featured_media":36956,"comment_status":"closed","ping_status":"","sticky":false,"template":"","format":"standard","meta":{"footnotes":""},"categories":[3],"tags":[5999,91,40,12,3411,3394,93,53,3395,688,51,1517],"yoast_head":"<!-- This site is optimized with the Yoast SEO plugin v21.0 - https:\/\/yoast.com\/wordpress\/plugins\/seo\/ -->\n<title>Liverpool confirme les d\u00e9tails des matches de pr\u00e9-saison pour les matchs amicaux avec les \u00c9tats-Unis<\/title>\n<meta name=\"robots\" content=\"index, follow, max-snippet:-1, max-image-preview:large, max-video-preview:-1\" \/>\n<link rel=\"canonical\" href=\"https:\/\/footdavant.fr\/actualites\/liverpool-confirme-les-details-des-matches-de-pre-saison-pour-les-matchs-amicaux-avec-les-etats-unis\/\" \/>\n<meta property=\"og:locale\" content=\"fr_FR\" \/>\n<meta property=\"og:type\" content=\"article\" \/>\n<meta property=\"og:title\" content=\"Liverpool confirme les d\u00e9tails des matches de pr\u00e9-saison pour les matchs amicaux avec les \u00c9tats-Unis\" \/>\n<meta property=\"og:description\" content=\"Liverpool a confirm\u00e9 les dates et heures de ses trois matches de pr\u00e9-saison aux \u00c9tats-Unis cet \u00e9t\u00e9. Quelques jours seulement apr\u00e8s la finale de la\" \/>\n<meta property=\"og:url\" content=\"https:\/\/footdavant.fr\/actualites\/liverpool-confirme-les-details-des-matches-de-pre-saison-pour-les-matchs-amicaux-avec-les-etats-unis\/\" \/>\n<meta property=\"og:site_name\" content=\"Foot d&#039;avant\" \/>\n<meta property=\"article:publisher\" content=\"https:\/\/www.facebook.com\/Footdavant\/\" \/>\n<meta property=\"article:published_time\" content=\"2026-04-29T14:48:09+00:00\" \/>\n<meta property=\"article:modified_time\" content=\"2026-04-29T14:48:12+00:00\" \/>\n<meta property=\"og:image\" content=\"https:\/\/footdavant.fr\/actualites\/wp-content\/uploads\/2026\/04\/Liverpool-confirme-les-details-des-matches-de-pre-saison-pour-les.jpg\" \/>\n\t<meta property=\"og:image:width\" content=\"1466\" \/>\n\t<meta property=\"og:image:height\" content=\"823\" \/>\n\t<meta property=\"og:image:type\" content=\"image\/jpeg\" \/>\n<meta name=\"author\" content=\"Cl\u00e9ment\" \/>\n<meta name=\"twitter:card\" content=\"summary_large_image\" \/>\n<meta name=\"twitter:creator\" content=\"@FootdavantFr\" \/>\n<meta name=\"twitter:site\" content=\"@FootdavantFr\" \/>\n<meta name=\"twitter:label1\" content=\"\u00c9crit par\" \/>\n\t<meta name=\"twitter:data1\" content=\"Cl\u00e9ment\" \/>\n\t<meta name=\"twitter:label2\" content=\"Dur\u00e9e de lecture estim\u00e9e\" \/>\n\t<meta name=\"twitter:data2\" content=\"2 minutes\" \/>\n<script type=\"application\/ld+json\" class=\"yoast-schema-graph\">{\"@context\":\"https:\/\/schema.org\",\"@graph\":[{\"@type\":\"Article\",\"@id\":\"https:\/\/footdavant.fr\/actualites\/liverpool-confirme-les-details-des-matches-de-pre-saison-pour-les-matchs-amicaux-avec-les-etats-unis\/#article\",\"isPartOf\":{\"@id\":\"https:\/\/footdavant.fr\/actualites\/liverpool-confirme-les-details-des-matches-de-pre-saison-pour-les-matchs-amicaux-avec-les-etats-unis\/\"},\"author\":{\"name\":\"Cl\u00e9ment\",\"@id\":\"https:\/\/footdavant.fr\/actualites\/#\/schema\/person\/bc222566d95871b37e597b3ed3ba5e1d\"},\"headline\":\"Liverpool confirme les d\u00e9tails des matches de pr\u00e9-saison pour les matchs amicaux avec les \u00c9tats-Unis\",\"datePublished\":\"2026-04-29T14:48:09+00:00\",\"dateModified\":\"2026-04-29T14:48:12+00:00\",\"mainEntityOfPage\":{\"@id\":\"https:\/\/footdavant.fr\/actualites\/liverpool-confirme-les-details-des-matches-de-pre-saison-pour-les-matchs-amicaux-avec-les-etats-unis\/\"},\"wordCount\":499,\"publisher\":{\"@id\":\"https:\/\/footdavant.fr\/actualites\/#organization\"},\"keywords\":[\"amicaux\",\"avec\",\"confirme\",\"des\",\"d\u00e9tails\",\"\u00c9tatsUnis\",\"les\",\"Liverpool\",\"matches\",\"matchs\",\"pour\",\"pr\u00e9saison\"],\"articleSection\":[\"Football\"],\"inLanguage\":\"fr-FR\"},{\"@type\":\"WebPage\",\"@id\":\"https:\/\/footdavant.fr\/actualites\/liverpool-confirme-les-details-des-matches-de-pre-saison-pour-les-matchs-amicaux-avec-les-etats-unis\/\",\"url\":\"https:\/\/footdavant.fr\/actualites\/liverpool-confirme-les-details-des-matches-de-pre-saison-pour-les-matchs-amicaux-avec-les-etats-unis\/\",\"name\":\"Liverpool confirme les d\u00e9tails des matches de pr\u00e9-saison pour les matchs amicaux avec les \u00c9tats-Unis\",\"isPartOf\":{\"@id\":\"https:\/\/footdavant.fr\/actualites\/#website\"},\"datePublished\":\"2026-04-29T14:48:09+00:00\",\"dateModified\":\"2026-04-29T14:48:12+00:00\",\"breadcrumb\":{\"@id\":\"https:\/\/footdavant.fr\/actualites\/liverpool-confirme-les-details-des-matches-de-pre-saison-pour-les-matchs-amicaux-avec-les-etats-unis\/#breadcrumb\"},\"inLanguage\":\"fr-FR\",\"potentialAction\":[{\"@type\":\"ReadAction\",\"target\":[\"https:\/\/footdavant.fr\/actualites\/liverpool-confirme-les-details-des-matches-de-pre-saison-pour-les-matchs-amicaux-avec-les-etats-unis\/\"]}]},{\"@type\":\"BreadcrumbList\",\"@id\":\"https:\/\/footdavant.fr\/actualites\/liverpool-confirme-les-details-des-matches-de-pre-saison-pour-les-matchs-amicaux-avec-les-etats-unis\/#breadcrumb\",\"itemListElement\":[{\"@type\":\"ListItem\",\"position\":1,\"name\":\"Accueil\",\"item\":\"https:\/\/footdavant.fr\/actualites\/\"},{\"@type\":\"ListItem\",\"position\":2,\"name\":\"Liverpool confirme les d\u00e9tails des matches de pr\u00e9-saison pour les matchs amicaux avec les \u00c9tats-Unis\"}]},{\"@type\":\"WebSite\",\"@id\":\"https:\/\/footdavant.fr\/actualites\/#website\",\"url\":\"https:\/\/footdavant.fr\/actualites\/\",\"name\":\"Foot d'avant\",\"description\":\"\",\"publisher\":{\"@id\":\"https:\/\/footdavant.fr\/actualites\/#organization\"},\"potentialAction\":[{\"@type\":\"SearchAction\",\"target\":{\"@type\":\"EntryPoint\",\"urlTemplate\":\"https:\/\/footdavant.fr\/actualites\/?s={search_term_string}\"},\"query-input\":\"required name=search_term_string\"}],\"inLanguage\":\"fr-FR\"},{\"@type\":\"Organization\",\"@id\":\"https:\/\/footdavant.fr\/actualites\/#organization\",\"name\":\"Foot d'avant\",\"url\":\"https:\/\/footdavant.fr\/actualites\/\",\"logo\":{\"@type\":\"ImageObject\",\"inLanguage\":\"fr-FR\",\"@id\":\"https:\/\/footdavant.fr\/actualites\/#\/schema\/logo\/image\/\",\"url\":\"https:\/\/footdavant.fr\/actualites\/wp-content\/uploads\/2023\/09\/Copy-of-FootDavant-Logo.png\",\"contentUrl\":\"https:\/\/footdavant.fr\/actualites\/wp-content\/uploads\/2023\/09\/Copy-of-FootDavant-Logo.png\",\"width\":936,\"height\":549,\"caption\":\"Foot d'avant\"},\"image\":{\"@id\":\"https:\/\/footdavant.fr\/actualites\/#\/schema\/logo\/image\/\"},\"sameAs\":[\"https:\/\/www.facebook.com\/Footdavant\/\",\"https:\/\/twitter.com\/FootdavantFr\",\"https:\/\/www.instagram.com\/footdavant.fr\/\"]},{\"@type\":\"Person\",\"@id\":\"https:\/\/footdavant.fr\/actualites\/#\/schema\/person\/bc222566d95871b37e597b3ed3ba5e1d\",\"name\":\"Cl\u00e9ment\",\"image\":{\"@type\":\"ImageObject\",\"inLanguage\":\"fr-FR\",\"@id\":\"https:\/\/footdavant.fr\/actualites\/#\/schema\/person\/image\/\",\"url\":\"https:\/\/secure.gravatar.com\/avatar\/7728b29aac2719421e1a9159b2254c44?s=96&d=mm&r=g\",\"contentUrl\":\"https:\/\/secure.gravatar.com\/avatar\/7728b29aac2719421e1a9159b2254c44?s=96&d=mm&r=g\",\"caption\":\"Cl\u00e9ment\"},\"sameAs\":[\"https:\/\/footdavant.fr\/\"]}]}<\/script>\n<!-- \/ Yoast SEO plugin. -->","yoast_head_json":{"title":"Liverpool confirme les d\u00e9tails des matches de pr\u00e9-saison pour les matchs amicaux avec les \u00c9tats-Unis","robots":{"index":"index","follow":"follow","max-snippet":"max-snippet:-1","max-image-preview":"max-image-preview:large","max-video-preview":"max-video-preview:-1"},"canonical":"https:\/\/footdavant.fr\/actualites\/liverpool-confirme-les-details-des-matches-de-pre-saison-pour-les-matchs-amicaux-avec-les-etats-unis\/","og_locale":"fr_FR","og_type":"article","og_title":"Liverpool confirme les d\u00e9tails des matches de pr\u00e9-saison pour les matchs amicaux avec les \u00c9tats-Unis","og_description":"Liverpool a confirm\u00e9 les dates et heures de ses trois matches de pr\u00e9-saison aux \u00c9tats-Unis cet \u00e9t\u00e9. Quelques jours seulement apr\u00e8s la finale de la","og_url":"https:\/\/footdavant.fr\/actualites\/liverpool-confirme-les-details-des-matches-de-pre-saison-pour-les-matchs-amicaux-avec-les-etats-unis\/","og_site_name":"Foot d&#039;avant","article_publisher":"https:\/\/www.facebook.com\/Footdavant\/","article_published_time":"2026-04-29T14:48:09+00:00","article_modified_time":"2026-04-29T14:48:12+00:00","og_image":[{"width":1466,"height":823,"url":"https:\/\/footdavant.fr\/actualites\/wp-content\/uploads\/2026\/04\/Liverpool-confirme-les-details-des-matches-de-pre-saison-pour-les.jpg","type":"image\/jpeg"}],"author":"Cl\u00e9ment","twitter_card":"summary_large_image","twitter_creator":"@FootdavantFr","twitter_site":"@FootdavantFr","twitter_misc":{"\u00c9crit par":"Cl\u00e9ment","Dur\u00e9e de lecture estim\u00e9e":"2 minutes"},"schema":{"@context":"https:\/\/schema.org","@graph":[{"@type":"Article","@id":"https:\/\/footdavant.fr\/actualites\/liverpool-confirme-les-details-des-matches-de-pre-saison-pour-les-matchs-amicaux-avec-les-etats-unis\/#article","isPartOf":{"@id":"https:\/\/footdavant.fr\/actualites\/liverpool-confirme-les-details-des-matches-de-pre-saison-pour-les-matchs-amicaux-avec-les-etats-unis\/"},"author":{"name":"Cl\u00e9ment","@id":"https:\/\/footdavant.fr\/actualites\/#\/schema\/person\/bc222566d95871b37e597b3ed3ba5e1d"},"headline":"Liverpool confirme les d\u00e9tails des matches de pr\u00e9-saison pour les matchs amicaux avec les \u00c9tats-Unis","datePublished":"2026-04-29T14:48:09+00:00","dateModified":"2026-04-29T14:48:12+00:00","mainEntityOfPage":{"@id":"https:\/\/footdavant.fr\/actualites\/liverpool-confirme-les-details-des-matches-de-pre-saison-pour-les-matchs-amicaux-avec-les-etats-unis\/"},"wordCount":499,"publisher":{"@id":"https:\/\/footdavant.fr\/actualites\/#organization"},"keywords":["amicaux","avec","confirme","des","d\u00e9tails","\u00c9tatsUnis","les","Liverpool","matches","matchs","pour","pr\u00e9saison"],"articleSection":["Football"],"inLanguage":"fr-FR"},{"@type":"WebPage","@id":"https:\/\/footdavant.fr\/actualites\/liverpool-confirme-les-details-des-matches-de-pre-saison-pour-les-matchs-amicaux-avec-les-etats-unis\/","url":"https:\/\/footdavant.fr\/actualites\/liverpool-confirme-les-details-des-matches-de-pre-saison-pour-les-matchs-amicaux-avec-les-etats-unis\/","name":"Liverpool confirme les d\u00e9tails des matches de pr\u00e9-saison pour les matchs amicaux avec les \u00c9tats-Unis","isPartOf":{"@id":"https:\/\/footdavant.fr\/actualites\/#website"},"datePublished":"2026-04-29T14:48:09+00:00","dateModified":"2026-04-29T14:48:12+00:00","breadcrumb":{"@id":"https:\/\/footdavant.fr\/actualites\/liverpool-confirme-les-details-des-matches-de-pre-saison-pour-les-matchs-amicaux-avec-les-etats-unis\/#breadcrumb"},"inLanguage":"fr-FR","potentialAction":[{"@type":"ReadAction","target":["https:\/\/footdavant.fr\/actualites\/liverpool-confirme-les-details-des-matches-de-pre-saison-pour-les-matchs-amicaux-avec-les-etats-unis\/"]}]},{"@type":"BreadcrumbList","@id":"https:\/\/footdavant.fr\/actualites\/liverpool-confirme-les-details-des-matches-de-pre-saison-pour-les-matchs-amicaux-avec-les-etats-unis\/#breadcrumb","itemListElement":[{"@type":"ListItem","position":1,"name":"Accueil","item":"https:\/\/footdavant.fr\/actualites\/"},{"@type":"ListItem","position":2,"name":"Liverpool confirme les d\u00e9tails des matches de pr\u00e9-saison pour les matchs amicaux avec les \u00c9tats-Unis"}]},{"@type":"WebSite","@id":"https:\/\/footdavant.fr\/actualites\/#website","url":"https:\/\/footdavant.fr\/actualites\/","name":"Foot d'avant","description":"","publisher":{"@id":"https:\/\/footdavant.fr\/actualites\/#organization"},"potentialAction":[{"@type":"SearchAction","target":{"@type":"EntryPoint","urlTemplate":"https:\/\/footdavant.fr\/actualites\/?s={search_term_string}"},"query-input":"required name=search_term_string"}],"inLanguage":"fr-FR"},{"@type":"Organization","@id":"https:\/\/footdavant.fr\/actualites\/#organization","name":"Foot d'avant","url":"https:\/\/footdavant.fr\/actualites\/","logo":{"@type":"ImageObject","inLanguage":"fr-FR","@id":"https:\/\/footdavant.fr\/actualites\/#\/schema\/logo\/image\/","url":"https:\/\/footdavant.fr\/actualites\/wp-content\/uploads\/2023\/09\/Copy-of-FootDavant-Logo.png","contentUrl":"https:\/\/footdavant.fr\/actualites\/wp-content\/uploads\/2023\/09\/Copy-of-FootDavant-Logo.png","width":936,"height":549,"caption":"Foot d'avant"},"image":{"@id":"https:\/\/footdavant.fr\/actualites\/#\/schema\/logo\/image\/"},"sameAs":["https:\/\/www.facebook.com\/Footdavant\/","https:\/\/twitter.com\/FootdavantFr","https:\/\/www.instagram.com\/footdavant.fr\/"]},{"@type":"Person","@id":"https:\/\/footdavant.fr\/actualites\/#\/schema\/person\/bc222566d95871b37e597b3ed3ba5e1d","name":"Cl\u00e9ment","image":{"@type":"ImageObject","inLanguage":"fr-FR","@id":"https:\/\/footdavant.fr\/actualites\/#\/schema\/person\/image\/","url":"https:\/\/secure.gravatar.com\/avatar\/7728b29aac2719421e1a9159b2254c44?s=96&d=mm&r=g","contentUrl":"https:\/\/secure.gravatar.com\/avatar\/7728b29aac2719421e1a9159b2254c44?s=96&d=mm&r=g","caption":"Cl\u00e9ment"},"sameAs":["https:\/\/footdavant.fr\/"]}]}},"_links":{"self":[{"href":"https:\/\/footdavant.fr\/actualites\/wp-json\/wp\/v2\/posts\/36955"}],"collection":[{"href":"https:\/\/footdavant.fr\/actualites\/wp-json\/wp\/v2\/posts"}],"about":[{"href":"https:\/\/footdavant.fr\/actualites\/wp-json\/wp\/v2\/types\/post"}],"author":[{"embeddable":true,"href":"https:\/\/footdavant.fr\/actualites\/wp-json\/wp\/v2\/users\/1"}],"replies":[{"embeddable":true,"href":"https:\/\/footdavant.fr\/actualites\/wp-json\/wp\/v2\/comments?post=36955"}],"version-history":[{"count":1,"href":"https:\/\/footdavant.fr\/actualites\/wp-json\/wp\/v2\/posts\/36955\/revisions"}],"predecessor-version":[{"id":36957,"href":"https:\/\/footdavant.fr\/actualites\/wp-json\/wp\/v2\/posts\/36955\/revisions\/36957"}],"wp:featuredmedia":[{"embeddable":true,"href":"https:\/\/footdavant.fr\/actualites\/wp-json\/wp\/v2\/media\/36956"}],"wp:attachment":[{"href":"https:\/\/footdavant.fr\/actualites\/wp-json\/wp\/v2\/media?parent=36955"}],"wp:term":[{"taxonomy":"category","embeddable":true,"href":"https:\/\/footdavant.fr\/actualites\/wp-json\/wp\/v2\/categories?post=36955"},{"taxonomy":"post_tag","embeddable":true,"href":"https:\/\/footdavant.fr\/actualites\/wp-json\/wp\/v2\/tags?post=36955"}],"curies":[{"name":"wp","href":"https:\/\/api.w.org\/{rel}","templated":true}]}}