{"id":36961,"date":"2026-04-29T20:48:13","date_gmt":"2026-04-29T18:48:13","guid":{"rendered":"https:\/\/footdavant.fr\/actualites\/atletico-madrid-contre-arsenal-commentaires-mises-a-jour-buts-et-statistiques-pour-la-demi-finale-de-la-ligue-des-champions\/"},"modified":"2026-04-29T20:48:15","modified_gmt":"2026-04-29T18:48:15","slug":"atletico-madrid-contre-arsenal-commentaires-mises-a-jour-buts-et-statistiques-pour-la-demi-finale-de-la-ligue-des-champions","status":"publish","type":"post","link":"https:\/\/footdavant.fr\/actualites\/atletico-madrid-contre-arsenal-commentaires-mises-a-jour-buts-et-statistiques-pour-la-demi-finale-de-la-ligue-des-champions\/","title":{"rendered":"Atletico Madrid contre Arsenal : commentaires, mises \u00e0 jour, buts et statistiques pour la demi-finale de la Ligue des champions"},"content":{"rendered":"<div>\n<p><opta-widget widget=\"opta_stream\" competition=\"4oogyu6o156iphvdvphwpck10\" season=\"2mr0u0l78k2gdsm79q56tb2fo\" match=\"ca2i4o1c3ajp4nhwbvs6tmqs4\" template=\"normal\" show_match_header=\"true\" show_date=\"false\" date_format=\"dddd D MMMM YYYY\" narrow_date_format=\"DD\/MM\/YY\" show_team_formation=\"true\" team_naming=\"full\" player_naming=\"full\" show_competition_name=\"true\" competition_naming=\"full\" show_referee=\"true\" show_venue=\"true\" show_attendance=\"true\" show_shootouts=\"true\" breakpoints=\"400\" fixed_height_content=\"700\" sport=\"football\"\/><\/p>\n<p>Arsenal devra trouver la meilleure vitesse lors de sa visite \u00e0 l&#39;Atletico Madrid en demi-finale de la Ligue des champions ce soir.<\/p>\n<p>Les Gunners continuent de tr\u00e9bucher vers la fin de la saison, m\u00eame s&#39;ils ont r\u00e9ussi une victoire vitale 1-0 contre Newcastle ce week-end pour seulement leur deuxi\u00e8me victoire en sept matchs toutes comp\u00e9titions confondues.<\/p>\n<p>Ils devront am\u00e9liorer consid\u00e9rablement leur niveau de performance s&#39;ils veulent obtenir un r\u00e9sultat en Espagne qui maintienne leurs chances de se qualifier pour une deuxi\u00e8me finale de Ligue des champions la semaine prochaine.<\/p>\n<p>L&#39;Atletico est une \u00e9quipe transform\u00e9e sous Diego Simeone avec une nouvelle approche offensive dirig\u00e9e par Antoine Griezmann et Julian Alvarez.<\/p>\n<figure class=\"wp-block-image size-large\"><picture decoding=\"async\" class=\"wp-image-174152\"><source type=\"image\/webp\"  \/><\/picture>\n<\/figure>\n<h2 class=\"wp-block-heading\"><span id=\"Where_to_watch_Atletico_Madrid_v_Arsenal_TV_channel_live_stream\">O\u00f9 regarder Atletico Madrid contre Arsenal : cha\u00eene de t\u00e9l\u00e9vision, diffusion en direct<\/span><\/h2>\n<p>Le match sera disponible en direct au Royaume-Uni sur TNT Sports, avec une couverture \u00e9galement accessible via la plateforme de streaming Discovery+.<\/p>\n<p>Le coup d\u2019envoi est pr\u00e9vu mercredi \u00e0 20h00 BST.<\/p>\n<p>Pour regarder ailleurs dans le monde, cliquez ICI pour trouver votre d\u00e9tenteur de droits local.<\/p>\n<h2 class=\"wp-block-heading\"><span id=\"The_stats_for_Atletico_Madrid_v_Arsenal\">Les stats du match Atl\u00e9tico Madrid &#8211; Arsenal<\/span><\/h2>\n<ul class=\"wp-block-list\">\n<li>L&#39;Atletico a marqu\u00e9 un nombre record de buts dans cette campagne de Ligue des Champions<\/li>\n<li>Arsenal est invaincu dans la comp\u00e9tition cette saison<\/li>\n<li>Arsenal a remport\u00e9 ses sept derniers matches de Ligue des Champions contre un club espagnol.<\/li>\n<li>L&#39;Atletico n&#39;a remport\u00e9 que deux de ses 12 derniers matches contre des \u00e9quipes anglaises en Europe<\/li>\n<li>Arsenal n&#39;a perdu qu&#39;un seul de ses 11 derniers matchs \u00e0 l&#39;ext\u00e9rieur en Ligue des Champions<\/li>\n<\/ul><\/div>\n","protected":false},"excerpt":{"rendered":"<p>Arsenal devra trouver la meilleure vitesse lors de sa visite \u00e0 l&#39;Atletico Madrid en demi-finale de la Ligue des champions ce soir. Les Gunners continuent<\/p>\n","protected":false},"author":1,"featured_media":36962,"comment_status":"closed","ping_status":"","sticky":false,"template":"","format":"standard","meta":{"footnotes":""},"categories":[3],"tags":[67,414,200,31,716,20,2294,12,328,30,303,2836,51,4115],"yoast_head":"<!-- This site is optimized with the Yoast SEO plugin v21.0 - https:\/\/yoast.com\/wordpress\/plugins\/seo\/ -->\n<title>Atletico Madrid contre Arsenal : commentaires, mises \u00e0 jour, buts et statistiques pour la demi-finale de la Ligue des champions<\/title>\n<meta name=\"robots\" content=\"index, follow, max-snippet:-1, max-image-preview:large, max-video-preview:-1\" \/>\n<link rel=\"canonical\" href=\"https:\/\/footdavant.fr\/actualites\/atletico-madrid-contre-arsenal-commentaires-mises-a-jour-buts-et-statistiques-pour-la-demi-finale-de-la-ligue-des-champions\/\" \/>\n<meta property=\"og:locale\" content=\"fr_FR\" \/>\n<meta property=\"og:type\" content=\"article\" \/>\n<meta property=\"og:title\" content=\"Atletico Madrid contre Arsenal : commentaires, mises \u00e0 jour, buts et statistiques pour la demi-finale de la Ligue des champions\" \/>\n<meta property=\"og:description\" content=\"Arsenal devra trouver la meilleure vitesse lors de sa visite \u00e0 l&#039;Atletico Madrid en demi-finale de la Ligue des champions ce soir. Les Gunners continuent\" \/>\n<meta property=\"og:url\" content=\"https:\/\/footdavant.fr\/actualites\/atletico-madrid-contre-arsenal-commentaires-mises-a-jour-buts-et-statistiques-pour-la-demi-finale-de-la-ligue-des-champions\/\" \/>\n<meta property=\"og:site_name\" content=\"Foot d&#039;avant\" \/>\n<meta property=\"article:publisher\" content=\"https:\/\/www.facebook.com\/Footdavant\/\" \/>\n<meta property=\"article:published_time\" content=\"2026-04-29T18:48:13+00:00\" \/>\n<meta property=\"article:modified_time\" content=\"2026-04-29T18:48:15+00:00\" \/>\n<meta property=\"og:image\" content=\"https:\/\/footdavant.fr\/actualites\/wp-content\/uploads\/2026\/04\/Atletico-Madrid-contre-Arsenal-commentaires-mises-a-jour-buts.jpg\" \/>\n\t<meta property=\"og:image:width\" content=\"1200\" \/>\n\t<meta property=\"og:image:height\" content=\"800\" \/>\n\t<meta property=\"og:image:type\" content=\"image\/jpeg\" \/>\n<meta name=\"author\" content=\"Cl\u00e9ment\" \/>\n<meta name=\"twitter:card\" content=\"summary_large_image\" \/>\n<meta name=\"twitter:creator\" content=\"@FootdavantFr\" \/>\n<meta name=\"twitter:site\" content=\"@FootdavantFr\" \/>\n<meta name=\"twitter:label1\" content=\"\u00c9crit par\" \/>\n\t<meta name=\"twitter:data1\" content=\"Cl\u00e9ment\" \/>\n\t<meta name=\"twitter:label2\" content=\"Dur\u00e9e de lecture estim\u00e9e\" \/>\n\t<meta name=\"twitter:data2\" content=\"1 minute\" \/>\n<script type=\"application\/ld+json\" class=\"yoast-schema-graph\">{\"@context\":\"https:\/\/schema.org\",\"@graph\":[{\"@type\":\"Article\",\"@id\":\"https:\/\/footdavant.fr\/actualites\/atletico-madrid-contre-arsenal-commentaires-mises-a-jour-buts-et-statistiques-pour-la-demi-finale-de-la-ligue-des-champions\/#article\",\"isPartOf\":{\"@id\":\"https:\/\/footdavant.fr\/actualites\/atletico-madrid-contre-arsenal-commentaires-mises-a-jour-buts-et-statistiques-pour-la-demi-finale-de-la-ligue-des-champions\/\"},\"author\":{\"name\":\"Cl\u00e9ment\",\"@id\":\"https:\/\/footdavant.fr\/actualites\/#\/schema\/person\/bc222566d95871b37e597b3ed3ba5e1d\"},\"headline\":\"Atletico Madrid contre Arsenal : commentaires, mises \u00e0 jour, buts et statistiques pour la demi-finale de la Ligue des champions\",\"datePublished\":\"2026-04-29T18:48:13+00:00\",\"dateModified\":\"2026-04-29T18:48:15+00:00\",\"mainEntityOfPage\":{\"@id\":\"https:\/\/footdavant.fr\/actualites\/atletico-madrid-contre-arsenal-commentaires-mises-a-jour-buts-et-statistiques-pour-la-demi-finale-de-la-ligue-des-champions\/\"},\"wordCount\":288,\"publisher\":{\"@id\":\"https:\/\/footdavant.fr\/actualites\/#organization\"},\"keywords\":[\"Arsenal\",\"Atletico\",\"buts\",\"champions\",\"commentaires\",\"contre\",\"demifinale\",\"des\",\"jour\",\"Ligue\",\"Madrid\",\"Mises\",\"pour\",\"statistiques\"],\"articleSection\":[\"Football\"],\"inLanguage\":\"fr-FR\"},{\"@type\":\"WebPage\",\"@id\":\"https:\/\/footdavant.fr\/actualites\/atletico-madrid-contre-arsenal-commentaires-mises-a-jour-buts-et-statistiques-pour-la-demi-finale-de-la-ligue-des-champions\/\",\"url\":\"https:\/\/footdavant.fr\/actualites\/atletico-madrid-contre-arsenal-commentaires-mises-a-jour-buts-et-statistiques-pour-la-demi-finale-de-la-ligue-des-champions\/\",\"name\":\"Atletico Madrid contre Arsenal : commentaires, mises \u00e0 jour, buts et statistiques pour la demi-finale de la Ligue des champions\",\"isPartOf\":{\"@id\":\"https:\/\/footdavant.fr\/actualites\/#website\"},\"datePublished\":\"2026-04-29T18:48:13+00:00\",\"dateModified\":\"2026-04-29T18:48:15+00:00\",\"breadcrumb\":{\"@id\":\"https:\/\/footdavant.fr\/actualites\/atletico-madrid-contre-arsenal-commentaires-mises-a-jour-buts-et-statistiques-pour-la-demi-finale-de-la-ligue-des-champions\/#breadcrumb\"},\"inLanguage\":\"fr-FR\",\"potentialAction\":[{\"@type\":\"ReadAction\",\"target\":[\"https:\/\/footdavant.fr\/actualites\/atletico-madrid-contre-arsenal-commentaires-mises-a-jour-buts-et-statistiques-pour-la-demi-finale-de-la-ligue-des-champions\/\"]}]},{\"@type\":\"BreadcrumbList\",\"@id\":\"https:\/\/footdavant.fr\/actualites\/atletico-madrid-contre-arsenal-commentaires-mises-a-jour-buts-et-statistiques-pour-la-demi-finale-de-la-ligue-des-champions\/#breadcrumb\",\"itemListElement\":[{\"@type\":\"ListItem\",\"position\":1,\"name\":\"Accueil\",\"item\":\"https:\/\/footdavant.fr\/actualites\/\"},{\"@type\":\"ListItem\",\"position\":2,\"name\":\"Atletico Madrid contre Arsenal : commentaires, mises \u00e0 jour, buts et statistiques pour la demi-finale de la Ligue des champions\"}]},{\"@type\":\"WebSite\",\"@id\":\"https:\/\/footdavant.fr\/actualites\/#website\",\"url\":\"https:\/\/footdavant.fr\/actualites\/\",\"name\":\"Foot d'avant\",\"description\":\"\",\"publisher\":{\"@id\":\"https:\/\/footdavant.fr\/actualites\/#organization\"},\"potentialAction\":[{\"@type\":\"SearchAction\",\"target\":{\"@type\":\"EntryPoint\",\"urlTemplate\":\"https:\/\/footdavant.fr\/actualites\/?s={search_term_string}\"},\"query-input\":\"required name=search_term_string\"}],\"inLanguage\":\"fr-FR\"},{\"@type\":\"Organization\",\"@id\":\"https:\/\/footdavant.fr\/actualites\/#organization\",\"name\":\"Foot d'avant\",\"url\":\"https:\/\/footdavant.fr\/actualites\/\",\"logo\":{\"@type\":\"ImageObject\",\"inLanguage\":\"fr-FR\",\"@id\":\"https:\/\/footdavant.fr\/actualites\/#\/schema\/logo\/image\/\",\"url\":\"https:\/\/footdavant.fr\/actualites\/wp-content\/uploads\/2023\/09\/Copy-of-FootDavant-Logo.png\",\"contentUrl\":\"https:\/\/footdavant.fr\/actualites\/wp-content\/uploads\/2023\/09\/Copy-of-FootDavant-Logo.png\",\"width\":936,\"height\":549,\"caption\":\"Foot d'avant\"},\"image\":{\"@id\":\"https:\/\/footdavant.fr\/actualites\/#\/schema\/logo\/image\/\"},\"sameAs\":[\"https:\/\/www.facebook.com\/Footdavant\/\",\"https:\/\/twitter.com\/FootdavantFr\",\"https:\/\/www.instagram.com\/footdavant.fr\/\"]},{\"@type\":\"Person\",\"@id\":\"https:\/\/footdavant.fr\/actualites\/#\/schema\/person\/bc222566d95871b37e597b3ed3ba5e1d\",\"name\":\"Cl\u00e9ment\",\"image\":{\"@type\":\"ImageObject\",\"inLanguage\":\"fr-FR\",\"@id\":\"https:\/\/footdavant.fr\/actualites\/#\/schema\/person\/image\/\",\"url\":\"https:\/\/secure.gravatar.com\/avatar\/7728b29aac2719421e1a9159b2254c44?s=96&d=mm&r=g\",\"contentUrl\":\"https:\/\/secure.gravatar.com\/avatar\/7728b29aac2719421e1a9159b2254c44?s=96&d=mm&r=g\",\"caption\":\"Cl\u00e9ment\"},\"sameAs\":[\"https:\/\/footdavant.fr\/\"]}]}<\/script>\n<!-- \/ Yoast SEO plugin. -->","yoast_head_json":{"title":"Atletico Madrid contre Arsenal : commentaires, mises \u00e0 jour, buts et statistiques pour la demi-finale de la Ligue des champions","robots":{"index":"index","follow":"follow","max-snippet":"max-snippet:-1","max-image-preview":"max-image-preview:large","max-video-preview":"max-video-preview:-1"},"canonical":"https:\/\/footdavant.fr\/actualites\/atletico-madrid-contre-arsenal-commentaires-mises-a-jour-buts-et-statistiques-pour-la-demi-finale-de-la-ligue-des-champions\/","og_locale":"fr_FR","og_type":"article","og_title":"Atletico Madrid contre Arsenal : commentaires, mises \u00e0 jour, buts et statistiques pour la demi-finale de la Ligue des champions","og_description":"Arsenal devra trouver la meilleure vitesse lors de sa visite \u00e0 l&#39;Atletico Madrid en demi-finale de la Ligue des champions ce soir. Les Gunners continuent","og_url":"https:\/\/footdavant.fr\/actualites\/atletico-madrid-contre-arsenal-commentaires-mises-a-jour-buts-et-statistiques-pour-la-demi-finale-de-la-ligue-des-champions\/","og_site_name":"Foot d&#039;avant","article_publisher":"https:\/\/www.facebook.com\/Footdavant\/","article_published_time":"2026-04-29T18:48:13+00:00","article_modified_time":"2026-04-29T18:48:15+00:00","og_image":[{"width":1200,"height":800,"url":"https:\/\/footdavant.fr\/actualites\/wp-content\/uploads\/2026\/04\/Atletico-Madrid-contre-Arsenal-commentaires-mises-a-jour-buts.jpg","type":"image\/jpeg"}],"author":"Cl\u00e9ment","twitter_card":"summary_large_image","twitter_creator":"@FootdavantFr","twitter_site":"@FootdavantFr","twitter_misc":{"\u00c9crit par":"Cl\u00e9ment","Dur\u00e9e de lecture estim\u00e9e":"1 minute"},"schema":{"@context":"https:\/\/schema.org","@graph":[{"@type":"Article","@id":"https:\/\/footdavant.fr\/actualites\/atletico-madrid-contre-arsenal-commentaires-mises-a-jour-buts-et-statistiques-pour-la-demi-finale-de-la-ligue-des-champions\/#article","isPartOf":{"@id":"https:\/\/footdavant.fr\/actualites\/atletico-madrid-contre-arsenal-commentaires-mises-a-jour-buts-et-statistiques-pour-la-demi-finale-de-la-ligue-des-champions\/"},"author":{"name":"Cl\u00e9ment","@id":"https:\/\/footdavant.fr\/actualites\/#\/schema\/person\/bc222566d95871b37e597b3ed3ba5e1d"},"headline":"Atletico Madrid contre Arsenal : commentaires, mises \u00e0 jour, buts et statistiques pour la demi-finale de la Ligue des champions","datePublished":"2026-04-29T18:48:13+00:00","dateModified":"2026-04-29T18:48:15+00:00","mainEntityOfPage":{"@id":"https:\/\/footdavant.fr\/actualites\/atletico-madrid-contre-arsenal-commentaires-mises-a-jour-buts-et-statistiques-pour-la-demi-finale-de-la-ligue-des-champions\/"},"wordCount":288,"publisher":{"@id":"https:\/\/footdavant.fr\/actualites\/#organization"},"keywords":["Arsenal","Atletico","buts","champions","commentaires","contre","demifinale","des","jour","Ligue","Madrid","Mises","pour","statistiques"],"articleSection":["Football"],"inLanguage":"fr-FR"},{"@type":"WebPage","@id":"https:\/\/footdavant.fr\/actualites\/atletico-madrid-contre-arsenal-commentaires-mises-a-jour-buts-et-statistiques-pour-la-demi-finale-de-la-ligue-des-champions\/","url":"https:\/\/footdavant.fr\/actualites\/atletico-madrid-contre-arsenal-commentaires-mises-a-jour-buts-et-statistiques-pour-la-demi-finale-de-la-ligue-des-champions\/","name":"Atletico Madrid contre Arsenal : commentaires, mises \u00e0 jour, buts et statistiques pour la demi-finale de la Ligue des champions","isPartOf":{"@id":"https:\/\/footdavant.fr\/actualites\/#website"},"datePublished":"2026-04-29T18:48:13+00:00","dateModified":"2026-04-29T18:48:15+00:00","breadcrumb":{"@id":"https:\/\/footdavant.fr\/actualites\/atletico-madrid-contre-arsenal-commentaires-mises-a-jour-buts-et-statistiques-pour-la-demi-finale-de-la-ligue-des-champions\/#breadcrumb"},"inLanguage":"fr-FR","potentialAction":[{"@type":"ReadAction","target":["https:\/\/footdavant.fr\/actualites\/atletico-madrid-contre-arsenal-commentaires-mises-a-jour-buts-et-statistiques-pour-la-demi-finale-de-la-ligue-des-champions\/"]}]},{"@type":"BreadcrumbList","@id":"https:\/\/footdavant.fr\/actualites\/atletico-madrid-contre-arsenal-commentaires-mises-a-jour-buts-et-statistiques-pour-la-demi-finale-de-la-ligue-des-champions\/#breadcrumb","itemListElement":[{"@type":"ListItem","position":1,"name":"Accueil","item":"https:\/\/footdavant.fr\/actualites\/"},{"@type":"ListItem","position":2,"name":"Atletico Madrid contre Arsenal : commentaires, mises \u00e0 jour, buts et statistiques pour la demi-finale de la Ligue des champions"}]},{"@type":"WebSite","@id":"https:\/\/footdavant.fr\/actualites\/#website","url":"https:\/\/footdavant.fr\/actualites\/","name":"Foot d'avant","description":"","publisher":{"@id":"https:\/\/footdavant.fr\/actualites\/#organization"},"potentialAction":[{"@type":"SearchAction","target":{"@type":"EntryPoint","urlTemplate":"https:\/\/footdavant.fr\/actualites\/?s={search_term_string}"},"query-input":"required name=search_term_string"}],"inLanguage":"fr-FR"},{"@type":"Organization","@id":"https:\/\/footdavant.fr\/actualites\/#organization","name":"Foot d'avant","url":"https:\/\/footdavant.fr\/actualites\/","logo":{"@type":"ImageObject","inLanguage":"fr-FR","@id":"https:\/\/footdavant.fr\/actualites\/#\/schema\/logo\/image\/","url":"https:\/\/footdavant.fr\/actualites\/wp-content\/uploads\/2023\/09\/Copy-of-FootDavant-Logo.png","contentUrl":"https:\/\/footdavant.fr\/actualites\/wp-content\/uploads\/2023\/09\/Copy-of-FootDavant-Logo.png","width":936,"height":549,"caption":"Foot d'avant"},"image":{"@id":"https:\/\/footdavant.fr\/actualites\/#\/schema\/logo\/image\/"},"sameAs":["https:\/\/www.facebook.com\/Footdavant\/","https:\/\/twitter.com\/FootdavantFr","https:\/\/www.instagram.com\/footdavant.fr\/"]},{"@type":"Person","@id":"https:\/\/footdavant.fr\/actualites\/#\/schema\/person\/bc222566d95871b37e597b3ed3ba5e1d","name":"Cl\u00e9ment","image":{"@type":"ImageObject","inLanguage":"fr-FR","@id":"https:\/\/footdavant.fr\/actualites\/#\/schema\/person\/image\/","url":"https:\/\/secure.gravatar.com\/avatar\/7728b29aac2719421e1a9159b2254c44?s=96&d=mm&r=g","contentUrl":"https:\/\/secure.gravatar.com\/avatar\/7728b29aac2719421e1a9159b2254c44?s=96&d=mm&r=g","caption":"Cl\u00e9ment"},"sameAs":["https:\/\/footdavant.fr\/"]}]}},"_links":{"self":[{"href":"https:\/\/footdavant.fr\/actualites\/wp-json\/wp\/v2\/posts\/36961"}],"collection":[{"href":"https:\/\/footdavant.fr\/actualites\/wp-json\/wp\/v2\/posts"}],"about":[{"href":"https:\/\/footdavant.fr\/actualites\/wp-json\/wp\/v2\/types\/post"}],"author":[{"embeddable":true,"href":"https:\/\/footdavant.fr\/actualites\/wp-json\/wp\/v2\/users\/1"}],"replies":[{"embeddable":true,"href":"https:\/\/footdavant.fr\/actualites\/wp-json\/wp\/v2\/comments?post=36961"}],"version-history":[{"count":1,"href":"https:\/\/footdavant.fr\/actualites\/wp-json\/wp\/v2\/posts\/36961\/revisions"}],"predecessor-version":[{"id":36963,"href":"https:\/\/footdavant.fr\/actualites\/wp-json\/wp\/v2\/posts\/36961\/revisions\/36963"}],"wp:featuredmedia":[{"embeddable":true,"href":"https:\/\/footdavant.fr\/actualites\/wp-json\/wp\/v2\/media\/36962"}],"wp:attachment":[{"href":"https:\/\/footdavant.fr\/actualites\/wp-json\/wp\/v2\/media?parent=36961"}],"wp:term":[{"taxonomy":"category","embeddable":true,"href":"https:\/\/footdavant.fr\/actualites\/wp-json\/wp\/v2\/categories?post=36961"},{"taxonomy":"post_tag","embeddable":true,"href":"https:\/\/footdavant.fr\/actualites\/wp-json\/wp\/v2\/tags?post=36961"}],"curies":[{"name":"wp","href":"https:\/\/api.w.org\/{rel}","templated":true}]}}