{"id":36966,"date":"2026-04-30T00:48:21","date_gmt":"2026-04-29T22:48:21","guid":{"rendered":"https:\/\/footdavant.fr\/actualites\/un-fan-ecope-dune-peine-avec-sursis-pour-abus-raciste-envers-marcus-rashford\/"},"modified":"2026-04-30T00:48:23","modified_gmt":"2026-04-29T22:48:23","slug":"un-fan-ecope-dune-peine-avec-sursis-pour-abus-raciste-envers-marcus-rashford","status":"publish","type":"post","link":"https:\/\/footdavant.fr\/actualites\/un-fan-ecope-dune-peine-avec-sursis-pour-abus-raciste-envers-marcus-rashford\/","title":{"rendered":"Un fan \u00e9cope d&#39;une peine avec sursis pour abus raciste envers Marcus Rashford &#8211;"},"content":{"rendered":"<div id=\"penci-post-entry-inner\">\n<p>\t\t\t<i class=\"penci-post-countview-number-check\" style=\"display:none\">2<\/i><\/p>\n<p><!--Article Start--><br \/>En Espagne, un fan de football a \u00e9t\u00e9 condamn\u00e9 \u00e0 neuf mois de prison avec sursis pour abus racistes sur la star de Manchester United, Marcus Rashford.<\/p>\n<h3>P\u00e9nalis\u00e9<\/h3>\n<p>Rashford a scell\u00e9 un pr\u00eat \u00e0 Barcelone l&#39;\u00e9t\u00e9 dernier apr\u00e8s \u00eatre tomb\u00e9 en disgr\u00e2ce \u00e0 United sous la direction de Ruben Amorim, alors manager.<\/p>\n<p>Il a bien fait en Catalogne, inscrivant 13 buts et autant de passes d\u00e9cisives toutes comp\u00e9titions confondues. L&#39;une de ces passes d\u00e9cisives a eu lieu lors de la victoire de l&#39;\u00e9quipe contre le Real Oviedo en septembre de l&#39;ann\u00e9e derni\u00e8re. Rashford a cr\u00e9\u00e9 un but pour son co\u00e9quipier Ronald Araujo au stade Carlos Tartiere.<\/p>\n<p>ESPN note que c&#39;est \u00e0 ce moment-l\u00e0 que l&#39;incident s&#39;est produit. Cela avait \u00e9t\u00e9 rapport\u00e9 par la Liga \u00e0 l&#39;\u00e9poque.<\/p>\n<p>Le supporter, qui a accept\u00e9 les accusations devant le tribunal d&#39;Oviedo mercredi, a \u00e9t\u00e9 condamn\u00e9 \u00e0 payer une amende de 900 \u20ac et \u00e0 une interdiction de stade de trois ans. Cela s&#39;ajoute \u00e0 la peine de neuf mois de prison avec sursis.<\/p>\n<p>En Espagne, les peines de prison inf\u00e9rieures \u00e0 deux ans sont g\u00e9n\u00e9ralement avec sursis, \u00e0 condition que le d\u00e9linquant participe \u00e0 divers programmes \u00e9ducatifs et respecte les termes de sa peine.<\/p>\n<p>L&#39;accus\u00e9 a \u00e9t\u00e9 reconnu coupable de \u00ab violation de la dignit\u00e9 des personnes pour des motifs racistes \u00bb apr\u00e8s avoir lanc\u00e9 des commentaires discriminatoires \u00e0 l&#39;encontre de Rashford pendant le match.<\/p>\n<h3>D\u00e9claration de la Liga<\/h3>\n<p>La Liga a d\u00e9clar\u00e9 dans un communiqu\u00e9 : \u00ab\u00a0C&#39;est le 11\u00e8me jugement que LaLiga obtient dans sa lutte contre le racisme dans le sport, r\u00e9affirmant son engagement et son leadership contre ce fl\u00e9au \u00e0 travers la sensibilisation, la d\u00e9tection et, depuis 2020, l&#39;action en justice devant les tribunaux\u00a0\u00bb.<\/p>\n<p>\u00ab\u00a0Il est ainsi devenu une institution pionni\u00e8re dans la lutte contre le racisme et la haine \u00e0 l&#39;int\u00e9rieur et \u00e0 l&#39;ext\u00e9rieur des stades, m\u00eame s&#39;il n&#39;a pas r\u00e9ellement le pouvoir de sanctionner les clubs, les supporters, les entra\u00eeneurs ou les joueurs pour de tels comportements.\u00a0\u00bb<\/p>\n<p>Cette condamnation est la derni\u00e8re d&#39;une s\u00e9rie obtenue par la Liga suite \u00e0 son action contre les abus visant des joueurs comme Vinicius Junior (Real Madrid), Samuel Chukwueze (Villarreal) et Inaki Williams (Athletic Club).<\/p>\n<p>Rashford s&#39;est pr\u00e9sent\u00e9 45 fois pour les Blaugrana cette fois. Malgr\u00e9 ses contributions, les dirigeants de la Liga n&#39;ont pas encore indiqu\u00e9 d\u00e9finitivement s&#39;ils exerceraient leur option d&#39;achat de 26 millions de livres sterling pour rendre sa signature permanente.<\/p>\n<p>L&#39;international anglais a \u00e0 c\u0153ur de rester au Camp Nou.<\/p>\n<\/p>\n<hr\/>\n<p>The Peoples Person est l&#39;un des principaux sites d&#39;information de Man United au monde depuis plus d&#39;une d\u00e9cennie. Suivez-nous sur Bluesky\u00a0: @peoplesperson.bsky.social<\/p>\n<p><!-- CONTENT END 2 --><\/p><\/div>\n","protected":false},"excerpt":{"rendered":"<p>2 En Espagne, un fan de football a \u00e9t\u00e9 condamn\u00e9 \u00e0 neuf mois de prison avec sursis pour abus racistes sur la star de Manchester<\/p>\n","protected":false},"author":1,"featured_media":36967,"comment_status":"closed","ping_status":"","sticky":false,"template":"","format":"standard","meta":{"footnotes":""},"categories":[3],"tags":[3687,91,4222,11900,5822,625,422,4455,51,10227,423,4827],"yoast_head":"<!-- This site is optimized with the Yoast SEO plugin v21.0 - https:\/\/yoast.com\/wordpress\/plugins\/seo\/ -->\n<title>Un fan \u00e9cope d&#039;une peine avec sursis pour abus raciste envers Marcus Rashford -<\/title>\n<meta name=\"robots\" content=\"index, follow, max-snippet:-1, max-image-preview:large, max-video-preview:-1\" \/>\n<link rel=\"canonical\" href=\"https:\/\/footdavant.fr\/actualites\/un-fan-ecope-dune-peine-avec-sursis-pour-abus-raciste-envers-marcus-rashford\/\" \/>\n<meta property=\"og:locale\" content=\"fr_FR\" \/>\n<meta property=\"og:type\" content=\"article\" \/>\n<meta property=\"og:title\" content=\"Un fan \u00e9cope d&#039;une peine avec sursis pour abus raciste envers Marcus Rashford -\" \/>\n<meta property=\"og:description\" content=\"2 En Espagne, un fan de football a \u00e9t\u00e9 condamn\u00e9 \u00e0 neuf mois de prison avec sursis pour abus racistes sur la star de Manchester\" \/>\n<meta property=\"og:url\" content=\"https:\/\/footdavant.fr\/actualites\/un-fan-ecope-dune-peine-avec-sursis-pour-abus-raciste-envers-marcus-rashford\/\" \/>\n<meta property=\"og:site_name\" content=\"Foot d&#039;avant\" \/>\n<meta property=\"article:publisher\" content=\"https:\/\/www.facebook.com\/Footdavant\/\" \/>\n<meta property=\"article:published_time\" content=\"2026-04-29T22:48:21+00:00\" \/>\n<meta property=\"article:modified_time\" content=\"2026-04-29T22:48:23+00:00\" \/>\n<meta property=\"og:image\" content=\"https:\/\/footdavant.fr\/actualites\/wp-content\/uploads\/2026\/04\/Un-fan-ecope-d39une-peine-avec-sursis-pour-abus-raciste.jpg\" \/>\n\t<meta property=\"og:image:width\" content=\"1600\" \/>\n\t<meta property=\"og:image:height\" content=\"714\" \/>\n\t<meta property=\"og:image:type\" content=\"image\/jpeg\" \/>\n<meta name=\"author\" content=\"Cl\u00e9ment\" \/>\n<meta name=\"twitter:card\" content=\"summary_large_image\" \/>\n<meta name=\"twitter:creator\" content=\"@FootdavantFr\" \/>\n<meta name=\"twitter:site\" content=\"@FootdavantFr\" \/>\n<meta name=\"twitter:label1\" content=\"\u00c9crit par\" \/>\n\t<meta name=\"twitter:data1\" content=\"Cl\u00e9ment\" \/>\n\t<meta name=\"twitter:label2\" content=\"Dur\u00e9e de lecture estim\u00e9e\" \/>\n\t<meta name=\"twitter:data2\" content=\"2 minutes\" \/>\n<script type=\"application\/ld+json\" class=\"yoast-schema-graph\">{\"@context\":\"https:\/\/schema.org\",\"@graph\":[{\"@type\":\"Article\",\"@id\":\"https:\/\/footdavant.fr\/actualites\/un-fan-ecope-dune-peine-avec-sursis-pour-abus-raciste-envers-marcus-rashford\/#article\",\"isPartOf\":{\"@id\":\"https:\/\/footdavant.fr\/actualites\/un-fan-ecope-dune-peine-avec-sursis-pour-abus-raciste-envers-marcus-rashford\/\"},\"author\":{\"name\":\"Cl\u00e9ment\",\"@id\":\"https:\/\/footdavant.fr\/actualites\/#\/schema\/person\/bc222566d95871b37e597b3ed3ba5e1d\"},\"headline\":\"Un fan \u00e9cope d&#39;une peine avec sursis pour abus raciste envers Marcus Rashford &#8211;\",\"datePublished\":\"2026-04-29T22:48:21+00:00\",\"dateModified\":\"2026-04-29T22:48:23+00:00\",\"mainEntityOfPage\":{\"@id\":\"https:\/\/footdavant.fr\/actualites\/un-fan-ecope-dune-peine-avec-sursis-pour-abus-raciste-envers-marcus-rashford\/\"},\"wordCount\":483,\"publisher\":{\"@id\":\"https:\/\/footdavant.fr\/actualites\/#organization\"},\"keywords\":[\"abus\",\"avec\",\"d39une\",\"\u00e9cope\",\"envers\",\"fan\",\"Marcus\",\"peine\",\"pour\",\"raciste\",\"Rashford\",\"sursis\"],\"articleSection\":[\"Football\"],\"inLanguage\":\"fr-FR\"},{\"@type\":\"WebPage\",\"@id\":\"https:\/\/footdavant.fr\/actualites\/un-fan-ecope-dune-peine-avec-sursis-pour-abus-raciste-envers-marcus-rashford\/\",\"url\":\"https:\/\/footdavant.fr\/actualites\/un-fan-ecope-dune-peine-avec-sursis-pour-abus-raciste-envers-marcus-rashford\/\",\"name\":\"Un fan \u00e9cope d&#39;une peine avec sursis pour abus raciste envers Marcus Rashford -\",\"isPartOf\":{\"@id\":\"https:\/\/footdavant.fr\/actualites\/#website\"},\"datePublished\":\"2026-04-29T22:48:21+00:00\",\"dateModified\":\"2026-04-29T22:48:23+00:00\",\"breadcrumb\":{\"@id\":\"https:\/\/footdavant.fr\/actualites\/un-fan-ecope-dune-peine-avec-sursis-pour-abus-raciste-envers-marcus-rashford\/#breadcrumb\"},\"inLanguage\":\"fr-FR\",\"potentialAction\":[{\"@type\":\"ReadAction\",\"target\":[\"https:\/\/footdavant.fr\/actualites\/un-fan-ecope-dune-peine-avec-sursis-pour-abus-raciste-envers-marcus-rashford\/\"]}]},{\"@type\":\"BreadcrumbList\",\"@id\":\"https:\/\/footdavant.fr\/actualites\/un-fan-ecope-dune-peine-avec-sursis-pour-abus-raciste-envers-marcus-rashford\/#breadcrumb\",\"itemListElement\":[{\"@type\":\"ListItem\",\"position\":1,\"name\":\"Accueil\",\"item\":\"https:\/\/footdavant.fr\/actualites\/\"},{\"@type\":\"ListItem\",\"position\":2,\"name\":\"Un fan \u00e9cope d&#39;une peine avec sursis pour abus raciste envers Marcus Rashford &#8211;\"}]},{\"@type\":\"WebSite\",\"@id\":\"https:\/\/footdavant.fr\/actualites\/#website\",\"url\":\"https:\/\/footdavant.fr\/actualites\/\",\"name\":\"Foot d'avant\",\"description\":\"\",\"publisher\":{\"@id\":\"https:\/\/footdavant.fr\/actualites\/#organization\"},\"potentialAction\":[{\"@type\":\"SearchAction\",\"target\":{\"@type\":\"EntryPoint\",\"urlTemplate\":\"https:\/\/footdavant.fr\/actualites\/?s={search_term_string}\"},\"query-input\":\"required name=search_term_string\"}],\"inLanguage\":\"fr-FR\"},{\"@type\":\"Organization\",\"@id\":\"https:\/\/footdavant.fr\/actualites\/#organization\",\"name\":\"Foot d'avant\",\"url\":\"https:\/\/footdavant.fr\/actualites\/\",\"logo\":{\"@type\":\"ImageObject\",\"inLanguage\":\"fr-FR\",\"@id\":\"https:\/\/footdavant.fr\/actualites\/#\/schema\/logo\/image\/\",\"url\":\"https:\/\/footdavant.fr\/actualites\/wp-content\/uploads\/2023\/09\/Copy-of-FootDavant-Logo.png\",\"contentUrl\":\"https:\/\/footdavant.fr\/actualites\/wp-content\/uploads\/2023\/09\/Copy-of-FootDavant-Logo.png\",\"width\":936,\"height\":549,\"caption\":\"Foot d'avant\"},\"image\":{\"@id\":\"https:\/\/footdavant.fr\/actualites\/#\/schema\/logo\/image\/\"},\"sameAs\":[\"https:\/\/www.facebook.com\/Footdavant\/\",\"https:\/\/twitter.com\/FootdavantFr\",\"https:\/\/www.instagram.com\/footdavant.fr\/\"]},{\"@type\":\"Person\",\"@id\":\"https:\/\/footdavant.fr\/actualites\/#\/schema\/person\/bc222566d95871b37e597b3ed3ba5e1d\",\"name\":\"Cl\u00e9ment\",\"image\":{\"@type\":\"ImageObject\",\"inLanguage\":\"fr-FR\",\"@id\":\"https:\/\/footdavant.fr\/actualites\/#\/schema\/person\/image\/\",\"url\":\"https:\/\/secure.gravatar.com\/avatar\/7728b29aac2719421e1a9159b2254c44?s=96&d=mm&r=g\",\"contentUrl\":\"https:\/\/secure.gravatar.com\/avatar\/7728b29aac2719421e1a9159b2254c44?s=96&d=mm&r=g\",\"caption\":\"Cl\u00e9ment\"},\"sameAs\":[\"https:\/\/footdavant.fr\/\"]}]}<\/script>\n<!-- \/ Yoast SEO plugin. -->","yoast_head_json":{"title":"Un fan \u00e9cope d&#39;une peine avec sursis pour abus raciste envers Marcus Rashford -","robots":{"index":"index","follow":"follow","max-snippet":"max-snippet:-1","max-image-preview":"max-image-preview:large","max-video-preview":"max-video-preview:-1"},"canonical":"https:\/\/footdavant.fr\/actualites\/un-fan-ecope-dune-peine-avec-sursis-pour-abus-raciste-envers-marcus-rashford\/","og_locale":"fr_FR","og_type":"article","og_title":"Un fan \u00e9cope d&#39;une peine avec sursis pour abus raciste envers Marcus Rashford -","og_description":"2 En Espagne, un fan de football a \u00e9t\u00e9 condamn\u00e9 \u00e0 neuf mois de prison avec sursis pour abus racistes sur la star de Manchester","og_url":"https:\/\/footdavant.fr\/actualites\/un-fan-ecope-dune-peine-avec-sursis-pour-abus-raciste-envers-marcus-rashford\/","og_site_name":"Foot d&#039;avant","article_publisher":"https:\/\/www.facebook.com\/Footdavant\/","article_published_time":"2026-04-29T22:48:21+00:00","article_modified_time":"2026-04-29T22:48:23+00:00","og_image":[{"width":1600,"height":714,"url":"https:\/\/footdavant.fr\/actualites\/wp-content\/uploads\/2026\/04\/Un-fan-ecope-d39une-peine-avec-sursis-pour-abus-raciste.jpg","type":"image\/jpeg"}],"author":"Cl\u00e9ment","twitter_card":"summary_large_image","twitter_creator":"@FootdavantFr","twitter_site":"@FootdavantFr","twitter_misc":{"\u00c9crit par":"Cl\u00e9ment","Dur\u00e9e de lecture estim\u00e9e":"2 minutes"},"schema":{"@context":"https:\/\/schema.org","@graph":[{"@type":"Article","@id":"https:\/\/footdavant.fr\/actualites\/un-fan-ecope-dune-peine-avec-sursis-pour-abus-raciste-envers-marcus-rashford\/#article","isPartOf":{"@id":"https:\/\/footdavant.fr\/actualites\/un-fan-ecope-dune-peine-avec-sursis-pour-abus-raciste-envers-marcus-rashford\/"},"author":{"name":"Cl\u00e9ment","@id":"https:\/\/footdavant.fr\/actualites\/#\/schema\/person\/bc222566d95871b37e597b3ed3ba5e1d"},"headline":"Un fan \u00e9cope d&#39;une peine avec sursis pour abus raciste envers Marcus Rashford &#8211;","datePublished":"2026-04-29T22:48:21+00:00","dateModified":"2026-04-29T22:48:23+00:00","mainEntityOfPage":{"@id":"https:\/\/footdavant.fr\/actualites\/un-fan-ecope-dune-peine-avec-sursis-pour-abus-raciste-envers-marcus-rashford\/"},"wordCount":483,"publisher":{"@id":"https:\/\/footdavant.fr\/actualites\/#organization"},"keywords":["abus","avec","d39une","\u00e9cope","envers","fan","Marcus","peine","pour","raciste","Rashford","sursis"],"articleSection":["Football"],"inLanguage":"fr-FR"},{"@type":"WebPage","@id":"https:\/\/footdavant.fr\/actualites\/un-fan-ecope-dune-peine-avec-sursis-pour-abus-raciste-envers-marcus-rashford\/","url":"https:\/\/footdavant.fr\/actualites\/un-fan-ecope-dune-peine-avec-sursis-pour-abus-raciste-envers-marcus-rashford\/","name":"Un fan \u00e9cope d&#39;une peine avec sursis pour abus raciste envers Marcus Rashford -","isPartOf":{"@id":"https:\/\/footdavant.fr\/actualites\/#website"},"datePublished":"2026-04-29T22:48:21+00:00","dateModified":"2026-04-29T22:48:23+00:00","breadcrumb":{"@id":"https:\/\/footdavant.fr\/actualites\/un-fan-ecope-dune-peine-avec-sursis-pour-abus-raciste-envers-marcus-rashford\/#breadcrumb"},"inLanguage":"fr-FR","potentialAction":[{"@type":"ReadAction","target":["https:\/\/footdavant.fr\/actualites\/un-fan-ecope-dune-peine-avec-sursis-pour-abus-raciste-envers-marcus-rashford\/"]}]},{"@type":"BreadcrumbList","@id":"https:\/\/footdavant.fr\/actualites\/un-fan-ecope-dune-peine-avec-sursis-pour-abus-raciste-envers-marcus-rashford\/#breadcrumb","itemListElement":[{"@type":"ListItem","position":1,"name":"Accueil","item":"https:\/\/footdavant.fr\/actualites\/"},{"@type":"ListItem","position":2,"name":"Un fan \u00e9cope d&#39;une peine avec sursis pour abus raciste envers Marcus Rashford &#8211;"}]},{"@type":"WebSite","@id":"https:\/\/footdavant.fr\/actualites\/#website","url":"https:\/\/footdavant.fr\/actualites\/","name":"Foot d'avant","description":"","publisher":{"@id":"https:\/\/footdavant.fr\/actualites\/#organization"},"potentialAction":[{"@type":"SearchAction","target":{"@type":"EntryPoint","urlTemplate":"https:\/\/footdavant.fr\/actualites\/?s={search_term_string}"},"query-input":"required name=search_term_string"}],"inLanguage":"fr-FR"},{"@type":"Organization","@id":"https:\/\/footdavant.fr\/actualites\/#organization","name":"Foot d'avant","url":"https:\/\/footdavant.fr\/actualites\/","logo":{"@type":"ImageObject","inLanguage":"fr-FR","@id":"https:\/\/footdavant.fr\/actualites\/#\/schema\/logo\/image\/","url":"https:\/\/footdavant.fr\/actualites\/wp-content\/uploads\/2023\/09\/Copy-of-FootDavant-Logo.png","contentUrl":"https:\/\/footdavant.fr\/actualites\/wp-content\/uploads\/2023\/09\/Copy-of-FootDavant-Logo.png","width":936,"height":549,"caption":"Foot d'avant"},"image":{"@id":"https:\/\/footdavant.fr\/actualites\/#\/schema\/logo\/image\/"},"sameAs":["https:\/\/www.facebook.com\/Footdavant\/","https:\/\/twitter.com\/FootdavantFr","https:\/\/www.instagram.com\/footdavant.fr\/"]},{"@type":"Person","@id":"https:\/\/footdavant.fr\/actualites\/#\/schema\/person\/bc222566d95871b37e597b3ed3ba5e1d","name":"Cl\u00e9ment","image":{"@type":"ImageObject","inLanguage":"fr-FR","@id":"https:\/\/footdavant.fr\/actualites\/#\/schema\/person\/image\/","url":"https:\/\/secure.gravatar.com\/avatar\/7728b29aac2719421e1a9159b2254c44?s=96&d=mm&r=g","contentUrl":"https:\/\/secure.gravatar.com\/avatar\/7728b29aac2719421e1a9159b2254c44?s=96&d=mm&r=g","caption":"Cl\u00e9ment"},"sameAs":["https:\/\/footdavant.fr\/"]}]}},"_links":{"self":[{"href":"https:\/\/footdavant.fr\/actualites\/wp-json\/wp\/v2\/posts\/36966"}],"collection":[{"href":"https:\/\/footdavant.fr\/actualites\/wp-json\/wp\/v2\/posts"}],"about":[{"href":"https:\/\/footdavant.fr\/actualites\/wp-json\/wp\/v2\/types\/post"}],"author":[{"embeddable":true,"href":"https:\/\/footdavant.fr\/actualites\/wp-json\/wp\/v2\/users\/1"}],"replies":[{"embeddable":true,"href":"https:\/\/footdavant.fr\/actualites\/wp-json\/wp\/v2\/comments?post=36966"}],"version-history":[{"count":1,"href":"https:\/\/footdavant.fr\/actualites\/wp-json\/wp\/v2\/posts\/36966\/revisions"}],"predecessor-version":[{"id":36968,"href":"https:\/\/footdavant.fr\/actualites\/wp-json\/wp\/v2\/posts\/36966\/revisions\/36968"}],"wp:featuredmedia":[{"embeddable":true,"href":"https:\/\/footdavant.fr\/actualites\/wp-json\/wp\/v2\/media\/36967"}],"wp:attachment":[{"href":"https:\/\/footdavant.fr\/actualites\/wp-json\/wp\/v2\/media?parent=36966"}],"wp:term":[{"taxonomy":"category","embeddable":true,"href":"https:\/\/footdavant.fr\/actualites\/wp-json\/wp\/v2\/categories?post=36966"},{"taxonomy":"post_tag","embeddable":true,"href":"https:\/\/footdavant.fr\/actualites\/wp-json\/wp\/v2\/tags?post=36966"}],"curies":[{"name":"wp","href":"https:\/\/api.w.org\/{rel}","templated":true}]}}