{"id":36969,"date":"2026-04-30T02:48:03","date_gmt":"2026-04-30T00:48:03","guid":{"rendered":"https:\/\/footdavant.fr\/actualites\/aston-villa-a-envoye-un-pronostic-pour-la-ligue-europa-alors-que-la-legende-du-club-reclame-le-transfert-de-morgan-rogers\/"},"modified":"2026-04-30T02:48:04","modified_gmt":"2026-04-30T00:48:04","slug":"aston-villa-a-envoye-un-pronostic-pour-la-ligue-europa-alors-que-la-legende-du-club-reclame-le-transfert-de-morgan-rogers","status":"publish","type":"post","link":"https:\/\/footdavant.fr\/actualites\/aston-villa-a-envoye-un-pronostic-pour-la-ligue-europa-alors-que-la-legende-du-club-reclame-le-transfert-de-morgan-rogers\/","title":{"rendered":"Aston Villa a envoy\u00e9 un pronostic pour la Ligue Europa alors que la l\u00e9gende du club r\u00e9clame le transfert de Morgan Rogers"},"content":{"rendered":"<div itemprop=\"articleBody\">\n<p>Aston Villa a \u00e9t\u00e9 soutenu pour remporter la Ligue Europa par la l\u00e9gende du club Gareth Barry avant leur affrontement en demi-finale aller contre Nottingham Forest jeudi.<\/p>\n<p>Villa a atteint le dernier carr\u00e9 en terminant deuxi\u00e8me de la phase de championnat et en battant Lille et Bologne en huiti\u00e8mes de finale.<\/p>\n<p>Le manager Unai Emery a soulev\u00e9 le troph\u00e9e quatre fois avec S\u00e9ville et Villarreal et cherche \u00e0 en ajouter un cinqui\u00e8me \u00e0 sa collection, tandis que Villa n&#39;a jamais remport\u00e9 la comp\u00e9tition auparavant et n&#39;a pas remport\u00e9 de troph\u00e9e europ\u00e9en majeur depuis 1982.<\/p>\n<p>Et Barry, qui a fait le plus d&#39;apparitions en Premier League pour Villa, pense que son ancien club sera victorieux.<\/p>\n<p>S&#39;adressant exclusivement \u00e0 Sports Mole, Barry a rendu son verdict sur la saison de Villa jusqu&#39;\u00e0 pr\u00e9sent.<\/p>\n<h2>Aston Villa a envoy\u00e9 le pronostic de la Ligue Europa par la l\u00e9gende du club<\/h2>\n<div>\n<div>\n<div>\n<div>\n<div>\n<p>\u00a9 Sports Mole \/ Midnite<\/p>\n<\/div>\n<\/div>\n<\/div>\n<\/div>\n<\/div>\n<p>\u00ab\u00a0C&#39;\u00e9tait incroyable qu&#39;on ait parl\u00e9 d&#39;eux gagnant la ligue il y a environ dix semaines, mais leur baisse de forme s&#39;est accompagn\u00e9e de blessures chez des joueurs cl\u00e9s du milieu de terrain qu&#39;Emery utilise tant\u00a0\u00bb, a d\u00e9clar\u00e9 Barry \u00e0 Sports Mole au nom de <em>Minuit.<\/em><\/p>\n<p>\u00ab\u00a0(Youri) Tielemans, (Boubacar) Kamara, (John) McGinn, ils sont tous sortis de l&#39;\u00e9quipe en m\u00eame temps et c&#39;est un manager tellement tactique qui s&#39;appuie sur ce type de joueur, la forme a chut\u00e9. Ce n&#39;est pas une surprise que maintenant Tielemans et McGinn sont revenus, ils ressemblent \u00e0 nouveau \u00e0 une unit\u00e9 solide. <\/p>\n<p>\u00ab\u00a0Donc, d\u00e9finitivement (ils peuvent finir) dans le top cinq et (se qualifier pour) la Ligue des champions, je pense qu&#39;ils sont clou\u00e9s pour cela et je pense qu&#39;ils peuvent gagner la Ligue Europa et, en tant que fan de Villa vivant dans la r\u00e9gion, d\u00e9sesp\u00e9r\u00e9 de remporter un troph\u00e9e, j&#39;attends avec impatience la fin de la saison.\u00a0\u00bb<\/p>\n<h2>Le transfert de Morgan Rogers provoquerait un \u00ab chagrin \u00bb<\/h2>\n<div>\n<div>\n<div>\n<div>\n<div>\n<div>\n<div><img decoding=\"async\" data-img-id=\"154271\" class=\"lazy\" loading=\"lazy\" src=\"https:\/\/footdavant.fr\/actualites\/wp-content\/uploads\/2026\/04\/1777510083_693_Aston-Villa-a-envoye-un-pronostic-pour-la-Ligue-Europa.webp\"\/><\/p>\n<p>\u00a9 Imago \/ Goal Sports Images<\/p>\n<\/div>\n<\/div>\n<\/div>\n<\/div>\n<\/div>\n<\/div>\n<\/div>\n<p>Cependant, les r\u00e8gles financi\u00e8res strictes de la Premier League ont eu un effet majeur sur les ambitions de Villa ces derni\u00e8res ann\u00e9es et Barry pense que cela causera un \u00ab chagrin \u00bb aux fans si le club est oblig\u00e9 de vendre un joueur vedette comme Morgan Rogers cet \u00e9t\u00e9.<\/p>\n<p>\u00ab\u00a0Je ne pense pas que Villa soit seule dans cette situation, mais ce sera frustrant pour les fans et le club\u00a0\u00bb, a ajout\u00e9 Barry. \u00ab\u00a0S&#39;ils ont cet argent \u00e0 d\u00e9penser, ils veulent un certain type de joueur. <\/p>\n<p>\u00ab\u00a0C&#39;est pourquoi la Ligue des champions est la cl\u00e9 pour se qualifier. Cela rapportera des revenus suppl\u00e9mentaires pour attirer ce type de joueur, mais c&#39;est triste quand vous avez vu (Jacob) Ramsey se faire vendre l&#39;ann\u00e9e derni\u00e8re, cela a un peu boulevers\u00e9 le vestiaire, cela a boulevers\u00e9 les fans \u00e9tant un gar\u00e7on local. <\/p>\n<p>\u00ab\u00a0S&#39;ils doivent perdre un joueur comme Morgan Rogers \u00e0 cause de cela, cela va \u00eatre un cr\u00e8ve-c\u0153ur pour beaucoup de fans et pour l&#39;\u00e9quipe. Ils sont difficiles \u00e0 remplacer, ce type de joueur. C&#39;est frustrant et difficile de comprendre toutes ces r\u00e8gles, et c&#39;est difficile que cela affecte Aston Villa.\u00a0\u00bb<\/p>\n<p>Rogers a \u00e9t\u00e9 l&#39;un des joueurs les plus importants de Villa cette saison, marquant 21 buts dans toutes les comp\u00e9titions, et le joueur de 23 ans a \u00e9t\u00e9 li\u00e9 \u00e0 Chelsea, Liverpool, Arsenal et Manchester United.<\/p>\n<p><em>Midnite, l&#39;une des soci\u00e9t\u00e9s de paris et de casino \u00e0 la croissance la plus rapide au monde, a prouv\u00e9 aujourd&#39;hui qu&#39;elle est vraiment CONSTRUITE DIFF\u00c9RENTE, en devenant la premi\u00e8re application de paris \u00e0 placer un pari dans l&#39;espace. Le pari en question a soutenu l&#39;Angleterre pour remporter la Coupe du monde et a \u00e9t\u00e9 plac\u00e9 par l&#39;ancien milieu de terrain anglais Gareth Barry.<\/em>.<\/p>\n<\/div>\n","protected":false},"excerpt":{"rendered":"<p>Aston Villa a \u00e9t\u00e9 soutenu pour remporter la Ligue Europa par la l\u00e9gende du club Gareth Barry avant leur affrontement en demi-finale aller contre Nottingham<\/p>\n","protected":false},"author":1,"featured_media":36970,"comment_status":"closed","ping_status":"","sticky":false,"template":"","format":"standard","meta":{"footnotes":""},"categories":[5],"tags":[318,369,333,4692,761,3120,30,3389,51,1383,11549,3398,700,370],"yoast_head":"<!-- This site is optimized with the Yoast SEO plugin v21.0 - https:\/\/yoast.com\/wordpress\/plugins\/seo\/ -->\n<title>Aston Villa a envoy\u00e9 un pronostic pour la Ligue Europa alors que la l\u00e9gende du club r\u00e9clame le transfert de Morgan Rogers<\/title>\n<meta name=\"robots\" content=\"index, follow, max-snippet:-1, max-image-preview:large, max-video-preview:-1\" \/>\n<link rel=\"canonical\" href=\"https:\/\/footdavant.fr\/actualites\/aston-villa-a-envoye-un-pronostic-pour-la-ligue-europa-alors-que-la-legende-du-club-reclame-le-transfert-de-morgan-rogers\/\" \/>\n<meta property=\"og:locale\" content=\"fr_FR\" \/>\n<meta property=\"og:type\" content=\"article\" \/>\n<meta property=\"og:title\" content=\"Aston Villa a envoy\u00e9 un pronostic pour la Ligue Europa alors que la l\u00e9gende du club r\u00e9clame le transfert de Morgan Rogers\" \/>\n<meta property=\"og:description\" content=\"Aston Villa a \u00e9t\u00e9 soutenu pour remporter la Ligue Europa par la l\u00e9gende du club Gareth Barry avant leur affrontement en demi-finale aller contre Nottingham\" \/>\n<meta property=\"og:url\" content=\"https:\/\/footdavant.fr\/actualites\/aston-villa-a-envoye-un-pronostic-pour-la-ligue-europa-alors-que-la-legende-du-club-reclame-le-transfert-de-morgan-rogers\/\" \/>\n<meta property=\"og:site_name\" content=\"Foot d&#039;avant\" \/>\n<meta property=\"article:publisher\" content=\"https:\/\/www.facebook.com\/Footdavant\/\" \/>\n<meta property=\"article:published_time\" content=\"2026-04-30T00:48:03+00:00\" \/>\n<meta property=\"article:modified_time\" content=\"2026-04-30T00:48:04+00:00\" \/>\n<meta property=\"og:image\" content=\"https:\/\/footdavant.fr\/actualites\/wp-content\/uploads\/2026\/04\/Aston-Villa-a-envoye-un-pronostic-pour-la-Ligue-Europa.net2Fuploads2F20262F042Fns-photo-badge-e.webp\" \/>\n\t<meta property=\"og:image:width\" content=\"720\" \/>\n\t<meta property=\"og:image:height\" content=\"410\" \/>\n\t<meta property=\"og:image:type\" content=\"image\/webp\" \/>\n<meta name=\"author\" content=\"Cl\u00e9ment\" \/>\n<meta name=\"twitter:card\" content=\"summary_large_image\" \/>\n<meta name=\"twitter:creator\" content=\"@FootdavantFr\" \/>\n<meta name=\"twitter:site\" content=\"@FootdavantFr\" \/>\n<meta name=\"twitter:label1\" content=\"\u00c9crit par\" \/>\n\t<meta name=\"twitter:data1\" content=\"Cl\u00e9ment\" \/>\n\t<meta name=\"twitter:label2\" content=\"Dur\u00e9e de lecture estim\u00e9e\" \/>\n\t<meta name=\"twitter:data2\" content=\"3 minutes\" \/>\n<script type=\"application\/ld+json\" class=\"yoast-schema-graph\">{\"@context\":\"https:\/\/schema.org\",\"@graph\":[{\"@type\":\"Article\",\"@id\":\"https:\/\/footdavant.fr\/actualites\/aston-villa-a-envoye-un-pronostic-pour-la-ligue-europa-alors-que-la-legende-du-club-reclame-le-transfert-de-morgan-rogers\/#article\",\"isPartOf\":{\"@id\":\"https:\/\/footdavant.fr\/actualites\/aston-villa-a-envoye-un-pronostic-pour-la-ligue-europa-alors-que-la-legende-du-club-reclame-le-transfert-de-morgan-rogers\/\"},\"author\":{\"name\":\"Cl\u00e9ment\",\"@id\":\"https:\/\/footdavant.fr\/actualites\/#\/schema\/person\/bc222566d95871b37e597b3ed3ba5e1d\"},\"headline\":\"Aston Villa a envoy\u00e9 un pronostic pour la Ligue Europa alors que la l\u00e9gende du club r\u00e9clame le transfert de Morgan Rogers\",\"datePublished\":\"2026-04-30T00:48:03+00:00\",\"dateModified\":\"2026-04-30T00:48:04+00:00\",\"mainEntityOfPage\":{\"@id\":\"https:\/\/footdavant.fr\/actualites\/aston-villa-a-envoye-un-pronostic-pour-la-ligue-europa-alors-que-la-legende-du-club-reclame-le-transfert-de-morgan-rogers\/\"},\"wordCount\":679,\"publisher\":{\"@id\":\"https:\/\/footdavant.fr\/actualites\/#organization\"},\"keywords\":[\"alors\",\"Aston\",\"club\",\"envoy\u00e9\",\"Europa\",\"l\u00e9gende\",\"Ligue\",\"Morgan\",\"pour\",\"pronostic\",\"r\u00e9clame\",\"Rogers\",\"transfert\",\"Villa\"],\"articleSection\":[\"Premier League\"],\"inLanguage\":\"fr-FR\"},{\"@type\":\"WebPage\",\"@id\":\"https:\/\/footdavant.fr\/actualites\/aston-villa-a-envoye-un-pronostic-pour-la-ligue-europa-alors-que-la-legende-du-club-reclame-le-transfert-de-morgan-rogers\/\",\"url\":\"https:\/\/footdavant.fr\/actualites\/aston-villa-a-envoye-un-pronostic-pour-la-ligue-europa-alors-que-la-legende-du-club-reclame-le-transfert-de-morgan-rogers\/\",\"name\":\"Aston Villa a envoy\u00e9 un pronostic pour la Ligue Europa alors que la l\u00e9gende du club r\u00e9clame le transfert de Morgan Rogers\",\"isPartOf\":{\"@id\":\"https:\/\/footdavant.fr\/actualites\/#website\"},\"datePublished\":\"2026-04-30T00:48:03+00:00\",\"dateModified\":\"2026-04-30T00:48:04+00:00\",\"breadcrumb\":{\"@id\":\"https:\/\/footdavant.fr\/actualites\/aston-villa-a-envoye-un-pronostic-pour-la-ligue-europa-alors-que-la-legende-du-club-reclame-le-transfert-de-morgan-rogers\/#breadcrumb\"},\"inLanguage\":\"fr-FR\",\"potentialAction\":[{\"@type\":\"ReadAction\",\"target\":[\"https:\/\/footdavant.fr\/actualites\/aston-villa-a-envoye-un-pronostic-pour-la-ligue-europa-alors-que-la-legende-du-club-reclame-le-transfert-de-morgan-rogers\/\"]}]},{\"@type\":\"BreadcrumbList\",\"@id\":\"https:\/\/footdavant.fr\/actualites\/aston-villa-a-envoye-un-pronostic-pour-la-ligue-europa-alors-que-la-legende-du-club-reclame-le-transfert-de-morgan-rogers\/#breadcrumb\",\"itemListElement\":[{\"@type\":\"ListItem\",\"position\":1,\"name\":\"Accueil\",\"item\":\"https:\/\/footdavant.fr\/actualites\/\"},{\"@type\":\"ListItem\",\"position\":2,\"name\":\"Aston Villa a envoy\u00e9 un pronostic pour la Ligue Europa alors que la l\u00e9gende du club r\u00e9clame le transfert de Morgan Rogers\"}]},{\"@type\":\"WebSite\",\"@id\":\"https:\/\/footdavant.fr\/actualites\/#website\",\"url\":\"https:\/\/footdavant.fr\/actualites\/\",\"name\":\"Foot d'avant\",\"description\":\"\",\"publisher\":{\"@id\":\"https:\/\/footdavant.fr\/actualites\/#organization\"},\"potentialAction\":[{\"@type\":\"SearchAction\",\"target\":{\"@type\":\"EntryPoint\",\"urlTemplate\":\"https:\/\/footdavant.fr\/actualites\/?s={search_term_string}\"},\"query-input\":\"required name=search_term_string\"}],\"inLanguage\":\"fr-FR\"},{\"@type\":\"Organization\",\"@id\":\"https:\/\/footdavant.fr\/actualites\/#organization\",\"name\":\"Foot d'avant\",\"url\":\"https:\/\/footdavant.fr\/actualites\/\",\"logo\":{\"@type\":\"ImageObject\",\"inLanguage\":\"fr-FR\",\"@id\":\"https:\/\/footdavant.fr\/actualites\/#\/schema\/logo\/image\/\",\"url\":\"https:\/\/footdavant.fr\/actualites\/wp-content\/uploads\/2023\/09\/Copy-of-FootDavant-Logo.png\",\"contentUrl\":\"https:\/\/footdavant.fr\/actualites\/wp-content\/uploads\/2023\/09\/Copy-of-FootDavant-Logo.png\",\"width\":936,\"height\":549,\"caption\":\"Foot d'avant\"},\"image\":{\"@id\":\"https:\/\/footdavant.fr\/actualites\/#\/schema\/logo\/image\/\"},\"sameAs\":[\"https:\/\/www.facebook.com\/Footdavant\/\",\"https:\/\/twitter.com\/FootdavantFr\",\"https:\/\/www.instagram.com\/footdavant.fr\/\"]},{\"@type\":\"Person\",\"@id\":\"https:\/\/footdavant.fr\/actualites\/#\/schema\/person\/bc222566d95871b37e597b3ed3ba5e1d\",\"name\":\"Cl\u00e9ment\",\"image\":{\"@type\":\"ImageObject\",\"inLanguage\":\"fr-FR\",\"@id\":\"https:\/\/footdavant.fr\/actualites\/#\/schema\/person\/image\/\",\"url\":\"https:\/\/secure.gravatar.com\/avatar\/7728b29aac2719421e1a9159b2254c44?s=96&d=mm&r=g\",\"contentUrl\":\"https:\/\/secure.gravatar.com\/avatar\/7728b29aac2719421e1a9159b2254c44?s=96&d=mm&r=g\",\"caption\":\"Cl\u00e9ment\"},\"sameAs\":[\"https:\/\/footdavant.fr\/\"]}]}<\/script>\n<!-- \/ Yoast SEO plugin. -->","yoast_head_json":{"title":"Aston Villa a envoy\u00e9 un pronostic pour la Ligue Europa alors que la l\u00e9gende du club r\u00e9clame le transfert de Morgan Rogers","robots":{"index":"index","follow":"follow","max-snippet":"max-snippet:-1","max-image-preview":"max-image-preview:large","max-video-preview":"max-video-preview:-1"},"canonical":"https:\/\/footdavant.fr\/actualites\/aston-villa-a-envoye-un-pronostic-pour-la-ligue-europa-alors-que-la-legende-du-club-reclame-le-transfert-de-morgan-rogers\/","og_locale":"fr_FR","og_type":"article","og_title":"Aston Villa a envoy\u00e9 un pronostic pour la Ligue Europa alors que la l\u00e9gende du club r\u00e9clame le transfert de Morgan Rogers","og_description":"Aston Villa a \u00e9t\u00e9 soutenu pour remporter la Ligue Europa par la l\u00e9gende du club Gareth Barry avant leur affrontement en demi-finale aller contre Nottingham","og_url":"https:\/\/footdavant.fr\/actualites\/aston-villa-a-envoye-un-pronostic-pour-la-ligue-europa-alors-que-la-legende-du-club-reclame-le-transfert-de-morgan-rogers\/","og_site_name":"Foot d&#039;avant","article_publisher":"https:\/\/www.facebook.com\/Footdavant\/","article_published_time":"2026-04-30T00:48:03+00:00","article_modified_time":"2026-04-30T00:48:04+00:00","og_image":[{"width":720,"height":410,"url":"https:\/\/footdavant.fr\/actualites\/wp-content\/uploads\/2026\/04\/Aston-Villa-a-envoye-un-pronostic-pour-la-Ligue-Europa.net2Fuploads2F20262F042Fns-photo-badge-e.webp","type":"image\/webp"}],"author":"Cl\u00e9ment","twitter_card":"summary_large_image","twitter_creator":"@FootdavantFr","twitter_site":"@FootdavantFr","twitter_misc":{"\u00c9crit par":"Cl\u00e9ment","Dur\u00e9e de lecture estim\u00e9e":"3 minutes"},"schema":{"@context":"https:\/\/schema.org","@graph":[{"@type":"Article","@id":"https:\/\/footdavant.fr\/actualites\/aston-villa-a-envoye-un-pronostic-pour-la-ligue-europa-alors-que-la-legende-du-club-reclame-le-transfert-de-morgan-rogers\/#article","isPartOf":{"@id":"https:\/\/footdavant.fr\/actualites\/aston-villa-a-envoye-un-pronostic-pour-la-ligue-europa-alors-que-la-legende-du-club-reclame-le-transfert-de-morgan-rogers\/"},"author":{"name":"Cl\u00e9ment","@id":"https:\/\/footdavant.fr\/actualites\/#\/schema\/person\/bc222566d95871b37e597b3ed3ba5e1d"},"headline":"Aston Villa a envoy\u00e9 un pronostic pour la Ligue Europa alors que la l\u00e9gende du club r\u00e9clame le transfert de Morgan Rogers","datePublished":"2026-04-30T00:48:03+00:00","dateModified":"2026-04-30T00:48:04+00:00","mainEntityOfPage":{"@id":"https:\/\/footdavant.fr\/actualites\/aston-villa-a-envoye-un-pronostic-pour-la-ligue-europa-alors-que-la-legende-du-club-reclame-le-transfert-de-morgan-rogers\/"},"wordCount":679,"publisher":{"@id":"https:\/\/footdavant.fr\/actualites\/#organization"},"keywords":["alors","Aston","club","envoy\u00e9","Europa","l\u00e9gende","Ligue","Morgan","pour","pronostic","r\u00e9clame","Rogers","transfert","Villa"],"articleSection":["Premier League"],"inLanguage":"fr-FR"},{"@type":"WebPage","@id":"https:\/\/footdavant.fr\/actualites\/aston-villa-a-envoye-un-pronostic-pour-la-ligue-europa-alors-que-la-legende-du-club-reclame-le-transfert-de-morgan-rogers\/","url":"https:\/\/footdavant.fr\/actualites\/aston-villa-a-envoye-un-pronostic-pour-la-ligue-europa-alors-que-la-legende-du-club-reclame-le-transfert-de-morgan-rogers\/","name":"Aston Villa a envoy\u00e9 un pronostic pour la Ligue Europa alors que la l\u00e9gende du club r\u00e9clame le transfert de Morgan Rogers","isPartOf":{"@id":"https:\/\/footdavant.fr\/actualites\/#website"},"datePublished":"2026-04-30T00:48:03+00:00","dateModified":"2026-04-30T00:48:04+00:00","breadcrumb":{"@id":"https:\/\/footdavant.fr\/actualites\/aston-villa-a-envoye-un-pronostic-pour-la-ligue-europa-alors-que-la-legende-du-club-reclame-le-transfert-de-morgan-rogers\/#breadcrumb"},"inLanguage":"fr-FR","potentialAction":[{"@type":"ReadAction","target":["https:\/\/footdavant.fr\/actualites\/aston-villa-a-envoye-un-pronostic-pour-la-ligue-europa-alors-que-la-legende-du-club-reclame-le-transfert-de-morgan-rogers\/"]}]},{"@type":"BreadcrumbList","@id":"https:\/\/footdavant.fr\/actualites\/aston-villa-a-envoye-un-pronostic-pour-la-ligue-europa-alors-que-la-legende-du-club-reclame-le-transfert-de-morgan-rogers\/#breadcrumb","itemListElement":[{"@type":"ListItem","position":1,"name":"Accueil","item":"https:\/\/footdavant.fr\/actualites\/"},{"@type":"ListItem","position":2,"name":"Aston Villa a envoy\u00e9 un pronostic pour la Ligue Europa alors que la l\u00e9gende du club r\u00e9clame le transfert de Morgan Rogers"}]},{"@type":"WebSite","@id":"https:\/\/footdavant.fr\/actualites\/#website","url":"https:\/\/footdavant.fr\/actualites\/","name":"Foot d'avant","description":"","publisher":{"@id":"https:\/\/footdavant.fr\/actualites\/#organization"},"potentialAction":[{"@type":"SearchAction","target":{"@type":"EntryPoint","urlTemplate":"https:\/\/footdavant.fr\/actualites\/?s={search_term_string}"},"query-input":"required name=search_term_string"}],"inLanguage":"fr-FR"},{"@type":"Organization","@id":"https:\/\/footdavant.fr\/actualites\/#organization","name":"Foot d'avant","url":"https:\/\/footdavant.fr\/actualites\/","logo":{"@type":"ImageObject","inLanguage":"fr-FR","@id":"https:\/\/footdavant.fr\/actualites\/#\/schema\/logo\/image\/","url":"https:\/\/footdavant.fr\/actualites\/wp-content\/uploads\/2023\/09\/Copy-of-FootDavant-Logo.png","contentUrl":"https:\/\/footdavant.fr\/actualites\/wp-content\/uploads\/2023\/09\/Copy-of-FootDavant-Logo.png","width":936,"height":549,"caption":"Foot d'avant"},"image":{"@id":"https:\/\/footdavant.fr\/actualites\/#\/schema\/logo\/image\/"},"sameAs":["https:\/\/www.facebook.com\/Footdavant\/","https:\/\/twitter.com\/FootdavantFr","https:\/\/www.instagram.com\/footdavant.fr\/"]},{"@type":"Person","@id":"https:\/\/footdavant.fr\/actualites\/#\/schema\/person\/bc222566d95871b37e597b3ed3ba5e1d","name":"Cl\u00e9ment","image":{"@type":"ImageObject","inLanguage":"fr-FR","@id":"https:\/\/footdavant.fr\/actualites\/#\/schema\/person\/image\/","url":"https:\/\/secure.gravatar.com\/avatar\/7728b29aac2719421e1a9159b2254c44?s=96&d=mm&r=g","contentUrl":"https:\/\/secure.gravatar.com\/avatar\/7728b29aac2719421e1a9159b2254c44?s=96&d=mm&r=g","caption":"Cl\u00e9ment"},"sameAs":["https:\/\/footdavant.fr\/"]}]}},"_links":{"self":[{"href":"https:\/\/footdavant.fr\/actualites\/wp-json\/wp\/v2\/posts\/36969"}],"collection":[{"href":"https:\/\/footdavant.fr\/actualites\/wp-json\/wp\/v2\/posts"}],"about":[{"href":"https:\/\/footdavant.fr\/actualites\/wp-json\/wp\/v2\/types\/post"}],"author":[{"embeddable":true,"href":"https:\/\/footdavant.fr\/actualites\/wp-json\/wp\/v2\/users\/1"}],"replies":[{"embeddable":true,"href":"https:\/\/footdavant.fr\/actualites\/wp-json\/wp\/v2\/comments?post=36969"}],"version-history":[{"count":1,"href":"https:\/\/footdavant.fr\/actualites\/wp-json\/wp\/v2\/posts\/36969\/revisions"}],"predecessor-version":[{"id":36971,"href":"https:\/\/footdavant.fr\/actualites\/wp-json\/wp\/v2\/posts\/36969\/revisions\/36971"}],"wp:featuredmedia":[{"embeddable":true,"href":"https:\/\/footdavant.fr\/actualites\/wp-json\/wp\/v2\/media\/36970"}],"wp:attachment":[{"href":"https:\/\/footdavant.fr\/actualites\/wp-json\/wp\/v2\/media?parent=36969"}],"wp:term":[{"taxonomy":"category","embeddable":true,"href":"https:\/\/footdavant.fr\/actualites\/wp-json\/wp\/v2\/categories?post=36969"},{"taxonomy":"post_tag","embeddable":true,"href":"https:\/\/footdavant.fr\/actualites\/wp-json\/wp\/v2\/tags?post=36969"}],"curies":[{"name":"wp","href":"https:\/\/api.w.org\/{rel}","templated":true}]}}