{"id":36972,"date":"2026-04-30T04:48:44","date_gmt":"2026-04-30T02:48:44","guid":{"rendered":"https:\/\/footdavant.fr\/actualites\/cesc-fabregas-elu-comme-option-preferee-pour-devenir-manager-parmi-les-fans-de-chelsea\/"},"modified":"2026-04-30T04:48:44","modified_gmt":"2026-04-30T02:48:44","slug":"cesc-fabregas-elu-comme-option-preferee-pour-devenir-manager-parmi-les-fans-de-chelsea","status":"publish","type":"post","link":"https:\/\/footdavant.fr\/actualites\/cesc-fabregas-elu-comme-option-preferee-pour-devenir-manager-parmi-les-fans-de-chelsea\/","title":{"rendered":"Cesc Fabregas \u00e9lu comme option pr\u00e9f\u00e9r\u00e9e pour devenir manager parmi les fans de Chelsea"},"content":{"rendered":"<div>\n<p>Quand je dis que nous ne sommes convaincus par aucun autre candidat, je pense pouvoir affirmer avec certitude que nous serions tous convaincus par Xabi Alonso. Mais pardonnez-moi de ne m\u00eame pas avoir envisag\u00e9 cela pour le moment, car je pense toujours que cela a une TR\u00c8S mince chance d\u2019\u00eatre plus que simplement Chelsea qui parle de l\u2019approcher. Si cela avance, je referai ces sondages.<\/p>\n<p>N&#39;oubliez pas non plus qu&#39;il peut y avoir des noms que nous ne connaissons pas encore.<\/p>\n<p>Mais pour l\u2019instant, ce sont les objectifs les plus s\u00e9rieux et les plus r\u00e9alistes auxquels nous ont \u00e9t\u00e9 associ\u00e9s les principales sources et m\u00e9dias.<\/p>\n<p>Cesc Fabregas est VOTRE homme\u2026 Comme vous pouvez le constater, je suis \u00e9galement d&#39;accord\u2026<\/p>\n<div class=\"captioned-image-container\">\n<figure>\n<div class=\"image2-inset\"><img data-od-added-loading=\"\" src=\"\/HTML\/BODY\/DIV[@id='page']\/*[1][self::DIV]\/*[3][self::MAIN]\/*[3][self::DIV]\/*[1][self::DIV]\/*[1][self::DIV]\/*[1][self::DIV]\/*[1][self::DIV]\/*[1][self::DIV]\/*[1][self::DIV]\/*[1][self::DIV]\/*[6][self::DIV]\/*[1][self::FIGURE]\/*[1][self::DIV]\/*[1][self::IMG]\" loading=\"lazy\" decoding=\"async\" onerror=\"this.onerror=null;this.src=\" https:=\"\" class=\"sizing-normal\" alt=\"\" width=\"1045\" height=\"677\" data-attrs=\"{&quot;src&quot;:&quot;https:\/\/substack-post-media.s3.amazonaws.com\/public\/images\/b984d0d1-ad9b-4d3e-bb71-9f8d5ea928cd_1045x677.png&quot;,&quot;srcNoWatermark&quot;:null,&quot;fullscreen&quot;:null,&quot;imageSize&quot;:null,&quot;height&quot;:677,&quot;width&quot;:1045,&quot;resizeWidth&quot;:null,&quot;bytes&quot;:56538,&quot;alt&quot;:null,&quot;title&quot;:null,&quot;type&quot;:&quot;image\/png&quot;,&quot;href&quot;:null,&quot;belowTheFold&quot;:false,&quot;topImage&quot;:false,&quot;internalRedirect&quot;:&quot;https:\/\/siphillipstalkschelsea.substack.com\/i\/195715850?img=https%3A%2F%2Fsubstack-post-media.s3.amazonaws.com%2Fpublic%2Fimages%2Fb984d0d1-ad9b-4d3e-bb71-9f8d5ea928cd_1045x677.png&quot;,&quot;isProcessing&quot;:false,&quot;align&quot;:null,&quot;offset&quot;:false}\"\/><\/p>\n<\/div>\n<\/figure>\n<\/div>\n<p>Ensuite, j&#39;ai demand\u00e9, \u00e0 quel point seriez-vous heureux s&#39;il s&#39;av\u00e9rait que Andoni Iraola \u00e9tait notre nouvel entra\u00eeneur-chef\u00a0:<\/p>\n<ul>\n<li>45\u00a0% ont dit un juste milieu<\/li>\n<li>31% se disent plut\u00f4t satisfaits<\/li>\n<li>15\u00a0% ont dit ne pas \u00eatre tr\u00e8s heureux (c&#39;\u00e9tait mon vote)<\/li>\n<li>7% se disent tr\u00e8s heureux<\/li>\n<li>2\u00a0% ont d\u00e9clar\u00e9 ne pas \u00eatre satisfaits du tout<\/li>\n<\/ul>\n<p>Quant \u00e0 Fabregas :<\/p>\n<ul>\n<li>57% se disent tr\u00e8s heureux<\/li>\n<li>34\u00a0% se sont dits plut\u00f4t satisfaits (c&#39;\u00e9tait mon vote)<\/li>\n<li>9\u00a0% ont dit un juste milieu<\/li>\n<li>Personne n&#39;a vot\u00e9 pas trop content ou pas content du tout<\/li>\n<\/ul>\n<p>Vous pouvez consulter le reste des r\u00e9sultats ici pour des noms comme Marco Silva et Filipe Luis, mais ce sont Iraola et Fabregas qui sont les deux noms les plus populaires dans cette communaut\u00e9, ce dernier \u00e9tant clairement le favori.<\/p>\n<p>Jose Mourinho a cependant partag\u00e9 quelques points de vue !<\/p>\n<ul>\n<li>27\u00a0% ont choisi une position m\u00e9diane<\/li>\n<li>25% seraient plut\u00f4t heureux si c&#39;\u00e9tait lui<\/li>\n<li>24% seraient tr\u00e8s heureux<\/li>\n<li>14% ne seraient pas tr\u00e8s contents<\/li>\n<li>10% ne seraient pas contents du tout<\/li>\n<\/ul>\n<p>Ah, la nostalgie me mord fort, je dois l&#39;avouer !<\/p>\n<p>Antonio Conte a obtenu des r\u00e9sultats similaires, tandis que Frank Lampard a obtenu une r\u00e9ponse plus positive :<\/p>\n<ul>\n<li>30% ont pris le juste milieu de Lampard<\/li>\n<li>26% seraient plut\u00f4t contents<\/li>\n<li>22% seraient tr\u00e8s heureux<\/li>\n<li>11 % ne seraient pas tr\u00e8s heureux\/pas heureux du tout<\/li>\n<\/ul>\n<p>Esp\u00e9rons que je pourrai bient\u00f4t y ajouter Alonso, mais je n&#39;ai absolument pas trop d&#39;espoir.<\/p>\n<p>Alors, c&#39;est fini pour Cesc, si Alonso n&#39;est pas possible ? La communaut\u00e9 a parl\u00e9 !<\/p>\n<p>Je pense que Cesc coche la plupart des cases, mais je doute encore de son exp\u00e9rience globale en mati\u00e8re de gestion jusqu&#39;\u00e0 pr\u00e9sent. Il est pour moi le meilleur des plus li\u00e9s jusqu&#39;\u00e0 pr\u00e9sent.<\/p>\n<\/p><\/div>\n","protected":false},"excerpt":{"rendered":"<p>Quand je dis que nous ne sommes convaincus par aucun autre candidat, je pense pouvoir affirmer avec certitude que nous serions tous convaincus par Xabi<\/p>\n","protected":false},"author":1,"featured_media":0,"comment_status":"","ping_status":"","sticky":false,"template":"","format":"standard","meta":{"footnotes":""},"categories":[3],"tags":[5581,171,990,2903,11901,5582,512,93,504,3143,1048,51,5134],"yoast_head":"<!-- This site is optimized with the Yoast SEO plugin v21.0 - https:\/\/yoast.com\/wordpress\/plugins\/seo\/ -->\n<title>Cesc Fabregas \u00e9lu comme option pr\u00e9f\u00e9r\u00e9e pour devenir manager parmi les fans de Chelsea<\/title>\n<meta name=\"robots\" content=\"index, follow, max-snippet:-1, max-image-preview:large, max-video-preview:-1\" \/>\n<link rel=\"canonical\" href=\"https:\/\/footdavant.fr\/actualites\/cesc-fabregas-elu-comme-option-preferee-pour-devenir-manager-parmi-les-fans-de-chelsea\/\" \/>\n<meta property=\"og:locale\" content=\"fr_FR\" \/>\n<meta property=\"og:type\" content=\"article\" \/>\n<meta property=\"og:title\" content=\"Cesc Fabregas \u00e9lu comme option pr\u00e9f\u00e9r\u00e9e pour devenir manager parmi les fans de Chelsea\" \/>\n<meta property=\"og:description\" content=\"Quand je dis que nous ne sommes convaincus par aucun autre candidat, je pense pouvoir affirmer avec certitude que nous serions tous convaincus par Xabi\" \/>\n<meta property=\"og:url\" content=\"https:\/\/footdavant.fr\/actualites\/cesc-fabregas-elu-comme-option-preferee-pour-devenir-manager-parmi-les-fans-de-chelsea\/\" \/>\n<meta property=\"og:site_name\" content=\"Foot d&#039;avant\" \/>\n<meta property=\"article:publisher\" content=\"https:\/\/www.facebook.com\/Footdavant\/\" \/>\n<meta property=\"article:published_time\" content=\"2026-04-30T02:48:44+00:00\" \/>\n<meta property=\"og:image\" content=\"https:\/\/footdavant.fr\/actualites\/wp-content\/uploads\/2023\/09\/Copy-of-FootDavant-Logo.png\" \/>\n\t<meta property=\"og:image:width\" content=\"936\" \/>\n\t<meta property=\"og:image:height\" content=\"549\" \/>\n\t<meta property=\"og:image:type\" content=\"image\/png\" \/>\n<meta name=\"author\" content=\"Cl\u00e9ment\" \/>\n<meta name=\"twitter:card\" content=\"summary_large_image\" \/>\n<meta name=\"twitter:creator\" content=\"@FootdavantFr\" \/>\n<meta name=\"twitter:site\" content=\"@FootdavantFr\" \/>\n<meta name=\"twitter:label1\" content=\"\u00c9crit par\" \/>\n\t<meta name=\"twitter:data1\" content=\"Cl\u00e9ment\" \/>\n\t<meta name=\"twitter:label2\" content=\"Dur\u00e9e de lecture estim\u00e9e\" \/>\n\t<meta name=\"twitter:data2\" content=\"2 minutes\" \/>\n<script type=\"application\/ld+json\" class=\"yoast-schema-graph\">{\"@context\":\"https:\/\/schema.org\",\"@graph\":[{\"@type\":\"Article\",\"@id\":\"https:\/\/footdavant.fr\/actualites\/cesc-fabregas-elu-comme-option-preferee-pour-devenir-manager-parmi-les-fans-de-chelsea\/#article\",\"isPartOf\":{\"@id\":\"https:\/\/footdavant.fr\/actualites\/cesc-fabregas-elu-comme-option-preferee-pour-devenir-manager-parmi-les-fans-de-chelsea\/\"},\"author\":{\"name\":\"Cl\u00e9ment\",\"@id\":\"https:\/\/footdavant.fr\/actualites\/#\/schema\/person\/bc222566d95871b37e597b3ed3ba5e1d\"},\"headline\":\"Cesc Fabregas \u00e9lu comme option pr\u00e9f\u00e9r\u00e9e pour devenir manager parmi les fans de Chelsea\",\"datePublished\":\"2026-04-30T02:48:44+00:00\",\"dateModified\":\"2026-04-30T02:48:44+00:00\",\"mainEntityOfPage\":{\"@id\":\"https:\/\/footdavant.fr\/actualites\/cesc-fabregas-elu-comme-option-preferee-pour-devenir-manager-parmi-les-fans-de-chelsea\/\"},\"wordCount\":447,\"publisher\":{\"@id\":\"https:\/\/footdavant.fr\/actualites\/#organization\"},\"keywords\":[\"Cesc\",\"Chelsea\",\"comme\",\"devenir\",\"\u00e9lu\",\"Fabregas\",\"fans\",\"les\",\"manager\",\"option\",\"parmi\",\"pour\",\"pr\u00e9f\u00e9r\u00e9e\"],\"articleSection\":[\"Football\"],\"inLanguage\":\"fr-FR\"},{\"@type\":\"WebPage\",\"@id\":\"https:\/\/footdavant.fr\/actualites\/cesc-fabregas-elu-comme-option-preferee-pour-devenir-manager-parmi-les-fans-de-chelsea\/\",\"url\":\"https:\/\/footdavant.fr\/actualites\/cesc-fabregas-elu-comme-option-preferee-pour-devenir-manager-parmi-les-fans-de-chelsea\/\",\"name\":\"Cesc Fabregas \u00e9lu comme option pr\u00e9f\u00e9r\u00e9e pour devenir manager parmi les fans de Chelsea\",\"isPartOf\":{\"@id\":\"https:\/\/footdavant.fr\/actualites\/#website\"},\"datePublished\":\"2026-04-30T02:48:44+00:00\",\"dateModified\":\"2026-04-30T02:48:44+00:00\",\"breadcrumb\":{\"@id\":\"https:\/\/footdavant.fr\/actualites\/cesc-fabregas-elu-comme-option-preferee-pour-devenir-manager-parmi-les-fans-de-chelsea\/#breadcrumb\"},\"inLanguage\":\"fr-FR\",\"potentialAction\":[{\"@type\":\"ReadAction\",\"target\":[\"https:\/\/footdavant.fr\/actualites\/cesc-fabregas-elu-comme-option-preferee-pour-devenir-manager-parmi-les-fans-de-chelsea\/\"]}]},{\"@type\":\"BreadcrumbList\",\"@id\":\"https:\/\/footdavant.fr\/actualites\/cesc-fabregas-elu-comme-option-preferee-pour-devenir-manager-parmi-les-fans-de-chelsea\/#breadcrumb\",\"itemListElement\":[{\"@type\":\"ListItem\",\"position\":1,\"name\":\"Accueil\",\"item\":\"https:\/\/footdavant.fr\/actualites\/\"},{\"@type\":\"ListItem\",\"position\":2,\"name\":\"Cesc Fabregas \u00e9lu comme option pr\u00e9f\u00e9r\u00e9e pour devenir manager parmi les fans de Chelsea\"}]},{\"@type\":\"WebSite\",\"@id\":\"https:\/\/footdavant.fr\/actualites\/#website\",\"url\":\"https:\/\/footdavant.fr\/actualites\/\",\"name\":\"Foot d'avant\",\"description\":\"\",\"publisher\":{\"@id\":\"https:\/\/footdavant.fr\/actualites\/#organization\"},\"potentialAction\":[{\"@type\":\"SearchAction\",\"target\":{\"@type\":\"EntryPoint\",\"urlTemplate\":\"https:\/\/footdavant.fr\/actualites\/?s={search_term_string}\"},\"query-input\":\"required name=search_term_string\"}],\"inLanguage\":\"fr-FR\"},{\"@type\":\"Organization\",\"@id\":\"https:\/\/footdavant.fr\/actualites\/#organization\",\"name\":\"Foot d'avant\",\"url\":\"https:\/\/footdavant.fr\/actualites\/\",\"logo\":{\"@type\":\"ImageObject\",\"inLanguage\":\"fr-FR\",\"@id\":\"https:\/\/footdavant.fr\/actualites\/#\/schema\/logo\/image\/\",\"url\":\"https:\/\/footdavant.fr\/actualites\/wp-content\/uploads\/2023\/09\/Copy-of-FootDavant-Logo.png\",\"contentUrl\":\"https:\/\/footdavant.fr\/actualites\/wp-content\/uploads\/2023\/09\/Copy-of-FootDavant-Logo.png\",\"width\":936,\"height\":549,\"caption\":\"Foot d'avant\"},\"image\":{\"@id\":\"https:\/\/footdavant.fr\/actualites\/#\/schema\/logo\/image\/\"},\"sameAs\":[\"https:\/\/www.facebook.com\/Footdavant\/\",\"https:\/\/twitter.com\/FootdavantFr\",\"https:\/\/www.instagram.com\/footdavant.fr\/\"]},{\"@type\":\"Person\",\"@id\":\"https:\/\/footdavant.fr\/actualites\/#\/schema\/person\/bc222566d95871b37e597b3ed3ba5e1d\",\"name\":\"Cl\u00e9ment\",\"image\":{\"@type\":\"ImageObject\",\"inLanguage\":\"fr-FR\",\"@id\":\"https:\/\/footdavant.fr\/actualites\/#\/schema\/person\/image\/\",\"url\":\"https:\/\/secure.gravatar.com\/avatar\/7728b29aac2719421e1a9159b2254c44?s=96&d=mm&r=g\",\"contentUrl\":\"https:\/\/secure.gravatar.com\/avatar\/7728b29aac2719421e1a9159b2254c44?s=96&d=mm&r=g\",\"caption\":\"Cl\u00e9ment\"},\"sameAs\":[\"https:\/\/footdavant.fr\/\"]}]}<\/script>\n<!-- \/ Yoast SEO plugin. -->","yoast_head_json":{"title":"Cesc Fabregas \u00e9lu comme option pr\u00e9f\u00e9r\u00e9e pour devenir manager parmi les fans de Chelsea","robots":{"index":"index","follow":"follow","max-snippet":"max-snippet:-1","max-image-preview":"max-image-preview:large","max-video-preview":"max-video-preview:-1"},"canonical":"https:\/\/footdavant.fr\/actualites\/cesc-fabregas-elu-comme-option-preferee-pour-devenir-manager-parmi-les-fans-de-chelsea\/","og_locale":"fr_FR","og_type":"article","og_title":"Cesc Fabregas \u00e9lu comme option pr\u00e9f\u00e9r\u00e9e pour devenir manager parmi les fans de Chelsea","og_description":"Quand je dis que nous ne sommes convaincus par aucun autre candidat, je pense pouvoir affirmer avec certitude que nous serions tous convaincus par Xabi","og_url":"https:\/\/footdavant.fr\/actualites\/cesc-fabregas-elu-comme-option-preferee-pour-devenir-manager-parmi-les-fans-de-chelsea\/","og_site_name":"Foot d&#039;avant","article_publisher":"https:\/\/www.facebook.com\/Footdavant\/","article_published_time":"2026-04-30T02:48:44+00:00","og_image":[{"width":936,"height":549,"url":"https:\/\/footdavant.fr\/actualites\/wp-content\/uploads\/2023\/09\/Copy-of-FootDavant-Logo.png","type":"image\/png"}],"author":"Cl\u00e9ment","twitter_card":"summary_large_image","twitter_creator":"@FootdavantFr","twitter_site":"@FootdavantFr","twitter_misc":{"\u00c9crit par":"Cl\u00e9ment","Dur\u00e9e de lecture estim\u00e9e":"2 minutes"},"schema":{"@context":"https:\/\/schema.org","@graph":[{"@type":"Article","@id":"https:\/\/footdavant.fr\/actualites\/cesc-fabregas-elu-comme-option-preferee-pour-devenir-manager-parmi-les-fans-de-chelsea\/#article","isPartOf":{"@id":"https:\/\/footdavant.fr\/actualites\/cesc-fabregas-elu-comme-option-preferee-pour-devenir-manager-parmi-les-fans-de-chelsea\/"},"author":{"name":"Cl\u00e9ment","@id":"https:\/\/footdavant.fr\/actualites\/#\/schema\/person\/bc222566d95871b37e597b3ed3ba5e1d"},"headline":"Cesc Fabregas \u00e9lu comme option pr\u00e9f\u00e9r\u00e9e pour devenir manager parmi les fans de Chelsea","datePublished":"2026-04-30T02:48:44+00:00","dateModified":"2026-04-30T02:48:44+00:00","mainEntityOfPage":{"@id":"https:\/\/footdavant.fr\/actualites\/cesc-fabregas-elu-comme-option-preferee-pour-devenir-manager-parmi-les-fans-de-chelsea\/"},"wordCount":447,"publisher":{"@id":"https:\/\/footdavant.fr\/actualites\/#organization"},"keywords":["Cesc","Chelsea","comme","devenir","\u00e9lu","Fabregas","fans","les","manager","option","parmi","pour","pr\u00e9f\u00e9r\u00e9e"],"articleSection":["Football"],"inLanguage":"fr-FR"},{"@type":"WebPage","@id":"https:\/\/footdavant.fr\/actualites\/cesc-fabregas-elu-comme-option-preferee-pour-devenir-manager-parmi-les-fans-de-chelsea\/","url":"https:\/\/footdavant.fr\/actualites\/cesc-fabregas-elu-comme-option-preferee-pour-devenir-manager-parmi-les-fans-de-chelsea\/","name":"Cesc Fabregas \u00e9lu comme option pr\u00e9f\u00e9r\u00e9e pour devenir manager parmi les fans de Chelsea","isPartOf":{"@id":"https:\/\/footdavant.fr\/actualites\/#website"},"datePublished":"2026-04-30T02:48:44+00:00","dateModified":"2026-04-30T02:48:44+00:00","breadcrumb":{"@id":"https:\/\/footdavant.fr\/actualites\/cesc-fabregas-elu-comme-option-preferee-pour-devenir-manager-parmi-les-fans-de-chelsea\/#breadcrumb"},"inLanguage":"fr-FR","potentialAction":[{"@type":"ReadAction","target":["https:\/\/footdavant.fr\/actualites\/cesc-fabregas-elu-comme-option-preferee-pour-devenir-manager-parmi-les-fans-de-chelsea\/"]}]},{"@type":"BreadcrumbList","@id":"https:\/\/footdavant.fr\/actualites\/cesc-fabregas-elu-comme-option-preferee-pour-devenir-manager-parmi-les-fans-de-chelsea\/#breadcrumb","itemListElement":[{"@type":"ListItem","position":1,"name":"Accueil","item":"https:\/\/footdavant.fr\/actualites\/"},{"@type":"ListItem","position":2,"name":"Cesc Fabregas \u00e9lu comme option pr\u00e9f\u00e9r\u00e9e pour devenir manager parmi les fans de Chelsea"}]},{"@type":"WebSite","@id":"https:\/\/footdavant.fr\/actualites\/#website","url":"https:\/\/footdavant.fr\/actualites\/","name":"Foot d'avant","description":"","publisher":{"@id":"https:\/\/footdavant.fr\/actualites\/#organization"},"potentialAction":[{"@type":"SearchAction","target":{"@type":"EntryPoint","urlTemplate":"https:\/\/footdavant.fr\/actualites\/?s={search_term_string}"},"query-input":"required name=search_term_string"}],"inLanguage":"fr-FR"},{"@type":"Organization","@id":"https:\/\/footdavant.fr\/actualites\/#organization","name":"Foot d'avant","url":"https:\/\/footdavant.fr\/actualites\/","logo":{"@type":"ImageObject","inLanguage":"fr-FR","@id":"https:\/\/footdavant.fr\/actualites\/#\/schema\/logo\/image\/","url":"https:\/\/footdavant.fr\/actualites\/wp-content\/uploads\/2023\/09\/Copy-of-FootDavant-Logo.png","contentUrl":"https:\/\/footdavant.fr\/actualites\/wp-content\/uploads\/2023\/09\/Copy-of-FootDavant-Logo.png","width":936,"height":549,"caption":"Foot d'avant"},"image":{"@id":"https:\/\/footdavant.fr\/actualites\/#\/schema\/logo\/image\/"},"sameAs":["https:\/\/www.facebook.com\/Footdavant\/","https:\/\/twitter.com\/FootdavantFr","https:\/\/www.instagram.com\/footdavant.fr\/"]},{"@type":"Person","@id":"https:\/\/footdavant.fr\/actualites\/#\/schema\/person\/bc222566d95871b37e597b3ed3ba5e1d","name":"Cl\u00e9ment","image":{"@type":"ImageObject","inLanguage":"fr-FR","@id":"https:\/\/footdavant.fr\/actualites\/#\/schema\/person\/image\/","url":"https:\/\/secure.gravatar.com\/avatar\/7728b29aac2719421e1a9159b2254c44?s=96&d=mm&r=g","contentUrl":"https:\/\/secure.gravatar.com\/avatar\/7728b29aac2719421e1a9159b2254c44?s=96&d=mm&r=g","caption":"Cl\u00e9ment"},"sameAs":["https:\/\/footdavant.fr\/"]}]}},"_links":{"self":[{"href":"https:\/\/footdavant.fr\/actualites\/wp-json\/wp\/v2\/posts\/36972"}],"collection":[{"href":"https:\/\/footdavant.fr\/actualites\/wp-json\/wp\/v2\/posts"}],"about":[{"href":"https:\/\/footdavant.fr\/actualites\/wp-json\/wp\/v2\/types\/post"}],"author":[{"embeddable":true,"href":"https:\/\/footdavant.fr\/actualites\/wp-json\/wp\/v2\/users\/1"}],"replies":[{"embeddable":true,"href":"https:\/\/footdavant.fr\/actualites\/wp-json\/wp\/v2\/comments?post=36972"}],"version-history":[{"count":0,"href":"https:\/\/footdavant.fr\/actualites\/wp-json\/wp\/v2\/posts\/36972\/revisions"}],"wp:attachment":[{"href":"https:\/\/footdavant.fr\/actualites\/wp-json\/wp\/v2\/media?parent=36972"}],"wp:term":[{"taxonomy":"category","embeddable":true,"href":"https:\/\/footdavant.fr\/actualites\/wp-json\/wp\/v2\/categories?post=36972"},{"taxonomy":"post_tag","embeddable":true,"href":"https:\/\/footdavant.fr\/actualites\/wp-json\/wp\/v2\/tags?post=36972"}],"curies":[{"name":"wp","href":"https:\/\/api.w.org\/{rel}","templated":true}]}}