{"id":36973,"date":"2026-04-30T06:48:23","date_gmt":"2026-04-30T04:48:23","guid":{"rendered":"https:\/\/footdavant.fr\/actualites\/virgil-van-dijk-veut-que-la-star-de-liverpool-reste-a-anfield-au-milieu-des-rumeurs-de-sortie-estivale\/"},"modified":"2026-04-30T06:48:24","modified_gmt":"2026-04-30T04:48:24","slug":"virgil-van-dijk-veut-que-la-star-de-liverpool-reste-a-anfield-au-milieu-des-rumeurs-de-sortie-estivale","status":"publish","type":"post","link":"https:\/\/footdavant.fr\/actualites\/virgil-van-dijk-veut-que-la-star-de-liverpool-reste-a-anfield-au-milieu-des-rumeurs-de-sortie-estivale\/","title":{"rendered":"Virgil van Dijk veut que la star de Liverpool reste \u00e0 Anfield au milieu des rumeurs de sortie estivale"},"content":{"rendered":"<div itemprop=\"articleBody\">\n<p><meta charset=\"UTF-8\"\/>Virgil van Dijk a admis que perdre Alisson Becker repr\u00e9senterait un coup dur pour Liverpool, m\u00eame si le capitaine a \u00e9galement soulign\u00e9 que le club finirait par s&#39;adapter si le Br\u00e9silien partait.<\/p>\n<p><meta charset=\"UTF-8\"\/>Alisson a rejoint les Reds en provenance de l&#39;AS Roma en 2018 et a depuis fait plus de 330 apparitions, s&#39;imposant comme l&#39;un des gardiens de but les plus influents de l&#39;\u00e8re moderne de Liverpool.<\/p>\n<p data-end=\"660\" data-start=\"489\">Le joueur de 33 ans a jou\u00e9 un r\u00f4le central dans les r\u00e9cents succ\u00e8s du club, mais les sp\u00e9culations sur son avenir se sont intensifi\u00e9es malgr\u00e9 un contrat qui court jusqu&#39;en 2027.<\/p>\n<p data-end=\"957\" data-start=\"662\">Liverpool a d\u00e9j\u00e0 choisi de se s\u00e9parer de deux personnalit\u00e9s embl\u00e9matiques, Andrew Robertson et Mohamed Salah, \u00e0 la fin de la saison, ce qui signifie qu&#39;une autre d\u00e9cision difficile pourrait maintenant attendre concernant l&#39;une des voix les plus exp\u00e9riment\u00e9es du vestiaire.<\/p>\n<p data-end=\"1153\" data-start=\"959\">Arne Slot a \u00e9galement laiss\u00e9 entendre que le club envisagerait de vendre Alisson si cela convenait aux int\u00e9r\u00eats plus larges de Liverpool, alimentant les suggestions selon lesquelles une sortie reste possible.<\/p>\n<h2>Virgil van Dijk partage son verdict sur Alisson <\/h2>\n<div>\n<div>\n<div>\n<div>\n<p>\u00a9 Iconsport \/ LiveMedia<\/p>\n<\/div>\n<\/div>\n<\/div>\n<\/div>\n<p data-end=\"1375\" data-start=\"1202\">La Juventus a \u00e9t\u00e9 associ\u00e9e \u00e0 un transfert estival pour Alisson, tandis que le gardien de but serait \u00e9galement ouvert \u00e0 l&#39;id\u00e9e de revenir en Serie A.<\/p>\n<p data-end=\"1534\" data-start=\"1377\">Apr\u00e8s des ann\u00e9es de partage de triomphes et de revers, Van Dijk a clairement indiqu\u00e9 qu&#39;il esp\u00e9rait que le Br\u00e9silien resterait \u00e0 Anfield.<\/p>\n<p data-end=\"1688\" data-start=\"1536\">\u00ab\u00a0\u00c9coutez, il y aura toujours un jour o\u00f9 vous &#8211; moi y compris &#8211; irez\u00a0\u00bb, a d\u00e9clar\u00e9 Van Dijk, cit\u00e9 par <em>Actualit\u00e9s Sky Sports<\/em>.<\/p>\n<p data-end=\"1849\" data-start=\"1690\">\u00ab\u00a0Mais si cela doit arriver &#8211; et je n&#39;en ai aucune id\u00e9e et je ne pense pas qu&#39;\u00e0 ce stade il en ait une id\u00e9e &#8211; alors nous allons, en tant que club, nous adapter \u00e0 cela.\u00a0\u00bb<\/p>\n<p data-end=\"2098\" data-start=\"1851\">\u00ab\u00a0Nous avons tout v\u00e9cu ensemble, des choses positives et des choses n\u00e9gatives malheureusement aussi, donc ce serait certainement un gros coup dur et un \u00e9chec, mais je ne pense pas que ce soit une bonne id\u00e9e de penser \u00e0 l&#39;avance \u00e0 ce qui pourrait ou ne pourrait pas arriver.\u00a0\u00bb<\/p>\n<p data-end=\"2271\" data-start=\"2100\">\u00ab\u00a0Il est tr\u00e8s important pour moi en tant que l&#39;un des leaders de l&#39;\u00e9quipe et sur le terrain car je pense qu&#39;il est l&#39;un des meilleurs &#8211; \u00e0 mon avis le meilleur &#8211; gardien de but au monde.\u00a0\u00bb<\/p>\n<h2>Liverpool devrait-il vendre Alisson cet \u00e9t\u00e9 ? <\/h2>\n<div>\n<div>\n<div>\n<div><img decoding=\"async\" data-img-id=\"158998\" class=\"lazy\" loading=\"lazy\" src=\"https:\/\/footdavant.fr\/actualites\/wp-content\/uploads\/2026\/04\/Nouvelles-des-blessures-a-Liverpool-le-trio-des-Reds-de.webp\"\/><\/p>\n<p>\u00a9 Iconsport \/ News Images LTD\/Alay Live News<\/p>\n<\/div>\n<\/div>\n<\/div>\n<\/div>\n<p data-end=\"2508\" data-start=\"2323\">Lorsqu\u2019ils sont en pleine forme, il y a tr\u00e8s peu de gardiens de but dans le football mondial, sans parler de la Premier League, qui peuvent rivaliser avec Alisson dans des situations individuelles ou commander sa zone avec une telle autorit\u00e9.<\/p>\n<p data-end=\"2659\" data-start=\"2510\">Sa distribution reste parmi les meilleures d&#39;Europe, mais Liverpool doit peser plusieurs facteurs importants avant de prendre une d\u00e9cision d\u00e9finitive sur son avenir.<\/p>\n<p data-end=\"2831\" data-start=\"2661\">Alisson est actuellement mis \u00e0 l&#39;\u00e9cart et s&#39;efforce de retrouver sa forme physique pour les derni\u00e8res semaines de la campagne 2025-26, pr\u00e9cis\u00e9ment au moment o\u00f9 les Reds ont le plus besoin d&#39;exp\u00e9rience et de fiabilit\u00e9.<\/p>\n<p data-end=\"3046\" data-start=\"2833\">Ces derni\u00e8res saisons, cependant, les blessures sont devenues plus fr\u00e9quentes et Liverpool doit d\u00e9cider si le moment est venu d&#39;en tirer profit alors que sa valeur reste forte, m\u00eame si les gardiens de but jouissent souvent de longues carri\u00e8res.<\/p>\n<p data-end=\"3240\" data-start=\"3048\">Giorgi Mamardashvili a agi en tant qu&#39;adjoint cette saison, mais la question de savoir s&#39;il est vraiment pr\u00eat \u00e0 h\u00e9riter du r\u00f4le de num\u00e9ro un et \u00e0 prendre le relais d&#39;Alisson reste ouverte au d\u00e9bat.<\/p>\n<p data-end=\"3487\" data-is-last-node=\"\" data-is-only-node=\"\" data-start=\"3242\">Au-del\u00e0 de la discussion tactique se trouve un autre facteur cl\u00e9, car Liverpool entre dans une p\u00e9riode de transition et la perte du leadership, de l&#39;autorit\u00e9 et de la pr\u00e9sence d&#39;Alisson dans le vestiaire serait ressentie aussi durement que tout arr\u00eat qu&#39;il pourrait ne plus r\u00e9aliser.<\/p>\n<\/div>\n","protected":false},"excerpt":{"rendered":"<p>Virgil van Dijk a admis que perdre Alisson Becker repr\u00e9senterait un coup dur pour Liverpool, m\u00eame si le capitaine a \u00e9galement soulign\u00e9 que le club<\/p>\n","protected":false},"author":1,"featured_media":36974,"comment_status":"closed","ping_status":"","sticky":false,"template":"","format":"standard","meta":{"footnotes":""},"categories":[5],"tags":[1929,12,784,2908,53,441,808,976,1263,1621,783,600,782],"yoast_head":"<!-- This site is optimized with the Yoast SEO plugin v21.0 - https:\/\/yoast.com\/wordpress\/plugins\/seo\/ -->\n<title>Virgil van Dijk veut que la star de Liverpool reste \u00e0 Anfield au milieu des rumeurs de sortie estivale<\/title>\n<meta name=\"robots\" content=\"index, follow, max-snippet:-1, max-image-preview:large, max-video-preview:-1\" \/>\n<link rel=\"canonical\" href=\"https:\/\/footdavant.fr\/actualites\/virgil-van-dijk-veut-que-la-star-de-liverpool-reste-a-anfield-au-milieu-des-rumeurs-de-sortie-estivale\/\" \/>\n<meta property=\"og:locale\" content=\"fr_FR\" \/>\n<meta property=\"og:type\" content=\"article\" \/>\n<meta property=\"og:title\" content=\"Virgil van Dijk veut que la star de Liverpool reste \u00e0 Anfield au milieu des rumeurs de sortie estivale\" \/>\n<meta property=\"og:description\" content=\"Virgil van Dijk a admis que perdre Alisson Becker repr\u00e9senterait un coup dur pour Liverpool, m\u00eame si le capitaine a \u00e9galement soulign\u00e9 que le club\" \/>\n<meta property=\"og:url\" content=\"https:\/\/footdavant.fr\/actualites\/virgil-van-dijk-veut-que-la-star-de-liverpool-reste-a-anfield-au-milieu-des-rumeurs-de-sortie-estivale\/\" \/>\n<meta property=\"og:site_name\" content=\"Foot d&#039;avant\" \/>\n<meta property=\"article:publisher\" content=\"https:\/\/www.facebook.com\/Footdavant\/\" \/>\n<meta property=\"article:published_time\" content=\"2026-04-30T04:48:23+00:00\" \/>\n<meta property=\"article:modified_time\" content=\"2026-04-30T04:48:24+00:00\" \/>\n<meta property=\"og:image\" content=\"https:\/\/footdavant.fr\/actualites\/wp-content\/uploads\/2026\/04\/Virgil-van-Dijk-veut-que-la-star-de-Liverpool-reste.jpg\" \/>\n\t<meta property=\"og:image:width\" content=\"720\" \/>\n\t<meta property=\"og:image:height\" content=\"410\" \/>\n\t<meta property=\"og:image:type\" content=\"image\/jpeg\" \/>\n<meta name=\"author\" content=\"Cl\u00e9ment\" \/>\n<meta name=\"twitter:card\" content=\"summary_large_image\" \/>\n<meta name=\"twitter:creator\" content=\"@FootdavantFr\" \/>\n<meta name=\"twitter:site\" content=\"@FootdavantFr\" \/>\n<meta name=\"twitter:label1\" content=\"\u00c9crit par\" \/>\n\t<meta name=\"twitter:data1\" content=\"Cl\u00e9ment\" \/>\n\t<meta name=\"twitter:label2\" content=\"Dur\u00e9e de lecture estim\u00e9e\" \/>\n\t<meta name=\"twitter:data2\" content=\"3 minutes\" \/>\n<script type=\"application\/ld+json\" class=\"yoast-schema-graph\">{\"@context\":\"https:\/\/schema.org\",\"@graph\":[{\"@type\":\"Article\",\"@id\":\"https:\/\/footdavant.fr\/actualites\/virgil-van-dijk-veut-que-la-star-de-liverpool-reste-a-anfield-au-milieu-des-rumeurs-de-sortie-estivale\/#article\",\"isPartOf\":{\"@id\":\"https:\/\/footdavant.fr\/actualites\/virgil-van-dijk-veut-que-la-star-de-liverpool-reste-a-anfield-au-milieu-des-rumeurs-de-sortie-estivale\/\"},\"author\":{\"name\":\"Cl\u00e9ment\",\"@id\":\"https:\/\/footdavant.fr\/actualites\/#\/schema\/person\/bc222566d95871b37e597b3ed3ba5e1d\"},\"headline\":\"Virgil van Dijk veut que la star de Liverpool reste \u00e0 Anfield au milieu des rumeurs de sortie estivale\",\"datePublished\":\"2026-04-30T04:48:23+00:00\",\"dateModified\":\"2026-04-30T04:48:24+00:00\",\"mainEntityOfPage\":{\"@id\":\"https:\/\/footdavant.fr\/actualites\/virgil-van-dijk-veut-que-la-star-de-liverpool-reste-a-anfield-au-milieu-des-rumeurs-de-sortie-estivale\/\"},\"wordCount\":694,\"publisher\":{\"@id\":\"https:\/\/footdavant.fr\/actualites\/#organization\"},\"keywords\":[\"Anfield\",\"des\",\"Dijk\",\"estivale\",\"Liverpool\",\"milieu\",\"reste\",\"rumeurs\",\"sortie\",\"Star\",\"van\",\"veut\",\"Virgil\"],\"articleSection\":[\"Premier League\"],\"inLanguage\":\"fr-FR\"},{\"@type\":\"WebPage\",\"@id\":\"https:\/\/footdavant.fr\/actualites\/virgil-van-dijk-veut-que-la-star-de-liverpool-reste-a-anfield-au-milieu-des-rumeurs-de-sortie-estivale\/\",\"url\":\"https:\/\/footdavant.fr\/actualites\/virgil-van-dijk-veut-que-la-star-de-liverpool-reste-a-anfield-au-milieu-des-rumeurs-de-sortie-estivale\/\",\"name\":\"Virgil van Dijk veut que la star de Liverpool reste \u00e0 Anfield au milieu des rumeurs de sortie estivale\",\"isPartOf\":{\"@id\":\"https:\/\/footdavant.fr\/actualites\/#website\"},\"datePublished\":\"2026-04-30T04:48:23+00:00\",\"dateModified\":\"2026-04-30T04:48:24+00:00\",\"breadcrumb\":{\"@id\":\"https:\/\/footdavant.fr\/actualites\/virgil-van-dijk-veut-que-la-star-de-liverpool-reste-a-anfield-au-milieu-des-rumeurs-de-sortie-estivale\/#breadcrumb\"},\"inLanguage\":\"fr-FR\",\"potentialAction\":[{\"@type\":\"ReadAction\",\"target\":[\"https:\/\/footdavant.fr\/actualites\/virgil-van-dijk-veut-que-la-star-de-liverpool-reste-a-anfield-au-milieu-des-rumeurs-de-sortie-estivale\/\"]}]},{\"@type\":\"BreadcrumbList\",\"@id\":\"https:\/\/footdavant.fr\/actualites\/virgil-van-dijk-veut-que-la-star-de-liverpool-reste-a-anfield-au-milieu-des-rumeurs-de-sortie-estivale\/#breadcrumb\",\"itemListElement\":[{\"@type\":\"ListItem\",\"position\":1,\"name\":\"Accueil\",\"item\":\"https:\/\/footdavant.fr\/actualites\/\"},{\"@type\":\"ListItem\",\"position\":2,\"name\":\"Virgil van Dijk veut que la star de Liverpool reste \u00e0 Anfield au milieu des rumeurs de sortie estivale\"}]},{\"@type\":\"WebSite\",\"@id\":\"https:\/\/footdavant.fr\/actualites\/#website\",\"url\":\"https:\/\/footdavant.fr\/actualites\/\",\"name\":\"Foot d'avant\",\"description\":\"\",\"publisher\":{\"@id\":\"https:\/\/footdavant.fr\/actualites\/#organization\"},\"potentialAction\":[{\"@type\":\"SearchAction\",\"target\":{\"@type\":\"EntryPoint\",\"urlTemplate\":\"https:\/\/footdavant.fr\/actualites\/?s={search_term_string}\"},\"query-input\":\"required name=search_term_string\"}],\"inLanguage\":\"fr-FR\"},{\"@type\":\"Organization\",\"@id\":\"https:\/\/footdavant.fr\/actualites\/#organization\",\"name\":\"Foot d'avant\",\"url\":\"https:\/\/footdavant.fr\/actualites\/\",\"logo\":{\"@type\":\"ImageObject\",\"inLanguage\":\"fr-FR\",\"@id\":\"https:\/\/footdavant.fr\/actualites\/#\/schema\/logo\/image\/\",\"url\":\"https:\/\/footdavant.fr\/actualites\/wp-content\/uploads\/2023\/09\/Copy-of-FootDavant-Logo.png\",\"contentUrl\":\"https:\/\/footdavant.fr\/actualites\/wp-content\/uploads\/2023\/09\/Copy-of-FootDavant-Logo.png\",\"width\":936,\"height\":549,\"caption\":\"Foot d'avant\"},\"image\":{\"@id\":\"https:\/\/footdavant.fr\/actualites\/#\/schema\/logo\/image\/\"},\"sameAs\":[\"https:\/\/www.facebook.com\/Footdavant\/\",\"https:\/\/twitter.com\/FootdavantFr\",\"https:\/\/www.instagram.com\/footdavant.fr\/\"]},{\"@type\":\"Person\",\"@id\":\"https:\/\/footdavant.fr\/actualites\/#\/schema\/person\/bc222566d95871b37e597b3ed3ba5e1d\",\"name\":\"Cl\u00e9ment\",\"image\":{\"@type\":\"ImageObject\",\"inLanguage\":\"fr-FR\",\"@id\":\"https:\/\/footdavant.fr\/actualites\/#\/schema\/person\/image\/\",\"url\":\"https:\/\/secure.gravatar.com\/avatar\/7728b29aac2719421e1a9159b2254c44?s=96&d=mm&r=g\",\"contentUrl\":\"https:\/\/secure.gravatar.com\/avatar\/7728b29aac2719421e1a9159b2254c44?s=96&d=mm&r=g\",\"caption\":\"Cl\u00e9ment\"},\"sameAs\":[\"https:\/\/footdavant.fr\/\"]}]}<\/script>\n<!-- \/ Yoast SEO plugin. -->","yoast_head_json":{"title":"Virgil van Dijk veut que la star de Liverpool reste \u00e0 Anfield au milieu des rumeurs de sortie estivale","robots":{"index":"index","follow":"follow","max-snippet":"max-snippet:-1","max-image-preview":"max-image-preview:large","max-video-preview":"max-video-preview:-1"},"canonical":"https:\/\/footdavant.fr\/actualites\/virgil-van-dijk-veut-que-la-star-de-liverpool-reste-a-anfield-au-milieu-des-rumeurs-de-sortie-estivale\/","og_locale":"fr_FR","og_type":"article","og_title":"Virgil van Dijk veut que la star de Liverpool reste \u00e0 Anfield au milieu des rumeurs de sortie estivale","og_description":"Virgil van Dijk a admis que perdre Alisson Becker repr\u00e9senterait un coup dur pour Liverpool, m\u00eame si le capitaine a \u00e9galement soulign\u00e9 que le club","og_url":"https:\/\/footdavant.fr\/actualites\/virgil-van-dijk-veut-que-la-star-de-liverpool-reste-a-anfield-au-milieu-des-rumeurs-de-sortie-estivale\/","og_site_name":"Foot d&#039;avant","article_publisher":"https:\/\/www.facebook.com\/Footdavant\/","article_published_time":"2026-04-30T04:48:23+00:00","article_modified_time":"2026-04-30T04:48:24+00:00","og_image":[{"width":720,"height":410,"url":"https:\/\/footdavant.fr\/actualites\/wp-content\/uploads\/2026\/04\/Virgil-van-Dijk-veut-que-la-star-de-Liverpool-reste.jpg","type":"image\/jpeg"}],"author":"Cl\u00e9ment","twitter_card":"summary_large_image","twitter_creator":"@FootdavantFr","twitter_site":"@FootdavantFr","twitter_misc":{"\u00c9crit par":"Cl\u00e9ment","Dur\u00e9e de lecture estim\u00e9e":"3 minutes"},"schema":{"@context":"https:\/\/schema.org","@graph":[{"@type":"Article","@id":"https:\/\/footdavant.fr\/actualites\/virgil-van-dijk-veut-que-la-star-de-liverpool-reste-a-anfield-au-milieu-des-rumeurs-de-sortie-estivale\/#article","isPartOf":{"@id":"https:\/\/footdavant.fr\/actualites\/virgil-van-dijk-veut-que-la-star-de-liverpool-reste-a-anfield-au-milieu-des-rumeurs-de-sortie-estivale\/"},"author":{"name":"Cl\u00e9ment","@id":"https:\/\/footdavant.fr\/actualites\/#\/schema\/person\/bc222566d95871b37e597b3ed3ba5e1d"},"headline":"Virgil van Dijk veut que la star de Liverpool reste \u00e0 Anfield au milieu des rumeurs de sortie estivale","datePublished":"2026-04-30T04:48:23+00:00","dateModified":"2026-04-30T04:48:24+00:00","mainEntityOfPage":{"@id":"https:\/\/footdavant.fr\/actualites\/virgil-van-dijk-veut-que-la-star-de-liverpool-reste-a-anfield-au-milieu-des-rumeurs-de-sortie-estivale\/"},"wordCount":694,"publisher":{"@id":"https:\/\/footdavant.fr\/actualites\/#organization"},"keywords":["Anfield","des","Dijk","estivale","Liverpool","milieu","reste","rumeurs","sortie","Star","van","veut","Virgil"],"articleSection":["Premier League"],"inLanguage":"fr-FR"},{"@type":"WebPage","@id":"https:\/\/footdavant.fr\/actualites\/virgil-van-dijk-veut-que-la-star-de-liverpool-reste-a-anfield-au-milieu-des-rumeurs-de-sortie-estivale\/","url":"https:\/\/footdavant.fr\/actualites\/virgil-van-dijk-veut-que-la-star-de-liverpool-reste-a-anfield-au-milieu-des-rumeurs-de-sortie-estivale\/","name":"Virgil van Dijk veut que la star de Liverpool reste \u00e0 Anfield au milieu des rumeurs de sortie estivale","isPartOf":{"@id":"https:\/\/footdavant.fr\/actualites\/#website"},"datePublished":"2026-04-30T04:48:23+00:00","dateModified":"2026-04-30T04:48:24+00:00","breadcrumb":{"@id":"https:\/\/footdavant.fr\/actualites\/virgil-van-dijk-veut-que-la-star-de-liverpool-reste-a-anfield-au-milieu-des-rumeurs-de-sortie-estivale\/#breadcrumb"},"inLanguage":"fr-FR","potentialAction":[{"@type":"ReadAction","target":["https:\/\/footdavant.fr\/actualites\/virgil-van-dijk-veut-que-la-star-de-liverpool-reste-a-anfield-au-milieu-des-rumeurs-de-sortie-estivale\/"]}]},{"@type":"BreadcrumbList","@id":"https:\/\/footdavant.fr\/actualites\/virgil-van-dijk-veut-que-la-star-de-liverpool-reste-a-anfield-au-milieu-des-rumeurs-de-sortie-estivale\/#breadcrumb","itemListElement":[{"@type":"ListItem","position":1,"name":"Accueil","item":"https:\/\/footdavant.fr\/actualites\/"},{"@type":"ListItem","position":2,"name":"Virgil van Dijk veut que la star de Liverpool reste \u00e0 Anfield au milieu des rumeurs de sortie estivale"}]},{"@type":"WebSite","@id":"https:\/\/footdavant.fr\/actualites\/#website","url":"https:\/\/footdavant.fr\/actualites\/","name":"Foot d'avant","description":"","publisher":{"@id":"https:\/\/footdavant.fr\/actualites\/#organization"},"potentialAction":[{"@type":"SearchAction","target":{"@type":"EntryPoint","urlTemplate":"https:\/\/footdavant.fr\/actualites\/?s={search_term_string}"},"query-input":"required name=search_term_string"}],"inLanguage":"fr-FR"},{"@type":"Organization","@id":"https:\/\/footdavant.fr\/actualites\/#organization","name":"Foot d'avant","url":"https:\/\/footdavant.fr\/actualites\/","logo":{"@type":"ImageObject","inLanguage":"fr-FR","@id":"https:\/\/footdavant.fr\/actualites\/#\/schema\/logo\/image\/","url":"https:\/\/footdavant.fr\/actualites\/wp-content\/uploads\/2023\/09\/Copy-of-FootDavant-Logo.png","contentUrl":"https:\/\/footdavant.fr\/actualites\/wp-content\/uploads\/2023\/09\/Copy-of-FootDavant-Logo.png","width":936,"height":549,"caption":"Foot d'avant"},"image":{"@id":"https:\/\/footdavant.fr\/actualites\/#\/schema\/logo\/image\/"},"sameAs":["https:\/\/www.facebook.com\/Footdavant\/","https:\/\/twitter.com\/FootdavantFr","https:\/\/www.instagram.com\/footdavant.fr\/"]},{"@type":"Person","@id":"https:\/\/footdavant.fr\/actualites\/#\/schema\/person\/bc222566d95871b37e597b3ed3ba5e1d","name":"Cl\u00e9ment","image":{"@type":"ImageObject","inLanguage":"fr-FR","@id":"https:\/\/footdavant.fr\/actualites\/#\/schema\/person\/image\/","url":"https:\/\/secure.gravatar.com\/avatar\/7728b29aac2719421e1a9159b2254c44?s=96&d=mm&r=g","contentUrl":"https:\/\/secure.gravatar.com\/avatar\/7728b29aac2719421e1a9159b2254c44?s=96&d=mm&r=g","caption":"Cl\u00e9ment"},"sameAs":["https:\/\/footdavant.fr\/"]}]}},"_links":{"self":[{"href":"https:\/\/footdavant.fr\/actualites\/wp-json\/wp\/v2\/posts\/36973"}],"collection":[{"href":"https:\/\/footdavant.fr\/actualites\/wp-json\/wp\/v2\/posts"}],"about":[{"href":"https:\/\/footdavant.fr\/actualites\/wp-json\/wp\/v2\/types\/post"}],"author":[{"embeddable":true,"href":"https:\/\/footdavant.fr\/actualites\/wp-json\/wp\/v2\/users\/1"}],"replies":[{"embeddable":true,"href":"https:\/\/footdavant.fr\/actualites\/wp-json\/wp\/v2\/comments?post=36973"}],"version-history":[{"count":1,"href":"https:\/\/footdavant.fr\/actualites\/wp-json\/wp\/v2\/posts\/36973\/revisions"}],"predecessor-version":[{"id":36975,"href":"https:\/\/footdavant.fr\/actualites\/wp-json\/wp\/v2\/posts\/36973\/revisions\/36975"}],"wp:featuredmedia":[{"embeddable":true,"href":"https:\/\/footdavant.fr\/actualites\/wp-json\/wp\/v2\/media\/36974"}],"wp:attachment":[{"href":"https:\/\/footdavant.fr\/actualites\/wp-json\/wp\/v2\/media?parent=36973"}],"wp:term":[{"taxonomy":"category","embeddable":true,"href":"https:\/\/footdavant.fr\/actualites\/wp-json\/wp\/v2\/categories?post=36973"},{"taxonomy":"post_tag","embeddable":true,"href":"https:\/\/footdavant.fr\/actualites\/wp-json\/wp\/v2\/tags?post=36973"}],"curies":[{"name":"wp","href":"https:\/\/api.w.org\/{rel}","templated":true}]}}