{"id":36979,"date":"2026-04-30T10:48:53","date_gmt":"2026-04-30T08:48:53","guid":{"rendered":"https:\/\/footdavant.fr\/actualites\/nouvelles-du-transfert-de-man-utd-aston-villa-pourrait-etre-disposee-a-recruter-un-attaquant-de-28-ans\/"},"modified":"2026-04-30T10:48:54","modified_gmt":"2026-04-30T08:48:54","slug":"nouvelles-du-transfert-de-man-utd-aston-villa-pourrait-etre-disposee-a-recruter-un-attaquant-de-28-ans","status":"publish","type":"post","link":"https:\/\/footdavant.fr\/actualites\/nouvelles-du-transfert-de-man-utd-aston-villa-pourrait-etre-disposee-a-recruter-un-attaquant-de-28-ans\/","title":{"rendered":"Nouvelles du transfert de Man Utd : Aston Villa pourrait \u00eatre \u00ab dispos\u00e9e \u00e0 recruter \u00bb un attaquant de 28 ans"},"content":{"rendered":"<div itemprop=\"articleBody\"><meta charset=\"UTF-8\"\/><\/p>\n<p data-end=\"167\" data-start=\"0\">Aston Villa serait dispos\u00e9 \u00e0 explorer un transfert permanent pour Marcus Rashford pendant le mercato estival.<\/p>\n<p data-end=\"375\" data-start=\"169\">L&#39;international anglais n&#39;a pas jou\u00e9 pour Manchester United depuis d\u00e9cembre 2024 apr\u00e8s \u00eatre apparemment tomb\u00e9 en disgr\u00e2ce sous l&#39;ancien entra\u00eeneur-chef Ruben Amorim.<\/p>\n<p data-end=\"664\" data-start=\"377\">Le joueur de 28 ans a rejoint Barcelone en pr\u00eat l&#39;\u00e9t\u00e9 dernier et, bien qu&#39;il ne soit pas toujours un titulaire garanti, a quand m\u00eame apport\u00e9 une contribution utile sous Hansi Flick, enregistrant 13 buts et 10 passes d\u00e9cisives en 45 apparitions toutes comp\u00e9titions confondues.<\/p>\n<p data-end=\"850\" data-start=\"666\">Barcelone d\u00e9tient une option pour signer Rashford de mani\u00e8re permanente pour 26 millions de livres sterling, mais des rapports sugg\u00e8rent que le club catalan est r\u00e9ticent \u00e0 activer la clause en raison de contraintes financi\u00e8res persistantes.<\/p>\n<p data-end=\"1056\" data-start=\"852\">Cette incertitude pourrait ouvrir la porte \u00e0 Villa, o\u00f9 Rashford avait d\u00e9j\u00e0 pass\u00e9 la seconde moiti\u00e9 de la saison derni\u00e8re en pr\u00eat, m\u00eame si le joueur serait favorable \u00e0 une prolongation de son s\u00e9jour en Espagne si possible.<\/p>\n<h3 data-end=\"1110\" data-section-id=\"155lqjv\" data-start=\"1058\">Aston Villa veut un d\u00e9m\u00e9nagement permanent de Marcus Rashford ?<\/h3>\n<div>\n<div>\n<p>\u00a9 Imago \/ IMAGO \/ AFLOSPORT<\/p>\n<\/div>\n<\/div>\n<p data-end=\"1263\" data-start=\"1112\">Selon <em>Actualit\u00e9s Sky Sports<\/em>Villa surveille de pr\u00e8s la situation de Rashford et pourrait d\u00e9m\u00e9nager pour lui de fa\u00e7on permanente cet \u00e9t\u00e9.<\/p>\n<p data-end=\"1466\" data-start=\"1265\">Rashford a impressionn\u00e9 lors de son court passage \u00e0 Villa Park et pourrait d\u00e9sormais retrouver Unai Emery, qui serait un admirateur de ses qualit\u00e9s.<\/p>\n<p data-end=\"1649\" data-start=\"1468\">Villa est actuellement cinqui\u00e8me du classement de la Premier League et semble bien plac\u00e9e pour assurer le football de la Ligue des champions la saison prochaine, \u00e0 moins qu&#39;elle ne subisse un effondrement dramatique dans les derni\u00e8res semaines.<\/p>\n<p data-end=\"1851\" data-start=\"1651\">Si cela se produisait, les Villans auraient probablement la solidit\u00e9 financi\u00e8re n\u00e9cessaire pour poursuivre Rashford, d&#39;autant plus que United ne serait pas dispos\u00e9 \u00e0 sanctionner un autre accord temporaire avec Barcelone.<\/p>\n<h3 data-end=\"1903\" data-section-id=\"d5dqi2\" data-start=\"1853\">Quel avenir pour Marcus Rashford ?<\/h3>\n<div>\n<div><img decoding=\"async\" data-img-id=\"156867\" class=\"lazy\" loading=\"lazy\" src=\"https:\/\/footdavant.fr\/actualites\/wp-content\/uploads\/2026\/04\/Nouvelles-du-transfert-de-Man-Utd-Aston-Villa-pourrait.webp\"\/><\/p>\n<p>\u00a9 Imago \/ Images brutes du ballon<\/p>\n<\/div>\n<\/div>\n<p data-end=\"2113\" data-start=\"1905\">Michael Carrick a r\u00e9cemment indiqu\u00e9 qu&#39;aucune d\u00e9cision finale n&#39;avait encore \u00e9t\u00e9 prise concernant Rashford, laissant ouverte la possibilit\u00e9 pour le dipl\u00f4m\u00e9 de l&#39;acad\u00e9mie de reconstruire sa carri\u00e8re \u00e0 Old Trafford.<\/p>\n<p data-end=\"2279\" data-start=\"2115\">\u00c0 moins que Barcelone ne d\u00e9clenche l\u2019option d\u2019achat, Rashford devrait revenir \u00e0 Man Utd cet \u00e9t\u00e9, m\u00eame si un autre d\u00e9part reste hautement possible.<\/p>\n<p data-end=\"2522\" data-is-last-node=\"\" data-is-only-node=\"\" data-start=\"2281\">Tottenham Hotspur est \u00e9galement li\u00e9, mais s&#39;il a le choix, l&#39;attaquant pourrait pr\u00e9f\u00e9rer un retour \u00e0 Villa, o\u00f9 le football europ\u00e9en et la familiarit\u00e9 sous Emery pourraient s&#39;av\u00e9rer plus attrayants qu&#39;un transfert dans le nord de Londres.<\/p>\n<\/div>\n","protected":false},"excerpt":{"rendered":"<p>Aston Villa serait dispos\u00e9 \u00e0 explorer un transfert permanent pour Marcus Rashford pendant le mercato estival. L&#39;international anglais n&#39;a pas jou\u00e9 pour Manchester United depuis<\/p>\n","protected":false},"author":1,"featured_media":36207,"comment_status":"closed","ping_status":"","sticky":false,"template":"","format":"standard","meta":{"footnotes":""},"categories":[5],"tags":[209,369,778,11903,270,24,461,269,1284,700,296,370],"yoast_head":"<!-- This site is optimized with the Yoast SEO plugin v21.0 - https:\/\/yoast.com\/wordpress\/plugins\/seo\/ -->\n<title>Nouvelles du transfert de Man Utd : Aston Villa pourrait \u00eatre \u00ab dispos\u00e9e \u00e0 recruter \u00bb un attaquant de 28 ans<\/title>\n<meta name=\"robots\" content=\"index, follow, max-snippet:-1, max-image-preview:large, max-video-preview:-1\" \/>\n<link rel=\"canonical\" href=\"https:\/\/footdavant.fr\/actualites\/nouvelles-du-transfert-de-man-utd-aston-villa-pourrait-etre-disposee-a-recruter-un-attaquant-de-28-ans\/\" \/>\n<meta property=\"og:locale\" content=\"fr_FR\" \/>\n<meta property=\"og:type\" content=\"article\" \/>\n<meta property=\"og:title\" content=\"Nouvelles du transfert de Man Utd : Aston Villa pourrait \u00eatre \u00ab dispos\u00e9e \u00e0 recruter \u00bb un attaquant de 28 ans\" \/>\n<meta property=\"og:description\" content=\"Aston Villa serait dispos\u00e9 \u00e0 explorer un transfert permanent pour Marcus Rashford pendant le mercato estival. L&#039;international anglais n&#039;a pas jou\u00e9 pour Manchester United depuis\" \/>\n<meta property=\"og:url\" content=\"https:\/\/footdavant.fr\/actualites\/nouvelles-du-transfert-de-man-utd-aston-villa-pourrait-etre-disposee-a-recruter-un-attaquant-de-28-ans\/\" \/>\n<meta property=\"og:site_name\" content=\"Foot d&#039;avant\" \/>\n<meta property=\"article:publisher\" content=\"https:\/\/www.facebook.com\/Footdavant\/\" \/>\n<meta property=\"article:published_time\" content=\"2026-04-30T08:48:53+00:00\" \/>\n<meta property=\"article:modified_time\" content=\"2026-04-30T08:48:54+00:00\" \/>\n<meta property=\"og:image\" content=\"https:\/\/footdavant.fr\/actualites\/wp-content\/uploads\/2026\/04\/Nouvelles-des-transferts-de-Man-United-les-Red-Devils.net2Fuploads2F20262F032Farne-slot-mo-sal.webp\" \/>\n\t<meta property=\"og:image:width\" content=\"720\" \/>\n\t<meta property=\"og:image:height\" content=\"410\" \/>\n\t<meta property=\"og:image:type\" content=\"image\/webp\" \/>\n<meta name=\"author\" content=\"Cl\u00e9ment\" \/>\n<meta name=\"twitter:card\" content=\"summary_large_image\" \/>\n<meta name=\"twitter:creator\" content=\"@FootdavantFr\" \/>\n<meta name=\"twitter:site\" content=\"@FootdavantFr\" \/>\n<meta name=\"twitter:label1\" content=\"\u00c9crit par\" \/>\n\t<meta name=\"twitter:data1\" content=\"Cl\u00e9ment\" \/>\n\t<meta name=\"twitter:label2\" content=\"Dur\u00e9e de lecture estim\u00e9e\" \/>\n\t<meta name=\"twitter:data2\" content=\"2 minutes\" \/>\n<script type=\"application\/ld+json\" class=\"yoast-schema-graph\">{\"@context\":\"https:\/\/schema.org\",\"@graph\":[{\"@type\":\"Article\",\"@id\":\"https:\/\/footdavant.fr\/actualites\/nouvelles-du-transfert-de-man-utd-aston-villa-pourrait-etre-disposee-a-recruter-un-attaquant-de-28-ans\/#article\",\"isPartOf\":{\"@id\":\"https:\/\/footdavant.fr\/actualites\/nouvelles-du-transfert-de-man-utd-aston-villa-pourrait-etre-disposee-a-recruter-un-attaquant-de-28-ans\/\"},\"author\":{\"name\":\"Cl\u00e9ment\",\"@id\":\"https:\/\/footdavant.fr\/actualites\/#\/schema\/person\/bc222566d95871b37e597b3ed3ba5e1d\"},\"headline\":\"Nouvelles du transfert de Man Utd : Aston Villa pourrait \u00eatre \u00ab dispos\u00e9e \u00e0 recruter \u00bb un attaquant de 28 ans\",\"datePublished\":\"2026-04-30T08:48:53+00:00\",\"dateModified\":\"2026-04-30T08:48:54+00:00\",\"mainEntityOfPage\":{\"@id\":\"https:\/\/footdavant.fr\/actualites\/nouvelles-du-transfert-de-man-utd-aston-villa-pourrait-etre-disposee-a-recruter-un-attaquant-de-28-ans\/\"},\"wordCount\":444,\"publisher\":{\"@id\":\"https:\/\/footdavant.fr\/actualites\/#organization\"},\"keywords\":[\"ans\",\"Aston\",\"attaquant\",\"dispos\u00e9e\",\"\u00eatre\",\"Man\",\"Nouvelles\",\"pourrait\",\"recruter\",\"transfert\",\"Utd\",\"Villa\"],\"articleSection\":[\"Premier League\"],\"inLanguage\":\"fr-FR\"},{\"@type\":\"WebPage\",\"@id\":\"https:\/\/footdavant.fr\/actualites\/nouvelles-du-transfert-de-man-utd-aston-villa-pourrait-etre-disposee-a-recruter-un-attaquant-de-28-ans\/\",\"url\":\"https:\/\/footdavant.fr\/actualites\/nouvelles-du-transfert-de-man-utd-aston-villa-pourrait-etre-disposee-a-recruter-un-attaquant-de-28-ans\/\",\"name\":\"Nouvelles du transfert de Man Utd : Aston Villa pourrait \u00eatre \u00ab dispos\u00e9e \u00e0 recruter \u00bb un attaquant de 28 ans\",\"isPartOf\":{\"@id\":\"https:\/\/footdavant.fr\/actualites\/#website\"},\"datePublished\":\"2026-04-30T08:48:53+00:00\",\"dateModified\":\"2026-04-30T08:48:54+00:00\",\"breadcrumb\":{\"@id\":\"https:\/\/footdavant.fr\/actualites\/nouvelles-du-transfert-de-man-utd-aston-villa-pourrait-etre-disposee-a-recruter-un-attaquant-de-28-ans\/#breadcrumb\"},\"inLanguage\":\"fr-FR\",\"potentialAction\":[{\"@type\":\"ReadAction\",\"target\":[\"https:\/\/footdavant.fr\/actualites\/nouvelles-du-transfert-de-man-utd-aston-villa-pourrait-etre-disposee-a-recruter-un-attaquant-de-28-ans\/\"]}]},{\"@type\":\"BreadcrumbList\",\"@id\":\"https:\/\/footdavant.fr\/actualites\/nouvelles-du-transfert-de-man-utd-aston-villa-pourrait-etre-disposee-a-recruter-un-attaquant-de-28-ans\/#breadcrumb\",\"itemListElement\":[{\"@type\":\"ListItem\",\"position\":1,\"name\":\"Accueil\",\"item\":\"https:\/\/footdavant.fr\/actualites\/\"},{\"@type\":\"ListItem\",\"position\":2,\"name\":\"Nouvelles du transfert de Man Utd : Aston Villa pourrait \u00eatre \u00ab dispos\u00e9e \u00e0 recruter \u00bb un attaquant de 28 ans\"}]},{\"@type\":\"WebSite\",\"@id\":\"https:\/\/footdavant.fr\/actualites\/#website\",\"url\":\"https:\/\/footdavant.fr\/actualites\/\",\"name\":\"Foot d'avant\",\"description\":\"\",\"publisher\":{\"@id\":\"https:\/\/footdavant.fr\/actualites\/#organization\"},\"potentialAction\":[{\"@type\":\"SearchAction\",\"target\":{\"@type\":\"EntryPoint\",\"urlTemplate\":\"https:\/\/footdavant.fr\/actualites\/?s={search_term_string}\"},\"query-input\":\"required name=search_term_string\"}],\"inLanguage\":\"fr-FR\"},{\"@type\":\"Organization\",\"@id\":\"https:\/\/footdavant.fr\/actualites\/#organization\",\"name\":\"Foot d'avant\",\"url\":\"https:\/\/footdavant.fr\/actualites\/\",\"logo\":{\"@type\":\"ImageObject\",\"inLanguage\":\"fr-FR\",\"@id\":\"https:\/\/footdavant.fr\/actualites\/#\/schema\/logo\/image\/\",\"url\":\"https:\/\/footdavant.fr\/actualites\/wp-content\/uploads\/2023\/09\/Copy-of-FootDavant-Logo.png\",\"contentUrl\":\"https:\/\/footdavant.fr\/actualites\/wp-content\/uploads\/2023\/09\/Copy-of-FootDavant-Logo.png\",\"width\":936,\"height\":549,\"caption\":\"Foot d'avant\"},\"image\":{\"@id\":\"https:\/\/footdavant.fr\/actualites\/#\/schema\/logo\/image\/\"},\"sameAs\":[\"https:\/\/www.facebook.com\/Footdavant\/\",\"https:\/\/twitter.com\/FootdavantFr\",\"https:\/\/www.instagram.com\/footdavant.fr\/\"]},{\"@type\":\"Person\",\"@id\":\"https:\/\/footdavant.fr\/actualites\/#\/schema\/person\/bc222566d95871b37e597b3ed3ba5e1d\",\"name\":\"Cl\u00e9ment\",\"image\":{\"@type\":\"ImageObject\",\"inLanguage\":\"fr-FR\",\"@id\":\"https:\/\/footdavant.fr\/actualites\/#\/schema\/person\/image\/\",\"url\":\"https:\/\/secure.gravatar.com\/avatar\/7728b29aac2719421e1a9159b2254c44?s=96&d=mm&r=g\",\"contentUrl\":\"https:\/\/secure.gravatar.com\/avatar\/7728b29aac2719421e1a9159b2254c44?s=96&d=mm&r=g\",\"caption\":\"Cl\u00e9ment\"},\"sameAs\":[\"https:\/\/footdavant.fr\/\"]}]}<\/script>\n<!-- \/ Yoast SEO plugin. -->","yoast_head_json":{"title":"Nouvelles du transfert de Man Utd : Aston Villa pourrait \u00eatre \u00ab dispos\u00e9e \u00e0 recruter \u00bb un attaquant de 28 ans","robots":{"index":"index","follow":"follow","max-snippet":"max-snippet:-1","max-image-preview":"max-image-preview:large","max-video-preview":"max-video-preview:-1"},"canonical":"https:\/\/footdavant.fr\/actualites\/nouvelles-du-transfert-de-man-utd-aston-villa-pourrait-etre-disposee-a-recruter-un-attaquant-de-28-ans\/","og_locale":"fr_FR","og_type":"article","og_title":"Nouvelles du transfert de Man Utd : Aston Villa pourrait \u00eatre \u00ab dispos\u00e9e \u00e0 recruter \u00bb un attaquant de 28 ans","og_description":"Aston Villa serait dispos\u00e9 \u00e0 explorer un transfert permanent pour Marcus Rashford pendant le mercato estival. L&#39;international anglais n&#39;a pas jou\u00e9 pour Manchester United depuis","og_url":"https:\/\/footdavant.fr\/actualites\/nouvelles-du-transfert-de-man-utd-aston-villa-pourrait-etre-disposee-a-recruter-un-attaquant-de-28-ans\/","og_site_name":"Foot d&#039;avant","article_publisher":"https:\/\/www.facebook.com\/Footdavant\/","article_published_time":"2026-04-30T08:48:53+00:00","article_modified_time":"2026-04-30T08:48:54+00:00","og_image":[{"width":720,"height":410,"url":"https:\/\/footdavant.fr\/actualites\/wp-content\/uploads\/2026\/04\/Nouvelles-des-transferts-de-Man-United-les-Red-Devils.net2Fuploads2F20262F032Farne-slot-mo-sal.webp","type":"image\/webp"}],"author":"Cl\u00e9ment","twitter_card":"summary_large_image","twitter_creator":"@FootdavantFr","twitter_site":"@FootdavantFr","twitter_misc":{"\u00c9crit par":"Cl\u00e9ment","Dur\u00e9e de lecture estim\u00e9e":"2 minutes"},"schema":{"@context":"https:\/\/schema.org","@graph":[{"@type":"Article","@id":"https:\/\/footdavant.fr\/actualites\/nouvelles-du-transfert-de-man-utd-aston-villa-pourrait-etre-disposee-a-recruter-un-attaquant-de-28-ans\/#article","isPartOf":{"@id":"https:\/\/footdavant.fr\/actualites\/nouvelles-du-transfert-de-man-utd-aston-villa-pourrait-etre-disposee-a-recruter-un-attaquant-de-28-ans\/"},"author":{"name":"Cl\u00e9ment","@id":"https:\/\/footdavant.fr\/actualites\/#\/schema\/person\/bc222566d95871b37e597b3ed3ba5e1d"},"headline":"Nouvelles du transfert de Man Utd : Aston Villa pourrait \u00eatre \u00ab dispos\u00e9e \u00e0 recruter \u00bb un attaquant de 28 ans","datePublished":"2026-04-30T08:48:53+00:00","dateModified":"2026-04-30T08:48:54+00:00","mainEntityOfPage":{"@id":"https:\/\/footdavant.fr\/actualites\/nouvelles-du-transfert-de-man-utd-aston-villa-pourrait-etre-disposee-a-recruter-un-attaquant-de-28-ans\/"},"wordCount":444,"publisher":{"@id":"https:\/\/footdavant.fr\/actualites\/#organization"},"keywords":["ans","Aston","attaquant","dispos\u00e9e","\u00eatre","Man","Nouvelles","pourrait","recruter","transfert","Utd","Villa"],"articleSection":["Premier League"],"inLanguage":"fr-FR"},{"@type":"WebPage","@id":"https:\/\/footdavant.fr\/actualites\/nouvelles-du-transfert-de-man-utd-aston-villa-pourrait-etre-disposee-a-recruter-un-attaquant-de-28-ans\/","url":"https:\/\/footdavant.fr\/actualites\/nouvelles-du-transfert-de-man-utd-aston-villa-pourrait-etre-disposee-a-recruter-un-attaquant-de-28-ans\/","name":"Nouvelles du transfert de Man Utd : Aston Villa pourrait \u00eatre \u00ab dispos\u00e9e \u00e0 recruter \u00bb un attaquant de 28 ans","isPartOf":{"@id":"https:\/\/footdavant.fr\/actualites\/#website"},"datePublished":"2026-04-30T08:48:53+00:00","dateModified":"2026-04-30T08:48:54+00:00","breadcrumb":{"@id":"https:\/\/footdavant.fr\/actualites\/nouvelles-du-transfert-de-man-utd-aston-villa-pourrait-etre-disposee-a-recruter-un-attaquant-de-28-ans\/#breadcrumb"},"inLanguage":"fr-FR","potentialAction":[{"@type":"ReadAction","target":["https:\/\/footdavant.fr\/actualites\/nouvelles-du-transfert-de-man-utd-aston-villa-pourrait-etre-disposee-a-recruter-un-attaquant-de-28-ans\/"]}]},{"@type":"BreadcrumbList","@id":"https:\/\/footdavant.fr\/actualites\/nouvelles-du-transfert-de-man-utd-aston-villa-pourrait-etre-disposee-a-recruter-un-attaquant-de-28-ans\/#breadcrumb","itemListElement":[{"@type":"ListItem","position":1,"name":"Accueil","item":"https:\/\/footdavant.fr\/actualites\/"},{"@type":"ListItem","position":2,"name":"Nouvelles du transfert de Man Utd : Aston Villa pourrait \u00eatre \u00ab dispos\u00e9e \u00e0 recruter \u00bb un attaquant de 28 ans"}]},{"@type":"WebSite","@id":"https:\/\/footdavant.fr\/actualites\/#website","url":"https:\/\/footdavant.fr\/actualites\/","name":"Foot d'avant","description":"","publisher":{"@id":"https:\/\/footdavant.fr\/actualites\/#organization"},"potentialAction":[{"@type":"SearchAction","target":{"@type":"EntryPoint","urlTemplate":"https:\/\/footdavant.fr\/actualites\/?s={search_term_string}"},"query-input":"required name=search_term_string"}],"inLanguage":"fr-FR"},{"@type":"Organization","@id":"https:\/\/footdavant.fr\/actualites\/#organization","name":"Foot d'avant","url":"https:\/\/footdavant.fr\/actualites\/","logo":{"@type":"ImageObject","inLanguage":"fr-FR","@id":"https:\/\/footdavant.fr\/actualites\/#\/schema\/logo\/image\/","url":"https:\/\/footdavant.fr\/actualites\/wp-content\/uploads\/2023\/09\/Copy-of-FootDavant-Logo.png","contentUrl":"https:\/\/footdavant.fr\/actualites\/wp-content\/uploads\/2023\/09\/Copy-of-FootDavant-Logo.png","width":936,"height":549,"caption":"Foot d'avant"},"image":{"@id":"https:\/\/footdavant.fr\/actualites\/#\/schema\/logo\/image\/"},"sameAs":["https:\/\/www.facebook.com\/Footdavant\/","https:\/\/twitter.com\/FootdavantFr","https:\/\/www.instagram.com\/footdavant.fr\/"]},{"@type":"Person","@id":"https:\/\/footdavant.fr\/actualites\/#\/schema\/person\/bc222566d95871b37e597b3ed3ba5e1d","name":"Cl\u00e9ment","image":{"@type":"ImageObject","inLanguage":"fr-FR","@id":"https:\/\/footdavant.fr\/actualites\/#\/schema\/person\/image\/","url":"https:\/\/secure.gravatar.com\/avatar\/7728b29aac2719421e1a9159b2254c44?s=96&d=mm&r=g","contentUrl":"https:\/\/secure.gravatar.com\/avatar\/7728b29aac2719421e1a9159b2254c44?s=96&d=mm&r=g","caption":"Cl\u00e9ment"},"sameAs":["https:\/\/footdavant.fr\/"]}]}},"_links":{"self":[{"href":"https:\/\/footdavant.fr\/actualites\/wp-json\/wp\/v2\/posts\/36979"}],"collection":[{"href":"https:\/\/footdavant.fr\/actualites\/wp-json\/wp\/v2\/posts"}],"about":[{"href":"https:\/\/footdavant.fr\/actualites\/wp-json\/wp\/v2\/types\/post"}],"author":[{"embeddable":true,"href":"https:\/\/footdavant.fr\/actualites\/wp-json\/wp\/v2\/users\/1"}],"replies":[{"embeddable":true,"href":"https:\/\/footdavant.fr\/actualites\/wp-json\/wp\/v2\/comments?post=36979"}],"version-history":[{"count":1,"href":"https:\/\/footdavant.fr\/actualites\/wp-json\/wp\/v2\/posts\/36979\/revisions"}],"predecessor-version":[{"id":36980,"href":"https:\/\/footdavant.fr\/actualites\/wp-json\/wp\/v2\/posts\/36979\/revisions\/36980"}],"wp:featuredmedia":[{"embeddable":true,"href":"https:\/\/footdavant.fr\/actualites\/wp-json\/wp\/v2\/media\/36207"}],"wp:attachment":[{"href":"https:\/\/footdavant.fr\/actualites\/wp-json\/wp\/v2\/media?parent=36979"}],"wp:term":[{"taxonomy":"category","embeddable":true,"href":"https:\/\/footdavant.fr\/actualites\/wp-json\/wp\/v2\/categories?post=36979"},{"taxonomy":"post_tag","embeddable":true,"href":"https:\/\/footdavant.fr\/actualites\/wp-json\/wp\/v2\/tags?post=36979"}],"curies":[{"name":"wp","href":"https:\/\/api.w.org\/{rel}","templated":true}]}}