{"id":36981,"date":"2026-04-30T12:48:06","date_gmt":"2026-04-30T10:48:06","guid":{"rendered":"https:\/\/footdavant.fr\/actualites\/andy-roberson-recoit-une-offre-verbale-de-fenerbahce\/"},"modified":"2026-04-30T12:48:09","modified_gmt":"2026-04-30T10:48:09","slug":"andy-roberson-recoit-une-offre-verbale-de-fenerbahce","status":"publish","type":"post","link":"https:\/\/footdavant.fr\/actualites\/andy-roberson-recoit-une-offre-verbale-de-fenerbahce\/","title":{"rendered":"Andy Roberson re\u00e7oit une \u00ab\u00a0offre verbale\u00a0\u00bb de Fenerbahce"},"content":{"rendered":"<p><\/p>\n<div id=\"article-body\">\n<!-- Article Start --><\/p>\n<p>Andy Robertson aurait \u00ab r\u00e9fl\u00e9chi \u00bb \u00e0 une \u00ab offre verbale \u00bb qui lui a \u00e9t\u00e9 faite par l&#39;\u00e9quipe turque de Fenerbahce.<\/p>\n<p>Le joueur de 32 ans quittera Liverpool \u00e0 la fin de cette saison apr\u00e8s neuf ans \u00e0 Anfield, le capitaine \u00e9cossais indiquant qu&#39;il ne s&#39;\u00e9tait pas vu proposer de nouveau contrat par le club avant l&#39;expiration de son contrat actuel cet \u00e9t\u00e9.<\/p>\n<hr\/>\n<p><b><i>T\u00c9L\u00c9CHARGEZ L&#39;APPLICATION OFFICIELLE EMPIRE OF KOP POUR TOUTES LES DERNI\u00c8RES MISES \u00c0 JOUR \u2013 DIRECTEMENT SUR VOTRE T\u00c9L\u00c9PHONE\u00a0! SUR APPLE ET GOOGLE PLAY<\/i><\/b><\/p>\n<hr\/>\n<p>Dominic King du Telegraph a rapport\u00e9 il y a quinze jours que l&#39;arri\u00e8re gauche \u00ab\u00a0serait favorable\u00a0\u00bb \u00e0 un transfert \u00e0 Tottenham Hotspur s&#39;il conservait son statut de Premier League, mais comme cela est tr\u00e8s menac\u00e9, une proposition serait venue d&#39;ailleurs.<\/p>\n<h2>Robertson re\u00e7oit une \u00ab\u00a0offre verbale\u00a0\u00bb de Fenerbahce<\/h2>\n<p>journaliste turc <span>Yagiz Sabuncuoglu a affirm\u00e9 (<\/span><span>via X<\/span>) que l&#39;agent de Robertson a \u00e9t\u00e9 invit\u00e9 \u00e0 Istanbul par les dirigeants de Fenerbah\u00e7e, qui ont d\u00fbment fait une \u00ab\u00a0offre verbale\u00a0\u00bb que le joueur a \u00ab\u00a0prise en consid\u00e9ration\u00a0\u00bb.<\/p>\n<p>Cependant, ces n\u00e9gociations seraient d\u00e9sormais suspendues.<span>\u00e0 cause de la prochaine \u00e9lection pr\u00e9sidentielle au stade Sukru Saracoglu <\/span>la premi\u00e8re semaine de juin.<span\/><\/p>\n<\/p>\n<h2>O\u00f9 finira Robertson apr\u00e8s Liverpool ?<\/h2>\n<p>Si l&#39;arri\u00e8re gauche de Liverpool acceptait l&#39;offre annonc\u00e9e par l&#39;\u00e9quipe de Super Lig, il s&#39;associerait avec plusieurs joueurs qu&#39;il a affront\u00e9s lors d&#39;affrontements tr\u00e8s m\u00e9diatis\u00e9s en Premier League tout au long de son s\u00e9jour \u00e0 Anfield.<\/p>\n<p>Ederson (ex-Manchester City), Fred (ex-Manchester United), N&#39;Golo Kante (ex-Chelsea et Leicester), Matteo Guendouzi (ex-Arsenal) et Caglar Soyuncu (ex-Leicester) sont d\u00e9sormais tous \u00e0 Fenerbahce, qui comptent \u00e9galement Marco Asensio, Milan Skriniar et Nelson Semedo.<\/p>\n<p>Le <span>Sukru Saracoglu a certainement \u00e9t\u00e9 une destination populaire pour les joueurs exp\u00e9riment\u00e9s quittant l&#39;\u00e9lite anglaise, mais la d\u00e9cision du club de suspendre les n\u00e9gociations avec Robertson en raison des \u00e9lections \u00e0 venir pourrait se retourner contre lui.<\/span><\/p>\n<p>Il est fort possible que d&#39;autres pr\u00e9tendants se joignent au capitaine \u00e9cossais entre-temps et agissent plus rapidement pour conclure un accord avec lui \u2013 peut-\u00eatre les Spurs s&#39;ils \u00e9vitent la rel\u00e9gation de la Premier League ?<\/p>\n<p>Il reste \u00e0 voir o\u00f9 le m\u00e8nera la carri\u00e8re du joueur de 32 ans, mais ce que nous pouvons dire avec certitude, c&#39;est que celui qui le signera aura un professionnel de haut niveau qui \u2013 comme il l&#39;a montr\u00e9 contre Crystal Palace le week-end dernier \u2013 est toujours capable d&#39;exceller sur la grande sc\u00e8ne.<\/p>\n<p><!-- Article End -->\t\t\t\t<\/div>\n","protected":false},"excerpt":{"rendered":"<p>Andy Robertson aurait \u00ab r\u00e9fl\u00e9chi \u00bb \u00e0 une \u00ab offre verbale \u00bb qui lui a \u00e9t\u00e9 faite par l&#39;\u00e9quipe turque de Fenerbahce. Le joueur de<\/p>\n","protected":false},"author":1,"featured_media":36982,"comment_status":"closed","ping_status":"","sticky":false,"template":"","format":"standard","meta":{"footnotes":""},"categories":[3],"tags":[4008,1633,352,488,11904,92,5610],"yoast_head":"<!-- This site is optimized with the Yoast SEO plugin v21.0 - https:\/\/yoast.com\/wordpress\/plugins\/seo\/ -->\n<title>Andy Roberson re\u00e7oit une &quot;offre verbale&quot; de Fenerbahce<\/title>\n<meta name=\"robots\" content=\"index, follow, max-snippet:-1, max-image-preview:large, max-video-preview:-1\" \/>\n<link rel=\"canonical\" href=\"https:\/\/footdavant.fr\/actualites\/andy-roberson-recoit-une-offre-verbale-de-fenerbahce\/\" \/>\n<meta property=\"og:locale\" content=\"fr_FR\" \/>\n<meta property=\"og:type\" content=\"article\" \/>\n<meta property=\"og:title\" content=\"Andy Roberson re\u00e7oit une &quot;offre verbale&quot; de Fenerbahce\" \/>\n<meta property=\"og:description\" content=\"Andy Robertson aurait \u00ab r\u00e9fl\u00e9chi \u00bb \u00e0 une \u00ab offre verbale \u00bb qui lui a \u00e9t\u00e9 faite par l&#039;\u00e9quipe turque de Fenerbahce. Le joueur de\" \/>\n<meta property=\"og:url\" content=\"https:\/\/footdavant.fr\/actualites\/andy-roberson-recoit-une-offre-verbale-de-fenerbahce\/\" \/>\n<meta property=\"og:site_name\" content=\"Foot d&#039;avant\" \/>\n<meta property=\"article:publisher\" content=\"https:\/\/www.facebook.com\/Footdavant\/\" \/>\n<meta property=\"article:published_time\" content=\"2026-04-30T10:48:06+00:00\" \/>\n<meta property=\"article:modified_time\" content=\"2026-04-30T10:48:09+00:00\" \/>\n<meta property=\"og:image\" content=\"https:\/\/footdavant.fr\/actualites\/wp-content\/uploads\/2026\/04\/Andy-Roberson-recoit-une-offre-verbale-de-Fenerbahce.jpg\" \/>\n\t<meta property=\"og:image:width\" content=\"1467\" \/>\n\t<meta property=\"og:image:height\" content=\"824\" \/>\n\t<meta property=\"og:image:type\" content=\"image\/jpeg\" \/>\n<meta name=\"author\" content=\"Cl\u00e9ment\" \/>\n<meta name=\"twitter:card\" content=\"summary_large_image\" \/>\n<meta name=\"twitter:creator\" content=\"@FootdavantFr\" \/>\n<meta name=\"twitter:site\" content=\"@FootdavantFr\" \/>\n<meta name=\"twitter:label1\" content=\"\u00c9crit par\" \/>\n\t<meta name=\"twitter:data1\" content=\"Cl\u00e9ment\" \/>\n\t<meta name=\"twitter:label2\" content=\"Dur\u00e9e de lecture estim\u00e9e\" \/>\n\t<meta name=\"twitter:data2\" content=\"2 minutes\" \/>\n<script type=\"application\/ld+json\" class=\"yoast-schema-graph\">{\"@context\":\"https:\/\/schema.org\",\"@graph\":[{\"@type\":\"Article\",\"@id\":\"https:\/\/footdavant.fr\/actualites\/andy-roberson-recoit-une-offre-verbale-de-fenerbahce\/#article\",\"isPartOf\":{\"@id\":\"https:\/\/footdavant.fr\/actualites\/andy-roberson-recoit-une-offre-verbale-de-fenerbahce\/\"},\"author\":{\"name\":\"Cl\u00e9ment\",\"@id\":\"https:\/\/footdavant.fr\/actualites\/#\/schema\/person\/bc222566d95871b37e597b3ed3ba5e1d\"},\"headline\":\"Andy Roberson re\u00e7oit une \u00ab\u00a0offre verbale\u00a0\u00bb de Fenerbahce\",\"datePublished\":\"2026-04-30T10:48:06+00:00\",\"dateModified\":\"2026-04-30T10:48:09+00:00\",\"mainEntityOfPage\":{\"@id\":\"https:\/\/footdavant.fr\/actualites\/andy-roberson-recoit-une-offre-verbale-de-fenerbahce\/\"},\"wordCount\":440,\"publisher\":{\"@id\":\"https:\/\/footdavant.fr\/actualites\/#organization\"},\"keywords\":[\"Andy\",\"Fenerbah\u00e7e\",\"offre\",\"re\u00e7oit\",\"Roberson\",\"une\",\"verbale\"],\"articleSection\":[\"Football\"],\"inLanguage\":\"fr-FR\"},{\"@type\":\"WebPage\",\"@id\":\"https:\/\/footdavant.fr\/actualites\/andy-roberson-recoit-une-offre-verbale-de-fenerbahce\/\",\"url\":\"https:\/\/footdavant.fr\/actualites\/andy-roberson-recoit-une-offre-verbale-de-fenerbahce\/\",\"name\":\"Andy Roberson re\u00e7oit une \\\"offre verbale\\\" de Fenerbahce\",\"isPartOf\":{\"@id\":\"https:\/\/footdavant.fr\/actualites\/#website\"},\"datePublished\":\"2026-04-30T10:48:06+00:00\",\"dateModified\":\"2026-04-30T10:48:09+00:00\",\"breadcrumb\":{\"@id\":\"https:\/\/footdavant.fr\/actualites\/andy-roberson-recoit-une-offre-verbale-de-fenerbahce\/#breadcrumb\"},\"inLanguage\":\"fr-FR\",\"potentialAction\":[{\"@type\":\"ReadAction\",\"target\":[\"https:\/\/footdavant.fr\/actualites\/andy-roberson-recoit-une-offre-verbale-de-fenerbahce\/\"]}]},{\"@type\":\"BreadcrumbList\",\"@id\":\"https:\/\/footdavant.fr\/actualites\/andy-roberson-recoit-une-offre-verbale-de-fenerbahce\/#breadcrumb\",\"itemListElement\":[{\"@type\":\"ListItem\",\"position\":1,\"name\":\"Accueil\",\"item\":\"https:\/\/footdavant.fr\/actualites\/\"},{\"@type\":\"ListItem\",\"position\":2,\"name\":\"Andy Roberson re\u00e7oit une \u00ab\u00a0offre verbale\u00a0\u00bb de Fenerbahce\"}]},{\"@type\":\"WebSite\",\"@id\":\"https:\/\/footdavant.fr\/actualites\/#website\",\"url\":\"https:\/\/footdavant.fr\/actualites\/\",\"name\":\"Foot d'avant\",\"description\":\"\",\"publisher\":{\"@id\":\"https:\/\/footdavant.fr\/actualites\/#organization\"},\"potentialAction\":[{\"@type\":\"SearchAction\",\"target\":{\"@type\":\"EntryPoint\",\"urlTemplate\":\"https:\/\/footdavant.fr\/actualites\/?s={search_term_string}\"},\"query-input\":\"required name=search_term_string\"}],\"inLanguage\":\"fr-FR\"},{\"@type\":\"Organization\",\"@id\":\"https:\/\/footdavant.fr\/actualites\/#organization\",\"name\":\"Foot d'avant\",\"url\":\"https:\/\/footdavant.fr\/actualites\/\",\"logo\":{\"@type\":\"ImageObject\",\"inLanguage\":\"fr-FR\",\"@id\":\"https:\/\/footdavant.fr\/actualites\/#\/schema\/logo\/image\/\",\"url\":\"https:\/\/footdavant.fr\/actualites\/wp-content\/uploads\/2023\/09\/Copy-of-FootDavant-Logo.png\",\"contentUrl\":\"https:\/\/footdavant.fr\/actualites\/wp-content\/uploads\/2023\/09\/Copy-of-FootDavant-Logo.png\",\"width\":936,\"height\":549,\"caption\":\"Foot d'avant\"},\"image\":{\"@id\":\"https:\/\/footdavant.fr\/actualites\/#\/schema\/logo\/image\/\"},\"sameAs\":[\"https:\/\/www.facebook.com\/Footdavant\/\",\"https:\/\/twitter.com\/FootdavantFr\",\"https:\/\/www.instagram.com\/footdavant.fr\/\"]},{\"@type\":\"Person\",\"@id\":\"https:\/\/footdavant.fr\/actualites\/#\/schema\/person\/bc222566d95871b37e597b3ed3ba5e1d\",\"name\":\"Cl\u00e9ment\",\"image\":{\"@type\":\"ImageObject\",\"inLanguage\":\"fr-FR\",\"@id\":\"https:\/\/footdavant.fr\/actualites\/#\/schema\/person\/image\/\",\"url\":\"https:\/\/secure.gravatar.com\/avatar\/7728b29aac2719421e1a9159b2254c44?s=96&d=mm&r=g\",\"contentUrl\":\"https:\/\/secure.gravatar.com\/avatar\/7728b29aac2719421e1a9159b2254c44?s=96&d=mm&r=g\",\"caption\":\"Cl\u00e9ment\"},\"sameAs\":[\"https:\/\/footdavant.fr\/\"]}]}<\/script>\n<!-- \/ Yoast SEO plugin. -->","yoast_head_json":{"title":"Andy Roberson re\u00e7oit une \"offre verbale\" de Fenerbahce","robots":{"index":"index","follow":"follow","max-snippet":"max-snippet:-1","max-image-preview":"max-image-preview:large","max-video-preview":"max-video-preview:-1"},"canonical":"https:\/\/footdavant.fr\/actualites\/andy-roberson-recoit-une-offre-verbale-de-fenerbahce\/","og_locale":"fr_FR","og_type":"article","og_title":"Andy Roberson re\u00e7oit une \"offre verbale\" de Fenerbahce","og_description":"Andy Robertson aurait \u00ab r\u00e9fl\u00e9chi \u00bb \u00e0 une \u00ab offre verbale \u00bb qui lui a \u00e9t\u00e9 faite par l&#39;\u00e9quipe turque de Fenerbahce. Le joueur de","og_url":"https:\/\/footdavant.fr\/actualites\/andy-roberson-recoit-une-offre-verbale-de-fenerbahce\/","og_site_name":"Foot d&#039;avant","article_publisher":"https:\/\/www.facebook.com\/Footdavant\/","article_published_time":"2026-04-30T10:48:06+00:00","article_modified_time":"2026-04-30T10:48:09+00:00","og_image":[{"width":1467,"height":824,"url":"https:\/\/footdavant.fr\/actualites\/wp-content\/uploads\/2026\/04\/Andy-Roberson-recoit-une-offre-verbale-de-Fenerbahce.jpg","type":"image\/jpeg"}],"author":"Cl\u00e9ment","twitter_card":"summary_large_image","twitter_creator":"@FootdavantFr","twitter_site":"@FootdavantFr","twitter_misc":{"\u00c9crit par":"Cl\u00e9ment","Dur\u00e9e de lecture estim\u00e9e":"2 minutes"},"schema":{"@context":"https:\/\/schema.org","@graph":[{"@type":"Article","@id":"https:\/\/footdavant.fr\/actualites\/andy-roberson-recoit-une-offre-verbale-de-fenerbahce\/#article","isPartOf":{"@id":"https:\/\/footdavant.fr\/actualites\/andy-roberson-recoit-une-offre-verbale-de-fenerbahce\/"},"author":{"name":"Cl\u00e9ment","@id":"https:\/\/footdavant.fr\/actualites\/#\/schema\/person\/bc222566d95871b37e597b3ed3ba5e1d"},"headline":"Andy Roberson re\u00e7oit une \u00ab\u00a0offre verbale\u00a0\u00bb de Fenerbahce","datePublished":"2026-04-30T10:48:06+00:00","dateModified":"2026-04-30T10:48:09+00:00","mainEntityOfPage":{"@id":"https:\/\/footdavant.fr\/actualites\/andy-roberson-recoit-une-offre-verbale-de-fenerbahce\/"},"wordCount":440,"publisher":{"@id":"https:\/\/footdavant.fr\/actualites\/#organization"},"keywords":["Andy","Fenerbah\u00e7e","offre","re\u00e7oit","Roberson","une","verbale"],"articleSection":["Football"],"inLanguage":"fr-FR"},{"@type":"WebPage","@id":"https:\/\/footdavant.fr\/actualites\/andy-roberson-recoit-une-offre-verbale-de-fenerbahce\/","url":"https:\/\/footdavant.fr\/actualites\/andy-roberson-recoit-une-offre-verbale-de-fenerbahce\/","name":"Andy Roberson re\u00e7oit une \"offre verbale\" de Fenerbahce","isPartOf":{"@id":"https:\/\/footdavant.fr\/actualites\/#website"},"datePublished":"2026-04-30T10:48:06+00:00","dateModified":"2026-04-30T10:48:09+00:00","breadcrumb":{"@id":"https:\/\/footdavant.fr\/actualites\/andy-roberson-recoit-une-offre-verbale-de-fenerbahce\/#breadcrumb"},"inLanguage":"fr-FR","potentialAction":[{"@type":"ReadAction","target":["https:\/\/footdavant.fr\/actualites\/andy-roberson-recoit-une-offre-verbale-de-fenerbahce\/"]}]},{"@type":"BreadcrumbList","@id":"https:\/\/footdavant.fr\/actualites\/andy-roberson-recoit-une-offre-verbale-de-fenerbahce\/#breadcrumb","itemListElement":[{"@type":"ListItem","position":1,"name":"Accueil","item":"https:\/\/footdavant.fr\/actualites\/"},{"@type":"ListItem","position":2,"name":"Andy Roberson re\u00e7oit une \u00ab\u00a0offre verbale\u00a0\u00bb de Fenerbahce"}]},{"@type":"WebSite","@id":"https:\/\/footdavant.fr\/actualites\/#website","url":"https:\/\/footdavant.fr\/actualites\/","name":"Foot d'avant","description":"","publisher":{"@id":"https:\/\/footdavant.fr\/actualites\/#organization"},"potentialAction":[{"@type":"SearchAction","target":{"@type":"EntryPoint","urlTemplate":"https:\/\/footdavant.fr\/actualites\/?s={search_term_string}"},"query-input":"required name=search_term_string"}],"inLanguage":"fr-FR"},{"@type":"Organization","@id":"https:\/\/footdavant.fr\/actualites\/#organization","name":"Foot d'avant","url":"https:\/\/footdavant.fr\/actualites\/","logo":{"@type":"ImageObject","inLanguage":"fr-FR","@id":"https:\/\/footdavant.fr\/actualites\/#\/schema\/logo\/image\/","url":"https:\/\/footdavant.fr\/actualites\/wp-content\/uploads\/2023\/09\/Copy-of-FootDavant-Logo.png","contentUrl":"https:\/\/footdavant.fr\/actualites\/wp-content\/uploads\/2023\/09\/Copy-of-FootDavant-Logo.png","width":936,"height":549,"caption":"Foot d'avant"},"image":{"@id":"https:\/\/footdavant.fr\/actualites\/#\/schema\/logo\/image\/"},"sameAs":["https:\/\/www.facebook.com\/Footdavant\/","https:\/\/twitter.com\/FootdavantFr","https:\/\/www.instagram.com\/footdavant.fr\/"]},{"@type":"Person","@id":"https:\/\/footdavant.fr\/actualites\/#\/schema\/person\/bc222566d95871b37e597b3ed3ba5e1d","name":"Cl\u00e9ment","image":{"@type":"ImageObject","inLanguage":"fr-FR","@id":"https:\/\/footdavant.fr\/actualites\/#\/schema\/person\/image\/","url":"https:\/\/secure.gravatar.com\/avatar\/7728b29aac2719421e1a9159b2254c44?s=96&d=mm&r=g","contentUrl":"https:\/\/secure.gravatar.com\/avatar\/7728b29aac2719421e1a9159b2254c44?s=96&d=mm&r=g","caption":"Cl\u00e9ment"},"sameAs":["https:\/\/footdavant.fr\/"]}]}},"_links":{"self":[{"href":"https:\/\/footdavant.fr\/actualites\/wp-json\/wp\/v2\/posts\/36981"}],"collection":[{"href":"https:\/\/footdavant.fr\/actualites\/wp-json\/wp\/v2\/posts"}],"about":[{"href":"https:\/\/footdavant.fr\/actualites\/wp-json\/wp\/v2\/types\/post"}],"author":[{"embeddable":true,"href":"https:\/\/footdavant.fr\/actualites\/wp-json\/wp\/v2\/users\/1"}],"replies":[{"embeddable":true,"href":"https:\/\/footdavant.fr\/actualites\/wp-json\/wp\/v2\/comments?post=36981"}],"version-history":[{"count":1,"href":"https:\/\/footdavant.fr\/actualites\/wp-json\/wp\/v2\/posts\/36981\/revisions"}],"predecessor-version":[{"id":36983,"href":"https:\/\/footdavant.fr\/actualites\/wp-json\/wp\/v2\/posts\/36981\/revisions\/36983"}],"wp:featuredmedia":[{"embeddable":true,"href":"https:\/\/footdavant.fr\/actualites\/wp-json\/wp\/v2\/media\/36982"}],"wp:attachment":[{"href":"https:\/\/footdavant.fr\/actualites\/wp-json\/wp\/v2\/media?parent=36981"}],"wp:term":[{"taxonomy":"category","embeddable":true,"href":"https:\/\/footdavant.fr\/actualites\/wp-json\/wp\/v2\/categories?post=36981"},{"taxonomy":"post_tag","embeddable":true,"href":"https:\/\/footdavant.fr\/actualites\/wp-json\/wp\/v2\/tags?post=36981"}],"curies":[{"name":"wp","href":"https:\/\/api.w.org\/{rel}","templated":true}]}}