{"id":36984,"date":"2026-04-30T14:48:07","date_gmt":"2026-04-30T12:48:07","guid":{"rendered":"https:\/\/footdavant.fr\/actualites\/mise-a-jour-de-mykhaylo-mudryk-lailier-de-chelsea-apprend-la-punition-de-la-fa-et-decide-de-la-prochaine-etape-pour-tenter-de-sauver-sa-carriere-au-plus-haut-niveau\/"},"modified":"2026-04-30T14:48:08","modified_gmt":"2026-04-30T12:48:08","slug":"mise-a-jour-de-mykhaylo-mudryk-lailier-de-chelsea-apprend-la-punition-de-la-fa-et-decide-de-la-prochaine-etape-pour-tenter-de-sauver-sa-carriere-au-plus-haut-niveau","status":"publish","type":"post","link":"https:\/\/footdavant.fr\/actualites\/mise-a-jour-de-mykhaylo-mudryk-lailier-de-chelsea-apprend-la-punition-de-la-fa-et-decide-de-la-prochaine-etape-pour-tenter-de-sauver-sa-carriere-au-plus-haut-niveau\/","title":{"rendered":"Mise \u00e0 jour de Mykhaylo Mudryk : l&#39;ailier de Chelsea \u00ab apprend \u00bb la punition de la FA et d\u00e9cide de la prochaine \u00e9tape pour tenter de sauver sa carri\u00e8re au plus haut niveau"},"content":{"rendered":"<div itemprop=\"articleBody\">\n<p>L&#39;ailier de Chelsea, Mykhaylo Mudryk, aurait \u00e9t\u00e9 suspendu pour quatre ans par la Football Association.<\/p>\n<p>En d\u00e9cembre 2024, il a \u00e9t\u00e9 r\u00e9v\u00e9l\u00e9 que l\u2019international ukrainien avait \u00e9t\u00e9 test\u00e9 positif au meldonium, une substance interdite.<\/p>\n<p>En cons\u00e9quence, l&#39;ancienne star du Shakhtar Donetsk a \u00e9t\u00e9 provisoirement suspendue par la FA, sous r\u00e9serve du r\u00e9sultat de l&#39;\u00e9chantillon \u00ab\u00a0B\u00a0\u00bb.<\/p>\n<p>Bien que cet \u00e9chantillon, comme pr\u00e9vu, soit apparemment revenu positif, pr\u00e8s de 18 mois se sont \u00e9coul\u00e9s sans mise \u00e0 jour officielle.<\/p>\n<p>Cependant, au cours de cette p\u00e9riode, il a \u00e9t\u00e9 largement rapport\u00e9 que le joueur de 25 ans risquait d&#39;\u00eatre tenu \u00e0 l&#39;\u00e9cart jusqu&#39;en 2028.<\/p>\n<div>\n<div>\n<p>\u00a9 Imago<\/p>\n<\/div>\n<\/div>\n<h2>Mise \u00e0 jour de Mudryk alors que la punition de la FA est r\u00e9v\u00e9l\u00e9e<\/h2>\n<p>Comme l&#39;a rapport\u00e9 le diffuseur sportif Ben Jacobs, la FA a d\u00e9cid\u00e9 d&#39;imposer la sanction la plus s\u00e9v\u00e8re possible.<\/p>\n<p>N\u00e9anmoins, cela a conduit Mudryk \u00e0 lancer un appel aupr\u00e8s du Tribunal arbitral du sport (TAS).<\/p>\n<p>L&#39;ancien milieu de terrain de Manchester United, Paul Pogba, s&#39;est retrouv\u00e9 dans une situation similaire en 2023-2024, son appel ayant finalement conduit \u00e0 une r\u00e9duction de l&#39;interdiction \u00e0 18 mois.<\/p>\n<p>Mudryk, qui a toujours ni\u00e9 tout acte r\u00e9pr\u00e9hensible et est d\u00e9j\u00e0 \u00e0 l&#39;\u00e9cart depuis pr\u00e8s de 15 mois, esp\u00e8re obtenir le m\u00eame r\u00e9sultat lorsque son cas sera entendu \u00e0 une date ult\u00e9rieure.<\/p>\n<p>Le rapport ajoute que Mudryk a employ\u00e9 le m\u00eame cabinet \u2013 Morgan Sports Law \u2013 que Pogba pour le repr\u00e9senter.<\/p>\n<div>\n<div><img decoding=\"async\" data-img-id=\"139770\" class=\"lazy\" loading=\"lazy\" src=\"https:\/\/footdavant.fr\/actualites\/wp-content\/uploads\/2026\/04\/1777553287_661_Mise-a-jour-de-Mykhaylo-Mudryk-l39ailier-de-Chelsea.jpg\"\/><\/p>\n<p>\u00a9 Imago<\/p>\n<\/div>\n<\/div>\n<h2>Quel est le meilleur sc\u00e9nario pour Mudryk ?<\/h2>\n<p>\u00c0 l\u2019heure actuelle, une audience d\u2019appel n\u2019a pas encore \u00e9t\u00e9 approuv\u00e9e ou organis\u00e9e, laissant Mudryk confront\u00e9 \u00e0 une nouvelle p\u00e9riode d\u2019incertitude.<\/p>\n<p>Il y aura la crainte que la saga se prolonge pendant des mois plut\u00f4t que des semaines, mais Mudryk pourrait \u00e9galement penser qu&#39;il pourrait \u00eatre en mesure de revenir \u00e0 l&#39;entra\u00eenement de pr\u00e9-saison si les choses se passent comme il le souhaite.<\/p>\n<p>Si l&#39;interdiction est maintenue, Mudryk ne sera pas autoris\u00e9 \u00e0 revenir au football avant la fin de l&#39;ann\u00e9e 2028, alors qu&#39;il aura presque 29 ans.<\/p>\n<\/div>\n","protected":false},"excerpt":{"rendered":"<p>L&#39;ailier de Chelsea, Mykhaylo Mudryk, aurait \u00e9t\u00e9 suspendu pour quatre ans par la Football Association. En d\u00e9cembre 2024, il a \u00e9t\u00e9 r\u00e9v\u00e9l\u00e9 que l\u2019international ukrainien<\/p>\n","protected":false},"author":1,"featured_media":36985,"comment_status":"closed","ping_status":"","sticky":false,"template":"","format":"standard","meta":{"footnotes":""},"categories":[5],"tags":[2905,597,171,1812,3818,1659,328,4734,327,2603,7291,1493,51,1202,4630,6580,773],"yoast_head":"<!-- This site is optimized with the Yoast SEO plugin v21.0 - https:\/\/yoast.com\/wordpress\/plugins\/seo\/ -->\n<title>Mise \u00e0 jour de Mykhaylo Mudryk : l&#039;ailier de Chelsea \u00ab apprend \u00bb la punition de la FA et d\u00e9cide de la prochaine \u00e9tape pour tenter de sauver sa carri\u00e8re au plus haut niveau<\/title>\n<meta name=\"robots\" content=\"index, follow, max-snippet:-1, max-image-preview:large, max-video-preview:-1\" \/>\n<link rel=\"canonical\" href=\"https:\/\/footdavant.fr\/actualites\/mise-a-jour-de-mykhaylo-mudryk-lailier-de-chelsea-apprend-la-punition-de-la-fa-et-decide-de-la-prochaine-etape-pour-tenter-de-sauver-sa-carriere-au-plus-haut-niveau\/\" \/>\n<meta property=\"og:locale\" content=\"fr_FR\" \/>\n<meta property=\"og:type\" content=\"article\" \/>\n<meta property=\"og:title\" content=\"Mise \u00e0 jour de Mykhaylo Mudryk : l&#039;ailier de Chelsea \u00ab apprend \u00bb la punition de la FA et d\u00e9cide de la prochaine \u00e9tape pour tenter de sauver sa carri\u00e8re au plus haut niveau\" \/>\n<meta property=\"og:description\" content=\"L&#039;ailier de Chelsea, Mykhaylo Mudryk, aurait \u00e9t\u00e9 suspendu pour quatre ans par la Football Association. En d\u00e9cembre 2024, il a \u00e9t\u00e9 r\u00e9v\u00e9l\u00e9 que l\u2019international ukrainien\" \/>\n<meta property=\"og:url\" content=\"https:\/\/footdavant.fr\/actualites\/mise-a-jour-de-mykhaylo-mudryk-lailier-de-chelsea-apprend-la-punition-de-la-fa-et-decide-de-la-prochaine-etape-pour-tenter-de-sauver-sa-carriere-au-plus-haut-niveau\/\" \/>\n<meta property=\"og:site_name\" content=\"Foot d&#039;avant\" \/>\n<meta property=\"article:publisher\" content=\"https:\/\/www.facebook.com\/Footdavant\/\" \/>\n<meta property=\"article:published_time\" content=\"2026-04-30T12:48:07+00:00\" \/>\n<meta property=\"article:modified_time\" content=\"2026-04-30T12:48:08+00:00\" \/>\n<meta property=\"og:image\" content=\"https:\/\/footdavant.fr\/actualites\/wp-content\/uploads\/2026\/04\/1777553288_Mise-a-jour-de-Mykhaylo-Mudryk-l39ailier-de-Chelsea.jpg\" \/>\n\t<meta property=\"og:image:width\" content=\"720\" \/>\n\t<meta property=\"og:image:height\" content=\"410\" \/>\n\t<meta property=\"og:image:type\" content=\"image\/jpeg\" \/>\n<meta name=\"author\" content=\"Cl\u00e9ment\" \/>\n<meta name=\"twitter:card\" content=\"summary_large_image\" \/>\n<meta name=\"twitter:creator\" content=\"@FootdavantFr\" \/>\n<meta name=\"twitter:site\" content=\"@FootdavantFr\" \/>\n<meta name=\"twitter:label1\" content=\"\u00c9crit par\" \/>\n\t<meta name=\"twitter:data1\" content=\"Cl\u00e9ment\" \/>\n\t<meta name=\"twitter:label2\" content=\"Dur\u00e9e de lecture estim\u00e9e\" \/>\n\t<meta name=\"twitter:data2\" content=\"2 minutes\" \/>\n<script type=\"application\/ld+json\" class=\"yoast-schema-graph\">{\"@context\":\"https:\/\/schema.org\",\"@graph\":[{\"@type\":\"Article\",\"@id\":\"https:\/\/footdavant.fr\/actualites\/mise-a-jour-de-mykhaylo-mudryk-lailier-de-chelsea-apprend-la-punition-de-la-fa-et-decide-de-la-prochaine-etape-pour-tenter-de-sauver-sa-carriere-au-plus-haut-niveau\/#article\",\"isPartOf\":{\"@id\":\"https:\/\/footdavant.fr\/actualites\/mise-a-jour-de-mykhaylo-mudryk-lailier-de-chelsea-apprend-la-punition-de-la-fa-et-decide-de-la-prochaine-etape-pour-tenter-de-sauver-sa-carriere-au-plus-haut-niveau\/\"},\"author\":{\"name\":\"Cl\u00e9ment\",\"@id\":\"https:\/\/footdavant.fr\/actualites\/#\/schema\/person\/bc222566d95871b37e597b3ed3ba5e1d\"},\"headline\":\"Mise \u00e0 jour de Mykhaylo Mudryk : l&#39;ailier de Chelsea \u00ab apprend \u00bb la punition de la FA et d\u00e9cide de la prochaine \u00e9tape pour tenter de sauver sa carri\u00e8re au plus haut niveau\",\"datePublished\":\"2026-04-30T12:48:07+00:00\",\"dateModified\":\"2026-04-30T12:48:08+00:00\",\"mainEntityOfPage\":{\"@id\":\"https:\/\/footdavant.fr\/actualites\/mise-a-jour-de-mykhaylo-mudryk-lailier-de-chelsea-apprend-la-punition-de-la-fa-et-decide-de-la-prochaine-etape-pour-tenter-de-sauver-sa-carriere-au-plus-haut-niveau\/\"},\"wordCount\":399,\"publisher\":{\"@id\":\"https:\/\/footdavant.fr\/actualites\/#organization\"},\"keywords\":[\"apprend\",\"carri\u00e8re\",\"Chelsea\",\"d\u00e9cid\u00e9\",\"\u00e9tape\",\"haut\",\"jour\",\"l39ailier\",\"mise\",\"Mudryk\",\"Mykhaylo\",\"niveau\",\"pour\",\"prochaine\",\"punition\",\"sauver\",\"tenter\"],\"articleSection\":[\"Premier League\"],\"inLanguage\":\"fr-FR\"},{\"@type\":\"WebPage\",\"@id\":\"https:\/\/footdavant.fr\/actualites\/mise-a-jour-de-mykhaylo-mudryk-lailier-de-chelsea-apprend-la-punition-de-la-fa-et-decide-de-la-prochaine-etape-pour-tenter-de-sauver-sa-carriere-au-plus-haut-niveau\/\",\"url\":\"https:\/\/footdavant.fr\/actualites\/mise-a-jour-de-mykhaylo-mudryk-lailier-de-chelsea-apprend-la-punition-de-la-fa-et-decide-de-la-prochaine-etape-pour-tenter-de-sauver-sa-carriere-au-plus-haut-niveau\/\",\"name\":\"Mise \u00e0 jour de Mykhaylo Mudryk : l&#39;ailier de Chelsea \u00ab apprend \u00bb la punition de la FA et d\u00e9cide de la prochaine \u00e9tape pour tenter de sauver sa carri\u00e8re au plus haut niveau\",\"isPartOf\":{\"@id\":\"https:\/\/footdavant.fr\/actualites\/#website\"},\"datePublished\":\"2026-04-30T12:48:07+00:00\",\"dateModified\":\"2026-04-30T12:48:08+00:00\",\"breadcrumb\":{\"@id\":\"https:\/\/footdavant.fr\/actualites\/mise-a-jour-de-mykhaylo-mudryk-lailier-de-chelsea-apprend-la-punition-de-la-fa-et-decide-de-la-prochaine-etape-pour-tenter-de-sauver-sa-carriere-au-plus-haut-niveau\/#breadcrumb\"},\"inLanguage\":\"fr-FR\",\"potentialAction\":[{\"@type\":\"ReadAction\",\"target\":[\"https:\/\/footdavant.fr\/actualites\/mise-a-jour-de-mykhaylo-mudryk-lailier-de-chelsea-apprend-la-punition-de-la-fa-et-decide-de-la-prochaine-etape-pour-tenter-de-sauver-sa-carriere-au-plus-haut-niveau\/\"]}]},{\"@type\":\"BreadcrumbList\",\"@id\":\"https:\/\/footdavant.fr\/actualites\/mise-a-jour-de-mykhaylo-mudryk-lailier-de-chelsea-apprend-la-punition-de-la-fa-et-decide-de-la-prochaine-etape-pour-tenter-de-sauver-sa-carriere-au-plus-haut-niveau\/#breadcrumb\",\"itemListElement\":[{\"@type\":\"ListItem\",\"position\":1,\"name\":\"Accueil\",\"item\":\"https:\/\/footdavant.fr\/actualites\/\"},{\"@type\":\"ListItem\",\"position\":2,\"name\":\"Mise \u00e0 jour de Mykhaylo Mudryk : l&#39;ailier de Chelsea \u00ab apprend \u00bb la punition de la FA et d\u00e9cide de la prochaine \u00e9tape pour tenter de sauver sa carri\u00e8re au plus haut niveau\"}]},{\"@type\":\"WebSite\",\"@id\":\"https:\/\/footdavant.fr\/actualites\/#website\",\"url\":\"https:\/\/footdavant.fr\/actualites\/\",\"name\":\"Foot d'avant\",\"description\":\"\",\"publisher\":{\"@id\":\"https:\/\/footdavant.fr\/actualites\/#organization\"},\"potentialAction\":[{\"@type\":\"SearchAction\",\"target\":{\"@type\":\"EntryPoint\",\"urlTemplate\":\"https:\/\/footdavant.fr\/actualites\/?s={search_term_string}\"},\"query-input\":\"required name=search_term_string\"}],\"inLanguage\":\"fr-FR\"},{\"@type\":\"Organization\",\"@id\":\"https:\/\/footdavant.fr\/actualites\/#organization\",\"name\":\"Foot d'avant\",\"url\":\"https:\/\/footdavant.fr\/actualites\/\",\"logo\":{\"@type\":\"ImageObject\",\"inLanguage\":\"fr-FR\",\"@id\":\"https:\/\/footdavant.fr\/actualites\/#\/schema\/logo\/image\/\",\"url\":\"https:\/\/footdavant.fr\/actualites\/wp-content\/uploads\/2023\/09\/Copy-of-FootDavant-Logo.png\",\"contentUrl\":\"https:\/\/footdavant.fr\/actualites\/wp-content\/uploads\/2023\/09\/Copy-of-FootDavant-Logo.png\",\"width\":936,\"height\":549,\"caption\":\"Foot d'avant\"},\"image\":{\"@id\":\"https:\/\/footdavant.fr\/actualites\/#\/schema\/logo\/image\/\"},\"sameAs\":[\"https:\/\/www.facebook.com\/Footdavant\/\",\"https:\/\/twitter.com\/FootdavantFr\",\"https:\/\/www.instagram.com\/footdavant.fr\/\"]},{\"@type\":\"Person\",\"@id\":\"https:\/\/footdavant.fr\/actualites\/#\/schema\/person\/bc222566d95871b37e597b3ed3ba5e1d\",\"name\":\"Cl\u00e9ment\",\"image\":{\"@type\":\"ImageObject\",\"inLanguage\":\"fr-FR\",\"@id\":\"https:\/\/footdavant.fr\/actualites\/#\/schema\/person\/image\/\",\"url\":\"https:\/\/secure.gravatar.com\/avatar\/7728b29aac2719421e1a9159b2254c44?s=96&d=mm&r=g\",\"contentUrl\":\"https:\/\/secure.gravatar.com\/avatar\/7728b29aac2719421e1a9159b2254c44?s=96&d=mm&r=g\",\"caption\":\"Cl\u00e9ment\"},\"sameAs\":[\"https:\/\/footdavant.fr\/\"]}]}<\/script>\n<!-- \/ Yoast SEO plugin. -->","yoast_head_json":{"title":"Mise \u00e0 jour de Mykhaylo Mudryk : l&#39;ailier de Chelsea \u00ab apprend \u00bb la punition de la FA et d\u00e9cide de la prochaine \u00e9tape pour tenter de sauver sa carri\u00e8re au plus haut niveau","robots":{"index":"index","follow":"follow","max-snippet":"max-snippet:-1","max-image-preview":"max-image-preview:large","max-video-preview":"max-video-preview:-1"},"canonical":"https:\/\/footdavant.fr\/actualites\/mise-a-jour-de-mykhaylo-mudryk-lailier-de-chelsea-apprend-la-punition-de-la-fa-et-decide-de-la-prochaine-etape-pour-tenter-de-sauver-sa-carriere-au-plus-haut-niveau\/","og_locale":"fr_FR","og_type":"article","og_title":"Mise \u00e0 jour de Mykhaylo Mudryk : l&#39;ailier de Chelsea \u00ab apprend \u00bb la punition de la FA et d\u00e9cide de la prochaine \u00e9tape pour tenter de sauver sa carri\u00e8re au plus haut niveau","og_description":"L&#39;ailier de Chelsea, Mykhaylo Mudryk, aurait \u00e9t\u00e9 suspendu pour quatre ans par la Football Association. En d\u00e9cembre 2024, il a \u00e9t\u00e9 r\u00e9v\u00e9l\u00e9 que l\u2019international ukrainien","og_url":"https:\/\/footdavant.fr\/actualites\/mise-a-jour-de-mykhaylo-mudryk-lailier-de-chelsea-apprend-la-punition-de-la-fa-et-decide-de-la-prochaine-etape-pour-tenter-de-sauver-sa-carriere-au-plus-haut-niveau\/","og_site_name":"Foot d&#039;avant","article_publisher":"https:\/\/www.facebook.com\/Footdavant\/","article_published_time":"2026-04-30T12:48:07+00:00","article_modified_time":"2026-04-30T12:48:08+00:00","og_image":[{"width":720,"height":410,"url":"https:\/\/footdavant.fr\/actualites\/wp-content\/uploads\/2026\/04\/1777553288_Mise-a-jour-de-Mykhaylo-Mudryk-l39ailier-de-Chelsea.jpg","type":"image\/jpeg"}],"author":"Cl\u00e9ment","twitter_card":"summary_large_image","twitter_creator":"@FootdavantFr","twitter_site":"@FootdavantFr","twitter_misc":{"\u00c9crit par":"Cl\u00e9ment","Dur\u00e9e de lecture estim\u00e9e":"2 minutes"},"schema":{"@context":"https:\/\/schema.org","@graph":[{"@type":"Article","@id":"https:\/\/footdavant.fr\/actualites\/mise-a-jour-de-mykhaylo-mudryk-lailier-de-chelsea-apprend-la-punition-de-la-fa-et-decide-de-la-prochaine-etape-pour-tenter-de-sauver-sa-carriere-au-plus-haut-niveau\/#article","isPartOf":{"@id":"https:\/\/footdavant.fr\/actualites\/mise-a-jour-de-mykhaylo-mudryk-lailier-de-chelsea-apprend-la-punition-de-la-fa-et-decide-de-la-prochaine-etape-pour-tenter-de-sauver-sa-carriere-au-plus-haut-niveau\/"},"author":{"name":"Cl\u00e9ment","@id":"https:\/\/footdavant.fr\/actualites\/#\/schema\/person\/bc222566d95871b37e597b3ed3ba5e1d"},"headline":"Mise \u00e0 jour de Mykhaylo Mudryk : l&#39;ailier de Chelsea \u00ab apprend \u00bb la punition de la FA et d\u00e9cide de la prochaine \u00e9tape pour tenter de sauver sa carri\u00e8re au plus haut niveau","datePublished":"2026-04-30T12:48:07+00:00","dateModified":"2026-04-30T12:48:08+00:00","mainEntityOfPage":{"@id":"https:\/\/footdavant.fr\/actualites\/mise-a-jour-de-mykhaylo-mudryk-lailier-de-chelsea-apprend-la-punition-de-la-fa-et-decide-de-la-prochaine-etape-pour-tenter-de-sauver-sa-carriere-au-plus-haut-niveau\/"},"wordCount":399,"publisher":{"@id":"https:\/\/footdavant.fr\/actualites\/#organization"},"keywords":["apprend","carri\u00e8re","Chelsea","d\u00e9cid\u00e9","\u00e9tape","haut","jour","l39ailier","mise","Mudryk","Mykhaylo","niveau","pour","prochaine","punition","sauver","tenter"],"articleSection":["Premier League"],"inLanguage":"fr-FR"},{"@type":"WebPage","@id":"https:\/\/footdavant.fr\/actualites\/mise-a-jour-de-mykhaylo-mudryk-lailier-de-chelsea-apprend-la-punition-de-la-fa-et-decide-de-la-prochaine-etape-pour-tenter-de-sauver-sa-carriere-au-plus-haut-niveau\/","url":"https:\/\/footdavant.fr\/actualites\/mise-a-jour-de-mykhaylo-mudryk-lailier-de-chelsea-apprend-la-punition-de-la-fa-et-decide-de-la-prochaine-etape-pour-tenter-de-sauver-sa-carriere-au-plus-haut-niveau\/","name":"Mise \u00e0 jour de Mykhaylo Mudryk : l&#39;ailier de Chelsea \u00ab apprend \u00bb la punition de la FA et d\u00e9cide de la prochaine \u00e9tape pour tenter de sauver sa carri\u00e8re au plus haut niveau","isPartOf":{"@id":"https:\/\/footdavant.fr\/actualites\/#website"},"datePublished":"2026-04-30T12:48:07+00:00","dateModified":"2026-04-30T12:48:08+00:00","breadcrumb":{"@id":"https:\/\/footdavant.fr\/actualites\/mise-a-jour-de-mykhaylo-mudryk-lailier-de-chelsea-apprend-la-punition-de-la-fa-et-decide-de-la-prochaine-etape-pour-tenter-de-sauver-sa-carriere-au-plus-haut-niveau\/#breadcrumb"},"inLanguage":"fr-FR","potentialAction":[{"@type":"ReadAction","target":["https:\/\/footdavant.fr\/actualites\/mise-a-jour-de-mykhaylo-mudryk-lailier-de-chelsea-apprend-la-punition-de-la-fa-et-decide-de-la-prochaine-etape-pour-tenter-de-sauver-sa-carriere-au-plus-haut-niveau\/"]}]},{"@type":"BreadcrumbList","@id":"https:\/\/footdavant.fr\/actualites\/mise-a-jour-de-mykhaylo-mudryk-lailier-de-chelsea-apprend-la-punition-de-la-fa-et-decide-de-la-prochaine-etape-pour-tenter-de-sauver-sa-carriere-au-plus-haut-niveau\/#breadcrumb","itemListElement":[{"@type":"ListItem","position":1,"name":"Accueil","item":"https:\/\/footdavant.fr\/actualites\/"},{"@type":"ListItem","position":2,"name":"Mise \u00e0 jour de Mykhaylo Mudryk : l&#39;ailier de Chelsea \u00ab apprend \u00bb la punition de la FA et d\u00e9cide de la prochaine \u00e9tape pour tenter de sauver sa carri\u00e8re au plus haut niveau"}]},{"@type":"WebSite","@id":"https:\/\/footdavant.fr\/actualites\/#website","url":"https:\/\/footdavant.fr\/actualites\/","name":"Foot d'avant","description":"","publisher":{"@id":"https:\/\/footdavant.fr\/actualites\/#organization"},"potentialAction":[{"@type":"SearchAction","target":{"@type":"EntryPoint","urlTemplate":"https:\/\/footdavant.fr\/actualites\/?s={search_term_string}"},"query-input":"required name=search_term_string"}],"inLanguage":"fr-FR"},{"@type":"Organization","@id":"https:\/\/footdavant.fr\/actualites\/#organization","name":"Foot d'avant","url":"https:\/\/footdavant.fr\/actualites\/","logo":{"@type":"ImageObject","inLanguage":"fr-FR","@id":"https:\/\/footdavant.fr\/actualites\/#\/schema\/logo\/image\/","url":"https:\/\/footdavant.fr\/actualites\/wp-content\/uploads\/2023\/09\/Copy-of-FootDavant-Logo.png","contentUrl":"https:\/\/footdavant.fr\/actualites\/wp-content\/uploads\/2023\/09\/Copy-of-FootDavant-Logo.png","width":936,"height":549,"caption":"Foot d'avant"},"image":{"@id":"https:\/\/footdavant.fr\/actualites\/#\/schema\/logo\/image\/"},"sameAs":["https:\/\/www.facebook.com\/Footdavant\/","https:\/\/twitter.com\/FootdavantFr","https:\/\/www.instagram.com\/footdavant.fr\/"]},{"@type":"Person","@id":"https:\/\/footdavant.fr\/actualites\/#\/schema\/person\/bc222566d95871b37e597b3ed3ba5e1d","name":"Cl\u00e9ment","image":{"@type":"ImageObject","inLanguage":"fr-FR","@id":"https:\/\/footdavant.fr\/actualites\/#\/schema\/person\/image\/","url":"https:\/\/secure.gravatar.com\/avatar\/7728b29aac2719421e1a9159b2254c44?s=96&d=mm&r=g","contentUrl":"https:\/\/secure.gravatar.com\/avatar\/7728b29aac2719421e1a9159b2254c44?s=96&d=mm&r=g","caption":"Cl\u00e9ment"},"sameAs":["https:\/\/footdavant.fr\/"]}]}},"_links":{"self":[{"href":"https:\/\/footdavant.fr\/actualites\/wp-json\/wp\/v2\/posts\/36984"}],"collection":[{"href":"https:\/\/footdavant.fr\/actualites\/wp-json\/wp\/v2\/posts"}],"about":[{"href":"https:\/\/footdavant.fr\/actualites\/wp-json\/wp\/v2\/types\/post"}],"author":[{"embeddable":true,"href":"https:\/\/footdavant.fr\/actualites\/wp-json\/wp\/v2\/users\/1"}],"replies":[{"embeddable":true,"href":"https:\/\/footdavant.fr\/actualites\/wp-json\/wp\/v2\/comments?post=36984"}],"version-history":[{"count":1,"href":"https:\/\/footdavant.fr\/actualites\/wp-json\/wp\/v2\/posts\/36984\/revisions"}],"predecessor-version":[{"id":36986,"href":"https:\/\/footdavant.fr\/actualites\/wp-json\/wp\/v2\/posts\/36984\/revisions\/36986"}],"wp:featuredmedia":[{"embeddable":true,"href":"https:\/\/footdavant.fr\/actualites\/wp-json\/wp\/v2\/media\/36985"}],"wp:attachment":[{"href":"https:\/\/footdavant.fr\/actualites\/wp-json\/wp\/v2\/media?parent=36984"}],"wp:term":[{"taxonomy":"category","embeddable":true,"href":"https:\/\/footdavant.fr\/actualites\/wp-json\/wp\/v2\/categories?post=36984"},{"taxonomy":"post_tag","embeddable":true,"href":"https:\/\/footdavant.fr\/actualites\/wp-json\/wp\/v2\/tags?post=36984"}],"curies":[{"name":"wp","href":"https:\/\/api.w.org\/{rel}","templated":true}]}}