{"id":36987,"date":"2026-04-30T16:48:39","date_gmt":"2026-04-30T14:48:39","guid":{"rendered":"https:\/\/footdavant.fr\/actualites\/wissa-fait-son-admission-au-milieu-dune-premiere-saison-lamentable-a-newcastle\/"},"modified":"2026-04-30T16:48:41","modified_gmt":"2026-04-30T14:48:41","slug":"wissa-fait-son-admission-au-milieu-dune-premiere-saison-lamentable-a-newcastle","status":"publish","type":"post","link":"https:\/\/footdavant.fr\/actualites\/wissa-fait-son-admission-au-milieu-dune-premiere-saison-lamentable-a-newcastle\/","title":{"rendered":"Wissa fait son admission au milieu d&#39;une premi\u00e8re saison lamentable \u00e0 Newcastle"},"content":{"rendered":"<div>\n<p>L&#39;attaquant de Newcastle United, Yoane Wissa, a admis qu&#39;il \u00e9tait revenu trop rapidement d&#39;une blessure au genou, mais a insist\u00e9 sur le fait qu&#39;il \u00e9tait \u00ab\u00a0un soldat\u00a0\u00bb alors qu&#39;il s&#39;est engag\u00e9 \u00e0 am\u00e9liorer sa terrible premi\u00e8re saison au club.<\/p>\n<p>Wissa a rejoint Newcastle dans le cadre d&#39;un transfert de 55 millions de livres sterling depuis Brentford en septembre, avec sa signature peu de temps apr\u00e8s l&#39;accord record de 69 millions de livres sterling pour Nick Woltemade alors que les Magpies tentaient de combler le vide laiss\u00e9 par le d\u00e9part d&#39;Alexander Isak pour 125 millions de livres sterling \u00e0 Liverpool.<\/p>\n<p>Mais Wissa, qui a marqu\u00e9 17 buts la saison derni\u00e8re pour Brentford, n&#39;a pas pu faire ses d\u00e9buts avant une victoire 2-1 contre Burnley en d\u00e9cembre apr\u00e8s s&#39;\u00eatre bless\u00e9 au genou en mission internationale avec la RD Congo imm\u00e9diatement apr\u00e8s sa signature.<\/p>\n<p>Wissa a depuis eu du mal \u00e0 avoir un impact. Il a marqu\u00e9 lors d&#39;un quart de finale de la Coupe EFL avec Fulham lors de sa premi\u00e8re titularisation pour le club le 17 d\u00e9cembre, puis a trouv\u00e9 le chemin des filets lors d&#39;une victoire \u00e0 l&#39;ext\u00e9rieur contre Burnley 13 jours plus tard.<\/p>\n<figure class=\"wp-block-image size-large\"><picture decoding=\"async\" class=\"wp-image-186581\"><source type=\"image\/webp\"  \/><\/picture>\n<\/figure>\n<p>Cependant, il n&#39;a pas trouv\u00e9 le chemin des filets depuis qu&#39;il a marqu\u00e9 lors d&#39;une victoire en Ligue des champions contre le PSV Eindhoven en janvier.<\/p>\n<p>Wissa a re\u00e7u un manque flagrant de minutes de la part du manager Eddie Howe ces derniers temps, Anthony Gordon et Will Osula \u00e9tant pr\u00e9f\u00e9r\u00e9s comme options de frappe devant lui et Woltemade.<\/p>\n<p>Woltemade a offert \u00e0 Wissa un potentiel \u00e9galisateur lors de la d\u00e9faite 1-0 de la semaine derni\u00e8re \u00e0 Arsenal, la quatri\u00e8me d\u00e9faite cons\u00e9cutive de Newcastle en Premier League, seulement pour que le joueur de 29 ans tire une vol\u00e9e au-dessus de la barre \u00e0 bout portant avec seulement David Raya \u00e0 battre.<\/p>\n<h2 class=\"wp-block-heading\">Wissa fier de porter le maillot de Newcastle<\/h2>\n<p>Cette opportunit\u00e9 manqu\u00e9e a r\u00e9sum\u00e9 le d\u00e9but de sa carri\u00e8re \u00e0 Newcastle, et on dit que les Magpies chercheront \u00e0 vendre Wissa cet \u00e9t\u00e9 dans le cadre de la reconstruction d&#39;une \u00e9quipe qui s&#39;est effondr\u00e9e au 14e rang de la Premier League, huit points au-dessus de la zone de rel\u00e9gation avec quatre matchs \u00e0 jouer.<\/p>\n<p>Mais Wissa est d\u00e9termin\u00e9 \u00e0 prouver sa valeur \u00e0 Newcastle. <\/p>\n<p>Dans une interview avec JoelBeyaTV, Wissa a d\u00e9clar\u00e9 : \u00ab Je n&#39;ai pas attendu le bon moment pour revenir [from injury]. Cela aurait certainement d\u00fb \u00eatre plus. <\/p>\n<p>\u00ab Vous vouliez juste prendre le train, mais c&#39;\u00e9tait impossible, parce que mon genou n&#39;allait pas bien.<\/p>\n<p>\u00ab\u00a0Je suis un soldat. Je vais continuer. Je veux que les fans sachent l&#39;amour que j&#39;ai pour ce maillot. <\/p>\n<p>\u00ab\u00a0En attendant la saison prochaine, je comprends la taille de ce club, j&#39;esp\u00e8re que je vais faire mieux. C&#39;est un tel privil\u00e8ge. Je veux juste porter ce maillot.\u00a0\u00bb<\/p>\n<p>Wissa esp\u00e8re \u00eatre impliqu\u00e9 samedi lorsque Newcastle accueillera Brighton et Hove Albion alors qu&#39;ils tenteront d&#39;arr\u00eater la pourriture et de mettre fin \u00e0 toute discussion persistante sur une rel\u00e9gation.<\/p>\n<\/p><\/div>\n","protected":false},"excerpt":{"rendered":"<p>L&#39;attaquant de Newcastle United, Yoane Wissa, a admis qu&#39;il \u00e9tait revenu trop rapidement d&#39;une blessure au genou, mais a insist\u00e9 sur le fait qu&#39;il \u00e9tait<\/p>\n","protected":false},"author":1,"featured_media":36988,"comment_status":"closed","ping_status":"","sticky":false,"template":"","format":"standard","meta":{"footnotes":""},"categories":[3],"tags":[5294,4222,152,11905,441,22,1024,482,86,5011],"yoast_head":"<!-- This site is optimized with the Yoast SEO plugin v21.0 - https:\/\/yoast.com\/wordpress\/plugins\/seo\/ -->\n<title>Wissa fait son admission au milieu d&#039;une premi\u00e8re saison lamentable \u00e0 Newcastle<\/title>\n<meta name=\"robots\" content=\"index, follow, max-snippet:-1, max-image-preview:large, max-video-preview:-1\" \/>\n<link rel=\"canonical\" href=\"https:\/\/footdavant.fr\/actualites\/wissa-fait-son-admission-au-milieu-dune-premiere-saison-lamentable-a-newcastle\/\" \/>\n<meta property=\"og:locale\" content=\"fr_FR\" \/>\n<meta property=\"og:type\" content=\"article\" \/>\n<meta property=\"og:title\" content=\"Wissa fait son admission au milieu d&#039;une premi\u00e8re saison lamentable \u00e0 Newcastle\" \/>\n<meta property=\"og:description\" content=\"L&#039;attaquant de Newcastle United, Yoane Wissa, a admis qu&#039;il \u00e9tait revenu trop rapidement d&#039;une blessure au genou, mais a insist\u00e9 sur le fait qu&#039;il \u00e9tait\" \/>\n<meta property=\"og:url\" content=\"https:\/\/footdavant.fr\/actualites\/wissa-fait-son-admission-au-milieu-dune-premiere-saison-lamentable-a-newcastle\/\" \/>\n<meta property=\"og:site_name\" content=\"Foot d&#039;avant\" \/>\n<meta property=\"article:publisher\" content=\"https:\/\/www.facebook.com\/Footdavant\/\" \/>\n<meta property=\"article:published_time\" content=\"2026-04-30T14:48:39+00:00\" \/>\n<meta property=\"article:modified_time\" content=\"2026-04-30T14:48:41+00:00\" \/>\n<meta property=\"og:image\" content=\"https:\/\/footdavant.fr\/actualites\/wp-content\/uploads\/2026\/04\/1777560519_Wissa-fait-son-admission-au-milieu-d39une-premiere-saison-lamentable.jpg\" \/>\n\t<meta property=\"og:image:width\" content=\"1200\" \/>\n\t<meta property=\"og:image:height\" content=\"800\" \/>\n\t<meta property=\"og:image:type\" content=\"image\/jpeg\" \/>\n<meta name=\"author\" content=\"Cl\u00e9ment\" \/>\n<meta name=\"twitter:card\" content=\"summary_large_image\" \/>\n<meta name=\"twitter:creator\" content=\"@FootdavantFr\" \/>\n<meta name=\"twitter:site\" content=\"@FootdavantFr\" \/>\n<meta name=\"twitter:label1\" content=\"\u00c9crit par\" \/>\n\t<meta name=\"twitter:data1\" content=\"Cl\u00e9ment\" \/>\n\t<meta name=\"twitter:label2\" content=\"Dur\u00e9e de lecture estim\u00e9e\" \/>\n\t<meta name=\"twitter:data2\" content=\"3 minutes\" \/>\n<script type=\"application\/ld+json\" class=\"yoast-schema-graph\">{\"@context\":\"https:\/\/schema.org\",\"@graph\":[{\"@type\":\"Article\",\"@id\":\"https:\/\/footdavant.fr\/actualites\/wissa-fait-son-admission-au-milieu-dune-premiere-saison-lamentable-a-newcastle\/#article\",\"isPartOf\":{\"@id\":\"https:\/\/footdavant.fr\/actualites\/wissa-fait-son-admission-au-milieu-dune-premiere-saison-lamentable-a-newcastle\/\"},\"author\":{\"name\":\"Cl\u00e9ment\",\"@id\":\"https:\/\/footdavant.fr\/actualites\/#\/schema\/person\/bc222566d95871b37e597b3ed3ba5e1d\"},\"headline\":\"Wissa fait son admission au milieu d&#39;une premi\u00e8re saison lamentable \u00e0 Newcastle\",\"datePublished\":\"2026-04-30T14:48:39+00:00\",\"dateModified\":\"2026-04-30T14:48:41+00:00\",\"mainEntityOfPage\":{\"@id\":\"https:\/\/footdavant.fr\/actualites\/wissa-fait-son-admission-au-milieu-dune-premiere-saison-lamentable-a-newcastle\/\"},\"wordCount\":551,\"publisher\":{\"@id\":\"https:\/\/footdavant.fr\/actualites\/#organization\"},\"keywords\":[\"admission\",\"d39une\",\"fait\",\"lamentable\",\"milieu\",\"Newcastle\",\"premi\u00e8re\",\"saison\",\"son\",\"Wissa\"],\"articleSection\":[\"Football\"],\"inLanguage\":\"fr-FR\"},{\"@type\":\"WebPage\",\"@id\":\"https:\/\/footdavant.fr\/actualites\/wissa-fait-son-admission-au-milieu-dune-premiere-saison-lamentable-a-newcastle\/\",\"url\":\"https:\/\/footdavant.fr\/actualites\/wissa-fait-son-admission-au-milieu-dune-premiere-saison-lamentable-a-newcastle\/\",\"name\":\"Wissa fait son admission au milieu d&#39;une premi\u00e8re saison lamentable \u00e0 Newcastle\",\"isPartOf\":{\"@id\":\"https:\/\/footdavant.fr\/actualites\/#website\"},\"datePublished\":\"2026-04-30T14:48:39+00:00\",\"dateModified\":\"2026-04-30T14:48:41+00:00\",\"breadcrumb\":{\"@id\":\"https:\/\/footdavant.fr\/actualites\/wissa-fait-son-admission-au-milieu-dune-premiere-saison-lamentable-a-newcastle\/#breadcrumb\"},\"inLanguage\":\"fr-FR\",\"potentialAction\":[{\"@type\":\"ReadAction\",\"target\":[\"https:\/\/footdavant.fr\/actualites\/wissa-fait-son-admission-au-milieu-dune-premiere-saison-lamentable-a-newcastle\/\"]}]},{\"@type\":\"BreadcrumbList\",\"@id\":\"https:\/\/footdavant.fr\/actualites\/wissa-fait-son-admission-au-milieu-dune-premiere-saison-lamentable-a-newcastle\/#breadcrumb\",\"itemListElement\":[{\"@type\":\"ListItem\",\"position\":1,\"name\":\"Accueil\",\"item\":\"https:\/\/footdavant.fr\/actualites\/\"},{\"@type\":\"ListItem\",\"position\":2,\"name\":\"Wissa fait son admission au milieu d&#39;une premi\u00e8re saison lamentable \u00e0 Newcastle\"}]},{\"@type\":\"WebSite\",\"@id\":\"https:\/\/footdavant.fr\/actualites\/#website\",\"url\":\"https:\/\/footdavant.fr\/actualites\/\",\"name\":\"Foot d'avant\",\"description\":\"\",\"publisher\":{\"@id\":\"https:\/\/footdavant.fr\/actualites\/#organization\"},\"potentialAction\":[{\"@type\":\"SearchAction\",\"target\":{\"@type\":\"EntryPoint\",\"urlTemplate\":\"https:\/\/footdavant.fr\/actualites\/?s={search_term_string}\"},\"query-input\":\"required name=search_term_string\"}],\"inLanguage\":\"fr-FR\"},{\"@type\":\"Organization\",\"@id\":\"https:\/\/footdavant.fr\/actualites\/#organization\",\"name\":\"Foot d'avant\",\"url\":\"https:\/\/footdavant.fr\/actualites\/\",\"logo\":{\"@type\":\"ImageObject\",\"inLanguage\":\"fr-FR\",\"@id\":\"https:\/\/footdavant.fr\/actualites\/#\/schema\/logo\/image\/\",\"url\":\"https:\/\/footdavant.fr\/actualites\/wp-content\/uploads\/2023\/09\/Copy-of-FootDavant-Logo.png\",\"contentUrl\":\"https:\/\/footdavant.fr\/actualites\/wp-content\/uploads\/2023\/09\/Copy-of-FootDavant-Logo.png\",\"width\":936,\"height\":549,\"caption\":\"Foot d'avant\"},\"image\":{\"@id\":\"https:\/\/footdavant.fr\/actualites\/#\/schema\/logo\/image\/\"},\"sameAs\":[\"https:\/\/www.facebook.com\/Footdavant\/\",\"https:\/\/twitter.com\/FootdavantFr\",\"https:\/\/www.instagram.com\/footdavant.fr\/\"]},{\"@type\":\"Person\",\"@id\":\"https:\/\/footdavant.fr\/actualites\/#\/schema\/person\/bc222566d95871b37e597b3ed3ba5e1d\",\"name\":\"Cl\u00e9ment\",\"image\":{\"@type\":\"ImageObject\",\"inLanguage\":\"fr-FR\",\"@id\":\"https:\/\/footdavant.fr\/actualites\/#\/schema\/person\/image\/\",\"url\":\"https:\/\/secure.gravatar.com\/avatar\/7728b29aac2719421e1a9159b2254c44?s=96&d=mm&r=g\",\"contentUrl\":\"https:\/\/secure.gravatar.com\/avatar\/7728b29aac2719421e1a9159b2254c44?s=96&d=mm&r=g\",\"caption\":\"Cl\u00e9ment\"},\"sameAs\":[\"https:\/\/footdavant.fr\/\"]}]}<\/script>\n<!-- \/ Yoast SEO plugin. -->","yoast_head_json":{"title":"Wissa fait son admission au milieu d&#39;une premi\u00e8re saison lamentable \u00e0 Newcastle","robots":{"index":"index","follow":"follow","max-snippet":"max-snippet:-1","max-image-preview":"max-image-preview:large","max-video-preview":"max-video-preview:-1"},"canonical":"https:\/\/footdavant.fr\/actualites\/wissa-fait-son-admission-au-milieu-dune-premiere-saison-lamentable-a-newcastle\/","og_locale":"fr_FR","og_type":"article","og_title":"Wissa fait son admission au milieu d&#39;une premi\u00e8re saison lamentable \u00e0 Newcastle","og_description":"L&#39;attaquant de Newcastle United, Yoane Wissa, a admis qu&#39;il \u00e9tait revenu trop rapidement d&#39;une blessure au genou, mais a insist\u00e9 sur le fait qu&#39;il \u00e9tait","og_url":"https:\/\/footdavant.fr\/actualites\/wissa-fait-son-admission-au-milieu-dune-premiere-saison-lamentable-a-newcastle\/","og_site_name":"Foot d&#039;avant","article_publisher":"https:\/\/www.facebook.com\/Footdavant\/","article_published_time":"2026-04-30T14:48:39+00:00","article_modified_time":"2026-04-30T14:48:41+00:00","og_image":[{"width":1200,"height":800,"url":"https:\/\/footdavant.fr\/actualites\/wp-content\/uploads\/2026\/04\/1777560519_Wissa-fait-son-admission-au-milieu-d39une-premiere-saison-lamentable.jpg","type":"image\/jpeg"}],"author":"Cl\u00e9ment","twitter_card":"summary_large_image","twitter_creator":"@FootdavantFr","twitter_site":"@FootdavantFr","twitter_misc":{"\u00c9crit par":"Cl\u00e9ment","Dur\u00e9e de lecture estim\u00e9e":"3 minutes"},"schema":{"@context":"https:\/\/schema.org","@graph":[{"@type":"Article","@id":"https:\/\/footdavant.fr\/actualites\/wissa-fait-son-admission-au-milieu-dune-premiere-saison-lamentable-a-newcastle\/#article","isPartOf":{"@id":"https:\/\/footdavant.fr\/actualites\/wissa-fait-son-admission-au-milieu-dune-premiere-saison-lamentable-a-newcastle\/"},"author":{"name":"Cl\u00e9ment","@id":"https:\/\/footdavant.fr\/actualites\/#\/schema\/person\/bc222566d95871b37e597b3ed3ba5e1d"},"headline":"Wissa fait son admission au milieu d&#39;une premi\u00e8re saison lamentable \u00e0 Newcastle","datePublished":"2026-04-30T14:48:39+00:00","dateModified":"2026-04-30T14:48:41+00:00","mainEntityOfPage":{"@id":"https:\/\/footdavant.fr\/actualites\/wissa-fait-son-admission-au-milieu-dune-premiere-saison-lamentable-a-newcastle\/"},"wordCount":551,"publisher":{"@id":"https:\/\/footdavant.fr\/actualites\/#organization"},"keywords":["admission","d39une","fait","lamentable","milieu","Newcastle","premi\u00e8re","saison","son","Wissa"],"articleSection":["Football"],"inLanguage":"fr-FR"},{"@type":"WebPage","@id":"https:\/\/footdavant.fr\/actualites\/wissa-fait-son-admission-au-milieu-dune-premiere-saison-lamentable-a-newcastle\/","url":"https:\/\/footdavant.fr\/actualites\/wissa-fait-son-admission-au-milieu-dune-premiere-saison-lamentable-a-newcastle\/","name":"Wissa fait son admission au milieu d&#39;une premi\u00e8re saison lamentable \u00e0 Newcastle","isPartOf":{"@id":"https:\/\/footdavant.fr\/actualites\/#website"},"datePublished":"2026-04-30T14:48:39+00:00","dateModified":"2026-04-30T14:48:41+00:00","breadcrumb":{"@id":"https:\/\/footdavant.fr\/actualites\/wissa-fait-son-admission-au-milieu-dune-premiere-saison-lamentable-a-newcastle\/#breadcrumb"},"inLanguage":"fr-FR","potentialAction":[{"@type":"ReadAction","target":["https:\/\/footdavant.fr\/actualites\/wissa-fait-son-admission-au-milieu-dune-premiere-saison-lamentable-a-newcastle\/"]}]},{"@type":"BreadcrumbList","@id":"https:\/\/footdavant.fr\/actualites\/wissa-fait-son-admission-au-milieu-dune-premiere-saison-lamentable-a-newcastle\/#breadcrumb","itemListElement":[{"@type":"ListItem","position":1,"name":"Accueil","item":"https:\/\/footdavant.fr\/actualites\/"},{"@type":"ListItem","position":2,"name":"Wissa fait son admission au milieu d&#39;une premi\u00e8re saison lamentable \u00e0 Newcastle"}]},{"@type":"WebSite","@id":"https:\/\/footdavant.fr\/actualites\/#website","url":"https:\/\/footdavant.fr\/actualites\/","name":"Foot d'avant","description":"","publisher":{"@id":"https:\/\/footdavant.fr\/actualites\/#organization"},"potentialAction":[{"@type":"SearchAction","target":{"@type":"EntryPoint","urlTemplate":"https:\/\/footdavant.fr\/actualites\/?s={search_term_string}"},"query-input":"required name=search_term_string"}],"inLanguage":"fr-FR"},{"@type":"Organization","@id":"https:\/\/footdavant.fr\/actualites\/#organization","name":"Foot d'avant","url":"https:\/\/footdavant.fr\/actualites\/","logo":{"@type":"ImageObject","inLanguage":"fr-FR","@id":"https:\/\/footdavant.fr\/actualites\/#\/schema\/logo\/image\/","url":"https:\/\/footdavant.fr\/actualites\/wp-content\/uploads\/2023\/09\/Copy-of-FootDavant-Logo.png","contentUrl":"https:\/\/footdavant.fr\/actualites\/wp-content\/uploads\/2023\/09\/Copy-of-FootDavant-Logo.png","width":936,"height":549,"caption":"Foot d'avant"},"image":{"@id":"https:\/\/footdavant.fr\/actualites\/#\/schema\/logo\/image\/"},"sameAs":["https:\/\/www.facebook.com\/Footdavant\/","https:\/\/twitter.com\/FootdavantFr","https:\/\/www.instagram.com\/footdavant.fr\/"]},{"@type":"Person","@id":"https:\/\/footdavant.fr\/actualites\/#\/schema\/person\/bc222566d95871b37e597b3ed3ba5e1d","name":"Cl\u00e9ment","image":{"@type":"ImageObject","inLanguage":"fr-FR","@id":"https:\/\/footdavant.fr\/actualites\/#\/schema\/person\/image\/","url":"https:\/\/secure.gravatar.com\/avatar\/7728b29aac2719421e1a9159b2254c44?s=96&d=mm&r=g","contentUrl":"https:\/\/secure.gravatar.com\/avatar\/7728b29aac2719421e1a9159b2254c44?s=96&d=mm&r=g","caption":"Cl\u00e9ment"},"sameAs":["https:\/\/footdavant.fr\/"]}]}},"_links":{"self":[{"href":"https:\/\/footdavant.fr\/actualites\/wp-json\/wp\/v2\/posts\/36987"}],"collection":[{"href":"https:\/\/footdavant.fr\/actualites\/wp-json\/wp\/v2\/posts"}],"about":[{"href":"https:\/\/footdavant.fr\/actualites\/wp-json\/wp\/v2\/types\/post"}],"author":[{"embeddable":true,"href":"https:\/\/footdavant.fr\/actualites\/wp-json\/wp\/v2\/users\/1"}],"replies":[{"embeddable":true,"href":"https:\/\/footdavant.fr\/actualites\/wp-json\/wp\/v2\/comments?post=36987"}],"version-history":[{"count":1,"href":"https:\/\/footdavant.fr\/actualites\/wp-json\/wp\/v2\/posts\/36987\/revisions"}],"predecessor-version":[{"id":36989,"href":"https:\/\/footdavant.fr\/actualites\/wp-json\/wp\/v2\/posts\/36987\/revisions\/36989"}],"wp:featuredmedia":[{"embeddable":true,"href":"https:\/\/footdavant.fr\/actualites\/wp-json\/wp\/v2\/media\/36988"}],"wp:attachment":[{"href":"https:\/\/footdavant.fr\/actualites\/wp-json\/wp\/v2\/media?parent=36987"}],"wp:term":[{"taxonomy":"category","embeddable":true,"href":"https:\/\/footdavant.fr\/actualites\/wp-json\/wp\/v2\/categories?post=36987"},{"taxonomy":"post_tag","embeddable":true,"href":"https:\/\/footdavant.fr\/actualites\/wp-json\/wp\/v2\/tags?post=36987"}],"curies":[{"name":"wp","href":"https:\/\/api.w.org\/{rel}","templated":true}]}}