{"id":36990,"date":"2026-04-30T18:48:38","date_gmt":"2026-04-30T16:48:38","guid":{"rendered":"https:\/\/footdavant.fr\/actualites\/comment-le-capitaine-de-man-united-bruno-fernandes-pourrait-aider-michael-carrick-a-obtenir-un-role-a-long-terme-a-old-trafford\/"},"modified":"2026-04-30T18:48:39","modified_gmt":"2026-04-30T16:48:39","slug":"comment-le-capitaine-de-man-united-bruno-fernandes-pourrait-aider-michael-carrick-a-obtenir-un-role-a-long-terme-a-old-trafford","status":"publish","type":"post","link":"https:\/\/footdavant.fr\/actualites\/comment-le-capitaine-de-man-united-bruno-fernandes-pourrait-aider-michael-carrick-a-obtenir-un-role-a-long-terme-a-old-trafford\/","title":{"rendered":"Comment le capitaine de Man United, Bruno Fernandes, pourrait aider Michael Carrick \u00e0 obtenir un r\u00f4le \u00e0 long terme \u00e0 Old Trafford"},"content":{"rendered":"<div itemprop=\"articleBody\">\n<p>Les chances de Michael Carrick d&#39;obtenir le poste de manager de Manchester United \u00e0 long terme auraient \u00e9t\u00e9 renforc\u00e9es en raison de ses relations \u00e9troites avec le capitaine du club Bruno Fernandes.<\/p>\n<p>Man United est sur le point de remporter le football de la Ligue des champions pour la saison prochaine, occupant la troisi\u00e8me place du classement de la Premier League, 11 points devant Brighton &#038; Hove Albion, cinqui\u00e8me.<\/p>\n<p>Une d\u00e9cision finale sur l&#39;avenir de Carrick n&#39;a pas encore \u00e9t\u00e9 prise, mais l&#39;homme de 44 ans est le grand favori pour occuper le poste de direction \u00e0 long terme.<\/p>\n<p>Selon l&#39;expert en transferts Fabrizio Romano, la relation de Carrick avec Fernandes a renforc\u00e9 les chances de l&#39;Anglais d&#39;obtenir le poste au-del\u00e0 de la fin de la saison.<\/p>\n<p>Fernandes a une fois de plus \u00e9t\u00e9 extr\u00eamement influent pour les Diables Rouges cette saison, marquant huit buts et 20 passes d\u00e9cisives en 33 apparitions toutes comp\u00e9titions confondues.<\/p>\n<div>\n<div>\n<div>\n<div>\n<p>\u00a9 Iconsport \/ SUSA<\/p>\n<\/div>\n<\/div>\n<\/div>\n<\/div>\n<h2>Recherche de manager de Man United: Fernandes pourrait aider Carrick \u00e0 d\u00e9crocher le poste \u00e0 Old Trafford<\/h2>\n<p>\u00ab\u00a0Je voulais \u00e9galement mentionner Bruno Fernandes, car cela montre \u00e0 quel point il est important d&#39;avoir ce type de manager. Bruno a d\u00e9clar\u00e9 dans une interview \u00e0 la BBC la semaine derni\u00e8re que lorsque Carrick est arriv\u00e9, personne ne s&#39;attendait \u00e0 ce que United soit troisi\u00e8me du classement \u00e0 ce stade. On s&#39;attendait \u00e0 une seconde moiti\u00e9 de saison tr\u00e8s difficile, mais Carrick a apport\u00e9 de la stabilit\u00e9\u00a0\u00bb, a d\u00e9clar\u00e9 Romano sur son officiel. <em>YouTube<\/em> canal.<\/p>\n<p>\u00ab\u00a0Tactiquement, il a \u00e9t\u00e9 parfait. Son approche avec les dirigeants du vestiaire a \u00e9t\u00e9 parfaite. Et avec Bruno Fernandes, il entretient d&#39;excellentes relations. Bruno est un \u00e9l\u00e9ment crucial du vestiaire, et United pense que le travail de Carrick peut \u00e9galement les aider \u00e0 garder Bruno la saison prochaine.<\/p>\n<p>\u00ab Les clubs saoudiens restent tr\u00e8s int\u00e9ress\u00e9s, comme ils le sont depuis des ann\u00e9es, mais United pense que Carrick pourrait \u00eatre un facteur important pour que Bruno reste pour la Ligue des champions la saison prochaine.<\/p>\n<p>\u00ab\u00a0La relation avec les acteurs cl\u00e9s est clairement fantastique. Regardez comment Harry Maguire et d&#39;autres parlent de Carrick. C&#39;est un autre point tr\u00e8s important.\u00a0\u00bb<\/p>\n<div>\n<div>\n<div>\n<div><img decoding=\"async\" data-img-id=\"158914\" class=\"lazy\" loading=\"lazy\" src=\"https:\/\/footdavant.fr\/actualites\/wp-content\/uploads\/2026\/04\/Nouvelles-des-transferts-de-Man-United-les-Red-Devils.webp\"\/><\/p>\n<p>\u00a9 Imago \/ Images de sports professionnels<\/p>\n<\/div>\n<\/div>\n<\/div>\n<\/div>\n<h2>Carrick est le favori pour devenir le nouvel entra\u00eeneur-chef permanent de Man United<\/h2>\n<p>Romano a \u00e9galement \u00e9voqu\u00e9 l&#39;avenir de Carrick \u00e0 Man United, expliquant : \u00ab\u00a0Manchester United a poursuivi ses discussions internes sur le poste de manager et ce qui se passera ensuite, mais en m\u00eame temps, les chances de Carrick de continuer comme entra\u00eeneur de Man Utd et de devenir manager permanent augmentent semaine apr\u00e8s semaine.<\/p>\n<p>\u00ab\u00a0Pourquoi ? \u00c0 cause des excellentes relations avec les gens du club, avec les joueurs, et bien s\u00fbr \u00e0 cause des r\u00e9sultats. Ce qu&#39;il a fait en termes de performances et de r\u00e9sultats a \u00e9t\u00e9 sp\u00e9cial.\u00a0\u00bb<\/p>\n<p>Les 20 fois champions d&#39;Angleterre ont remport\u00e9 neuf matchs, fait match nul et perdu deux de leurs 13 matches depuis l&#39;arriv\u00e9e de Carrick, l&#39;Anglais rempla\u00e7ant Ruben Amorim \u00e0 la barre.<\/p>\n<p>Man United affrontera Liverpool, Sunderland, Nottingham Forest et Brighton &#038; Hove Albion lors de leurs quatre derniers matches de Premier League de la campagne.<\/p>\n<\/div>\n","protected":false},"excerpt":{"rendered":"<p>Les chances de Michael Carrick d&#39;obtenir le poste de manager de Manchester United \u00e0 long terme auraient \u00e9t\u00e9 renforc\u00e9es en raison de ses relations \u00e9troites<\/p>\n","protected":false},"author":1,"featured_media":36991,"comment_status":"closed","ping_status":"","sticky":false,"template":"","format":"standard","meta":{"footnotes":""},"categories":[5],"tags":[3126,138,141,5200,1497,139,1827,24,1105,2895,269,831,1828,2090,13],"yoast_head":"<!-- This site is optimized with the Yoast SEO plugin v21.0 - https:\/\/yoast.com\/wordpress\/plugins\/seo\/ -->\n<title>Comment le capitaine de Man United, Bruno Fernandes, pourrait aider Michael Carrick \u00e0 obtenir un r\u00f4le \u00e0 long terme \u00e0 Old Trafford<\/title>\n<meta name=\"robots\" content=\"index, follow, max-snippet:-1, max-image-preview:large, max-video-preview:-1\" \/>\n<link rel=\"canonical\" href=\"https:\/\/footdavant.fr\/actualites\/comment-le-capitaine-de-man-united-bruno-fernandes-pourrait-aider-michael-carrick-a-obtenir-un-role-a-long-terme-a-old-trafford\/\" \/>\n<meta property=\"og:locale\" content=\"fr_FR\" \/>\n<meta property=\"og:type\" content=\"article\" \/>\n<meta property=\"og:title\" content=\"Comment le capitaine de Man United, Bruno Fernandes, pourrait aider Michael Carrick \u00e0 obtenir un r\u00f4le \u00e0 long terme \u00e0 Old Trafford\" \/>\n<meta property=\"og:description\" content=\"Les chances de Michael Carrick d&#039;obtenir le poste de manager de Manchester United \u00e0 long terme auraient \u00e9t\u00e9 renforc\u00e9es en raison de ses relations \u00e9troites\" \/>\n<meta property=\"og:url\" content=\"https:\/\/footdavant.fr\/actualites\/comment-le-capitaine-de-man-united-bruno-fernandes-pourrait-aider-michael-carrick-a-obtenir-un-role-a-long-terme-a-old-trafford\/\" \/>\n<meta property=\"og:site_name\" content=\"Foot d&#039;avant\" \/>\n<meta property=\"article:publisher\" content=\"https:\/\/www.facebook.com\/Footdavant\/\" \/>\n<meta property=\"article:published_time\" content=\"2026-04-30T16:48:38+00:00\" \/>\n<meta property=\"article:modified_time\" content=\"2026-04-30T16:48:39+00:00\" \/>\n<meta property=\"og:image\" content=\"https:\/\/footdavant.fr\/actualites\/wp-content\/uploads\/2026\/04\/Comment-le-capitaine-de-Man-United-Bruno-Fernandes-pourrait-aider.net2Fuploads2F20262F012Ffernandes-6-697b.webp\" \/>\n\t<meta property=\"og:image:width\" content=\"720\" \/>\n\t<meta property=\"og:image:height\" content=\"410\" \/>\n\t<meta property=\"og:image:type\" content=\"image\/webp\" \/>\n<meta name=\"author\" content=\"Cl\u00e9ment\" \/>\n<meta name=\"twitter:card\" content=\"summary_large_image\" \/>\n<meta name=\"twitter:creator\" content=\"@FootdavantFr\" \/>\n<meta name=\"twitter:site\" content=\"@FootdavantFr\" \/>\n<meta name=\"twitter:label1\" content=\"\u00c9crit par\" \/>\n\t<meta name=\"twitter:data1\" content=\"Cl\u00e9ment\" \/>\n\t<meta name=\"twitter:label2\" content=\"Dur\u00e9e de lecture estim\u00e9e\" \/>\n\t<meta name=\"twitter:data2\" content=\"3 minutes\" \/>\n<script type=\"application\/ld+json\" class=\"yoast-schema-graph\">{\"@context\":\"https:\/\/schema.org\",\"@graph\":[{\"@type\":\"Article\",\"@id\":\"https:\/\/footdavant.fr\/actualites\/comment-le-capitaine-de-man-united-bruno-fernandes-pourrait-aider-michael-carrick-a-obtenir-un-role-a-long-terme-a-old-trafford\/#article\",\"isPartOf\":{\"@id\":\"https:\/\/footdavant.fr\/actualites\/comment-le-capitaine-de-man-united-bruno-fernandes-pourrait-aider-michael-carrick-a-obtenir-un-role-a-long-terme-a-old-trafford\/\"},\"author\":{\"name\":\"Cl\u00e9ment\",\"@id\":\"https:\/\/footdavant.fr\/actualites\/#\/schema\/person\/bc222566d95871b37e597b3ed3ba5e1d\"},\"headline\":\"Comment le capitaine de Man United, Bruno Fernandes, pourrait aider Michael Carrick \u00e0 obtenir un r\u00f4le \u00e0 long terme \u00e0 Old Trafford\",\"datePublished\":\"2026-04-30T16:48:38+00:00\",\"dateModified\":\"2026-04-30T16:48:39+00:00\",\"mainEntityOfPage\":{\"@id\":\"https:\/\/footdavant.fr\/actualites\/comment-le-capitaine-de-man-united-bruno-fernandes-pourrait-aider-michael-carrick-a-obtenir-un-role-a-long-terme-a-old-trafford\/\"},\"wordCount\":563,\"publisher\":{\"@id\":\"https:\/\/footdavant.fr\/actualites\/#organization\"},\"keywords\":[\"aider\",\"Bruno\",\"capitaine\",\"Carrick\",\"Comment\",\"Fernandes\",\"long\",\"Man\",\"Michael\",\"obtenir\",\"pourrait\",\"r\u00f4le\",\"terme\",\"Trafford\",\"United\"],\"articleSection\":[\"Premier League\"],\"inLanguage\":\"fr-FR\"},{\"@type\":\"WebPage\",\"@id\":\"https:\/\/footdavant.fr\/actualites\/comment-le-capitaine-de-man-united-bruno-fernandes-pourrait-aider-michael-carrick-a-obtenir-un-role-a-long-terme-a-old-trafford\/\",\"url\":\"https:\/\/footdavant.fr\/actualites\/comment-le-capitaine-de-man-united-bruno-fernandes-pourrait-aider-michael-carrick-a-obtenir-un-role-a-long-terme-a-old-trafford\/\",\"name\":\"Comment le capitaine de Man United, Bruno Fernandes, pourrait aider Michael Carrick \u00e0 obtenir un r\u00f4le \u00e0 long terme \u00e0 Old Trafford\",\"isPartOf\":{\"@id\":\"https:\/\/footdavant.fr\/actualites\/#website\"},\"datePublished\":\"2026-04-30T16:48:38+00:00\",\"dateModified\":\"2026-04-30T16:48:39+00:00\",\"breadcrumb\":{\"@id\":\"https:\/\/footdavant.fr\/actualites\/comment-le-capitaine-de-man-united-bruno-fernandes-pourrait-aider-michael-carrick-a-obtenir-un-role-a-long-terme-a-old-trafford\/#breadcrumb\"},\"inLanguage\":\"fr-FR\",\"potentialAction\":[{\"@type\":\"ReadAction\",\"target\":[\"https:\/\/footdavant.fr\/actualites\/comment-le-capitaine-de-man-united-bruno-fernandes-pourrait-aider-michael-carrick-a-obtenir-un-role-a-long-terme-a-old-trafford\/\"]}]},{\"@type\":\"BreadcrumbList\",\"@id\":\"https:\/\/footdavant.fr\/actualites\/comment-le-capitaine-de-man-united-bruno-fernandes-pourrait-aider-michael-carrick-a-obtenir-un-role-a-long-terme-a-old-trafford\/#breadcrumb\",\"itemListElement\":[{\"@type\":\"ListItem\",\"position\":1,\"name\":\"Accueil\",\"item\":\"https:\/\/footdavant.fr\/actualites\/\"},{\"@type\":\"ListItem\",\"position\":2,\"name\":\"Comment le capitaine de Man United, Bruno Fernandes, pourrait aider Michael Carrick \u00e0 obtenir un r\u00f4le \u00e0 long terme \u00e0 Old Trafford\"}]},{\"@type\":\"WebSite\",\"@id\":\"https:\/\/footdavant.fr\/actualites\/#website\",\"url\":\"https:\/\/footdavant.fr\/actualites\/\",\"name\":\"Foot d'avant\",\"description\":\"\",\"publisher\":{\"@id\":\"https:\/\/footdavant.fr\/actualites\/#organization\"},\"potentialAction\":[{\"@type\":\"SearchAction\",\"target\":{\"@type\":\"EntryPoint\",\"urlTemplate\":\"https:\/\/footdavant.fr\/actualites\/?s={search_term_string}\"},\"query-input\":\"required name=search_term_string\"}],\"inLanguage\":\"fr-FR\"},{\"@type\":\"Organization\",\"@id\":\"https:\/\/footdavant.fr\/actualites\/#organization\",\"name\":\"Foot d'avant\",\"url\":\"https:\/\/footdavant.fr\/actualites\/\",\"logo\":{\"@type\":\"ImageObject\",\"inLanguage\":\"fr-FR\",\"@id\":\"https:\/\/footdavant.fr\/actualites\/#\/schema\/logo\/image\/\",\"url\":\"https:\/\/footdavant.fr\/actualites\/wp-content\/uploads\/2023\/09\/Copy-of-FootDavant-Logo.png\",\"contentUrl\":\"https:\/\/footdavant.fr\/actualites\/wp-content\/uploads\/2023\/09\/Copy-of-FootDavant-Logo.png\",\"width\":936,\"height\":549,\"caption\":\"Foot d'avant\"},\"image\":{\"@id\":\"https:\/\/footdavant.fr\/actualites\/#\/schema\/logo\/image\/\"},\"sameAs\":[\"https:\/\/www.facebook.com\/Footdavant\/\",\"https:\/\/twitter.com\/FootdavantFr\",\"https:\/\/www.instagram.com\/footdavant.fr\/\"]},{\"@type\":\"Person\",\"@id\":\"https:\/\/footdavant.fr\/actualites\/#\/schema\/person\/bc222566d95871b37e597b3ed3ba5e1d\",\"name\":\"Cl\u00e9ment\",\"image\":{\"@type\":\"ImageObject\",\"inLanguage\":\"fr-FR\",\"@id\":\"https:\/\/footdavant.fr\/actualites\/#\/schema\/person\/image\/\",\"url\":\"https:\/\/secure.gravatar.com\/avatar\/7728b29aac2719421e1a9159b2254c44?s=96&d=mm&r=g\",\"contentUrl\":\"https:\/\/secure.gravatar.com\/avatar\/7728b29aac2719421e1a9159b2254c44?s=96&d=mm&r=g\",\"caption\":\"Cl\u00e9ment\"},\"sameAs\":[\"https:\/\/footdavant.fr\/\"]}]}<\/script>\n<!-- \/ Yoast SEO plugin. -->","yoast_head_json":{"title":"Comment le capitaine de Man United, Bruno Fernandes, pourrait aider Michael Carrick \u00e0 obtenir un r\u00f4le \u00e0 long terme \u00e0 Old Trafford","robots":{"index":"index","follow":"follow","max-snippet":"max-snippet:-1","max-image-preview":"max-image-preview:large","max-video-preview":"max-video-preview:-1"},"canonical":"https:\/\/footdavant.fr\/actualites\/comment-le-capitaine-de-man-united-bruno-fernandes-pourrait-aider-michael-carrick-a-obtenir-un-role-a-long-terme-a-old-trafford\/","og_locale":"fr_FR","og_type":"article","og_title":"Comment le capitaine de Man United, Bruno Fernandes, pourrait aider Michael Carrick \u00e0 obtenir un r\u00f4le \u00e0 long terme \u00e0 Old Trafford","og_description":"Les chances de Michael Carrick d&#39;obtenir le poste de manager de Manchester United \u00e0 long terme auraient \u00e9t\u00e9 renforc\u00e9es en raison de ses relations \u00e9troites","og_url":"https:\/\/footdavant.fr\/actualites\/comment-le-capitaine-de-man-united-bruno-fernandes-pourrait-aider-michael-carrick-a-obtenir-un-role-a-long-terme-a-old-trafford\/","og_site_name":"Foot d&#039;avant","article_publisher":"https:\/\/www.facebook.com\/Footdavant\/","article_published_time":"2026-04-30T16:48:38+00:00","article_modified_time":"2026-04-30T16:48:39+00:00","og_image":[{"width":720,"height":410,"url":"https:\/\/footdavant.fr\/actualites\/wp-content\/uploads\/2026\/04\/Comment-le-capitaine-de-Man-United-Bruno-Fernandes-pourrait-aider.net2Fuploads2F20262F012Ffernandes-6-697b.webp","type":"image\/webp"}],"author":"Cl\u00e9ment","twitter_card":"summary_large_image","twitter_creator":"@FootdavantFr","twitter_site":"@FootdavantFr","twitter_misc":{"\u00c9crit par":"Cl\u00e9ment","Dur\u00e9e de lecture estim\u00e9e":"3 minutes"},"schema":{"@context":"https:\/\/schema.org","@graph":[{"@type":"Article","@id":"https:\/\/footdavant.fr\/actualites\/comment-le-capitaine-de-man-united-bruno-fernandes-pourrait-aider-michael-carrick-a-obtenir-un-role-a-long-terme-a-old-trafford\/#article","isPartOf":{"@id":"https:\/\/footdavant.fr\/actualites\/comment-le-capitaine-de-man-united-bruno-fernandes-pourrait-aider-michael-carrick-a-obtenir-un-role-a-long-terme-a-old-trafford\/"},"author":{"name":"Cl\u00e9ment","@id":"https:\/\/footdavant.fr\/actualites\/#\/schema\/person\/bc222566d95871b37e597b3ed3ba5e1d"},"headline":"Comment le capitaine de Man United, Bruno Fernandes, pourrait aider Michael Carrick \u00e0 obtenir un r\u00f4le \u00e0 long terme \u00e0 Old Trafford","datePublished":"2026-04-30T16:48:38+00:00","dateModified":"2026-04-30T16:48:39+00:00","mainEntityOfPage":{"@id":"https:\/\/footdavant.fr\/actualites\/comment-le-capitaine-de-man-united-bruno-fernandes-pourrait-aider-michael-carrick-a-obtenir-un-role-a-long-terme-a-old-trafford\/"},"wordCount":563,"publisher":{"@id":"https:\/\/footdavant.fr\/actualites\/#organization"},"keywords":["aider","Bruno","capitaine","Carrick","Comment","Fernandes","long","Man","Michael","obtenir","pourrait","r\u00f4le","terme","Trafford","United"],"articleSection":["Premier League"],"inLanguage":"fr-FR"},{"@type":"WebPage","@id":"https:\/\/footdavant.fr\/actualites\/comment-le-capitaine-de-man-united-bruno-fernandes-pourrait-aider-michael-carrick-a-obtenir-un-role-a-long-terme-a-old-trafford\/","url":"https:\/\/footdavant.fr\/actualites\/comment-le-capitaine-de-man-united-bruno-fernandes-pourrait-aider-michael-carrick-a-obtenir-un-role-a-long-terme-a-old-trafford\/","name":"Comment le capitaine de Man United, Bruno Fernandes, pourrait aider Michael Carrick \u00e0 obtenir un r\u00f4le \u00e0 long terme \u00e0 Old Trafford","isPartOf":{"@id":"https:\/\/footdavant.fr\/actualites\/#website"},"datePublished":"2026-04-30T16:48:38+00:00","dateModified":"2026-04-30T16:48:39+00:00","breadcrumb":{"@id":"https:\/\/footdavant.fr\/actualites\/comment-le-capitaine-de-man-united-bruno-fernandes-pourrait-aider-michael-carrick-a-obtenir-un-role-a-long-terme-a-old-trafford\/#breadcrumb"},"inLanguage":"fr-FR","potentialAction":[{"@type":"ReadAction","target":["https:\/\/footdavant.fr\/actualites\/comment-le-capitaine-de-man-united-bruno-fernandes-pourrait-aider-michael-carrick-a-obtenir-un-role-a-long-terme-a-old-trafford\/"]}]},{"@type":"BreadcrumbList","@id":"https:\/\/footdavant.fr\/actualites\/comment-le-capitaine-de-man-united-bruno-fernandes-pourrait-aider-michael-carrick-a-obtenir-un-role-a-long-terme-a-old-trafford\/#breadcrumb","itemListElement":[{"@type":"ListItem","position":1,"name":"Accueil","item":"https:\/\/footdavant.fr\/actualites\/"},{"@type":"ListItem","position":2,"name":"Comment le capitaine de Man United, Bruno Fernandes, pourrait aider Michael Carrick \u00e0 obtenir un r\u00f4le \u00e0 long terme \u00e0 Old Trafford"}]},{"@type":"WebSite","@id":"https:\/\/footdavant.fr\/actualites\/#website","url":"https:\/\/footdavant.fr\/actualites\/","name":"Foot d'avant","description":"","publisher":{"@id":"https:\/\/footdavant.fr\/actualites\/#organization"},"potentialAction":[{"@type":"SearchAction","target":{"@type":"EntryPoint","urlTemplate":"https:\/\/footdavant.fr\/actualites\/?s={search_term_string}"},"query-input":"required name=search_term_string"}],"inLanguage":"fr-FR"},{"@type":"Organization","@id":"https:\/\/footdavant.fr\/actualites\/#organization","name":"Foot d'avant","url":"https:\/\/footdavant.fr\/actualites\/","logo":{"@type":"ImageObject","inLanguage":"fr-FR","@id":"https:\/\/footdavant.fr\/actualites\/#\/schema\/logo\/image\/","url":"https:\/\/footdavant.fr\/actualites\/wp-content\/uploads\/2023\/09\/Copy-of-FootDavant-Logo.png","contentUrl":"https:\/\/footdavant.fr\/actualites\/wp-content\/uploads\/2023\/09\/Copy-of-FootDavant-Logo.png","width":936,"height":549,"caption":"Foot d'avant"},"image":{"@id":"https:\/\/footdavant.fr\/actualites\/#\/schema\/logo\/image\/"},"sameAs":["https:\/\/www.facebook.com\/Footdavant\/","https:\/\/twitter.com\/FootdavantFr","https:\/\/www.instagram.com\/footdavant.fr\/"]},{"@type":"Person","@id":"https:\/\/footdavant.fr\/actualites\/#\/schema\/person\/bc222566d95871b37e597b3ed3ba5e1d","name":"Cl\u00e9ment","image":{"@type":"ImageObject","inLanguage":"fr-FR","@id":"https:\/\/footdavant.fr\/actualites\/#\/schema\/person\/image\/","url":"https:\/\/secure.gravatar.com\/avatar\/7728b29aac2719421e1a9159b2254c44?s=96&d=mm&r=g","contentUrl":"https:\/\/secure.gravatar.com\/avatar\/7728b29aac2719421e1a9159b2254c44?s=96&d=mm&r=g","caption":"Cl\u00e9ment"},"sameAs":["https:\/\/footdavant.fr\/"]}]}},"_links":{"self":[{"href":"https:\/\/footdavant.fr\/actualites\/wp-json\/wp\/v2\/posts\/36990"}],"collection":[{"href":"https:\/\/footdavant.fr\/actualites\/wp-json\/wp\/v2\/posts"}],"about":[{"href":"https:\/\/footdavant.fr\/actualites\/wp-json\/wp\/v2\/types\/post"}],"author":[{"embeddable":true,"href":"https:\/\/footdavant.fr\/actualites\/wp-json\/wp\/v2\/users\/1"}],"replies":[{"embeddable":true,"href":"https:\/\/footdavant.fr\/actualites\/wp-json\/wp\/v2\/comments?post=36990"}],"version-history":[{"count":1,"href":"https:\/\/footdavant.fr\/actualites\/wp-json\/wp\/v2\/posts\/36990\/revisions"}],"predecessor-version":[{"id":36992,"href":"https:\/\/footdavant.fr\/actualites\/wp-json\/wp\/v2\/posts\/36990\/revisions\/36992"}],"wp:featuredmedia":[{"embeddable":true,"href":"https:\/\/footdavant.fr\/actualites\/wp-json\/wp\/v2\/media\/36991"}],"wp:attachment":[{"href":"https:\/\/footdavant.fr\/actualites\/wp-json\/wp\/v2\/media?parent=36990"}],"wp:term":[{"taxonomy":"category","embeddable":true,"href":"https:\/\/footdavant.fr\/actualites\/wp-json\/wp\/v2\/categories?post=36990"},{"taxonomy":"post_tag","embeddable":true,"href":"https:\/\/footdavant.fr\/actualites\/wp-json\/wp\/v2\/tags?post=36990"}],"curies":[{"name":"wp","href":"https:\/\/api.w.org\/{rel}","templated":true}]}}