{"id":36993,"date":"2026-04-30T20:48:05","date_gmt":"2026-04-30T18:48:05","guid":{"rendered":"https:\/\/footdavant.fr\/actualites\/ayyoub-bouaddi-united-prevoit-de-remporter-la-course-pour-las-francais\/"},"modified":"2026-04-30T20:48:07","modified_gmt":"2026-04-30T18:48:07","slug":"ayyoub-bouaddi-united-prevoit-de-remporter-la-course-pour-las-francais","status":"publish","type":"post","link":"https:\/\/footdavant.fr\/actualites\/ayyoub-bouaddi-united-prevoit-de-remporter-la-course-pour-las-francais\/","title":{"rendered":"Ayyoub Bouaddi: United pr\u00e9voit de remporter la course pour l&#39;as fran\u00e7ais &#8211;"},"content":{"rendered":"<div id=\"penci-post-entry-inner\">\n<p>\t\t\t<i class=\"penci-post-countview-number-check\" style=\"display:none\">1<\/i><\/p>\n<p>L&#39;activit\u00e9 de transfert de Manchester United l&#39;\u00e9t\u00e9 dernier a \u00e9t\u00e9 largement salu\u00e9e, et INEOS esp\u00e8re r\u00e9p\u00e9ter l&#39;op\u00e9ration cette ann\u00e9e. Les Red Devils se sont concentr\u00e9s sur les d\u00e9partements d\u2019attaque et de gardien de but l\u2019ann\u00e9e derni\u00e8re, investissant plus de 200 millions de livres sterling dans le but de rectifier deux positions qui ont fait l\u2019objet de nombreux examens minutieux lors de la campagne 2024\/25. <\/p>\n<p>Les efforts de United ont d\u00e9j\u00e0 port\u00e9 leurs fruits, puisqu&#39;ils ont marqu\u00e9 60 buts en championnat, le troisi\u00e8me plus haut niveau du football anglais et une am\u00e9lioration par rapport \u00e0 leur retour de la saison derni\u00e8re (40). Pendant ce temps, Senne Lammens a apport\u00e9 une pr\u00e9sence assur\u00e9e entre les b\u00e2tons dont les fans r\u00e9clamaient depuis des ann\u00e9es. <\/p>\n<p>L&#39;accent est d\u00e9sormais mis sur la revalorisation du milieu de terrain, qui sera affaibli par le d\u00e9part de Casemiro cet \u00e9t\u00e9. Les g\u00e9ants anglais ont d\u00e9j\u00e0 assur\u00e9 l&#39;avenir du tr\u00e8s talentueux Kobbie Mainoo, qui a d\u00e9sormais sign\u00e9 un nouveau contrat jusqu&#39;en 2031.<\/p>\n<p>Les Diables Rouges veulent d\u00e9sormais un nouveau partenaire \u00e0 long terme pour l&#39;Anglais alors qu&#39;ils cherchent \u00e0 se forger une colonne vert\u00e9brale pour l&#39;avenir. Un pr\u00e9c\u00e9dent reportage relay\u00e9 par The Peoples Person a nomm\u00e9 Ayyoub Bouaddi parmi les candidats actuellement \u00e0 l&#39;\u00e9tude au Th\u00e9\u00e2tre des r\u00eaves. <\/p>\n<h3>Le m\u00e9tronome fran\u00e7ais<\/h3>\n<p>Bouaddi a rejoint le centre de formation de Lille en 2021 avant de rejoindre l&#39;\u00e9quipe senior deux ans plus tard. Il est vite devenu clair que le Fran\u00e7ais \u00e9tait destin\u00e9 \u00e0 de grandes choses, et il n\u2019a cess\u00e9 de se renforcer ces derni\u00e8res ann\u00e9es. <\/p>\n<p>Bouaddi est d\u00e9sormais un habitu\u00e9 de l&#39;\u00e9quipe premi\u00e8re de Lille et est apparu 39 fois toutes comp\u00e9titions confondues cette saison, enregistrant une passe d\u00e9cisive.<\/p>\n<h2 id=\"tablepress-1283-name\" class=\"tablepress-table-name tablepress-table-name-id-1283\">Ayyoub Bouaddi<\/h2>\n<table id=\"tablepress-1283\" class=\"tablepress tablepress-id-1283\" aria-labelledby=\"tablepress-1283-name\">\n<thead>\n<tr class=\"row-1\">\n<th class=\"column-1\">Concours<\/th>\n<th class=\"column-2\">Apparitions<\/th>\n<th class=\"column-3\">Commence<\/th>\n<th class=\"column-4\">Objectifs<\/th>\n<th class=\"column-5\">Aides<\/th>\n<th class=\"column-6\">Cartons jaunes<\/th>\n<th class=\"column-7\">Cartons rouges<\/th>\n<th class=\"column-8\">Minutes jou\u00e9es<\/th>\n<\/tr>\n<\/thead>\n<tbody class=\"row-striping row-hover\">\n<tr class=\"row-2\">\n<td class=\"column-1\">Ligue 1<\/td>\n<td class=\"column-2\">27<\/td>\n<td class=\"column-3\">25<\/td>\n<td class=\"column-4\">&#8211;<\/td>\n<td class=\"column-5\">1<\/td>\n<td class=\"column-6\">6<\/td>\n<td class=\"column-7\">1<\/td>\n<td class=\"column-8\">2 109&#39;<\/td>\n<\/tr>\n<tr class=\"row-3\">\n<td class=\"column-1\">Ligue Europa de l&#39;UEFA<\/td>\n<td class=\"column-2\">10<\/td>\n<td class=\"column-3\">8<\/td>\n<td class=\"column-4\">&#8211;<\/td>\n<td class=\"column-5\">&#8211;<\/td>\n<td class=\"column-6\">2<\/td>\n<td class=\"column-7\">1<\/td>\n<td class=\"column-8\">666&#39;<\/td>\n<\/tr>\n<tr class=\"row-4\">\n<td class=\"column-1\">Coupe de France<\/td>\n<td class=\"column-2\">2<\/td>\n<td class=\"column-3\">2<\/td>\n<td class=\"column-4\">&#8211;<\/td>\n<td class=\"column-5\">&#8211;<\/td>\n<td class=\"column-6\">&#8211;<\/td>\n<td class=\"column-7\">&#8211;<\/td>\n<td class=\"column-8\">159&#39;<\/td>\n<\/tr>\n<tr class=\"row-5\">\n<td class=\"column-1\">Total<\/td>\n<td class=\"column-2\">39<\/td>\n<td class=\"column-3\">35<\/td>\n<td class=\"column-4\">&#8211;<\/td>\n<td class=\"column-5\">1<\/td>\n<td class=\"column-6\">8<\/td>\n<td class=\"column-7\">2<\/td>\n<td class=\"column-8\">2 934&#39;<\/td>\n<\/tr>\n<\/tbody>\n<\/table>\n<p><!-- #tablepress-1283 from cache --><\/p>\n<p>A seulement 18 ans, Bouaddi a d\u00e9j\u00e0 jou\u00e9 93 fois pour les g\u00e9ants de la Ligue 1 et a fait tourner les t\u00eates des clubs de tout le continent. Le Fran\u00e7ais a fait preuve d&#39;une maturit\u00e9 au-del\u00e0 de son \u00e2ge, est techniquement solide et extr\u00eamement r\u00e9sistant \u00e0 la pression, des attributs qui font de lui un bel h\u00e9ritier de Casemiro. <\/p>\n<p>Bouaddi correspond \u00e9galement \u00e0 la r\u00e9cente strat\u00e9gie de transfert de United centr\u00e9e sur la jeunesse et pourrait r\u00e9gler le probl\u00e8me pendant plus d&#39;une d\u00e9cennie. Le journaliste Abdellah Boulma a fait le point sur la situation du joueur, ce qui sugg\u00e8re que les g\u00e9ants de la Premier League sont d\u00e9termin\u00e9s \u00e0 s&#39;attacher les services du Fran\u00e7ais. <\/p>\n<h3>United intensifie sa poursuite contre Bouaddi<\/h3>\n<p>Partageant la nouvelle sur les r\u00e9seaux sociaux, Boulma a d\u00e9clar\u00e9 que United \u00e9tait pr\u00eat \u00e0 faire appel au l\u00e9gendaire Sir Alex Ferguson pour l&#39;aider \u00e0 remporter la course pour Bouaddi. Il a \u00e9crit : \u00ab\u00a0Ayyoub Bouaddi suscite l&#39;int\u00e9r\u00eat dans toute l&#39;Europe. Arsenal, le Bayern Munich et Manchester United sont aux aguets.\u00a0\u00bb<\/p>\n<p>\u00ab\u00a0United a redoubl\u00e9 d&#39;efforts pour rencontrer son entourage, allant m\u00eame jusqu&#39;\u00e0 envisager de faire appel \u00e0 Sir Alex Ferguson pour le convaincre.\u00a0\u00bb<\/p>\n<p>Sir Alex est l&#39;un des managers les plus titr\u00e9s de l&#39;histoire du football et a remport\u00e9 50 troph\u00e9es au cours de sa carri\u00e8re de manager. Il a pass\u00e9 26 ans \u00e0 la t\u00eate d&#39;Old Trafford, remportant 38 troph\u00e9es, dont un record de 13 titres en Premier League et deux titres en Ligue des champions. <\/p>\n<h3>Pens\u00e9es finales<\/h3>\n<p>Bouaddi devrait s&#39;am\u00e9liorer encore \u00e0 mesure qu&#39;il acquiert de l&#39;exp\u00e9rience, et c&#39;est le genre de talent avec lequel Sir Alex aurait ador\u00e9 travailler. Le Fran\u00e7ais pourrait m\u00eame \u00eatre le partenaire id\u00e9al pour Mainoo, United doit donc tout mettre en \u0153uvre pour s&#39;attacher ses services. <\/p>\n<blockquote class=\"twitter-tweet\" data-width=\"550\" data-dnt=\"true\">\n<p lang=\"fr\" dir=\"ltr\">\ud83d\udccdAyyoub Bouaddi attise les convoitises en Europe. Arsenal, le Bayern Munich et Manchester United sont \u00e0 l&#39;aff\u00fbt. United a multipli\u00e9 les d\u00e9marches pour rencontrer son entourage, allant jusqu&#39;\u00e0 envisager l&#39;appui de Sir Alex Ferguson pour le convaincre. <a rel=\"nofollow\" href=\"https:\/\/twitter.com\/hashtag\/Mercato?src=hash&amp;ref_src=twsrc%5Etfw\">#Mercato<\/a> https:\/\/t.co\/7hTTk2ZI89<\/p>\n<p>\u2013Abdellah Boulma (@AbdellahBoulma) <a rel=\"nofollow\" href=\"https:\/\/twitter.com\/AbdellahBoulma\/status\/2049839017928126541?ref_src=twsrc%5Etfw\">30 avril 2026<\/a><\/p>\n<\/blockquote>\n<hr\/>\n<p>The Peoples Person est l&#39;un des principaux sites d&#39;information de Man United au monde depuis plus d&#39;une d\u00e9cennie. Suivez-nous sur Bluesky\u00a0: @peoplesperson.bsky.social<\/p>\n<p><!-- CONTENT END 2 --><\/p><\/div>\n<p><script async src=\"https:\/\/platform.twitter.com\/widgets.js\" charset=\"utf-8\"><\/script><\/p>\n","protected":false},"excerpt":{"rendered":"<p>1 L&#39;activit\u00e9 de transfert de Manchester United l&#39;\u00e9t\u00e9 dernier a \u00e9t\u00e9 largement salu\u00e9e, et INEOS esp\u00e8re r\u00e9p\u00e9ter l&#39;op\u00e9ration cette ann\u00e9e. Les Red Devils se sont<\/p>\n","protected":false},"author":1,"featured_media":36994,"comment_status":"closed","ping_status":"","sticky":false,"template":"","format":"standard","meta":{"footnotes":""},"categories":[3],"tags":[11906,11907,2918,4719,51,1417,1348,13],"yoast_head":"<!-- This site is optimized with the Yoast SEO plugin v21.0 - https:\/\/yoast.com\/wordpress\/plugins\/seo\/ -->\n<title>Ayyoub Bouaddi: United pr\u00e9voit de remporter la course pour l&#039;as fran\u00e7ais -<\/title>\n<meta name=\"robots\" content=\"index, follow, max-snippet:-1, max-image-preview:large, max-video-preview:-1\" \/>\n<link rel=\"canonical\" href=\"https:\/\/footdavant.fr\/actualites\/ayyoub-bouaddi-united-prevoit-de-remporter-la-course-pour-las-francais\/\" \/>\n<meta property=\"og:locale\" content=\"fr_FR\" \/>\n<meta property=\"og:type\" content=\"article\" \/>\n<meta property=\"og:title\" content=\"Ayyoub Bouaddi: United pr\u00e9voit de remporter la course pour l&#039;as fran\u00e7ais -\" \/>\n<meta property=\"og:description\" content=\"1 L&#039;activit\u00e9 de transfert de Manchester United l&#039;\u00e9t\u00e9 dernier a \u00e9t\u00e9 largement salu\u00e9e, et INEOS esp\u00e8re r\u00e9p\u00e9ter l&#039;op\u00e9ration cette ann\u00e9e. Les Red Devils se sont\" \/>\n<meta property=\"og:url\" content=\"https:\/\/footdavant.fr\/actualites\/ayyoub-bouaddi-united-prevoit-de-remporter-la-course-pour-las-francais\/\" \/>\n<meta property=\"og:site_name\" content=\"Foot d&#039;avant\" \/>\n<meta property=\"article:publisher\" content=\"https:\/\/www.facebook.com\/Footdavant\/\" \/>\n<meta property=\"article:published_time\" content=\"2026-04-30T18:48:05+00:00\" \/>\n<meta property=\"article:modified_time\" content=\"2026-04-30T18:48:07+00:00\" \/>\n<meta property=\"og:image\" content=\"https:\/\/footdavant.fr\/actualites\/wp-content\/uploads\/2026\/04\/Ayyoub-Bouaddi-United-prevoit-de-remporter-la-course-pour-l39as.jpg\" \/>\n\t<meta property=\"og:image:width\" content=\"1599\" \/>\n\t<meta property=\"og:image:height\" content=\"702\" \/>\n\t<meta property=\"og:image:type\" content=\"image\/jpeg\" \/>\n<meta name=\"author\" content=\"Cl\u00e9ment\" \/>\n<meta name=\"twitter:card\" content=\"summary_large_image\" \/>\n<meta name=\"twitter:creator\" content=\"@FootdavantFr\" \/>\n<meta name=\"twitter:site\" content=\"@FootdavantFr\" \/>\n<meta name=\"twitter:label1\" content=\"\u00c9crit par\" \/>\n\t<meta name=\"twitter:data1\" content=\"Cl\u00e9ment\" \/>\n\t<meta name=\"twitter:label2\" content=\"Dur\u00e9e de lecture estim\u00e9e\" \/>\n\t<meta name=\"twitter:data2\" content=\"4 minutes\" \/>\n<script type=\"application\/ld+json\" class=\"yoast-schema-graph\">{\"@context\":\"https:\/\/schema.org\",\"@graph\":[{\"@type\":\"Article\",\"@id\":\"https:\/\/footdavant.fr\/actualites\/ayyoub-bouaddi-united-prevoit-de-remporter-la-course-pour-las-francais\/#article\",\"isPartOf\":{\"@id\":\"https:\/\/footdavant.fr\/actualites\/ayyoub-bouaddi-united-prevoit-de-remporter-la-course-pour-las-francais\/\"},\"author\":{\"name\":\"Cl\u00e9ment\",\"@id\":\"https:\/\/footdavant.fr\/actualites\/#\/schema\/person\/bc222566d95871b37e597b3ed3ba5e1d\"},\"headline\":\"Ayyoub Bouaddi: United pr\u00e9voit de remporter la course pour l&#39;as fran\u00e7ais &#8211;\",\"datePublished\":\"2026-04-30T18:48:05+00:00\",\"dateModified\":\"2026-04-30T18:48:07+00:00\",\"mainEntityOfPage\":{\"@id\":\"https:\/\/footdavant.fr\/actualites\/ayyoub-bouaddi-united-prevoit-de-remporter-la-course-pour-las-francais\/\"},\"wordCount\":779,\"publisher\":{\"@id\":\"https:\/\/footdavant.fr\/actualites\/#organization\"},\"keywords\":[\"Ayyoub\",\"Bouaddi\",\"fran\u00e7ais\",\"L39as\",\"pour\",\"pr\u00e9voit\",\"remporter\",\"United\"],\"articleSection\":[\"Football\"],\"inLanguage\":\"fr-FR\"},{\"@type\":\"WebPage\",\"@id\":\"https:\/\/footdavant.fr\/actualites\/ayyoub-bouaddi-united-prevoit-de-remporter-la-course-pour-las-francais\/\",\"url\":\"https:\/\/footdavant.fr\/actualites\/ayyoub-bouaddi-united-prevoit-de-remporter-la-course-pour-las-francais\/\",\"name\":\"Ayyoub Bouaddi: United pr\u00e9voit de remporter la course pour l&#39;as fran\u00e7ais -\",\"isPartOf\":{\"@id\":\"https:\/\/footdavant.fr\/actualites\/#website\"},\"datePublished\":\"2026-04-30T18:48:05+00:00\",\"dateModified\":\"2026-04-30T18:48:07+00:00\",\"breadcrumb\":{\"@id\":\"https:\/\/footdavant.fr\/actualites\/ayyoub-bouaddi-united-prevoit-de-remporter-la-course-pour-las-francais\/#breadcrumb\"},\"inLanguage\":\"fr-FR\",\"potentialAction\":[{\"@type\":\"ReadAction\",\"target\":[\"https:\/\/footdavant.fr\/actualites\/ayyoub-bouaddi-united-prevoit-de-remporter-la-course-pour-las-francais\/\"]}]},{\"@type\":\"BreadcrumbList\",\"@id\":\"https:\/\/footdavant.fr\/actualites\/ayyoub-bouaddi-united-prevoit-de-remporter-la-course-pour-las-francais\/#breadcrumb\",\"itemListElement\":[{\"@type\":\"ListItem\",\"position\":1,\"name\":\"Accueil\",\"item\":\"https:\/\/footdavant.fr\/actualites\/\"},{\"@type\":\"ListItem\",\"position\":2,\"name\":\"Ayyoub Bouaddi: United pr\u00e9voit de remporter la course pour l&#39;as fran\u00e7ais &#8211;\"}]},{\"@type\":\"WebSite\",\"@id\":\"https:\/\/footdavant.fr\/actualites\/#website\",\"url\":\"https:\/\/footdavant.fr\/actualites\/\",\"name\":\"Foot d'avant\",\"description\":\"\",\"publisher\":{\"@id\":\"https:\/\/footdavant.fr\/actualites\/#organization\"},\"potentialAction\":[{\"@type\":\"SearchAction\",\"target\":{\"@type\":\"EntryPoint\",\"urlTemplate\":\"https:\/\/footdavant.fr\/actualites\/?s={search_term_string}\"},\"query-input\":\"required name=search_term_string\"}],\"inLanguage\":\"fr-FR\"},{\"@type\":\"Organization\",\"@id\":\"https:\/\/footdavant.fr\/actualites\/#organization\",\"name\":\"Foot d'avant\",\"url\":\"https:\/\/footdavant.fr\/actualites\/\",\"logo\":{\"@type\":\"ImageObject\",\"inLanguage\":\"fr-FR\",\"@id\":\"https:\/\/footdavant.fr\/actualites\/#\/schema\/logo\/image\/\",\"url\":\"https:\/\/footdavant.fr\/actualites\/wp-content\/uploads\/2023\/09\/Copy-of-FootDavant-Logo.png\",\"contentUrl\":\"https:\/\/footdavant.fr\/actualites\/wp-content\/uploads\/2023\/09\/Copy-of-FootDavant-Logo.png\",\"width\":936,\"height\":549,\"caption\":\"Foot d'avant\"},\"image\":{\"@id\":\"https:\/\/footdavant.fr\/actualites\/#\/schema\/logo\/image\/\"},\"sameAs\":[\"https:\/\/www.facebook.com\/Footdavant\/\",\"https:\/\/twitter.com\/FootdavantFr\",\"https:\/\/www.instagram.com\/footdavant.fr\/\"]},{\"@type\":\"Person\",\"@id\":\"https:\/\/footdavant.fr\/actualites\/#\/schema\/person\/bc222566d95871b37e597b3ed3ba5e1d\",\"name\":\"Cl\u00e9ment\",\"image\":{\"@type\":\"ImageObject\",\"inLanguage\":\"fr-FR\",\"@id\":\"https:\/\/footdavant.fr\/actualites\/#\/schema\/person\/image\/\",\"url\":\"https:\/\/secure.gravatar.com\/avatar\/7728b29aac2719421e1a9159b2254c44?s=96&d=mm&r=g\",\"contentUrl\":\"https:\/\/secure.gravatar.com\/avatar\/7728b29aac2719421e1a9159b2254c44?s=96&d=mm&r=g\",\"caption\":\"Cl\u00e9ment\"},\"sameAs\":[\"https:\/\/footdavant.fr\/\"]}]}<\/script>\n<!-- \/ Yoast SEO plugin. -->","yoast_head_json":{"title":"Ayyoub Bouaddi: United pr\u00e9voit de remporter la course pour l&#39;as fran\u00e7ais -","robots":{"index":"index","follow":"follow","max-snippet":"max-snippet:-1","max-image-preview":"max-image-preview:large","max-video-preview":"max-video-preview:-1"},"canonical":"https:\/\/footdavant.fr\/actualites\/ayyoub-bouaddi-united-prevoit-de-remporter-la-course-pour-las-francais\/","og_locale":"fr_FR","og_type":"article","og_title":"Ayyoub Bouaddi: United pr\u00e9voit de remporter la course pour l&#39;as fran\u00e7ais -","og_description":"1 L&#39;activit\u00e9 de transfert de Manchester United l&#39;\u00e9t\u00e9 dernier a \u00e9t\u00e9 largement salu\u00e9e, et INEOS esp\u00e8re r\u00e9p\u00e9ter l&#39;op\u00e9ration cette ann\u00e9e. Les Red Devils se sont","og_url":"https:\/\/footdavant.fr\/actualites\/ayyoub-bouaddi-united-prevoit-de-remporter-la-course-pour-las-francais\/","og_site_name":"Foot d&#039;avant","article_publisher":"https:\/\/www.facebook.com\/Footdavant\/","article_published_time":"2026-04-30T18:48:05+00:00","article_modified_time":"2026-04-30T18:48:07+00:00","og_image":[{"width":1599,"height":702,"url":"https:\/\/footdavant.fr\/actualites\/wp-content\/uploads\/2026\/04\/Ayyoub-Bouaddi-United-prevoit-de-remporter-la-course-pour-l39as.jpg","type":"image\/jpeg"}],"author":"Cl\u00e9ment","twitter_card":"summary_large_image","twitter_creator":"@FootdavantFr","twitter_site":"@FootdavantFr","twitter_misc":{"\u00c9crit par":"Cl\u00e9ment","Dur\u00e9e de lecture estim\u00e9e":"4 minutes"},"schema":{"@context":"https:\/\/schema.org","@graph":[{"@type":"Article","@id":"https:\/\/footdavant.fr\/actualites\/ayyoub-bouaddi-united-prevoit-de-remporter-la-course-pour-las-francais\/#article","isPartOf":{"@id":"https:\/\/footdavant.fr\/actualites\/ayyoub-bouaddi-united-prevoit-de-remporter-la-course-pour-las-francais\/"},"author":{"name":"Cl\u00e9ment","@id":"https:\/\/footdavant.fr\/actualites\/#\/schema\/person\/bc222566d95871b37e597b3ed3ba5e1d"},"headline":"Ayyoub Bouaddi: United pr\u00e9voit de remporter la course pour l&#39;as fran\u00e7ais &#8211;","datePublished":"2026-04-30T18:48:05+00:00","dateModified":"2026-04-30T18:48:07+00:00","mainEntityOfPage":{"@id":"https:\/\/footdavant.fr\/actualites\/ayyoub-bouaddi-united-prevoit-de-remporter-la-course-pour-las-francais\/"},"wordCount":779,"publisher":{"@id":"https:\/\/footdavant.fr\/actualites\/#organization"},"keywords":["Ayyoub","Bouaddi","fran\u00e7ais","L39as","pour","pr\u00e9voit","remporter","United"],"articleSection":["Football"],"inLanguage":"fr-FR"},{"@type":"WebPage","@id":"https:\/\/footdavant.fr\/actualites\/ayyoub-bouaddi-united-prevoit-de-remporter-la-course-pour-las-francais\/","url":"https:\/\/footdavant.fr\/actualites\/ayyoub-bouaddi-united-prevoit-de-remporter-la-course-pour-las-francais\/","name":"Ayyoub Bouaddi: United pr\u00e9voit de remporter la course pour l&#39;as fran\u00e7ais -","isPartOf":{"@id":"https:\/\/footdavant.fr\/actualites\/#website"},"datePublished":"2026-04-30T18:48:05+00:00","dateModified":"2026-04-30T18:48:07+00:00","breadcrumb":{"@id":"https:\/\/footdavant.fr\/actualites\/ayyoub-bouaddi-united-prevoit-de-remporter-la-course-pour-las-francais\/#breadcrumb"},"inLanguage":"fr-FR","potentialAction":[{"@type":"ReadAction","target":["https:\/\/footdavant.fr\/actualites\/ayyoub-bouaddi-united-prevoit-de-remporter-la-course-pour-las-francais\/"]}]},{"@type":"BreadcrumbList","@id":"https:\/\/footdavant.fr\/actualites\/ayyoub-bouaddi-united-prevoit-de-remporter-la-course-pour-las-francais\/#breadcrumb","itemListElement":[{"@type":"ListItem","position":1,"name":"Accueil","item":"https:\/\/footdavant.fr\/actualites\/"},{"@type":"ListItem","position":2,"name":"Ayyoub Bouaddi: United pr\u00e9voit de remporter la course pour l&#39;as fran\u00e7ais &#8211;"}]},{"@type":"WebSite","@id":"https:\/\/footdavant.fr\/actualites\/#website","url":"https:\/\/footdavant.fr\/actualites\/","name":"Foot d'avant","description":"","publisher":{"@id":"https:\/\/footdavant.fr\/actualites\/#organization"},"potentialAction":[{"@type":"SearchAction","target":{"@type":"EntryPoint","urlTemplate":"https:\/\/footdavant.fr\/actualites\/?s={search_term_string}"},"query-input":"required name=search_term_string"}],"inLanguage":"fr-FR"},{"@type":"Organization","@id":"https:\/\/footdavant.fr\/actualites\/#organization","name":"Foot d'avant","url":"https:\/\/footdavant.fr\/actualites\/","logo":{"@type":"ImageObject","inLanguage":"fr-FR","@id":"https:\/\/footdavant.fr\/actualites\/#\/schema\/logo\/image\/","url":"https:\/\/footdavant.fr\/actualites\/wp-content\/uploads\/2023\/09\/Copy-of-FootDavant-Logo.png","contentUrl":"https:\/\/footdavant.fr\/actualites\/wp-content\/uploads\/2023\/09\/Copy-of-FootDavant-Logo.png","width":936,"height":549,"caption":"Foot d'avant"},"image":{"@id":"https:\/\/footdavant.fr\/actualites\/#\/schema\/logo\/image\/"},"sameAs":["https:\/\/www.facebook.com\/Footdavant\/","https:\/\/twitter.com\/FootdavantFr","https:\/\/www.instagram.com\/footdavant.fr\/"]},{"@type":"Person","@id":"https:\/\/footdavant.fr\/actualites\/#\/schema\/person\/bc222566d95871b37e597b3ed3ba5e1d","name":"Cl\u00e9ment","image":{"@type":"ImageObject","inLanguage":"fr-FR","@id":"https:\/\/footdavant.fr\/actualites\/#\/schema\/person\/image\/","url":"https:\/\/secure.gravatar.com\/avatar\/7728b29aac2719421e1a9159b2254c44?s=96&d=mm&r=g","contentUrl":"https:\/\/secure.gravatar.com\/avatar\/7728b29aac2719421e1a9159b2254c44?s=96&d=mm&r=g","caption":"Cl\u00e9ment"},"sameAs":["https:\/\/footdavant.fr\/"]}]}},"_links":{"self":[{"href":"https:\/\/footdavant.fr\/actualites\/wp-json\/wp\/v2\/posts\/36993"}],"collection":[{"href":"https:\/\/footdavant.fr\/actualites\/wp-json\/wp\/v2\/posts"}],"about":[{"href":"https:\/\/footdavant.fr\/actualites\/wp-json\/wp\/v2\/types\/post"}],"author":[{"embeddable":true,"href":"https:\/\/footdavant.fr\/actualites\/wp-json\/wp\/v2\/users\/1"}],"replies":[{"embeddable":true,"href":"https:\/\/footdavant.fr\/actualites\/wp-json\/wp\/v2\/comments?post=36993"}],"version-history":[{"count":1,"href":"https:\/\/footdavant.fr\/actualites\/wp-json\/wp\/v2\/posts\/36993\/revisions"}],"predecessor-version":[{"id":36995,"href":"https:\/\/footdavant.fr\/actualites\/wp-json\/wp\/v2\/posts\/36993\/revisions\/36995"}],"wp:featuredmedia":[{"embeddable":true,"href":"https:\/\/footdavant.fr\/actualites\/wp-json\/wp\/v2\/media\/36994"}],"wp:attachment":[{"href":"https:\/\/footdavant.fr\/actualites\/wp-json\/wp\/v2\/media?parent=36993"}],"wp:term":[{"taxonomy":"category","embeddable":true,"href":"https:\/\/footdavant.fr\/actualites\/wp-json\/wp\/v2\/categories?post=36993"},{"taxonomy":"post_tag","embeddable":true,"href":"https:\/\/footdavant.fr\/actualites\/wp-json\/wp\/v2\/tags?post=36993"}],"curies":[{"name":"wp","href":"https:\/\/api.w.org\/{rel}","templated":true}]}}