{"id":36996,"date":"2026-04-30T22:48:58","date_gmt":"2026-04-30T20:48:58","guid":{"rendered":"https:\/\/footdavant.fr\/actualites\/nottingham-forest-contre-aston-villa-unai-emery-dit-que-les-joueurs-ne-peuvent-pas-etre-egoistes-lors-de-la-premier-league-et-de-la-ligue-europa\/"},"modified":"2026-04-30T22:48:59","modified_gmt":"2026-04-30T20:48:59","slug":"nottingham-forest-contre-aston-villa-unai-emery-dit-que-les-joueurs-ne-peuvent-pas-etre-egoistes-lors-de-la-premier-league-et-de-la-ligue-europa","status":"publish","type":"post","link":"https:\/\/footdavant.fr\/actualites\/nottingham-forest-contre-aston-villa-unai-emery-dit-que-les-joueurs-ne-peuvent-pas-etre-egoistes-lors-de-la-premier-league-et-de-la-ligue-europa\/","title":{"rendered":"Nottingham Forest contre Aston Villa : Unai Emery dit que les joueurs \u00ab ne peuvent pas \u00eatre \u00e9go\u00efstes \u00bb lors de la Premier League et de la Ligue Europa"},"content":{"rendered":"<div itemprop=\"articleBody\">\n<p>Unai Emery a d\u00e9clar\u00e9 que ses joueurs d&#39;Aston Villa \u00ab\u00a0ne peuvent pas \u00eatre \u00e9go\u00efstes\u00a0\u00bb au cours du mois prochain alors qu&#39;ils tenteront de se qualifier pour la Ligue des champions.<\/p>\n<p>Apr\u00e8s avoir manqu\u00e9 de jouer au sommet du football europ\u00e9en en 2025-2026, Villa tente de revenir pour la saison prochaine.<\/p>\n<p>En plus d&#39;occuper la cinqui\u00e8me position du classement de la Premier League, Villa se pr\u00e9pare actuellement pour le match aller de sa demi-finale de la Ligue Europa contre Nottingham Forest.<\/p>\n<p>Avec une confrontation contre Tottenham Hotspur dimanche entre les deux matchs continentaux, Emery devra envisager une rotation importante de l&#39;\u00e9quipe.<\/p>\n<p>S&#39;exprimant lors d&#39;une conf\u00e9rence de presse mercredi, l&#39;Espagnol a soulign\u00e9 que chaque membre de l&#39;\u00e9quipe devait \u00eatre pr\u00eat \u00e0 accepter ses d\u00e9cisions.<\/p>\n<div>\n<div>\n<p>\u00a9 Imago \/ Antonio Balasco<\/p>\n<\/div>\n<\/div>\n<h2>Emery appelle \u00e0 l&#39;unit\u00e9 de Villa avant le double match de Forest et Spurs<\/h2>\n<p>Malgr\u00e9 cette demande, il n&#39;est pas clair si Emery indiquait que l&#39;un de ses joueurs avait exprim\u00e9 sa frustration en coulisses.<\/p>\n<p>Il a d\u00e9clar\u00e9 aux journalistes : \u00ab\u00a0Nous sommes en demi-finale de la Ligue Europa et pr\u00e8s de la fin de la saison de Premier League, avec notre objectif si proche et tr\u00e8s important : atteindre la qualification europ\u00e9enne et la Ligue des champions la saison prochaine.<\/p>\n<p>\u00ab\u00a0Chaque joueur doit \u00eatre concentr\u00e9, jouer avec enthousiasme et \u00eatre pr\u00eat \u00e0 jouer 90 minutes, 30 minutes ou m\u00eame quelques minutes seulement. C&#39;est le moment de contribuer.<\/p>\n<p>\u00ab\u00a0Ce n&#39;est pas le moment pour les joueurs individuels d&#39;\u00eatre \u00e9go\u00efstes. C&#39;est le moment pour l&#39;\u00e9quipe d&#39;\u00eatre ensemble. Tout le monde est impliqu\u00e9 dans un moment cl\u00e9 de cette saison et dans l&#39;objectif important auquel nous sommes confront\u00e9s.\u00a0\u00bb<\/p>\n<div>\n<div><img decoding=\"async\" data-img-id=\"155195\" class=\"lazy\" loading=\"lazy\" src=\"https:\/\/footdavant.fr\/actualites\/wp-content\/uploads\/2026\/04\/Nouvelles-du-transfert-d39Aston-Villa-le-defenseur-recherche-interessant-Unai.webp\"\/><\/p>\n<p>\u00a9 Imago \/ Sportimage<\/p>\n<\/div>\n<\/div>\n<h2>Villa va \u00ab\u00a0utiliser l&#39;exp\u00e9rience\u00a0\u00bb des d\u00e9ceptions en demi-finale<\/h2>\n<p>Emery participe \u00e0 sa troisi\u00e8me demi-finale avec Villa, les deux pr\u00e9c\u00e9dentes se terminant par une d\u00e9faite contre l&#39;Olympiacos en Conference League et Crystal Palace en FA Cup.<\/p>\n<p>N\u00e9anmoins, Emery esp\u00e8re que ses joueurs pourront tirer des le\u00e7ons de ces exp\u00e9riences : \u00ab\u00a0Diff\u00e9rentes comp\u00e9titions, diff\u00e9rentes circonstances. La demi-finale contre l&#39;Olympiacos il y a deux ans, nous avons perdu, mais nous \u00e9tions \u00e9galement en Premier League en train de nous battre pour terminer quatri\u00e8me.<\/p>\n<p>\u00ab\u00a0Nous avons termin\u00e9 cette saison fatigu\u00e9s et avec quelques blessures. Nous avons perdu, nous l&#39;avons accept\u00e9 et c&#39;est un processus que nous avons v\u00e9cu \u00e0 ce moment-l\u00e0.<\/p>\n<p>\u00ab\u00a0L&#39;ann\u00e9e derni\u00e8re, nous avons jou\u00e9 la demi-finale de la FA Cup et sommes all\u00e9s \u00e0 Wembley. C&#39;\u00e9tait ma premi\u00e8re exp\u00e9rience d&#39;une demi-finale \u00e0 Wembley en FA Cup. Nous avons perdu contre Crystal Palace &#8211; une autre exp\u00e9rience. Mais c&#39;\u00e9taient deux situations diff\u00e9rentes : contre l&#39;Olympiacos, c&#39;\u00e9tait sur deux matches, et contre Crystal Palace en FA Cup, c&#39;\u00e9tait 90 minutes.<\/p>\n<p>\u00ab\u00a0Nous allons utiliser ces exp\u00e9riences pour faire mieux cette fois-ci.\u00a0\u00bb<\/p>\n<p>Emery et Villa auront \u00e9galement deux records europ\u00e9ens en ligne de mire lorsqu&#39;ils affronteront Forest ce soir et lors du match inverse dans les West Midlands.<\/p>\n<\/div>\n","protected":false},"excerpt":{"rendered":"<p>Unai Emery a d\u00e9clar\u00e9 que ses joueurs d&#39;Aston Villa \u00ab\u00a0ne peuvent pas \u00eatre \u00e9go\u00efstes\u00a0\u00bb au cours du mois prochain alors qu&#39;ils tenteront de se qualifier<\/p>\n","protected":false},"author":1,"featured_media":36655,"comment_status":"closed","ping_status":"","sticky":false,"template":"","format":"standard","meta":{"footnotes":""},"categories":[5],"tags":[369,20,125,11908,641,270,761,358,220,202,93,30,64,357,71,459,201,640,370],"yoast_head":"<!-- This site is optimized with the Yoast SEO plugin v21.0 - https:\/\/yoast.com\/wordpress\/plugins\/seo\/ -->\n<title>Nottingham Forest contre Aston Villa : Unai Emery dit que les joueurs \u00ab ne peuvent pas \u00eatre \u00e9go\u00efstes \u00bb lors de la Premier League et de la Ligue Europa<\/title>\n<meta name=\"robots\" content=\"index, follow, max-snippet:-1, max-image-preview:large, max-video-preview:-1\" \/>\n<link rel=\"canonical\" href=\"https:\/\/footdavant.fr\/actualites\/nottingham-forest-contre-aston-villa-unai-emery-dit-que-les-joueurs-ne-peuvent-pas-etre-egoistes-lors-de-la-premier-league-et-de-la-ligue-europa\/\" \/>\n<meta property=\"og:locale\" content=\"fr_FR\" \/>\n<meta property=\"og:type\" content=\"article\" \/>\n<meta property=\"og:title\" content=\"Nottingham Forest contre Aston Villa : Unai Emery dit que les joueurs \u00ab ne peuvent pas \u00eatre \u00e9go\u00efstes \u00bb lors de la Premier League et de la Ligue Europa\" \/>\n<meta property=\"og:description\" content=\"Unai Emery a d\u00e9clar\u00e9 que ses joueurs d&#039;Aston Villa \u00ab\u00a0ne peuvent pas \u00eatre \u00e9go\u00efstes\u00a0\u00bb au cours du mois prochain alors qu&#039;ils tenteront de se qualifier\" \/>\n<meta property=\"og:url\" content=\"https:\/\/footdavant.fr\/actualites\/nottingham-forest-contre-aston-villa-unai-emery-dit-que-les-joueurs-ne-peuvent-pas-etre-egoistes-lors-de-la-premier-league-et-de-la-ligue-europa\/\" \/>\n<meta property=\"og:site_name\" content=\"Foot d&#039;avant\" \/>\n<meta property=\"article:publisher\" content=\"https:\/\/www.facebook.com\/Footdavant\/\" \/>\n<meta property=\"article:published_time\" content=\"2026-04-30T20:48:58+00:00\" \/>\n<meta property=\"article:modified_time\" content=\"2026-04-30T20:48:59+00:00\" \/>\n<meta property=\"og:image\" content=\"https:\/\/footdavant.fr\/actualites\/wp-content\/uploads\/2026\/04\/Aston-Villa-contre-Sunderland-comment-regarder-date-heure-diffusion.net2Fuploads2F20262F022Funai-emery-69877.webp\" \/>\n\t<meta property=\"og:image:width\" content=\"720\" \/>\n\t<meta property=\"og:image:height\" content=\"410\" \/>\n\t<meta property=\"og:image:type\" content=\"image\/webp\" \/>\n<meta name=\"author\" content=\"Cl\u00e9ment\" \/>\n<meta name=\"twitter:card\" content=\"summary_large_image\" \/>\n<meta name=\"twitter:creator\" content=\"@FootdavantFr\" \/>\n<meta name=\"twitter:site\" content=\"@FootdavantFr\" \/>\n<meta name=\"twitter:label1\" content=\"\u00c9crit par\" \/>\n\t<meta name=\"twitter:data1\" content=\"Cl\u00e9ment\" \/>\n\t<meta name=\"twitter:label2\" content=\"Dur\u00e9e de lecture estim\u00e9e\" \/>\n\t<meta name=\"twitter:data2\" content=\"3 minutes\" \/>\n<script type=\"application\/ld+json\" class=\"yoast-schema-graph\">{\"@context\":\"https:\/\/schema.org\",\"@graph\":[{\"@type\":\"Article\",\"@id\":\"https:\/\/footdavant.fr\/actualites\/nottingham-forest-contre-aston-villa-unai-emery-dit-que-les-joueurs-ne-peuvent-pas-etre-egoistes-lors-de-la-premier-league-et-de-la-ligue-europa\/#article\",\"isPartOf\":{\"@id\":\"https:\/\/footdavant.fr\/actualites\/nottingham-forest-contre-aston-villa-unai-emery-dit-que-les-joueurs-ne-peuvent-pas-etre-egoistes-lors-de-la-premier-league-et-de-la-ligue-europa\/\"},\"author\":{\"name\":\"Cl\u00e9ment\",\"@id\":\"https:\/\/footdavant.fr\/actualites\/#\/schema\/person\/bc222566d95871b37e597b3ed3ba5e1d\"},\"headline\":\"Nottingham Forest contre Aston Villa : Unai Emery dit que les joueurs \u00ab ne peuvent pas \u00eatre \u00e9go\u00efstes \u00bb lors de la Premier League et de la Ligue Europa\",\"datePublished\":\"2026-04-30T20:48:58+00:00\",\"dateModified\":\"2026-04-30T20:48:59+00:00\",\"mainEntityOfPage\":{\"@id\":\"https:\/\/footdavant.fr\/actualites\/nottingham-forest-contre-aston-villa-unai-emery-dit-que-les-joueurs-ne-peuvent-pas-etre-egoistes-lors-de-la-premier-league-et-de-la-ligue-europa\/\"},\"wordCount\":561,\"publisher\":{\"@id\":\"https:\/\/footdavant.fr\/actualites\/#organization\"},\"keywords\":[\"Aston\",\"contre\",\"dit\",\"\u00e9go\u00efstes\",\"Emery\",\"\u00eatre\",\"Europa\",\"Forest\",\"joueurs\",\"League\",\"les\",\"Ligue\",\"lors\",\"Nottingham\",\"pas\",\"peuvent\",\"Premier\",\"Unai\",\"Villa\"],\"articleSection\":[\"Premier League\"],\"inLanguage\":\"fr-FR\"},{\"@type\":\"WebPage\",\"@id\":\"https:\/\/footdavant.fr\/actualites\/nottingham-forest-contre-aston-villa-unai-emery-dit-que-les-joueurs-ne-peuvent-pas-etre-egoistes-lors-de-la-premier-league-et-de-la-ligue-europa\/\",\"url\":\"https:\/\/footdavant.fr\/actualites\/nottingham-forest-contre-aston-villa-unai-emery-dit-que-les-joueurs-ne-peuvent-pas-etre-egoistes-lors-de-la-premier-league-et-de-la-ligue-europa\/\",\"name\":\"Nottingham Forest contre Aston Villa : Unai Emery dit que les joueurs \u00ab ne peuvent pas \u00eatre \u00e9go\u00efstes \u00bb lors de la Premier League et de la Ligue Europa\",\"isPartOf\":{\"@id\":\"https:\/\/footdavant.fr\/actualites\/#website\"},\"datePublished\":\"2026-04-30T20:48:58+00:00\",\"dateModified\":\"2026-04-30T20:48:59+00:00\",\"breadcrumb\":{\"@id\":\"https:\/\/footdavant.fr\/actualites\/nottingham-forest-contre-aston-villa-unai-emery-dit-que-les-joueurs-ne-peuvent-pas-etre-egoistes-lors-de-la-premier-league-et-de-la-ligue-europa\/#breadcrumb\"},\"inLanguage\":\"fr-FR\",\"potentialAction\":[{\"@type\":\"ReadAction\",\"target\":[\"https:\/\/footdavant.fr\/actualites\/nottingham-forest-contre-aston-villa-unai-emery-dit-que-les-joueurs-ne-peuvent-pas-etre-egoistes-lors-de-la-premier-league-et-de-la-ligue-europa\/\"]}]},{\"@type\":\"BreadcrumbList\",\"@id\":\"https:\/\/footdavant.fr\/actualites\/nottingham-forest-contre-aston-villa-unai-emery-dit-que-les-joueurs-ne-peuvent-pas-etre-egoistes-lors-de-la-premier-league-et-de-la-ligue-europa\/#breadcrumb\",\"itemListElement\":[{\"@type\":\"ListItem\",\"position\":1,\"name\":\"Accueil\",\"item\":\"https:\/\/footdavant.fr\/actualites\/\"},{\"@type\":\"ListItem\",\"position\":2,\"name\":\"Nottingham Forest contre Aston Villa : Unai Emery dit que les joueurs \u00ab ne peuvent pas \u00eatre \u00e9go\u00efstes \u00bb lors de la Premier League et de la Ligue Europa\"}]},{\"@type\":\"WebSite\",\"@id\":\"https:\/\/footdavant.fr\/actualites\/#website\",\"url\":\"https:\/\/footdavant.fr\/actualites\/\",\"name\":\"Foot d'avant\",\"description\":\"\",\"publisher\":{\"@id\":\"https:\/\/footdavant.fr\/actualites\/#organization\"},\"potentialAction\":[{\"@type\":\"SearchAction\",\"target\":{\"@type\":\"EntryPoint\",\"urlTemplate\":\"https:\/\/footdavant.fr\/actualites\/?s={search_term_string}\"},\"query-input\":\"required name=search_term_string\"}],\"inLanguage\":\"fr-FR\"},{\"@type\":\"Organization\",\"@id\":\"https:\/\/footdavant.fr\/actualites\/#organization\",\"name\":\"Foot d'avant\",\"url\":\"https:\/\/footdavant.fr\/actualites\/\",\"logo\":{\"@type\":\"ImageObject\",\"inLanguage\":\"fr-FR\",\"@id\":\"https:\/\/footdavant.fr\/actualites\/#\/schema\/logo\/image\/\",\"url\":\"https:\/\/footdavant.fr\/actualites\/wp-content\/uploads\/2023\/09\/Copy-of-FootDavant-Logo.png\",\"contentUrl\":\"https:\/\/footdavant.fr\/actualites\/wp-content\/uploads\/2023\/09\/Copy-of-FootDavant-Logo.png\",\"width\":936,\"height\":549,\"caption\":\"Foot d'avant\"},\"image\":{\"@id\":\"https:\/\/footdavant.fr\/actualites\/#\/schema\/logo\/image\/\"},\"sameAs\":[\"https:\/\/www.facebook.com\/Footdavant\/\",\"https:\/\/twitter.com\/FootdavantFr\",\"https:\/\/www.instagram.com\/footdavant.fr\/\"]},{\"@type\":\"Person\",\"@id\":\"https:\/\/footdavant.fr\/actualites\/#\/schema\/person\/bc222566d95871b37e597b3ed3ba5e1d\",\"name\":\"Cl\u00e9ment\",\"image\":{\"@type\":\"ImageObject\",\"inLanguage\":\"fr-FR\",\"@id\":\"https:\/\/footdavant.fr\/actualites\/#\/schema\/person\/image\/\",\"url\":\"https:\/\/secure.gravatar.com\/avatar\/7728b29aac2719421e1a9159b2254c44?s=96&d=mm&r=g\",\"contentUrl\":\"https:\/\/secure.gravatar.com\/avatar\/7728b29aac2719421e1a9159b2254c44?s=96&d=mm&r=g\",\"caption\":\"Cl\u00e9ment\"},\"sameAs\":[\"https:\/\/footdavant.fr\/\"]}]}<\/script>\n<!-- \/ Yoast SEO plugin. -->","yoast_head_json":{"title":"Nottingham Forest contre Aston Villa : Unai Emery dit que les joueurs \u00ab ne peuvent pas \u00eatre \u00e9go\u00efstes \u00bb lors de la Premier League et de la Ligue Europa","robots":{"index":"index","follow":"follow","max-snippet":"max-snippet:-1","max-image-preview":"max-image-preview:large","max-video-preview":"max-video-preview:-1"},"canonical":"https:\/\/footdavant.fr\/actualites\/nottingham-forest-contre-aston-villa-unai-emery-dit-que-les-joueurs-ne-peuvent-pas-etre-egoistes-lors-de-la-premier-league-et-de-la-ligue-europa\/","og_locale":"fr_FR","og_type":"article","og_title":"Nottingham Forest contre Aston Villa : Unai Emery dit que les joueurs \u00ab ne peuvent pas \u00eatre \u00e9go\u00efstes \u00bb lors de la Premier League et de la Ligue Europa","og_description":"Unai Emery a d\u00e9clar\u00e9 que ses joueurs d&#39;Aston Villa \u00ab\u00a0ne peuvent pas \u00eatre \u00e9go\u00efstes\u00a0\u00bb au cours du mois prochain alors qu&#39;ils tenteront de se qualifier","og_url":"https:\/\/footdavant.fr\/actualites\/nottingham-forest-contre-aston-villa-unai-emery-dit-que-les-joueurs-ne-peuvent-pas-etre-egoistes-lors-de-la-premier-league-et-de-la-ligue-europa\/","og_site_name":"Foot d&#039;avant","article_publisher":"https:\/\/www.facebook.com\/Footdavant\/","article_published_time":"2026-04-30T20:48:58+00:00","article_modified_time":"2026-04-30T20:48:59+00:00","og_image":[{"width":720,"height":410,"url":"https:\/\/footdavant.fr\/actualites\/wp-content\/uploads\/2026\/04\/Aston-Villa-contre-Sunderland-comment-regarder-date-heure-diffusion.net2Fuploads2F20262F022Funai-emery-69877.webp","type":"image\/webp"}],"author":"Cl\u00e9ment","twitter_card":"summary_large_image","twitter_creator":"@FootdavantFr","twitter_site":"@FootdavantFr","twitter_misc":{"\u00c9crit par":"Cl\u00e9ment","Dur\u00e9e de lecture estim\u00e9e":"3 minutes"},"schema":{"@context":"https:\/\/schema.org","@graph":[{"@type":"Article","@id":"https:\/\/footdavant.fr\/actualites\/nottingham-forest-contre-aston-villa-unai-emery-dit-que-les-joueurs-ne-peuvent-pas-etre-egoistes-lors-de-la-premier-league-et-de-la-ligue-europa\/#article","isPartOf":{"@id":"https:\/\/footdavant.fr\/actualites\/nottingham-forest-contre-aston-villa-unai-emery-dit-que-les-joueurs-ne-peuvent-pas-etre-egoistes-lors-de-la-premier-league-et-de-la-ligue-europa\/"},"author":{"name":"Cl\u00e9ment","@id":"https:\/\/footdavant.fr\/actualites\/#\/schema\/person\/bc222566d95871b37e597b3ed3ba5e1d"},"headline":"Nottingham Forest contre Aston Villa : Unai Emery dit que les joueurs \u00ab ne peuvent pas \u00eatre \u00e9go\u00efstes \u00bb lors de la Premier League et de la Ligue Europa","datePublished":"2026-04-30T20:48:58+00:00","dateModified":"2026-04-30T20:48:59+00:00","mainEntityOfPage":{"@id":"https:\/\/footdavant.fr\/actualites\/nottingham-forest-contre-aston-villa-unai-emery-dit-que-les-joueurs-ne-peuvent-pas-etre-egoistes-lors-de-la-premier-league-et-de-la-ligue-europa\/"},"wordCount":561,"publisher":{"@id":"https:\/\/footdavant.fr\/actualites\/#organization"},"keywords":["Aston","contre","dit","\u00e9go\u00efstes","Emery","\u00eatre","Europa","Forest","joueurs","League","les","Ligue","lors","Nottingham","pas","peuvent","Premier","Unai","Villa"],"articleSection":["Premier League"],"inLanguage":"fr-FR"},{"@type":"WebPage","@id":"https:\/\/footdavant.fr\/actualites\/nottingham-forest-contre-aston-villa-unai-emery-dit-que-les-joueurs-ne-peuvent-pas-etre-egoistes-lors-de-la-premier-league-et-de-la-ligue-europa\/","url":"https:\/\/footdavant.fr\/actualites\/nottingham-forest-contre-aston-villa-unai-emery-dit-que-les-joueurs-ne-peuvent-pas-etre-egoistes-lors-de-la-premier-league-et-de-la-ligue-europa\/","name":"Nottingham Forest contre Aston Villa : Unai Emery dit que les joueurs \u00ab ne peuvent pas \u00eatre \u00e9go\u00efstes \u00bb lors de la Premier League et de la Ligue Europa","isPartOf":{"@id":"https:\/\/footdavant.fr\/actualites\/#website"},"datePublished":"2026-04-30T20:48:58+00:00","dateModified":"2026-04-30T20:48:59+00:00","breadcrumb":{"@id":"https:\/\/footdavant.fr\/actualites\/nottingham-forest-contre-aston-villa-unai-emery-dit-que-les-joueurs-ne-peuvent-pas-etre-egoistes-lors-de-la-premier-league-et-de-la-ligue-europa\/#breadcrumb"},"inLanguage":"fr-FR","potentialAction":[{"@type":"ReadAction","target":["https:\/\/footdavant.fr\/actualites\/nottingham-forest-contre-aston-villa-unai-emery-dit-que-les-joueurs-ne-peuvent-pas-etre-egoistes-lors-de-la-premier-league-et-de-la-ligue-europa\/"]}]},{"@type":"BreadcrumbList","@id":"https:\/\/footdavant.fr\/actualites\/nottingham-forest-contre-aston-villa-unai-emery-dit-que-les-joueurs-ne-peuvent-pas-etre-egoistes-lors-de-la-premier-league-et-de-la-ligue-europa\/#breadcrumb","itemListElement":[{"@type":"ListItem","position":1,"name":"Accueil","item":"https:\/\/footdavant.fr\/actualites\/"},{"@type":"ListItem","position":2,"name":"Nottingham Forest contre Aston Villa : Unai Emery dit que les joueurs \u00ab ne peuvent pas \u00eatre \u00e9go\u00efstes \u00bb lors de la Premier League et de la Ligue Europa"}]},{"@type":"WebSite","@id":"https:\/\/footdavant.fr\/actualites\/#website","url":"https:\/\/footdavant.fr\/actualites\/","name":"Foot d'avant","description":"","publisher":{"@id":"https:\/\/footdavant.fr\/actualites\/#organization"},"potentialAction":[{"@type":"SearchAction","target":{"@type":"EntryPoint","urlTemplate":"https:\/\/footdavant.fr\/actualites\/?s={search_term_string}"},"query-input":"required name=search_term_string"}],"inLanguage":"fr-FR"},{"@type":"Organization","@id":"https:\/\/footdavant.fr\/actualites\/#organization","name":"Foot d'avant","url":"https:\/\/footdavant.fr\/actualites\/","logo":{"@type":"ImageObject","inLanguage":"fr-FR","@id":"https:\/\/footdavant.fr\/actualites\/#\/schema\/logo\/image\/","url":"https:\/\/footdavant.fr\/actualites\/wp-content\/uploads\/2023\/09\/Copy-of-FootDavant-Logo.png","contentUrl":"https:\/\/footdavant.fr\/actualites\/wp-content\/uploads\/2023\/09\/Copy-of-FootDavant-Logo.png","width":936,"height":549,"caption":"Foot d'avant"},"image":{"@id":"https:\/\/footdavant.fr\/actualites\/#\/schema\/logo\/image\/"},"sameAs":["https:\/\/www.facebook.com\/Footdavant\/","https:\/\/twitter.com\/FootdavantFr","https:\/\/www.instagram.com\/footdavant.fr\/"]},{"@type":"Person","@id":"https:\/\/footdavant.fr\/actualites\/#\/schema\/person\/bc222566d95871b37e597b3ed3ba5e1d","name":"Cl\u00e9ment","image":{"@type":"ImageObject","inLanguage":"fr-FR","@id":"https:\/\/footdavant.fr\/actualites\/#\/schema\/person\/image\/","url":"https:\/\/secure.gravatar.com\/avatar\/7728b29aac2719421e1a9159b2254c44?s=96&d=mm&r=g","contentUrl":"https:\/\/secure.gravatar.com\/avatar\/7728b29aac2719421e1a9159b2254c44?s=96&d=mm&r=g","caption":"Cl\u00e9ment"},"sameAs":["https:\/\/footdavant.fr\/"]}]}},"_links":{"self":[{"href":"https:\/\/footdavant.fr\/actualites\/wp-json\/wp\/v2\/posts\/36996"}],"collection":[{"href":"https:\/\/footdavant.fr\/actualites\/wp-json\/wp\/v2\/posts"}],"about":[{"href":"https:\/\/footdavant.fr\/actualites\/wp-json\/wp\/v2\/types\/post"}],"author":[{"embeddable":true,"href":"https:\/\/footdavant.fr\/actualites\/wp-json\/wp\/v2\/users\/1"}],"replies":[{"embeddable":true,"href":"https:\/\/footdavant.fr\/actualites\/wp-json\/wp\/v2\/comments?post=36996"}],"version-history":[{"count":1,"href":"https:\/\/footdavant.fr\/actualites\/wp-json\/wp\/v2\/posts\/36996\/revisions"}],"predecessor-version":[{"id":36997,"href":"https:\/\/footdavant.fr\/actualites\/wp-json\/wp\/v2\/posts\/36996\/revisions\/36997"}],"wp:featuredmedia":[{"embeddable":true,"href":"https:\/\/footdavant.fr\/actualites\/wp-json\/wp\/v2\/media\/36655"}],"wp:attachment":[{"href":"https:\/\/footdavant.fr\/actualites\/wp-json\/wp\/v2\/media?parent=36996"}],"wp:term":[{"taxonomy":"category","embeddable":true,"href":"https:\/\/footdavant.fr\/actualites\/wp-json\/wp\/v2\/categories?post=36996"},{"taxonomy":"post_tag","embeddable":true,"href":"https:\/\/footdavant.fr\/actualites\/wp-json\/wp\/v2\/tags?post=36996"}],"curies":[{"name":"wp","href":"https:\/\/api.w.org\/{rel}","templated":true}]}}