{"id":37001,"date":"2026-05-01T02:48:52","date_gmt":"2026-05-01T00:48:52","guid":{"rendered":"https:\/\/footdavant.fr\/actualites\/nouvelles-du-transfert-des-wolves-le-defenseur-legendaire-lie-aux-spurs-parmi-les-options-envisagees-par-rob-edwards\/"},"modified":"2026-05-01T02:48:54","modified_gmt":"2026-05-01T00:48:54","slug":"nouvelles-du-transfert-des-wolves-le-defenseur-legendaire-lie-aux-spurs-parmi-les-options-envisagees-par-rob-edwards","status":"publish","type":"post","link":"https:\/\/footdavant.fr\/actualites\/nouvelles-du-transfert-des-wolves-le-defenseur-legendaire-lie-aux-spurs-parmi-les-options-envisagees-par-rob-edwards\/","title":{"rendered":"Nouvelles du transfert des Wolves\u00a0: le d\u00e9fenseur l\u00e9gendaire li\u00e9 aux Spurs \u00ab\u00a0parmi les options\u00a0\u00bb envisag\u00e9es par Rob Edwards"},"content":{"rendered":"<div itemprop=\"articleBody\">\n<p>Wolverhampton Wanderers envisagerait de rivaliser avec Tottenham Hotspur dans la course pour signer James Tavernier.<\/p>\n<p>Apr\u00e8s un passage l\u00e9gendaire de 11 ans chez les Rangers, Tavernier a confirm\u00e9 qu&#39;il quitterait Ibrox \u00e0 la fin de la saison.<\/p>\n<p>Avec un total \u00e9tonnant de 144 buts et 148 passes d\u00e9cisives en 563 apparitions toutes comp\u00e9titions confondues, le d\u00e9fenseur droit restera comme l&#39;un des grands de tous les temps des Rangers.<\/p>\n<p>Mais aujourd&#39;hui \u00e2g\u00e9 de 34 ans, Tavernier doit d\u00e9cider de la suite de sa carri\u00e8re, conscient qu&#39;il ne manquera pas d&#39;options.<\/p>\n<p>Un rapport r\u00e9cent a indiqu\u00e9 que les Spurs souhaitaient acqu\u00e9rir la signature du v\u00e9t\u00e9ran, mais \u00e0 une condition.<\/p>\n<p>N\u00e9anmoins, selon Express &#038; Star, les Wolves sont \u00e9galement des admirateurs de l&#39;ancien joueur de Bristol City.<\/p>\n<div>\n<div>\n<p>\u00a9 Iconsport \/ PA Images<\/p>\n<\/div>\n<\/div>\n<h2>Les Wolves feront-ils pression pour Tavernier ?<\/h2>\n<p>Le rapport all\u00e8gue que Tavernier est consid\u00e9r\u00e9 comme \u00ab l&#39;une des nombreuses options \u00bb envisag\u00e9es par les Wolves avant leur retour au championnat.<\/p>\n<p>Rob Edwards est impatient d&#39;apporter beaucoup d&#39;exp\u00e9rience britannique \u00e0 une \u00e9quipe qui a manqu\u00e9 de ce sens en Premier League.<\/p>\n<p>Bien qu\u2019il soit plausible que Tavernier envisage un transfert vers un club de Premier League, les Wolves font partie des clubs qui peuvent \u00eatre consid\u00e9r\u00e9s comme la deuxi\u00e8me meilleure option.<\/p>\n<div>\n<div><img decoding=\"async\" data-img-id=\"159468\" class=\"lazy\" loading=\"lazy\" src=\"https:\/\/footdavant.fr\/actualites\/wp-content\/uploads\/2026\/05\/1777596532_389_Nouvelles-du-transfert-des-Wolves-le-defenseur-legendaire-lie-aux.webp\"\/><\/p>\n<p>\u00a9 Iconsport<\/p>\n<\/div>\n<\/div>\n<h2>Les loups devraient-ils donner la priorit\u00e9 \u00e0 l\u2019approche Tavernier ?<\/h2>\n<p>Bien que Tavernier f\u00eate ses 35 ans en octobre, on ne peut ignorer que les Wolves ont besoin de quelqu&#39;un de son profil.<\/p>\n<p>En plus d&#39;avoir remport\u00e9 cinq titres lors de son passage chez les Rangers, Tavernier a \u00e9t\u00e9 capitaine des Giants de Glasgow.<\/p>\n<p>Alors que de nombreux dirigeants du vestiaire des Wolves sont susceptibles de partir, Edwards aura d\u00e9sesp\u00e9r\u00e9ment besoin de les remplacer au cours des prochains mois.<\/p>\n<p>\u00c0 l\u2019heure actuelle, Jackson Tchatchoua, Matt Doherty, Rodrigo Gomes et Pedro Lima sont les options des Wolves \u00e0 l\u2019arri\u00e8re droit.<\/p>\n<p>N\u00e9anmoins, il existe de solides arguments selon lesquels Tavernier commencerait devant n\u2019importe lequel de ces joueurs.<\/p>\n<\/div>\n","protected":false},"excerpt":{"rendered":"<p>Wolverhampton Wanderers envisagerait de rivaliser avec Tottenham Hotspur dans la course pour signer James Tavernier. Apr\u00e8s un passage l\u00e9gendaire de 11 ans chez les Rangers,<\/p>\n","protected":false},"author":1,"featured_media":36688,"comment_status":"closed","ping_status":"","sticky":false,"template":"","format":"standard","meta":{"footnotes":""},"categories":[5],"tags":[305,928,12,3971,6934,7783,93,301,461,4653,75,1048,6140,1575,700,1454],"yoast_head":"<!-- This site is optimized with the Yoast SEO plugin v21.0 - https:\/\/yoast.com\/wordpress\/plugins\/seo\/ -->\n<title>Nouvelles du transfert des Wolves\u00a0: le d\u00e9fenseur l\u00e9gendaire li\u00e9 aux Spurs &quot;parmi les options&quot; envisag\u00e9es par Rob Edwards<\/title>\n<meta name=\"robots\" content=\"index, follow, max-snippet:-1, max-image-preview:large, max-video-preview:-1\" \/>\n<link rel=\"canonical\" href=\"https:\/\/footdavant.fr\/actualites\/nouvelles-du-transfert-des-wolves-le-defenseur-legendaire-lie-aux-spurs-parmi-les-options-envisagees-par-rob-edwards\/\" \/>\n<meta property=\"og:locale\" content=\"fr_FR\" \/>\n<meta property=\"og:type\" content=\"article\" \/>\n<meta property=\"og:title\" content=\"Nouvelles du transfert des Wolves\u00a0: le d\u00e9fenseur l\u00e9gendaire li\u00e9 aux Spurs &quot;parmi les options&quot; envisag\u00e9es par Rob Edwards\" \/>\n<meta property=\"og:description\" content=\"Wolverhampton Wanderers envisagerait de rivaliser avec Tottenham Hotspur dans la course pour signer James Tavernier. Apr\u00e8s un passage l\u00e9gendaire de 11 ans chez les Rangers,\" \/>\n<meta property=\"og:url\" content=\"https:\/\/footdavant.fr\/actualites\/nouvelles-du-transfert-des-wolves-le-defenseur-legendaire-lie-aux-spurs-parmi-les-options-envisagees-par-rob-edwards\/\" \/>\n<meta property=\"og:site_name\" content=\"Foot d&#039;avant\" \/>\n<meta property=\"article:publisher\" content=\"https:\/\/www.facebook.com\/Footdavant\/\" \/>\n<meta property=\"article:published_time\" content=\"2026-05-01T00:48:52+00:00\" \/>\n<meta property=\"article:modified_time\" content=\"2026-05-01T00:48:54+00:00\" \/>\n<meta property=\"og:image\" content=\"https:\/\/footdavant.fr\/actualites\/wp-content\/uploads\/2026\/04\/Nouvelles-de-lequipe-Leeds-United-contre-Wolves-Rob-Edwards-lance.net2Fuploads2F20252F122Fimago1070121329.webp\" \/>\n\t<meta property=\"og:image:width\" content=\"720\" \/>\n\t<meta property=\"og:image:height\" content=\"410\" \/>\n\t<meta property=\"og:image:type\" content=\"image\/webp\" \/>\n<meta name=\"author\" content=\"Cl\u00e9ment\" \/>\n<meta name=\"twitter:card\" content=\"summary_large_image\" \/>\n<meta name=\"twitter:creator\" content=\"@FootdavantFr\" \/>\n<meta name=\"twitter:site\" content=\"@FootdavantFr\" \/>\n<meta name=\"twitter:label1\" content=\"\u00c9crit par\" \/>\n\t<meta name=\"twitter:data1\" content=\"Cl\u00e9ment\" \/>\n\t<meta name=\"twitter:label2\" content=\"Dur\u00e9e de lecture estim\u00e9e\" \/>\n\t<meta name=\"twitter:data2\" content=\"2 minutes\" \/>\n<script type=\"application\/ld+json\" class=\"yoast-schema-graph\">{\"@context\":\"https:\/\/schema.org\",\"@graph\":[{\"@type\":\"Article\",\"@id\":\"https:\/\/footdavant.fr\/actualites\/nouvelles-du-transfert-des-wolves-le-defenseur-legendaire-lie-aux-spurs-parmi-les-options-envisagees-par-rob-edwards\/#article\",\"isPartOf\":{\"@id\":\"https:\/\/footdavant.fr\/actualites\/nouvelles-du-transfert-des-wolves-le-defenseur-legendaire-lie-aux-spurs-parmi-les-options-envisagees-par-rob-edwards\/\"},\"author\":{\"name\":\"Cl\u00e9ment\",\"@id\":\"https:\/\/footdavant.fr\/actualites\/#\/schema\/person\/bc222566d95871b37e597b3ed3ba5e1d\"},\"headline\":\"Nouvelles du transfert des Wolves\u00a0: le d\u00e9fenseur l\u00e9gendaire li\u00e9 aux Spurs \u00ab\u00a0parmi les options\u00a0\u00bb envisag\u00e9es par Rob Edwards\",\"datePublished\":\"2026-05-01T00:48:52+00:00\",\"dateModified\":\"2026-05-01T00:48:54+00:00\",\"mainEntityOfPage\":{\"@id\":\"https:\/\/footdavant.fr\/actualites\/nouvelles-du-transfert-des-wolves-le-defenseur-legendaire-lie-aux-spurs-parmi-les-options-envisagees-par-rob-edwards\/\"},\"wordCount\":368,\"publisher\":{\"@id\":\"https:\/\/footdavant.fr\/actualites\/#organization\"},\"keywords\":[\"aux\",\"d\u00e9fenseur\",\"des\",\"Edwards\",\"envisag\u00e9es\",\"l\u00e9gendaire\",\"les\",\"li\u00e9\",\"Nouvelles\",\"options\",\"par\",\"parmi\",\"Rob\",\"Spurs\",\"transfert\",\"Wolves\"],\"articleSection\":[\"Premier League\"],\"inLanguage\":\"fr-FR\"},{\"@type\":\"WebPage\",\"@id\":\"https:\/\/footdavant.fr\/actualites\/nouvelles-du-transfert-des-wolves-le-defenseur-legendaire-lie-aux-spurs-parmi-les-options-envisagees-par-rob-edwards\/\",\"url\":\"https:\/\/footdavant.fr\/actualites\/nouvelles-du-transfert-des-wolves-le-defenseur-legendaire-lie-aux-spurs-parmi-les-options-envisagees-par-rob-edwards\/\",\"name\":\"Nouvelles du transfert des Wolves\u00a0: le d\u00e9fenseur l\u00e9gendaire li\u00e9 aux Spurs \\\"parmi les options\\\" envisag\u00e9es par Rob Edwards\",\"isPartOf\":{\"@id\":\"https:\/\/footdavant.fr\/actualites\/#website\"},\"datePublished\":\"2026-05-01T00:48:52+00:00\",\"dateModified\":\"2026-05-01T00:48:54+00:00\",\"breadcrumb\":{\"@id\":\"https:\/\/footdavant.fr\/actualites\/nouvelles-du-transfert-des-wolves-le-defenseur-legendaire-lie-aux-spurs-parmi-les-options-envisagees-par-rob-edwards\/#breadcrumb\"},\"inLanguage\":\"fr-FR\",\"potentialAction\":[{\"@type\":\"ReadAction\",\"target\":[\"https:\/\/footdavant.fr\/actualites\/nouvelles-du-transfert-des-wolves-le-defenseur-legendaire-lie-aux-spurs-parmi-les-options-envisagees-par-rob-edwards\/\"]}]},{\"@type\":\"BreadcrumbList\",\"@id\":\"https:\/\/footdavant.fr\/actualites\/nouvelles-du-transfert-des-wolves-le-defenseur-legendaire-lie-aux-spurs-parmi-les-options-envisagees-par-rob-edwards\/#breadcrumb\",\"itemListElement\":[{\"@type\":\"ListItem\",\"position\":1,\"name\":\"Accueil\",\"item\":\"https:\/\/footdavant.fr\/actualites\/\"},{\"@type\":\"ListItem\",\"position\":2,\"name\":\"Nouvelles du transfert des Wolves\u00a0: le d\u00e9fenseur l\u00e9gendaire li\u00e9 aux Spurs \u00ab\u00a0parmi les options\u00a0\u00bb envisag\u00e9es par Rob Edwards\"}]},{\"@type\":\"WebSite\",\"@id\":\"https:\/\/footdavant.fr\/actualites\/#website\",\"url\":\"https:\/\/footdavant.fr\/actualites\/\",\"name\":\"Foot d'avant\",\"description\":\"\",\"publisher\":{\"@id\":\"https:\/\/footdavant.fr\/actualites\/#organization\"},\"potentialAction\":[{\"@type\":\"SearchAction\",\"target\":{\"@type\":\"EntryPoint\",\"urlTemplate\":\"https:\/\/footdavant.fr\/actualites\/?s={search_term_string}\"},\"query-input\":\"required name=search_term_string\"}],\"inLanguage\":\"fr-FR\"},{\"@type\":\"Organization\",\"@id\":\"https:\/\/footdavant.fr\/actualites\/#organization\",\"name\":\"Foot d'avant\",\"url\":\"https:\/\/footdavant.fr\/actualites\/\",\"logo\":{\"@type\":\"ImageObject\",\"inLanguage\":\"fr-FR\",\"@id\":\"https:\/\/footdavant.fr\/actualites\/#\/schema\/logo\/image\/\",\"url\":\"https:\/\/footdavant.fr\/actualites\/wp-content\/uploads\/2023\/09\/Copy-of-FootDavant-Logo.png\",\"contentUrl\":\"https:\/\/footdavant.fr\/actualites\/wp-content\/uploads\/2023\/09\/Copy-of-FootDavant-Logo.png\",\"width\":936,\"height\":549,\"caption\":\"Foot d'avant\"},\"image\":{\"@id\":\"https:\/\/footdavant.fr\/actualites\/#\/schema\/logo\/image\/\"},\"sameAs\":[\"https:\/\/www.facebook.com\/Footdavant\/\",\"https:\/\/twitter.com\/FootdavantFr\",\"https:\/\/www.instagram.com\/footdavant.fr\/\"]},{\"@type\":\"Person\",\"@id\":\"https:\/\/footdavant.fr\/actualites\/#\/schema\/person\/bc222566d95871b37e597b3ed3ba5e1d\",\"name\":\"Cl\u00e9ment\",\"image\":{\"@type\":\"ImageObject\",\"inLanguage\":\"fr-FR\",\"@id\":\"https:\/\/footdavant.fr\/actualites\/#\/schema\/person\/image\/\",\"url\":\"https:\/\/secure.gravatar.com\/avatar\/7728b29aac2719421e1a9159b2254c44?s=96&d=mm&r=g\",\"contentUrl\":\"https:\/\/secure.gravatar.com\/avatar\/7728b29aac2719421e1a9159b2254c44?s=96&d=mm&r=g\",\"caption\":\"Cl\u00e9ment\"},\"sameAs\":[\"https:\/\/footdavant.fr\/\"]}]}<\/script>\n<!-- \/ Yoast SEO plugin. -->","yoast_head_json":{"title":"Nouvelles du transfert des Wolves\u00a0: le d\u00e9fenseur l\u00e9gendaire li\u00e9 aux Spurs \"parmi les options\" envisag\u00e9es par Rob Edwards","robots":{"index":"index","follow":"follow","max-snippet":"max-snippet:-1","max-image-preview":"max-image-preview:large","max-video-preview":"max-video-preview:-1"},"canonical":"https:\/\/footdavant.fr\/actualites\/nouvelles-du-transfert-des-wolves-le-defenseur-legendaire-lie-aux-spurs-parmi-les-options-envisagees-par-rob-edwards\/","og_locale":"fr_FR","og_type":"article","og_title":"Nouvelles du transfert des Wolves\u00a0: le d\u00e9fenseur l\u00e9gendaire li\u00e9 aux Spurs \"parmi les options\" envisag\u00e9es par Rob Edwards","og_description":"Wolverhampton Wanderers envisagerait de rivaliser avec Tottenham Hotspur dans la course pour signer James Tavernier. Apr\u00e8s un passage l\u00e9gendaire de 11 ans chez les Rangers,","og_url":"https:\/\/footdavant.fr\/actualites\/nouvelles-du-transfert-des-wolves-le-defenseur-legendaire-lie-aux-spurs-parmi-les-options-envisagees-par-rob-edwards\/","og_site_name":"Foot d&#039;avant","article_publisher":"https:\/\/www.facebook.com\/Footdavant\/","article_published_time":"2026-05-01T00:48:52+00:00","article_modified_time":"2026-05-01T00:48:54+00:00","og_image":[{"width":720,"height":410,"url":"https:\/\/footdavant.fr\/actualites\/wp-content\/uploads\/2026\/04\/Nouvelles-de-lequipe-Leeds-United-contre-Wolves-Rob-Edwards-lance.net2Fuploads2F20252F122Fimago1070121329.webp","type":"image\/webp"}],"author":"Cl\u00e9ment","twitter_card":"summary_large_image","twitter_creator":"@FootdavantFr","twitter_site":"@FootdavantFr","twitter_misc":{"\u00c9crit par":"Cl\u00e9ment","Dur\u00e9e de lecture estim\u00e9e":"2 minutes"},"schema":{"@context":"https:\/\/schema.org","@graph":[{"@type":"Article","@id":"https:\/\/footdavant.fr\/actualites\/nouvelles-du-transfert-des-wolves-le-defenseur-legendaire-lie-aux-spurs-parmi-les-options-envisagees-par-rob-edwards\/#article","isPartOf":{"@id":"https:\/\/footdavant.fr\/actualites\/nouvelles-du-transfert-des-wolves-le-defenseur-legendaire-lie-aux-spurs-parmi-les-options-envisagees-par-rob-edwards\/"},"author":{"name":"Cl\u00e9ment","@id":"https:\/\/footdavant.fr\/actualites\/#\/schema\/person\/bc222566d95871b37e597b3ed3ba5e1d"},"headline":"Nouvelles du transfert des Wolves\u00a0: le d\u00e9fenseur l\u00e9gendaire li\u00e9 aux Spurs \u00ab\u00a0parmi les options\u00a0\u00bb envisag\u00e9es par Rob Edwards","datePublished":"2026-05-01T00:48:52+00:00","dateModified":"2026-05-01T00:48:54+00:00","mainEntityOfPage":{"@id":"https:\/\/footdavant.fr\/actualites\/nouvelles-du-transfert-des-wolves-le-defenseur-legendaire-lie-aux-spurs-parmi-les-options-envisagees-par-rob-edwards\/"},"wordCount":368,"publisher":{"@id":"https:\/\/footdavant.fr\/actualites\/#organization"},"keywords":["aux","d\u00e9fenseur","des","Edwards","envisag\u00e9es","l\u00e9gendaire","les","li\u00e9","Nouvelles","options","par","parmi","Rob","Spurs","transfert","Wolves"],"articleSection":["Premier League"],"inLanguage":"fr-FR"},{"@type":"WebPage","@id":"https:\/\/footdavant.fr\/actualites\/nouvelles-du-transfert-des-wolves-le-defenseur-legendaire-lie-aux-spurs-parmi-les-options-envisagees-par-rob-edwards\/","url":"https:\/\/footdavant.fr\/actualites\/nouvelles-du-transfert-des-wolves-le-defenseur-legendaire-lie-aux-spurs-parmi-les-options-envisagees-par-rob-edwards\/","name":"Nouvelles du transfert des Wolves\u00a0: le d\u00e9fenseur l\u00e9gendaire li\u00e9 aux Spurs \"parmi les options\" envisag\u00e9es par Rob Edwards","isPartOf":{"@id":"https:\/\/footdavant.fr\/actualites\/#website"},"datePublished":"2026-05-01T00:48:52+00:00","dateModified":"2026-05-01T00:48:54+00:00","breadcrumb":{"@id":"https:\/\/footdavant.fr\/actualites\/nouvelles-du-transfert-des-wolves-le-defenseur-legendaire-lie-aux-spurs-parmi-les-options-envisagees-par-rob-edwards\/#breadcrumb"},"inLanguage":"fr-FR","potentialAction":[{"@type":"ReadAction","target":["https:\/\/footdavant.fr\/actualites\/nouvelles-du-transfert-des-wolves-le-defenseur-legendaire-lie-aux-spurs-parmi-les-options-envisagees-par-rob-edwards\/"]}]},{"@type":"BreadcrumbList","@id":"https:\/\/footdavant.fr\/actualites\/nouvelles-du-transfert-des-wolves-le-defenseur-legendaire-lie-aux-spurs-parmi-les-options-envisagees-par-rob-edwards\/#breadcrumb","itemListElement":[{"@type":"ListItem","position":1,"name":"Accueil","item":"https:\/\/footdavant.fr\/actualites\/"},{"@type":"ListItem","position":2,"name":"Nouvelles du transfert des Wolves\u00a0: le d\u00e9fenseur l\u00e9gendaire li\u00e9 aux Spurs \u00ab\u00a0parmi les options\u00a0\u00bb envisag\u00e9es par Rob Edwards"}]},{"@type":"WebSite","@id":"https:\/\/footdavant.fr\/actualites\/#website","url":"https:\/\/footdavant.fr\/actualites\/","name":"Foot d'avant","description":"","publisher":{"@id":"https:\/\/footdavant.fr\/actualites\/#organization"},"potentialAction":[{"@type":"SearchAction","target":{"@type":"EntryPoint","urlTemplate":"https:\/\/footdavant.fr\/actualites\/?s={search_term_string}"},"query-input":"required name=search_term_string"}],"inLanguage":"fr-FR"},{"@type":"Organization","@id":"https:\/\/footdavant.fr\/actualites\/#organization","name":"Foot d'avant","url":"https:\/\/footdavant.fr\/actualites\/","logo":{"@type":"ImageObject","inLanguage":"fr-FR","@id":"https:\/\/footdavant.fr\/actualites\/#\/schema\/logo\/image\/","url":"https:\/\/footdavant.fr\/actualites\/wp-content\/uploads\/2023\/09\/Copy-of-FootDavant-Logo.png","contentUrl":"https:\/\/footdavant.fr\/actualites\/wp-content\/uploads\/2023\/09\/Copy-of-FootDavant-Logo.png","width":936,"height":549,"caption":"Foot d'avant"},"image":{"@id":"https:\/\/footdavant.fr\/actualites\/#\/schema\/logo\/image\/"},"sameAs":["https:\/\/www.facebook.com\/Footdavant\/","https:\/\/twitter.com\/FootdavantFr","https:\/\/www.instagram.com\/footdavant.fr\/"]},{"@type":"Person","@id":"https:\/\/footdavant.fr\/actualites\/#\/schema\/person\/bc222566d95871b37e597b3ed3ba5e1d","name":"Cl\u00e9ment","image":{"@type":"ImageObject","inLanguage":"fr-FR","@id":"https:\/\/footdavant.fr\/actualites\/#\/schema\/person\/image\/","url":"https:\/\/secure.gravatar.com\/avatar\/7728b29aac2719421e1a9159b2254c44?s=96&d=mm&r=g","contentUrl":"https:\/\/secure.gravatar.com\/avatar\/7728b29aac2719421e1a9159b2254c44?s=96&d=mm&r=g","caption":"Cl\u00e9ment"},"sameAs":["https:\/\/footdavant.fr\/"]}]}},"_links":{"self":[{"href":"https:\/\/footdavant.fr\/actualites\/wp-json\/wp\/v2\/posts\/37001"}],"collection":[{"href":"https:\/\/footdavant.fr\/actualites\/wp-json\/wp\/v2\/posts"}],"about":[{"href":"https:\/\/footdavant.fr\/actualites\/wp-json\/wp\/v2\/types\/post"}],"author":[{"embeddable":true,"href":"https:\/\/footdavant.fr\/actualites\/wp-json\/wp\/v2\/users\/1"}],"replies":[{"embeddable":true,"href":"https:\/\/footdavant.fr\/actualites\/wp-json\/wp\/v2\/comments?post=37001"}],"version-history":[{"count":1,"href":"https:\/\/footdavant.fr\/actualites\/wp-json\/wp\/v2\/posts\/37001\/revisions"}],"predecessor-version":[{"id":37002,"href":"https:\/\/footdavant.fr\/actualites\/wp-json\/wp\/v2\/posts\/37001\/revisions\/37002"}],"wp:featuredmedia":[{"embeddable":true,"href":"https:\/\/footdavant.fr\/actualites\/wp-json\/wp\/v2\/media\/36688"}],"wp:attachment":[{"href":"https:\/\/footdavant.fr\/actualites\/wp-json\/wp\/v2\/media?parent=37001"}],"wp:term":[{"taxonomy":"category","embeddable":true,"href":"https:\/\/footdavant.fr\/actualites\/wp-json\/wp\/v2\/categories?post=37001"},{"taxonomy":"post_tag","embeddable":true,"href":"https:\/\/footdavant.fr\/actualites\/wp-json\/wp\/v2\/tags?post=37001"}],"curies":[{"name":"wp","href":"https:\/\/api.w.org\/{rel}","templated":true}]}}