{"id":37003,"date":"2026-05-01T04:48:03","date_gmt":"2026-05-01T02:48:03","guid":{"rendered":"https:\/\/footdavant.fr\/actualites\/les-hommes-en-noir-un-blog-darsenal\/"},"modified":"2026-05-01T04:48:05","modified_gmt":"2026-05-01T02:48:05","slug":"les-hommes-en-noir-un-blog-darsenal","status":"publish","type":"post","link":"https:\/\/footdavant.fr\/actualites\/les-hommes-en-noir-un-blog-darsenal\/","title":{"rendered":"Les hommes en noir |  &#8230;un blog d&#39;Arsenal"},"content":{"rendered":"<div>\n<p>C&#39;est ma citation pr\u00e9f\u00e9r\u00e9e de tous les temps. Cela vient de John Lydon, chanteur des Sex Pistols. Il est tir\u00e9 de l&#39;\u00e9tonnant documentaire de Julien Temple de 2002, \u00ab The Filth and the Fury \u00bb, sur la mont\u00e9e des Sex Pistols \u00e0 la fin des ann\u00e9es 1970, dans une Angleterre en proie \u00e0 la r\u00e9cession. Le documentaire marque probablement le dernier moment de lucidit\u00e9 avant que Lydon ne s\u2019effondre dans l\u2019auto-parodie.<\/p>\n<p>Le football est ma principale passion dans la vie, mais la musique vient juste derri\u00e8re. Je ne suis pas un sportif, tout compte fait. Je ne regarde ni n\u2019appr\u00e9cie particuli\u00e8rement aucun autre sport que le football. J\u2019ai toujours appr\u00e9ci\u00e9 le football plus comme forme d\u2019expression que comme activit\u00e9 sportive. Arsenal fait partie de ma famille depuis plus d&#39;un si\u00e8cle, le club fait partie int\u00e9grante de mon identit\u00e9.<\/p>\n<p>Il n&#39;y a vraiment pas beaucoup (aucune ?) de personnes en dehors de ma famille imm\u00e9diate qui me parlent de quoi que ce soit d&#39;autre &#8211; m\u00eame dans ma famille imm\u00e9diate, la conversation n&#39;est jamais loin. Ma femme est fan d\u2019Arsenal, tout comme la majorit\u00e9 de ma famille. La question d\u2019Arsenal et de l\u2019identit\u00e9 me tient donc beaucoup \u00e0 c\u0153ur.<\/p>\n<p>En musique, je suis extr\u00eamement attir\u00e9 par les groupes qui \u00ab bouleversent l&#39;ordre \u00e9tabli \u00bb. Les Stone Roses me fascinent particuli\u00e8rement en raison de leur proximit\u00e9 avec le situationnisme. Leur nom, Stone Roses, tourne autour de l&#39;id\u00e9e que quelque chose de beau \u00e9merge de quelque chose de banal, le fait que l&#39;art \u00e9merge du labeur. Leur premier EP s&#39;appelait \u00ab Garage Flower \u00bb selon le m\u00eame principe.<\/p>\n<p>Ils ont \u00e9crit une chanson pop magnifiquement m\u00e9lodique intitul\u00e9e \u00ab\u00a0Bye Bye Badman\u00a0\u00bb qui ressemble \u00e0 une chanson pop m\u00e9lancolique d&#39;\u00e9t\u00e9 d&#39;amour, mais qui parle ostensiblement de jeter des pierres sur des policiers. Les situationnistes avaient pour habitude de graffitis des messages contestataires dans les rues de Paris dans les ann\u00e9es 1960. L&#39;un de leurs plus c\u00e9l\u00e8bres, \u00ab Sous les pav\u00e9s, la plage \u00bb, \u00e9tait centr\u00e9 sur l&#39;id\u00e9e qu&#39;un monde meilleur n&#39;\u00e9tait possible que gr\u00e2ce \u00e0 des actes de violence r\u00e9volutionnaire.<\/p>\n<p>Dans leur (in)c\u00e9l\u00e8bre lamentation \u00ab God Save The Queen \u00bb de 1976, les Sex Pistols ont \u00e9crit les paroles \u00ab Nous sommes les fleurs dans la poubelle \u00bb. J&#39;ai utilis\u00e9 ces paroles pour le titre d&#39;un morceau que j&#39;ai \u00e9crit plus t\u00f4t cette saison. Il repose essentiellement sur la m\u00eame philosophie situationniste. Ce genre d\u2019imagerie m\u2019a toujours attir\u00e9 en musique.<\/p>\n<p>Alors, qu\u2019est-ce que \u00e7a a \u00e0 voir avec Arsenal ? Eh bien, mercredi soir, j&#39;\u00e9tais nich\u00e9 dans l&#39;\u00e9tage sup\u00e9rieur du Wanda Metropolitano. L&#39;action dans les deux abris \u00e9tait tout aussi captivante que le match sur le terrain. Diego &#39;Cholo&#39; Simeone, habill\u00e9 comme il l&#39;est presque toujours en noir et Mikel Arteta habill\u00e9 comme il l&#39;est toujours, en polaire noire et pantalon gris.<\/p>\n<p>J&#39;ai regard\u00e9 Simeone suivre la ligne de touche, regardant quelque part entre quelqu&#39;un qui avait \u00e9t\u00e9 poss\u00e9d\u00e9 par une sorte de d\u00e9mon latent, un peu comme Jimi Hendrix \u00e0 genoux mettant le feu \u00e0 sa guitare et un peu comme Johnny Cash. Je ne peux pas pr\u00e9tendre \u00eatre un sp\u00e9cialiste du football espagnol, mais j&#39;ai toujours eu un immense respect pour Simeone et l&#39;Atleti.<\/p>\n<p>Jouant dans une ligue qui devrait vraiment \u00eatre et qui est consid\u00e9r\u00e9e comme un duopole, l&#39;Atleti de Simeone a toujours refus\u00e9 de rester \u00e0 l&#39;\u00e9cart. Je les consid\u00e8re comme les fleurs dans la poubelle du football espagnol. J&#39;ai l&#39;impression (probablement inexacte) d&#39;eux comme d&#39;un irritant que beaucoup de gens pr\u00e9f\u00e9reraient dispara\u00eetre, mais ils ne le feront pas, comme un beau-fils mal-aim\u00e9 ou un ulc\u00e8re au coin de la bouche.<\/p>\n<p>Je reconnais que la plupart de ces propos sont un peu absurdes. C\u2019est une soci\u00e9t\u00e9 dirig\u00e9e par des costumes, comme n\u2019importe quelle autre \u00e9quipe de football d\u2019\u00e9lite. Ils ont des \u00e9l\u00e9ments de leur soutien fortement li\u00e9s au fascisme et au n\u00e9onazisme (probablement un peu comme le punk rock). Leur stade, comme celui d&#39;Arsenal, est sponsoris\u00e9 par une compagnie a\u00e9rienne. Je ne me fais aucune illusion sur le fait qu\u2019ils constituent en r\u00e9alit\u00e9 un rempart contre l\u2019establishment.<\/p>\n<p>Mais en termes d\u2019identit\u00e9 sur le terrain, je les aime et je m\u2019identifie \u00e0 eux. Je le vois comme un club qui cherche \u00e0 bouleverser l\u2019ordre \u00e9tabli du football espagnol. J&#39;\u00e9tais envieux que, m\u00eame dans leur nouveau stade ultramoderne sponsoris\u00e9 par une compagnie a\u00e9rienne, leurs supporters puissent intimider un arbitre allong\u00e9 sur une d\u00e9cision de p\u00e9nalit\u00e9. De m\u00eame, je ne me fais pas d&#39;illusions en pensant que, malgr\u00e9 les tendances de Lydon \u00e0 Arsenal, Arsenal repr\u00e9sente en r\u00e9alit\u00e9 quelque chose de proche du punk rock ou du situationnisme.<\/p>\n<p>Cependant, je ressens une sorte d&#39;affinit\u00e9 avec la situation d&#39;Atleti. Les principaux concurrents d&#39;Arsenal au cours des 20 derni\u00e8res ann\u00e9es ont \u00e9t\u00e9 Chelsea et Manchester City. Je pense que ces deux clubs ont pris le succ\u00e8s d&#39;Arsenal et, pour le moins, je ne respecte pas la fa\u00e7on dont ils l&#39;ont fait. Je ne respecte pas leur succ\u00e8s. (Je suis s\u00fbr qu&#39;ils sont tous les deux d\u00e9vast\u00e9s d&#39;apprendre cela).<\/p>\n<p>Mercredi soir, alors que je regardais Arteta et Simeone, drap\u00e9s de couleurs sombres, parcourir leurs zones techniques respectives (ainsi que quelques m\u00e8tres \u00e0 l&#39;ext\u00e9rieur), j&#39;ai vu quelque chose d&#39;un peu apparent\u00e9, au moins aussi apparent\u00e9 qu&#39;il est possible de l&#39;\u00eatre \u00e0 cette \u00e9poque du football. Je suis absolument certain que ceux qui sont plus instruits dans le football espagnol que moi pourraient \u00ab eh bien, en fait \u00bb cet article \u00e0 mort et pour de bonnes raisons.<\/p>\n<p>Mais l&#39;Atleti de Simeone est une tr\u00e8s bonne expression de qui et de ce que je veux que l&#39;Arsenal d&#39;Arteta soit &#8211; qui je pense qu&#39;il est. Je dois supporter cette contradiction de vouloir que mon \u00e9quipe et mon manager soient un peu mal-aim\u00e9s tout en me mettant en col\u00e8re lorsque les gens critiquent l&#39;un ou les deux. Ben White \u00e9tant r\u00e9primand\u00e9 pour avoir march\u00e9 sur l&#39;\u00e9cusson de l&#39;Atleti dans le tunnel, c&#39;\u00e9tait un peu comme Sid Vicious crachant au premier rang.<\/p>\n<p>Mais surtout \u2013 au fond \u2013 je veux qu\u2019Arsenal fasse chier tous les gens dont j\u2019en ai marre.<\/p>\n<\/div>\n","protected":false},"excerpt":{"rendered":"<p>C&#39;est ma citation pr\u00e9f\u00e9r\u00e9e de tous les temps. Cela vient de John Lydon, chanteur des Sex Pistols. Il est tir\u00e9 de l&#39;\u00e9tonnant documentaire de Julien<\/p>\n","protected":false},"author":1,"featured_media":37004,"comment_status":"closed","ping_status":"","sticky":false,"template":"","format":"standard","meta":{"footnotes":""},"categories":[3],"tags":[57,58,4221,2014,93,11910],"yoast_head":"<!-- This site is optimized with the Yoast SEO plugin v21.0 - https:\/\/yoast.com\/wordpress\/plugins\/seo\/ -->\n<title>Les hommes en noir | ...un blog d&#039;Arsenal<\/title>\n<meta name=\"robots\" content=\"index, follow, max-snippet:-1, max-image-preview:large, max-video-preview:-1\" \/>\n<link rel=\"canonical\" href=\"https:\/\/footdavant.fr\/actualites\/les-hommes-en-noir-un-blog-darsenal\/\" \/>\n<meta property=\"og:locale\" content=\"fr_FR\" \/>\n<meta property=\"og:type\" content=\"article\" \/>\n<meta property=\"og:title\" content=\"Les hommes en noir | ...un blog d&#039;Arsenal\" \/>\n<meta property=\"og:description\" content=\"C&#039;est ma citation pr\u00e9f\u00e9r\u00e9e de tous les temps. Cela vient de John Lydon, chanteur des Sex Pistols. Il est tir\u00e9 de l&#039;\u00e9tonnant documentaire de Julien\" \/>\n<meta property=\"og:url\" content=\"https:\/\/footdavant.fr\/actualites\/les-hommes-en-noir-un-blog-darsenal\/\" \/>\n<meta property=\"og:site_name\" content=\"Foot d&#039;avant\" \/>\n<meta property=\"article:publisher\" content=\"https:\/\/www.facebook.com\/Footdavant\/\" \/>\n<meta property=\"article:published_time\" content=\"2026-05-01T02:48:03+00:00\" \/>\n<meta property=\"article:modified_time\" content=\"2026-05-01T02:48:05+00:00\" \/>\n<meta property=\"og:image\" content=\"https:\/\/footdavant.fr\/actualites\/wp-content\/uploads\/2026\/05\/Les-hommes-en-noir-un-blog-d39Arsenal.webp.webp\" \/>\n\t<meta property=\"og:image:width\" content=\"1600\" \/>\n\t<meta property=\"og:image:height\" content=\"900\" \/>\n\t<meta property=\"og:image:type\" content=\"image\/webp\" \/>\n<meta name=\"author\" content=\"Cl\u00e9ment\" \/>\n<meta name=\"twitter:card\" content=\"summary_large_image\" \/>\n<meta name=\"twitter:creator\" content=\"@FootdavantFr\" \/>\n<meta name=\"twitter:site\" content=\"@FootdavantFr\" \/>\n<meta name=\"twitter:label1\" content=\"\u00c9crit par\" \/>\n\t<meta name=\"twitter:data1\" content=\"Cl\u00e9ment\" \/>\n\t<meta name=\"twitter:label2\" content=\"Dur\u00e9e de lecture estim\u00e9e\" \/>\n\t<meta name=\"twitter:data2\" content=\"6 minutes\" \/>\n<script type=\"application\/ld+json\" class=\"yoast-schema-graph\">{\"@context\":\"https:\/\/schema.org\",\"@graph\":[{\"@type\":\"Article\",\"@id\":\"https:\/\/footdavant.fr\/actualites\/les-hommes-en-noir-un-blog-darsenal\/#article\",\"isPartOf\":{\"@id\":\"https:\/\/footdavant.fr\/actualites\/les-hommes-en-noir-un-blog-darsenal\/\"},\"author\":{\"name\":\"Cl\u00e9ment\",\"@id\":\"https:\/\/footdavant.fr\/actualites\/#\/schema\/person\/bc222566d95871b37e597b3ed3ba5e1d\"},\"headline\":\"Les hommes en noir | &#8230;un blog d&#39;Arsenal\",\"datePublished\":\"2026-05-01T02:48:03+00:00\",\"dateModified\":\"2026-05-01T02:48:05+00:00\",\"mainEntityOfPage\":{\"@id\":\"https:\/\/footdavant.fr\/actualites\/les-hommes-en-noir-un-blog-darsenal\/\"},\"wordCount\":1133,\"publisher\":{\"@id\":\"https:\/\/footdavant.fr\/actualites\/#organization\"},\"keywords\":[\"...un\",\"blog\",\"d39Arsenal\",\"hommes\",\"les\",\"noir\"],\"articleSection\":[\"Football\"],\"inLanguage\":\"fr-FR\"},{\"@type\":\"WebPage\",\"@id\":\"https:\/\/footdavant.fr\/actualites\/les-hommes-en-noir-un-blog-darsenal\/\",\"url\":\"https:\/\/footdavant.fr\/actualites\/les-hommes-en-noir-un-blog-darsenal\/\",\"name\":\"Les hommes en noir | ...un blog d&#39;Arsenal\",\"isPartOf\":{\"@id\":\"https:\/\/footdavant.fr\/actualites\/#website\"},\"datePublished\":\"2026-05-01T02:48:03+00:00\",\"dateModified\":\"2026-05-01T02:48:05+00:00\",\"breadcrumb\":{\"@id\":\"https:\/\/footdavant.fr\/actualites\/les-hommes-en-noir-un-blog-darsenal\/#breadcrumb\"},\"inLanguage\":\"fr-FR\",\"potentialAction\":[{\"@type\":\"ReadAction\",\"target\":[\"https:\/\/footdavant.fr\/actualites\/les-hommes-en-noir-un-blog-darsenal\/\"]}]},{\"@type\":\"BreadcrumbList\",\"@id\":\"https:\/\/footdavant.fr\/actualites\/les-hommes-en-noir-un-blog-darsenal\/#breadcrumb\",\"itemListElement\":[{\"@type\":\"ListItem\",\"position\":1,\"name\":\"Accueil\",\"item\":\"https:\/\/footdavant.fr\/actualites\/\"},{\"@type\":\"ListItem\",\"position\":2,\"name\":\"Les hommes en noir | &#8230;un blog d&#39;Arsenal\"}]},{\"@type\":\"WebSite\",\"@id\":\"https:\/\/footdavant.fr\/actualites\/#website\",\"url\":\"https:\/\/footdavant.fr\/actualites\/\",\"name\":\"Foot d'avant\",\"description\":\"\",\"publisher\":{\"@id\":\"https:\/\/footdavant.fr\/actualites\/#organization\"},\"potentialAction\":[{\"@type\":\"SearchAction\",\"target\":{\"@type\":\"EntryPoint\",\"urlTemplate\":\"https:\/\/footdavant.fr\/actualites\/?s={search_term_string}\"},\"query-input\":\"required name=search_term_string\"}],\"inLanguage\":\"fr-FR\"},{\"@type\":\"Organization\",\"@id\":\"https:\/\/footdavant.fr\/actualites\/#organization\",\"name\":\"Foot d'avant\",\"url\":\"https:\/\/footdavant.fr\/actualites\/\",\"logo\":{\"@type\":\"ImageObject\",\"inLanguage\":\"fr-FR\",\"@id\":\"https:\/\/footdavant.fr\/actualites\/#\/schema\/logo\/image\/\",\"url\":\"https:\/\/footdavant.fr\/actualites\/wp-content\/uploads\/2023\/09\/Copy-of-FootDavant-Logo.png\",\"contentUrl\":\"https:\/\/footdavant.fr\/actualites\/wp-content\/uploads\/2023\/09\/Copy-of-FootDavant-Logo.png\",\"width\":936,\"height\":549,\"caption\":\"Foot d'avant\"},\"image\":{\"@id\":\"https:\/\/footdavant.fr\/actualites\/#\/schema\/logo\/image\/\"},\"sameAs\":[\"https:\/\/www.facebook.com\/Footdavant\/\",\"https:\/\/twitter.com\/FootdavantFr\",\"https:\/\/www.instagram.com\/footdavant.fr\/\"]},{\"@type\":\"Person\",\"@id\":\"https:\/\/footdavant.fr\/actualites\/#\/schema\/person\/bc222566d95871b37e597b3ed3ba5e1d\",\"name\":\"Cl\u00e9ment\",\"image\":{\"@type\":\"ImageObject\",\"inLanguage\":\"fr-FR\",\"@id\":\"https:\/\/footdavant.fr\/actualites\/#\/schema\/person\/image\/\",\"url\":\"https:\/\/secure.gravatar.com\/avatar\/7728b29aac2719421e1a9159b2254c44?s=96&d=mm&r=g\",\"contentUrl\":\"https:\/\/secure.gravatar.com\/avatar\/7728b29aac2719421e1a9159b2254c44?s=96&d=mm&r=g\",\"caption\":\"Cl\u00e9ment\"},\"sameAs\":[\"https:\/\/footdavant.fr\/\"]}]}<\/script>\n<!-- \/ Yoast SEO plugin. -->","yoast_head_json":{"title":"Les hommes en noir | ...un blog d&#39;Arsenal","robots":{"index":"index","follow":"follow","max-snippet":"max-snippet:-1","max-image-preview":"max-image-preview:large","max-video-preview":"max-video-preview:-1"},"canonical":"https:\/\/footdavant.fr\/actualites\/les-hommes-en-noir-un-blog-darsenal\/","og_locale":"fr_FR","og_type":"article","og_title":"Les hommes en noir | ...un blog d&#39;Arsenal","og_description":"C&#39;est ma citation pr\u00e9f\u00e9r\u00e9e de tous les temps. Cela vient de John Lydon, chanteur des Sex Pistols. Il est tir\u00e9 de l&#39;\u00e9tonnant documentaire de Julien","og_url":"https:\/\/footdavant.fr\/actualites\/les-hommes-en-noir-un-blog-darsenal\/","og_site_name":"Foot d&#039;avant","article_publisher":"https:\/\/www.facebook.com\/Footdavant\/","article_published_time":"2026-05-01T02:48:03+00:00","article_modified_time":"2026-05-01T02:48:05+00:00","og_image":[{"width":1600,"height":900,"url":"https:\/\/footdavant.fr\/actualites\/wp-content\/uploads\/2026\/05\/Les-hommes-en-noir-un-blog-d39Arsenal.webp.webp","type":"image\/webp"}],"author":"Cl\u00e9ment","twitter_card":"summary_large_image","twitter_creator":"@FootdavantFr","twitter_site":"@FootdavantFr","twitter_misc":{"\u00c9crit par":"Cl\u00e9ment","Dur\u00e9e de lecture estim\u00e9e":"6 minutes"},"schema":{"@context":"https:\/\/schema.org","@graph":[{"@type":"Article","@id":"https:\/\/footdavant.fr\/actualites\/les-hommes-en-noir-un-blog-darsenal\/#article","isPartOf":{"@id":"https:\/\/footdavant.fr\/actualites\/les-hommes-en-noir-un-blog-darsenal\/"},"author":{"name":"Cl\u00e9ment","@id":"https:\/\/footdavant.fr\/actualites\/#\/schema\/person\/bc222566d95871b37e597b3ed3ba5e1d"},"headline":"Les hommes en noir | &#8230;un blog d&#39;Arsenal","datePublished":"2026-05-01T02:48:03+00:00","dateModified":"2026-05-01T02:48:05+00:00","mainEntityOfPage":{"@id":"https:\/\/footdavant.fr\/actualites\/les-hommes-en-noir-un-blog-darsenal\/"},"wordCount":1133,"publisher":{"@id":"https:\/\/footdavant.fr\/actualites\/#organization"},"keywords":["...un","blog","d39Arsenal","hommes","les","noir"],"articleSection":["Football"],"inLanguage":"fr-FR"},{"@type":"WebPage","@id":"https:\/\/footdavant.fr\/actualites\/les-hommes-en-noir-un-blog-darsenal\/","url":"https:\/\/footdavant.fr\/actualites\/les-hommes-en-noir-un-blog-darsenal\/","name":"Les hommes en noir | ...un blog d&#39;Arsenal","isPartOf":{"@id":"https:\/\/footdavant.fr\/actualites\/#website"},"datePublished":"2026-05-01T02:48:03+00:00","dateModified":"2026-05-01T02:48:05+00:00","breadcrumb":{"@id":"https:\/\/footdavant.fr\/actualites\/les-hommes-en-noir-un-blog-darsenal\/#breadcrumb"},"inLanguage":"fr-FR","potentialAction":[{"@type":"ReadAction","target":["https:\/\/footdavant.fr\/actualites\/les-hommes-en-noir-un-blog-darsenal\/"]}]},{"@type":"BreadcrumbList","@id":"https:\/\/footdavant.fr\/actualites\/les-hommes-en-noir-un-blog-darsenal\/#breadcrumb","itemListElement":[{"@type":"ListItem","position":1,"name":"Accueil","item":"https:\/\/footdavant.fr\/actualites\/"},{"@type":"ListItem","position":2,"name":"Les hommes en noir | &#8230;un blog d&#39;Arsenal"}]},{"@type":"WebSite","@id":"https:\/\/footdavant.fr\/actualites\/#website","url":"https:\/\/footdavant.fr\/actualites\/","name":"Foot d'avant","description":"","publisher":{"@id":"https:\/\/footdavant.fr\/actualites\/#organization"},"potentialAction":[{"@type":"SearchAction","target":{"@type":"EntryPoint","urlTemplate":"https:\/\/footdavant.fr\/actualites\/?s={search_term_string}"},"query-input":"required name=search_term_string"}],"inLanguage":"fr-FR"},{"@type":"Organization","@id":"https:\/\/footdavant.fr\/actualites\/#organization","name":"Foot d'avant","url":"https:\/\/footdavant.fr\/actualites\/","logo":{"@type":"ImageObject","inLanguage":"fr-FR","@id":"https:\/\/footdavant.fr\/actualites\/#\/schema\/logo\/image\/","url":"https:\/\/footdavant.fr\/actualites\/wp-content\/uploads\/2023\/09\/Copy-of-FootDavant-Logo.png","contentUrl":"https:\/\/footdavant.fr\/actualites\/wp-content\/uploads\/2023\/09\/Copy-of-FootDavant-Logo.png","width":936,"height":549,"caption":"Foot d'avant"},"image":{"@id":"https:\/\/footdavant.fr\/actualites\/#\/schema\/logo\/image\/"},"sameAs":["https:\/\/www.facebook.com\/Footdavant\/","https:\/\/twitter.com\/FootdavantFr","https:\/\/www.instagram.com\/footdavant.fr\/"]},{"@type":"Person","@id":"https:\/\/footdavant.fr\/actualites\/#\/schema\/person\/bc222566d95871b37e597b3ed3ba5e1d","name":"Cl\u00e9ment","image":{"@type":"ImageObject","inLanguage":"fr-FR","@id":"https:\/\/footdavant.fr\/actualites\/#\/schema\/person\/image\/","url":"https:\/\/secure.gravatar.com\/avatar\/7728b29aac2719421e1a9159b2254c44?s=96&d=mm&r=g","contentUrl":"https:\/\/secure.gravatar.com\/avatar\/7728b29aac2719421e1a9159b2254c44?s=96&d=mm&r=g","caption":"Cl\u00e9ment"},"sameAs":["https:\/\/footdavant.fr\/"]}]}},"_links":{"self":[{"href":"https:\/\/footdavant.fr\/actualites\/wp-json\/wp\/v2\/posts\/37003"}],"collection":[{"href":"https:\/\/footdavant.fr\/actualites\/wp-json\/wp\/v2\/posts"}],"about":[{"href":"https:\/\/footdavant.fr\/actualites\/wp-json\/wp\/v2\/types\/post"}],"author":[{"embeddable":true,"href":"https:\/\/footdavant.fr\/actualites\/wp-json\/wp\/v2\/users\/1"}],"replies":[{"embeddable":true,"href":"https:\/\/footdavant.fr\/actualites\/wp-json\/wp\/v2\/comments?post=37003"}],"version-history":[{"count":1,"href":"https:\/\/footdavant.fr\/actualites\/wp-json\/wp\/v2\/posts\/37003\/revisions"}],"predecessor-version":[{"id":37005,"href":"https:\/\/footdavant.fr\/actualites\/wp-json\/wp\/v2\/posts\/37003\/revisions\/37005"}],"wp:featuredmedia":[{"embeddable":true,"href":"https:\/\/footdavant.fr\/actualites\/wp-json\/wp\/v2\/media\/37004"}],"wp:attachment":[{"href":"https:\/\/footdavant.fr\/actualites\/wp-json\/wp\/v2\/media?parent=37003"}],"wp:term":[{"taxonomy":"category","embeddable":true,"href":"https:\/\/footdavant.fr\/actualites\/wp-json\/wp\/v2\/categories?post=37003"},{"taxonomy":"post_tag","embeddable":true,"href":"https:\/\/footdavant.fr\/actualites\/wp-json\/wp\/v2\/tags?post=37003"}],"curies":[{"name":"wp","href":"https:\/\/api.w.org\/{rel}","templated":true}]}}