{"id":37017,"date":"2026-05-01T14:48:08","date_gmt":"2026-05-01T12:48:08","guid":{"rendered":"https:\/\/footdavant.fr\/actualites\/nouvelles-du-manager-de-chelsea-pep-guardiola-2-0-a-un-fort-interet-pour-le-poste-des-blues-malgre-une-preoccupation-majeure\/"},"modified":"2026-05-01T14:48:09","modified_gmt":"2026-05-01T12:48:09","slug":"nouvelles-du-manager-de-chelsea-pep-guardiola-2-0-a-un-fort-interet-pour-le-poste-des-blues-malgre-une-preoccupation-majeure","status":"publish","type":"post","link":"https:\/\/footdavant.fr\/actualites\/nouvelles-du-manager-de-chelsea-pep-guardiola-2-0-a-un-fort-interet-pour-le-poste-des-blues-malgre-une-preoccupation-majeure\/","title":{"rendered":"Nouvelles du manager de Chelsea: Pep Guardiola 2.0 a un \u00ab fort int\u00e9r\u00eat \u00bb pour le poste des Blues malgr\u00e9 une pr\u00e9occupation majeure"},"content":{"rendered":"<div itemprop=\"articleBody\">\n<p data-end=\"469\" data-start=\"110\">Clearlake et leur recherche d&#39;un nouveau manager de Chelsea s&#39;acc\u00e9l\u00e8rent d\u00e9j\u00e0 suite aux r\u00e9cents bouleversements dans l&#39;abri de Stamford Bridge.<\/p>\n<p data-end=\"469\" data-start=\"110\">Avec plusieurs candidats de haut niveau \u00e0 l&#39;\u00e9tude, l&#39;attention se tourne d\u00e9sormais vers l&#39;un des entra\u00eeneurs les plus progressistes de la Premier League.<\/p>\n<p data-end=\"469\" data-start=\"110\">Cependant, m\u00eame si l\u2019int\u00e9r\u00eat semble mutuel, il existe un obstacle majeur qui pourrait compliquer tout accord potentiel.<\/p>\n<h2 data-end=\"516\" data-section-id=\"fgkoin\" data-start=\"471\">Andoni Iraola souhaite d\u00e9sormais occuper un poste \u00e0 Chelsea<\/h2>\n<div>\n<div>\n<p>\u00a9 Imago \/ Images de sports professionnels<\/p>\n<\/div>\n<\/div>\n<p data-end=\"662\" data-start=\"518\">Andoni Iraola montre un \u00ab\u00a0fort int\u00e9r\u00eat\u00a0\u00bb pour devenir le prochain manager de Chelsea cet \u00e9t\u00e9, selon de nouveaux rapports.<\/p>\n<p data-end=\"879\" data-start=\"664\">Le patron sortant de l&#39;AFC Bournemouth serait l&#39;un des principaux candidats pour remplacer Liam Rosenior, et des sources internes sugg\u00e8rent qu&#39;il aurait du mal \u00e0 refuser une offre des Blues.<\/p>\n<p data-end=\"1111\" data-start=\"881\">Iraola a consid\u00e9rablement am\u00e9lior\u00e9 sa r\u00e9putation au cours de son passage en Premier League, guidant les Cherries vers leur plus haut classement jamais vu et s&#39;imposant comme l&#39;un des esprits tactiques les plus excitants du football europ\u00e9en.<\/p>\n<p data-end=\"1351\" data-start=\"1113\">Il existe cependant une complication potentielle.<\/p>\n<p data-end=\"1351\" data-start=\"1113\">L&#39;Espagnol souhaite r\u00e9ussir dans la comp\u00e9tition europ\u00e9enne la saison prochaine, ce que Chelsea est loin d&#39;\u00eatre garanti, sa position en championnat rendant la qualification en Ligue des champions tr\u00e8s improbable \u00e0 ce stade.<\/p>\n<h2 data-end=\"1427\" data-section-id=\"4q5umf\" data-start=\"1353\">Qui d\u2019autre est en lice pour remplacer Liam Rosenior \u00e0 Stamford Bridge ?<\/h2>\n<div>\n<div><img decoding=\"async\" data-img-id=\"150896\" class=\"lazy\" loading=\"lazy\" src=\"https:\/\/footdavant.fr\/actualites\/wp-content\/uploads\/2025\/08\/Dernieres-nouvelles-de-transfert-et-rumeurs-Lorenzo-Pellegrini-a-West.jpg\"\/><\/p>\n<p>\u00a9 Imago<\/p>\n<\/div>\n<\/div>\n<p data-end=\"1570\" data-start=\"1429\">La liste restreinte de Chelsea est consid\u00e9r\u00e9e comme longue, refl\u00e9tant \u00e0 la fois l&#39;ampleur du travail et l&#39;incertitude entourant l&#39;orientation du club.<\/p>\n<p data-end=\"1756\" data-start=\"1572\">Des noms tels que le manager de Fulham, Marco Silva, et les anciens joueurs de Cesc Fabregas et Frank Lampard, ont tous \u00e9t\u00e9 mentionn\u00e9s parmi les candidats potentiels.<\/p>\n<p data-end=\"1982\" data-start=\"1758\">Chacun repr\u00e9sente un profil diff\u00e9rent, allant d&#39;entra\u00eeneurs exp\u00e9riment\u00e9s de Premier League \u00e0 d&#39;anciens favoris ayant des liens \u00e9troits avec Stamford Bridge, alors que les Blues se demandent s&#39;ils doivent donner la priorit\u00e9 \u00e0 la stabilit\u00e9, \u00e0 l&#39;identit\u00e9 ou \u00e0 la construction de projets \u00e0 long terme.<\/p>\n<p data-end=\"2144\" data-start=\"1984\">Avec le patron par int\u00e9rim Callum McFarlane actuellement aux commandes, la d\u00e9cision finale devrait intervenir \u00e0 la fin de la saison une fois que le sort des Blues sera beaucoup plus clair.<\/p>\n<h2 data-end=\"2197\" data-section-id=\"tek47v\" data-start=\"2146\">Andoni Iraola a \u00e9t\u00e9 compar\u00e9 \u00e0 Pep Guardiola<\/h2>\n<div>\n<div><img decoding=\"async\" data-img-id=\"159402\" class=\"lazy\" loading=\"lazy\" src=\"https:\/\/footdavant.fr\/actualites\/wp-content\/uploads\/2026\/05\/1777639688_697_Nouvelles-du-manager-de-Chelsea-Pep-Guardiola-20-a-un.webp\"\/><\/p>\n<p>\u00a9 Iconsport \/ PA Images<\/p>\n<\/div>\n<\/div>\n<p data-end=\"2358\" data-start=\"2199\">La r\u00e9putation croissante d&#39;Iraola a m\u00eame conduit \u00e0 des comparaisons avec le patron de Manchester City, Pep Guardiola, charg\u00e9 de troph\u00e9es, soulignant \u00e0 quel point il est appr\u00e9ci\u00e9 dans le jeu.<\/p>\n<p data-end=\"2555\" data-start=\"2360\">L&#39;approche de l&#39;Espagnol bas\u00e9e sur le pressing haut et la possession refl\u00e8te de nombreux principes associ\u00e9s \u00e0 la philosophie de Guardiola, combinant l&#39;intensit\u00e9 du ballon avec des sch\u00e9mas d&#39;attaque structur\u00e9s.<\/p>\n<p data-end=\"2745\" data-start=\"2557\">Il a d\u00e9j\u00e0 attir\u00e9 l&#39;attention des meilleurs clubs d&#39;Europe, son style \u00e9tant consid\u00e9r\u00e9 comme un choix naturel pour les \u00e9quipes d&#39;\u00e9lite cherchant \u00e0 dominer la possession tout en conservant une flexibilit\u00e9 tactique.<\/p>\n<p data-end=\"2984\" data-is-last-node=\"\" data-is-only-node=\"\" data-start=\"2747\">Pour Chelsea, cela fait sans doute de lui l\u2019une des options les plus attrayantes disponibles sur le march\u00e9, mais \u00e0 moins qu\u2019ils ne puissent offrir une voie claire de retour en Europe, transformer cet int\u00e9r\u00eat en un rendez-vous peut s\u2019av\u00e9rer loin d\u2019\u00eatre simple.<\/p>\n<\/div>\n","protected":false},"excerpt":{"rendered":"<p>Clearlake et leur recherche d&#39;un nouveau manager de Chelsea s&#39;acc\u00e9l\u00e8rent d\u00e9j\u00e0 suite aux r\u00e9cents bouleversements dans l&#39;abri de Stamford Bridge. Avec plusieurs candidats de haut<\/p>\n","protected":false},"author":1,"featured_media":37018,"comment_status":"closed","ping_status":"","sticky":false,"template":"","format":"standard","meta":{"footnotes":""},"categories":[5],"tags":[4717,171,12,293,8,951,1628,2520,504,461,6,140,51,8179,92],"yoast_head":"<!-- This site is optimized with the Yoast SEO plugin v21.0 - https:\/\/yoast.com\/wordpress\/plugins\/seo\/ -->\n<title>Nouvelles du manager de Chelsea: Pep Guardiola 2.0 a un \u00ab fort int\u00e9r\u00eat \u00bb pour le poste des Blues malgr\u00e9 une pr\u00e9occupation majeure<\/title>\n<meta name=\"robots\" content=\"index, follow, max-snippet:-1, max-image-preview:large, max-video-preview:-1\" \/>\n<link rel=\"canonical\" href=\"https:\/\/footdavant.fr\/actualites\/nouvelles-du-manager-de-chelsea-pep-guardiola-2-0-a-un-fort-interet-pour-le-poste-des-blues-malgre-une-preoccupation-majeure\/\" \/>\n<meta property=\"og:locale\" content=\"fr_FR\" \/>\n<meta property=\"og:type\" content=\"article\" \/>\n<meta property=\"og:title\" content=\"Nouvelles du manager de Chelsea: Pep Guardiola 2.0 a un \u00ab fort int\u00e9r\u00eat \u00bb pour le poste des Blues malgr\u00e9 une pr\u00e9occupation majeure\" \/>\n<meta property=\"og:description\" content=\"Clearlake et leur recherche d&#039;un nouveau manager de Chelsea s&#039;acc\u00e9l\u00e8rent d\u00e9j\u00e0 suite aux r\u00e9cents bouleversements dans l&#039;abri de Stamford Bridge. Avec plusieurs candidats de haut\" \/>\n<meta property=\"og:url\" content=\"https:\/\/footdavant.fr\/actualites\/nouvelles-du-manager-de-chelsea-pep-guardiola-2-0-a-un-fort-interet-pour-le-poste-des-blues-malgre-une-preoccupation-majeure\/\" \/>\n<meta property=\"og:site_name\" content=\"Foot d&#039;avant\" \/>\n<meta property=\"article:publisher\" content=\"https:\/\/www.facebook.com\/Footdavant\/\" \/>\n<meta property=\"article:published_time\" content=\"2026-05-01T12:48:08+00:00\" \/>\n<meta property=\"article:modified_time\" content=\"2026-05-01T12:48:09+00:00\" \/>\n<meta property=\"og:image\" content=\"https:\/\/footdavant.fr\/actualites\/wp-content\/uploads\/2026\/05\/Nouvelles-du-manager-de-Chelsea-Pep-Guardiola-20-a-un.net2Fuploads2F20262F042Fandoni-iraola-em.webp\" \/>\n\t<meta property=\"og:image:width\" content=\"720\" \/>\n\t<meta property=\"og:image:height\" content=\"410\" \/>\n\t<meta property=\"og:image:type\" content=\"image\/webp\" \/>\n<meta name=\"author\" content=\"Cl\u00e9ment\" \/>\n<meta name=\"twitter:card\" content=\"summary_large_image\" \/>\n<meta name=\"twitter:creator\" content=\"@FootdavantFr\" \/>\n<meta name=\"twitter:site\" content=\"@FootdavantFr\" \/>\n<meta name=\"twitter:label1\" content=\"\u00c9crit par\" \/>\n\t<meta name=\"twitter:data1\" content=\"Cl\u00e9ment\" \/>\n\t<meta name=\"twitter:label2\" content=\"Dur\u00e9e de lecture estim\u00e9e\" \/>\n\t<meta name=\"twitter:data2\" content=\"3 minutes\" \/>\n<script type=\"application\/ld+json\" class=\"yoast-schema-graph\">{\"@context\":\"https:\/\/schema.org\",\"@graph\":[{\"@type\":\"Article\",\"@id\":\"https:\/\/footdavant.fr\/actualites\/nouvelles-du-manager-de-chelsea-pep-guardiola-2-0-a-un-fort-interet-pour-le-poste-des-blues-malgre-une-preoccupation-majeure\/#article\",\"isPartOf\":{\"@id\":\"https:\/\/footdavant.fr\/actualites\/nouvelles-du-manager-de-chelsea-pep-guardiola-2-0-a-un-fort-interet-pour-le-poste-des-blues-malgre-une-preoccupation-majeure\/\"},\"author\":{\"name\":\"Cl\u00e9ment\",\"@id\":\"https:\/\/footdavant.fr\/actualites\/#\/schema\/person\/bc222566d95871b37e597b3ed3ba5e1d\"},\"headline\":\"Nouvelles du manager de Chelsea: Pep Guardiola 2.0 a un \u00ab fort int\u00e9r\u00eat \u00bb pour le poste des Blues malgr\u00e9 une pr\u00e9occupation majeure\",\"datePublished\":\"2026-05-01T12:48:08+00:00\",\"dateModified\":\"2026-05-01T12:48:09+00:00\",\"mainEntityOfPage\":{\"@id\":\"https:\/\/footdavant.fr\/actualites\/nouvelles-du-manager-de-chelsea-pep-guardiola-2-0-a-un-fort-interet-pour-le-poste-des-blues-malgre-une-preoccupation-majeure\/\"},\"wordCount\":572,\"publisher\":{\"@id\":\"https:\/\/footdavant.fr\/actualites\/#organization\"},\"keywords\":[\"blues\",\"Chelsea\",\"des\",\"fort\",\"Guardiola\",\"int\u00e9r\u00eat\",\"majeure\",\"malgr\u00e9\",\"manager\",\"Nouvelles\",\"Pep\",\"poste\",\"pour\",\"pr\u00e9occupation\",\"une\"],\"articleSection\":[\"Premier League\"],\"inLanguage\":\"fr-FR\"},{\"@type\":\"WebPage\",\"@id\":\"https:\/\/footdavant.fr\/actualites\/nouvelles-du-manager-de-chelsea-pep-guardiola-2-0-a-un-fort-interet-pour-le-poste-des-blues-malgre-une-preoccupation-majeure\/\",\"url\":\"https:\/\/footdavant.fr\/actualites\/nouvelles-du-manager-de-chelsea-pep-guardiola-2-0-a-un-fort-interet-pour-le-poste-des-blues-malgre-une-preoccupation-majeure\/\",\"name\":\"Nouvelles du manager de Chelsea: Pep Guardiola 2.0 a un \u00ab fort int\u00e9r\u00eat \u00bb pour le poste des Blues malgr\u00e9 une pr\u00e9occupation majeure\",\"isPartOf\":{\"@id\":\"https:\/\/footdavant.fr\/actualites\/#website\"},\"datePublished\":\"2026-05-01T12:48:08+00:00\",\"dateModified\":\"2026-05-01T12:48:09+00:00\",\"breadcrumb\":{\"@id\":\"https:\/\/footdavant.fr\/actualites\/nouvelles-du-manager-de-chelsea-pep-guardiola-2-0-a-un-fort-interet-pour-le-poste-des-blues-malgre-une-preoccupation-majeure\/#breadcrumb\"},\"inLanguage\":\"fr-FR\",\"potentialAction\":[{\"@type\":\"ReadAction\",\"target\":[\"https:\/\/footdavant.fr\/actualites\/nouvelles-du-manager-de-chelsea-pep-guardiola-2-0-a-un-fort-interet-pour-le-poste-des-blues-malgre-une-preoccupation-majeure\/\"]}]},{\"@type\":\"BreadcrumbList\",\"@id\":\"https:\/\/footdavant.fr\/actualites\/nouvelles-du-manager-de-chelsea-pep-guardiola-2-0-a-un-fort-interet-pour-le-poste-des-blues-malgre-une-preoccupation-majeure\/#breadcrumb\",\"itemListElement\":[{\"@type\":\"ListItem\",\"position\":1,\"name\":\"Accueil\",\"item\":\"https:\/\/footdavant.fr\/actualites\/\"},{\"@type\":\"ListItem\",\"position\":2,\"name\":\"Nouvelles du manager de Chelsea: Pep Guardiola 2.0 a un \u00ab fort int\u00e9r\u00eat \u00bb pour le poste des Blues malgr\u00e9 une pr\u00e9occupation majeure\"}]},{\"@type\":\"WebSite\",\"@id\":\"https:\/\/footdavant.fr\/actualites\/#website\",\"url\":\"https:\/\/footdavant.fr\/actualites\/\",\"name\":\"Foot d'avant\",\"description\":\"\",\"publisher\":{\"@id\":\"https:\/\/footdavant.fr\/actualites\/#organization\"},\"potentialAction\":[{\"@type\":\"SearchAction\",\"target\":{\"@type\":\"EntryPoint\",\"urlTemplate\":\"https:\/\/footdavant.fr\/actualites\/?s={search_term_string}\"},\"query-input\":\"required name=search_term_string\"}],\"inLanguage\":\"fr-FR\"},{\"@type\":\"Organization\",\"@id\":\"https:\/\/footdavant.fr\/actualites\/#organization\",\"name\":\"Foot d'avant\",\"url\":\"https:\/\/footdavant.fr\/actualites\/\",\"logo\":{\"@type\":\"ImageObject\",\"inLanguage\":\"fr-FR\",\"@id\":\"https:\/\/footdavant.fr\/actualites\/#\/schema\/logo\/image\/\",\"url\":\"https:\/\/footdavant.fr\/actualites\/wp-content\/uploads\/2023\/09\/Copy-of-FootDavant-Logo.png\",\"contentUrl\":\"https:\/\/footdavant.fr\/actualites\/wp-content\/uploads\/2023\/09\/Copy-of-FootDavant-Logo.png\",\"width\":936,\"height\":549,\"caption\":\"Foot d'avant\"},\"image\":{\"@id\":\"https:\/\/footdavant.fr\/actualites\/#\/schema\/logo\/image\/\"},\"sameAs\":[\"https:\/\/www.facebook.com\/Footdavant\/\",\"https:\/\/twitter.com\/FootdavantFr\",\"https:\/\/www.instagram.com\/footdavant.fr\/\"]},{\"@type\":\"Person\",\"@id\":\"https:\/\/footdavant.fr\/actualites\/#\/schema\/person\/bc222566d95871b37e597b3ed3ba5e1d\",\"name\":\"Cl\u00e9ment\",\"image\":{\"@type\":\"ImageObject\",\"inLanguage\":\"fr-FR\",\"@id\":\"https:\/\/footdavant.fr\/actualites\/#\/schema\/person\/image\/\",\"url\":\"https:\/\/secure.gravatar.com\/avatar\/7728b29aac2719421e1a9159b2254c44?s=96&d=mm&r=g\",\"contentUrl\":\"https:\/\/secure.gravatar.com\/avatar\/7728b29aac2719421e1a9159b2254c44?s=96&d=mm&r=g\",\"caption\":\"Cl\u00e9ment\"},\"sameAs\":[\"https:\/\/footdavant.fr\/\"]}]}<\/script>\n<!-- \/ Yoast SEO plugin. -->","yoast_head_json":{"title":"Nouvelles du manager de Chelsea: Pep Guardiola 2.0 a un \u00ab fort int\u00e9r\u00eat \u00bb pour le poste des Blues malgr\u00e9 une pr\u00e9occupation majeure","robots":{"index":"index","follow":"follow","max-snippet":"max-snippet:-1","max-image-preview":"max-image-preview:large","max-video-preview":"max-video-preview:-1"},"canonical":"https:\/\/footdavant.fr\/actualites\/nouvelles-du-manager-de-chelsea-pep-guardiola-2-0-a-un-fort-interet-pour-le-poste-des-blues-malgre-une-preoccupation-majeure\/","og_locale":"fr_FR","og_type":"article","og_title":"Nouvelles du manager de Chelsea: Pep Guardiola 2.0 a un \u00ab fort int\u00e9r\u00eat \u00bb pour le poste des Blues malgr\u00e9 une pr\u00e9occupation majeure","og_description":"Clearlake et leur recherche d&#39;un nouveau manager de Chelsea s&#39;acc\u00e9l\u00e8rent d\u00e9j\u00e0 suite aux r\u00e9cents bouleversements dans l&#39;abri de Stamford Bridge. Avec plusieurs candidats de haut","og_url":"https:\/\/footdavant.fr\/actualites\/nouvelles-du-manager-de-chelsea-pep-guardiola-2-0-a-un-fort-interet-pour-le-poste-des-blues-malgre-une-preoccupation-majeure\/","og_site_name":"Foot d&#039;avant","article_publisher":"https:\/\/www.facebook.com\/Footdavant\/","article_published_time":"2026-05-01T12:48:08+00:00","article_modified_time":"2026-05-01T12:48:09+00:00","og_image":[{"width":720,"height":410,"url":"https:\/\/footdavant.fr\/actualites\/wp-content\/uploads\/2026\/05\/Nouvelles-du-manager-de-Chelsea-Pep-Guardiola-20-a-un.net2Fuploads2F20262F042Fandoni-iraola-em.webp","type":"image\/webp"}],"author":"Cl\u00e9ment","twitter_card":"summary_large_image","twitter_creator":"@FootdavantFr","twitter_site":"@FootdavantFr","twitter_misc":{"\u00c9crit par":"Cl\u00e9ment","Dur\u00e9e de lecture estim\u00e9e":"3 minutes"},"schema":{"@context":"https:\/\/schema.org","@graph":[{"@type":"Article","@id":"https:\/\/footdavant.fr\/actualites\/nouvelles-du-manager-de-chelsea-pep-guardiola-2-0-a-un-fort-interet-pour-le-poste-des-blues-malgre-une-preoccupation-majeure\/#article","isPartOf":{"@id":"https:\/\/footdavant.fr\/actualites\/nouvelles-du-manager-de-chelsea-pep-guardiola-2-0-a-un-fort-interet-pour-le-poste-des-blues-malgre-une-preoccupation-majeure\/"},"author":{"name":"Cl\u00e9ment","@id":"https:\/\/footdavant.fr\/actualites\/#\/schema\/person\/bc222566d95871b37e597b3ed3ba5e1d"},"headline":"Nouvelles du manager de Chelsea: Pep Guardiola 2.0 a un \u00ab fort int\u00e9r\u00eat \u00bb pour le poste des Blues malgr\u00e9 une pr\u00e9occupation majeure","datePublished":"2026-05-01T12:48:08+00:00","dateModified":"2026-05-01T12:48:09+00:00","mainEntityOfPage":{"@id":"https:\/\/footdavant.fr\/actualites\/nouvelles-du-manager-de-chelsea-pep-guardiola-2-0-a-un-fort-interet-pour-le-poste-des-blues-malgre-une-preoccupation-majeure\/"},"wordCount":572,"publisher":{"@id":"https:\/\/footdavant.fr\/actualites\/#organization"},"keywords":["blues","Chelsea","des","fort","Guardiola","int\u00e9r\u00eat","majeure","malgr\u00e9","manager","Nouvelles","Pep","poste","pour","pr\u00e9occupation","une"],"articleSection":["Premier League"],"inLanguage":"fr-FR"},{"@type":"WebPage","@id":"https:\/\/footdavant.fr\/actualites\/nouvelles-du-manager-de-chelsea-pep-guardiola-2-0-a-un-fort-interet-pour-le-poste-des-blues-malgre-une-preoccupation-majeure\/","url":"https:\/\/footdavant.fr\/actualites\/nouvelles-du-manager-de-chelsea-pep-guardiola-2-0-a-un-fort-interet-pour-le-poste-des-blues-malgre-une-preoccupation-majeure\/","name":"Nouvelles du manager de Chelsea: Pep Guardiola 2.0 a un \u00ab fort int\u00e9r\u00eat \u00bb pour le poste des Blues malgr\u00e9 une pr\u00e9occupation majeure","isPartOf":{"@id":"https:\/\/footdavant.fr\/actualites\/#website"},"datePublished":"2026-05-01T12:48:08+00:00","dateModified":"2026-05-01T12:48:09+00:00","breadcrumb":{"@id":"https:\/\/footdavant.fr\/actualites\/nouvelles-du-manager-de-chelsea-pep-guardiola-2-0-a-un-fort-interet-pour-le-poste-des-blues-malgre-une-preoccupation-majeure\/#breadcrumb"},"inLanguage":"fr-FR","potentialAction":[{"@type":"ReadAction","target":["https:\/\/footdavant.fr\/actualites\/nouvelles-du-manager-de-chelsea-pep-guardiola-2-0-a-un-fort-interet-pour-le-poste-des-blues-malgre-une-preoccupation-majeure\/"]}]},{"@type":"BreadcrumbList","@id":"https:\/\/footdavant.fr\/actualites\/nouvelles-du-manager-de-chelsea-pep-guardiola-2-0-a-un-fort-interet-pour-le-poste-des-blues-malgre-une-preoccupation-majeure\/#breadcrumb","itemListElement":[{"@type":"ListItem","position":1,"name":"Accueil","item":"https:\/\/footdavant.fr\/actualites\/"},{"@type":"ListItem","position":2,"name":"Nouvelles du manager de Chelsea: Pep Guardiola 2.0 a un \u00ab fort int\u00e9r\u00eat \u00bb pour le poste des Blues malgr\u00e9 une pr\u00e9occupation majeure"}]},{"@type":"WebSite","@id":"https:\/\/footdavant.fr\/actualites\/#website","url":"https:\/\/footdavant.fr\/actualites\/","name":"Foot d'avant","description":"","publisher":{"@id":"https:\/\/footdavant.fr\/actualites\/#organization"},"potentialAction":[{"@type":"SearchAction","target":{"@type":"EntryPoint","urlTemplate":"https:\/\/footdavant.fr\/actualites\/?s={search_term_string}"},"query-input":"required name=search_term_string"}],"inLanguage":"fr-FR"},{"@type":"Organization","@id":"https:\/\/footdavant.fr\/actualites\/#organization","name":"Foot d'avant","url":"https:\/\/footdavant.fr\/actualites\/","logo":{"@type":"ImageObject","inLanguage":"fr-FR","@id":"https:\/\/footdavant.fr\/actualites\/#\/schema\/logo\/image\/","url":"https:\/\/footdavant.fr\/actualites\/wp-content\/uploads\/2023\/09\/Copy-of-FootDavant-Logo.png","contentUrl":"https:\/\/footdavant.fr\/actualites\/wp-content\/uploads\/2023\/09\/Copy-of-FootDavant-Logo.png","width":936,"height":549,"caption":"Foot d'avant"},"image":{"@id":"https:\/\/footdavant.fr\/actualites\/#\/schema\/logo\/image\/"},"sameAs":["https:\/\/www.facebook.com\/Footdavant\/","https:\/\/twitter.com\/FootdavantFr","https:\/\/www.instagram.com\/footdavant.fr\/"]},{"@type":"Person","@id":"https:\/\/footdavant.fr\/actualites\/#\/schema\/person\/bc222566d95871b37e597b3ed3ba5e1d","name":"Cl\u00e9ment","image":{"@type":"ImageObject","inLanguage":"fr-FR","@id":"https:\/\/footdavant.fr\/actualites\/#\/schema\/person\/image\/","url":"https:\/\/secure.gravatar.com\/avatar\/7728b29aac2719421e1a9159b2254c44?s=96&d=mm&r=g","contentUrl":"https:\/\/secure.gravatar.com\/avatar\/7728b29aac2719421e1a9159b2254c44?s=96&d=mm&r=g","caption":"Cl\u00e9ment"},"sameAs":["https:\/\/footdavant.fr\/"]}]}},"_links":{"self":[{"href":"https:\/\/footdavant.fr\/actualites\/wp-json\/wp\/v2\/posts\/37017"}],"collection":[{"href":"https:\/\/footdavant.fr\/actualites\/wp-json\/wp\/v2\/posts"}],"about":[{"href":"https:\/\/footdavant.fr\/actualites\/wp-json\/wp\/v2\/types\/post"}],"author":[{"embeddable":true,"href":"https:\/\/footdavant.fr\/actualites\/wp-json\/wp\/v2\/users\/1"}],"replies":[{"embeddable":true,"href":"https:\/\/footdavant.fr\/actualites\/wp-json\/wp\/v2\/comments?post=37017"}],"version-history":[{"count":1,"href":"https:\/\/footdavant.fr\/actualites\/wp-json\/wp\/v2\/posts\/37017\/revisions"}],"predecessor-version":[{"id":37019,"href":"https:\/\/footdavant.fr\/actualites\/wp-json\/wp\/v2\/posts\/37017\/revisions\/37019"}],"wp:featuredmedia":[{"embeddable":true,"href":"https:\/\/footdavant.fr\/actualites\/wp-json\/wp\/v2\/media\/37018"}],"wp:attachment":[{"href":"https:\/\/footdavant.fr\/actualites\/wp-json\/wp\/v2\/media?parent=37017"}],"wp:term":[{"taxonomy":"category","embeddable":true,"href":"https:\/\/footdavant.fr\/actualites\/wp-json\/wp\/v2\/categories?post=37017"},{"taxonomy":"post_tag","embeddable":true,"href":"https:\/\/footdavant.fr\/actualites\/wp-json\/wp\/v2\/tags?post=37017"}],"curies":[{"name":"wp","href":"https:\/\/api.w.org\/{rel}","templated":true}]}}