{"id":37020,"date":"2026-05-01T16:48:15","date_gmt":"2026-05-01T14:48:15","guid":{"rendered":"https:\/\/footdavant.fr\/actualites\/darlington-osuchukwu-le-gardien-de-united-va-demenager-en-espagne\/"},"modified":"2026-05-01T16:48:17","modified_gmt":"2026-05-01T14:48:17","slug":"darlington-osuchukwu-le-gardien-de-united-va-demenager-en-espagne","status":"publish","type":"post","link":"https:\/\/footdavant.fr\/actualites\/darlington-osuchukwu-le-gardien-de-united-va-demenager-en-espagne\/","title":{"rendered":"Darlington Osuchukwu : le gardien de United va d\u00e9m\u00e9nager en Espagne \u2013"},"content":{"rendered":"<div id=\"penci-post-entry-inner\">\n<p>\t\t\t<i class=\"penci-post-countview-number-check\" style=\"display:none\">3<\/i><\/p>\n<p>Manchester United fait r\u00e9guli\u00e8rement des descentes dans les clubs espagnols pour renforcer son acad\u00e9mie.<\/p>\n<p>Ces derniers temps, les Diables Rouges ont convaincu Alejandro Garnacho et \u00c1lvaro Carreras de quitter respectivement l&#39;Atletico Madrid et le Real Madrid pour Carrington. Les deux ne sont pas parvenus \u00e0 rester longtemps \u00e0 Manchester, mais ont aid\u00e9 United \u00e0 obtenir plus de 50 millions de livres sterling en frais de transfert.<\/p>\n<p>Les r\u00f4les semblent s\u2019\u00eatre invers\u00e9s, les clubs espagnols ciblant d\u00e9sormais les stars de l\u2019acad\u00e9mie United.<\/p>\n<h3>Darlington Osuchukwu s&#39;appr\u00eate \u00e0 d\u00e9m\u00e9nager en Espagne<\/h3>\n<p>Selon le journaliste Paddy Keogh, le gardien tr\u00e8s appr\u00e9ci\u00e9 Darlington Osuchukwu est sur le point de quitter Manchester United et le jeune devrait retourner en Espagne cet \u00e9t\u00e9.<\/p>\n<p>N\u00e9 \u00e0 Murcie, Osuchukwu, qui est un g\u00e9ant pour son \u00e2ge, est consid\u00e9r\u00e9 comme l&#39;un des espoirs les plus prometteurs dans les rangs de l&#39;acad\u00e9mie. Il a fait des progr\u00e8s constants dans la configuration depuis qu&#39;il a rejoint United en provenance du club espagnol de Gazte Berriak \u00e0 l&#39;\u00e2ge de 13 ans.<\/p>\n<p>Le joueur de 16 ans s&#39;est engag\u00e9 \u00e0 repr\u00e9senter l&#39;\u00e9quipe espagnole des moins de 17 ans malgr\u00e9 une certaine implication dans les \u00e9quipes de jeunes anglaises.<\/p>\n<p>\u00c0 United, il figure en bonne place chez les moins de 16 ans et a \u00e9galement \u00e9t\u00e9 nomm\u00e9 sur le banc des moins de 18 ans.<\/p>\n<p>L&#39;ann\u00e9e derni\u00e8re, The Peoples Person a relay\u00e9 un article affirmant que le Real Madrid \u00e9tait int\u00e9ress\u00e9 par Osuchukwu. Mais pour l\u2019heure, le nom de sa prochaine destination espagnole reste inconnu. <\/p>\n<p>Ses co\u00e9quipiers Jaume Camacho et Josep Camacho ont d\u00e9j\u00e0 partag\u00e9 des messages d&#39;adieu pour Osuchukwu. Sur Instagram, Camacho a post\u00e9 une photo du couple avec un message : \u00ab Fin d&#39;une \u00e9poque fr\u00e9rot, hasta pronto \u00bb.<\/p>\n<h3>Les puissances de la Liga poursuivent JJ \u200b\u200bGabriel<\/h3>\n<p>United doit \u00e9galement se battre pour conserver JJ Gabriel, qui est de loin le plus beau joyau de l&#39;acad\u00e9mie du club \u00e0 l&#39;heure actuelle.<\/p>\n<p>L&#39;ailier \u00e9lectrique aura 16 ans en octobre et d\u00e9tient un passeport irlandais gr\u00e2ce \u00e0 son p\u00e8re, l&#39;ancien international irlandais Joe O&#39;Cearuill. Cela fait de lui un \u00ab risque de fuite \u00bb potentiel pour United car il est autoris\u00e9 \u00e0 jouer dans l\u2019Union europ\u00e9enne \u00e0 partir de 16 ans.<\/p>\n<p>R\u00e9cemment, The Peoples Person a couvert un rapport sugg\u00e9rant que Barcelone et le Real Madrid \u00ab suivent de pr\u00e8s \u00bb la situation dans l\u2019espoir d\u2019attirer Gabriel en Espagne.<\/p>\n<\/p>\n<hr\/>\n<p>The Peoples Person est l&#39;un des principaux sites d&#39;information de Man United au monde depuis plus d&#39;une d\u00e9cennie. Suivez-nous sur Bluesky\u00a0: @peoplesperson.bsky.social<\/p>\n<p><!-- CONTENT END 2 --><\/p><\/div>\n<p><script async src=\"\/\/www.instagram.com\/embed.js\"><\/script><\/p>\n","protected":false},"excerpt":{"rendered":"<p>3 Manchester United fait r\u00e9guli\u00e8rement des descentes dans les clubs espagnols pour renforcer son acad\u00e9mie. Ces derniers temps, les Diables Rouges ont convaincu Alejandro Garnacho<\/p>\n","protected":false},"author":1,"featured_media":37021,"comment_status":"closed","ping_status":"","sticky":false,"template":"","format":"standard","meta":{"footnotes":""},"categories":[3],"tags":[11914,601,3976,1488,11915,13],"yoast_head":"<!-- This site is optimized with the Yoast SEO plugin v21.0 - https:\/\/yoast.com\/wordpress\/plugins\/seo\/ -->\n<title>Darlington Osuchukwu : le gardien de United va d\u00e9m\u00e9nager en Espagne \u2013<\/title>\n<meta name=\"robots\" content=\"index, follow, max-snippet:-1, max-image-preview:large, max-video-preview:-1\" \/>\n<link rel=\"canonical\" href=\"https:\/\/footdavant.fr\/actualites\/darlington-osuchukwu-le-gardien-de-united-va-demenager-en-espagne\/\" \/>\n<meta property=\"og:locale\" content=\"fr_FR\" \/>\n<meta property=\"og:type\" content=\"article\" \/>\n<meta property=\"og:title\" content=\"Darlington Osuchukwu : le gardien de United va d\u00e9m\u00e9nager en Espagne \u2013\" \/>\n<meta property=\"og:description\" content=\"3 Manchester United fait r\u00e9guli\u00e8rement des descentes dans les clubs espagnols pour renforcer son acad\u00e9mie. Ces derniers temps, les Diables Rouges ont convaincu Alejandro Garnacho\" \/>\n<meta property=\"og:url\" content=\"https:\/\/footdavant.fr\/actualites\/darlington-osuchukwu-le-gardien-de-united-va-demenager-en-espagne\/\" \/>\n<meta property=\"og:site_name\" content=\"Foot d&#039;avant\" \/>\n<meta property=\"article:publisher\" content=\"https:\/\/www.facebook.com\/Footdavant\/\" \/>\n<meta property=\"article:published_time\" content=\"2026-05-01T14:48:15+00:00\" \/>\n<meta property=\"article:modified_time\" content=\"2026-05-01T14:48:17+00:00\" \/>\n<meta property=\"og:image\" content=\"https:\/\/footdavant.fr\/actualites\/wp-content\/uploads\/2026\/05\/Darlington-Osuchukwu-le-gardien-de-United-va-demenager-en.jpg\" \/>\n\t<meta property=\"og:image:width\" content=\"1600\" \/>\n\t<meta property=\"og:image:height\" content=\"704\" \/>\n\t<meta property=\"og:image:type\" content=\"image\/jpeg\" \/>\n<meta name=\"author\" content=\"Cl\u00e9ment\" \/>\n<meta name=\"twitter:card\" content=\"summary_large_image\" \/>\n<meta name=\"twitter:creator\" content=\"@FootdavantFr\" \/>\n<meta name=\"twitter:site\" content=\"@FootdavantFr\" \/>\n<meta name=\"twitter:label1\" content=\"\u00c9crit par\" \/>\n\t<meta name=\"twitter:data1\" content=\"Cl\u00e9ment\" \/>\n\t<meta name=\"twitter:label2\" content=\"Dur\u00e9e de lecture estim\u00e9e\" \/>\n\t<meta name=\"twitter:data2\" content=\"2 minutes\" \/>\n<script type=\"application\/ld+json\" class=\"yoast-schema-graph\">{\"@context\":\"https:\/\/schema.org\",\"@graph\":[{\"@type\":\"Article\",\"@id\":\"https:\/\/footdavant.fr\/actualites\/darlington-osuchukwu-le-gardien-de-united-va-demenager-en-espagne\/#article\",\"isPartOf\":{\"@id\":\"https:\/\/footdavant.fr\/actualites\/darlington-osuchukwu-le-gardien-de-united-va-demenager-en-espagne\/\"},\"author\":{\"name\":\"Cl\u00e9ment\",\"@id\":\"https:\/\/footdavant.fr\/actualites\/#\/schema\/person\/bc222566d95871b37e597b3ed3ba5e1d\"},\"headline\":\"Darlington Osuchukwu : le gardien de United va d\u00e9m\u00e9nager en Espagne \u2013\",\"datePublished\":\"2026-05-01T14:48:15+00:00\",\"dateModified\":\"2026-05-01T14:48:17+00:00\",\"mainEntityOfPage\":{\"@id\":\"https:\/\/footdavant.fr\/actualites\/darlington-osuchukwu-le-gardien-de-united-va-demenager-en-espagne\/\"},\"wordCount\":460,\"publisher\":{\"@id\":\"https:\/\/footdavant.fr\/actualites\/#organization\"},\"keywords\":[\"Darlington\",\"d\u00e9m\u00e9nager\",\"Espagne\",\"gardien\",\"Osuchukwu\",\"United\"],\"articleSection\":[\"Football\"],\"inLanguage\":\"fr-FR\"},{\"@type\":\"WebPage\",\"@id\":\"https:\/\/footdavant.fr\/actualites\/darlington-osuchukwu-le-gardien-de-united-va-demenager-en-espagne\/\",\"url\":\"https:\/\/footdavant.fr\/actualites\/darlington-osuchukwu-le-gardien-de-united-va-demenager-en-espagne\/\",\"name\":\"Darlington Osuchukwu : le gardien de United va d\u00e9m\u00e9nager en Espagne \u2013\",\"isPartOf\":{\"@id\":\"https:\/\/footdavant.fr\/actualites\/#website\"},\"datePublished\":\"2026-05-01T14:48:15+00:00\",\"dateModified\":\"2026-05-01T14:48:17+00:00\",\"breadcrumb\":{\"@id\":\"https:\/\/footdavant.fr\/actualites\/darlington-osuchukwu-le-gardien-de-united-va-demenager-en-espagne\/#breadcrumb\"},\"inLanguage\":\"fr-FR\",\"potentialAction\":[{\"@type\":\"ReadAction\",\"target\":[\"https:\/\/footdavant.fr\/actualites\/darlington-osuchukwu-le-gardien-de-united-va-demenager-en-espagne\/\"]}]},{\"@type\":\"BreadcrumbList\",\"@id\":\"https:\/\/footdavant.fr\/actualites\/darlington-osuchukwu-le-gardien-de-united-va-demenager-en-espagne\/#breadcrumb\",\"itemListElement\":[{\"@type\":\"ListItem\",\"position\":1,\"name\":\"Accueil\",\"item\":\"https:\/\/footdavant.fr\/actualites\/\"},{\"@type\":\"ListItem\",\"position\":2,\"name\":\"Darlington Osuchukwu : le gardien de United va d\u00e9m\u00e9nager en Espagne \u2013\"}]},{\"@type\":\"WebSite\",\"@id\":\"https:\/\/footdavant.fr\/actualites\/#website\",\"url\":\"https:\/\/footdavant.fr\/actualites\/\",\"name\":\"Foot d'avant\",\"description\":\"\",\"publisher\":{\"@id\":\"https:\/\/footdavant.fr\/actualites\/#organization\"},\"potentialAction\":[{\"@type\":\"SearchAction\",\"target\":{\"@type\":\"EntryPoint\",\"urlTemplate\":\"https:\/\/footdavant.fr\/actualites\/?s={search_term_string}\"},\"query-input\":\"required name=search_term_string\"}],\"inLanguage\":\"fr-FR\"},{\"@type\":\"Organization\",\"@id\":\"https:\/\/footdavant.fr\/actualites\/#organization\",\"name\":\"Foot d'avant\",\"url\":\"https:\/\/footdavant.fr\/actualites\/\",\"logo\":{\"@type\":\"ImageObject\",\"inLanguage\":\"fr-FR\",\"@id\":\"https:\/\/footdavant.fr\/actualites\/#\/schema\/logo\/image\/\",\"url\":\"https:\/\/footdavant.fr\/actualites\/wp-content\/uploads\/2023\/09\/Copy-of-FootDavant-Logo.png\",\"contentUrl\":\"https:\/\/footdavant.fr\/actualites\/wp-content\/uploads\/2023\/09\/Copy-of-FootDavant-Logo.png\",\"width\":936,\"height\":549,\"caption\":\"Foot d'avant\"},\"image\":{\"@id\":\"https:\/\/footdavant.fr\/actualites\/#\/schema\/logo\/image\/\"},\"sameAs\":[\"https:\/\/www.facebook.com\/Footdavant\/\",\"https:\/\/twitter.com\/FootdavantFr\",\"https:\/\/www.instagram.com\/footdavant.fr\/\"]},{\"@type\":\"Person\",\"@id\":\"https:\/\/footdavant.fr\/actualites\/#\/schema\/person\/bc222566d95871b37e597b3ed3ba5e1d\",\"name\":\"Cl\u00e9ment\",\"image\":{\"@type\":\"ImageObject\",\"inLanguage\":\"fr-FR\",\"@id\":\"https:\/\/footdavant.fr\/actualites\/#\/schema\/person\/image\/\",\"url\":\"https:\/\/secure.gravatar.com\/avatar\/7728b29aac2719421e1a9159b2254c44?s=96&d=mm&r=g\",\"contentUrl\":\"https:\/\/secure.gravatar.com\/avatar\/7728b29aac2719421e1a9159b2254c44?s=96&d=mm&r=g\",\"caption\":\"Cl\u00e9ment\"},\"sameAs\":[\"https:\/\/footdavant.fr\/\"]}]}<\/script>\n<!-- \/ Yoast SEO plugin. -->","yoast_head_json":{"title":"Darlington Osuchukwu : le gardien de United va d\u00e9m\u00e9nager en Espagne \u2013","robots":{"index":"index","follow":"follow","max-snippet":"max-snippet:-1","max-image-preview":"max-image-preview:large","max-video-preview":"max-video-preview:-1"},"canonical":"https:\/\/footdavant.fr\/actualites\/darlington-osuchukwu-le-gardien-de-united-va-demenager-en-espagne\/","og_locale":"fr_FR","og_type":"article","og_title":"Darlington Osuchukwu : le gardien de United va d\u00e9m\u00e9nager en Espagne \u2013","og_description":"3 Manchester United fait r\u00e9guli\u00e8rement des descentes dans les clubs espagnols pour renforcer son acad\u00e9mie. Ces derniers temps, les Diables Rouges ont convaincu Alejandro Garnacho","og_url":"https:\/\/footdavant.fr\/actualites\/darlington-osuchukwu-le-gardien-de-united-va-demenager-en-espagne\/","og_site_name":"Foot d&#039;avant","article_publisher":"https:\/\/www.facebook.com\/Footdavant\/","article_published_time":"2026-05-01T14:48:15+00:00","article_modified_time":"2026-05-01T14:48:17+00:00","og_image":[{"width":1600,"height":704,"url":"https:\/\/footdavant.fr\/actualites\/wp-content\/uploads\/2026\/05\/Darlington-Osuchukwu-le-gardien-de-United-va-demenager-en.jpg","type":"image\/jpeg"}],"author":"Cl\u00e9ment","twitter_card":"summary_large_image","twitter_creator":"@FootdavantFr","twitter_site":"@FootdavantFr","twitter_misc":{"\u00c9crit par":"Cl\u00e9ment","Dur\u00e9e de lecture estim\u00e9e":"2 minutes"},"schema":{"@context":"https:\/\/schema.org","@graph":[{"@type":"Article","@id":"https:\/\/footdavant.fr\/actualites\/darlington-osuchukwu-le-gardien-de-united-va-demenager-en-espagne\/#article","isPartOf":{"@id":"https:\/\/footdavant.fr\/actualites\/darlington-osuchukwu-le-gardien-de-united-va-demenager-en-espagne\/"},"author":{"name":"Cl\u00e9ment","@id":"https:\/\/footdavant.fr\/actualites\/#\/schema\/person\/bc222566d95871b37e597b3ed3ba5e1d"},"headline":"Darlington Osuchukwu : le gardien de United va d\u00e9m\u00e9nager en Espagne \u2013","datePublished":"2026-05-01T14:48:15+00:00","dateModified":"2026-05-01T14:48:17+00:00","mainEntityOfPage":{"@id":"https:\/\/footdavant.fr\/actualites\/darlington-osuchukwu-le-gardien-de-united-va-demenager-en-espagne\/"},"wordCount":460,"publisher":{"@id":"https:\/\/footdavant.fr\/actualites\/#organization"},"keywords":["Darlington","d\u00e9m\u00e9nager","Espagne","gardien","Osuchukwu","United"],"articleSection":["Football"],"inLanguage":"fr-FR"},{"@type":"WebPage","@id":"https:\/\/footdavant.fr\/actualites\/darlington-osuchukwu-le-gardien-de-united-va-demenager-en-espagne\/","url":"https:\/\/footdavant.fr\/actualites\/darlington-osuchukwu-le-gardien-de-united-va-demenager-en-espagne\/","name":"Darlington Osuchukwu : le gardien de United va d\u00e9m\u00e9nager en Espagne \u2013","isPartOf":{"@id":"https:\/\/footdavant.fr\/actualites\/#website"},"datePublished":"2026-05-01T14:48:15+00:00","dateModified":"2026-05-01T14:48:17+00:00","breadcrumb":{"@id":"https:\/\/footdavant.fr\/actualites\/darlington-osuchukwu-le-gardien-de-united-va-demenager-en-espagne\/#breadcrumb"},"inLanguage":"fr-FR","potentialAction":[{"@type":"ReadAction","target":["https:\/\/footdavant.fr\/actualites\/darlington-osuchukwu-le-gardien-de-united-va-demenager-en-espagne\/"]}]},{"@type":"BreadcrumbList","@id":"https:\/\/footdavant.fr\/actualites\/darlington-osuchukwu-le-gardien-de-united-va-demenager-en-espagne\/#breadcrumb","itemListElement":[{"@type":"ListItem","position":1,"name":"Accueil","item":"https:\/\/footdavant.fr\/actualites\/"},{"@type":"ListItem","position":2,"name":"Darlington Osuchukwu : le gardien de United va d\u00e9m\u00e9nager en Espagne \u2013"}]},{"@type":"WebSite","@id":"https:\/\/footdavant.fr\/actualites\/#website","url":"https:\/\/footdavant.fr\/actualites\/","name":"Foot d'avant","description":"","publisher":{"@id":"https:\/\/footdavant.fr\/actualites\/#organization"},"potentialAction":[{"@type":"SearchAction","target":{"@type":"EntryPoint","urlTemplate":"https:\/\/footdavant.fr\/actualites\/?s={search_term_string}"},"query-input":"required name=search_term_string"}],"inLanguage":"fr-FR"},{"@type":"Organization","@id":"https:\/\/footdavant.fr\/actualites\/#organization","name":"Foot d'avant","url":"https:\/\/footdavant.fr\/actualites\/","logo":{"@type":"ImageObject","inLanguage":"fr-FR","@id":"https:\/\/footdavant.fr\/actualites\/#\/schema\/logo\/image\/","url":"https:\/\/footdavant.fr\/actualites\/wp-content\/uploads\/2023\/09\/Copy-of-FootDavant-Logo.png","contentUrl":"https:\/\/footdavant.fr\/actualites\/wp-content\/uploads\/2023\/09\/Copy-of-FootDavant-Logo.png","width":936,"height":549,"caption":"Foot d'avant"},"image":{"@id":"https:\/\/footdavant.fr\/actualites\/#\/schema\/logo\/image\/"},"sameAs":["https:\/\/www.facebook.com\/Footdavant\/","https:\/\/twitter.com\/FootdavantFr","https:\/\/www.instagram.com\/footdavant.fr\/"]},{"@type":"Person","@id":"https:\/\/footdavant.fr\/actualites\/#\/schema\/person\/bc222566d95871b37e597b3ed3ba5e1d","name":"Cl\u00e9ment","image":{"@type":"ImageObject","inLanguage":"fr-FR","@id":"https:\/\/footdavant.fr\/actualites\/#\/schema\/person\/image\/","url":"https:\/\/secure.gravatar.com\/avatar\/7728b29aac2719421e1a9159b2254c44?s=96&d=mm&r=g","contentUrl":"https:\/\/secure.gravatar.com\/avatar\/7728b29aac2719421e1a9159b2254c44?s=96&d=mm&r=g","caption":"Cl\u00e9ment"},"sameAs":["https:\/\/footdavant.fr\/"]}]}},"_links":{"self":[{"href":"https:\/\/footdavant.fr\/actualites\/wp-json\/wp\/v2\/posts\/37020"}],"collection":[{"href":"https:\/\/footdavant.fr\/actualites\/wp-json\/wp\/v2\/posts"}],"about":[{"href":"https:\/\/footdavant.fr\/actualites\/wp-json\/wp\/v2\/types\/post"}],"author":[{"embeddable":true,"href":"https:\/\/footdavant.fr\/actualites\/wp-json\/wp\/v2\/users\/1"}],"replies":[{"embeddable":true,"href":"https:\/\/footdavant.fr\/actualites\/wp-json\/wp\/v2\/comments?post=37020"}],"version-history":[{"count":1,"href":"https:\/\/footdavant.fr\/actualites\/wp-json\/wp\/v2\/posts\/37020\/revisions"}],"predecessor-version":[{"id":37022,"href":"https:\/\/footdavant.fr\/actualites\/wp-json\/wp\/v2\/posts\/37020\/revisions\/37022"}],"wp:featuredmedia":[{"embeddable":true,"href":"https:\/\/footdavant.fr\/actualites\/wp-json\/wp\/v2\/media\/37021"}],"wp:attachment":[{"href":"https:\/\/footdavant.fr\/actualites\/wp-json\/wp\/v2\/media?parent=37020"}],"wp:term":[{"taxonomy":"category","embeddable":true,"href":"https:\/\/footdavant.fr\/actualites\/wp-json\/wp\/v2\/categories?post=37020"},{"taxonomy":"post_tag","embeddable":true,"href":"https:\/\/footdavant.fr\/actualites\/wp-json\/wp\/v2\/tags?post=37020"}],"curies":[{"name":"wp","href":"https:\/\/api.w.org\/{rel}","templated":true}]}}