{"id":37025,"date":"2026-05-01T20:48:09","date_gmt":"2026-05-01T18:48:09","guid":{"rendered":"https:\/\/footdavant.fr\/actualites\/le-coup-final-mise-a-jour-des-dons-davril\/"},"modified":"2026-05-01T20:48:10","modified_gmt":"2026-05-01T18:48:10","slug":"le-coup-final-mise-a-jour-des-dons-davril","status":"publish","type":"post","link":"https:\/\/footdavant.fr\/actualites\/le-coup-final-mise-a-jour-des-dons-davril\/","title":{"rendered":"Le coup final + mise \u00e0 jour des dons d&#39;avril"},"content":{"rendered":"<div>\n<p>Bonjour \u00e0 tous.<\/p>\n<p>On a l&#39;impression qu&#39;on a \u00e0 peine le temps de respirer \u00e0 ce stade de la saison. Ce qui est logique quand on voit les statistiques circuler via l&#39;article de Sky Sports de Nick Wright sur la fa\u00e7on dont, avec 57 matchs \u00e0 notre actif cette saison\u2026 jusqu&#39;\u00e0 pr\u00e9sent\u2026 c&#39;est le meilleur de toutes les \u00e9quipes des ligues majeures europ\u00e9ennes. Pour \u00eatre honn\u00eate, l&#39;Atletico Madrid est deuxi\u00e8me avec 55, mais \u00e9tant donn\u00e9 sa position s\u00fbre dans les places de la Ligue des champions en Liga, ils pourraient affronter ce type sandwich contre Valence ce week-end. Nos gars devront se battre contre Fulham samedi soir.<\/p>\n<p>Au d\u00e9but de la saison, lorsque nous avons examin\u00e9 le recrutement et les joueurs recrut\u00e9s, la conclusion g\u00e9n\u00e9rale \u00e9tait qu&#39;Arsenal \u00e9tait en train de constituer une \u00e9quipe pour concourir activement sur quatre fronts. Et, malgr\u00e9 une grande anxi\u00e9t\u00e9 en ce moment, je pense que c\u2019est \u00e0 peu pr\u00e8s ce que nous avons fait. Nous sommes en t\u00eate de la Premier League, et ce, pendant la majeure partie de la saison ; nous sommes en demi-finale de la Ligue des Champions ; nous avons atteint la finale de la Coupe EFL et les quarts de finale de la FA Cup.<\/p>\n<p>C\u2019est, \u00e0 tous \u00e9gards, un c\u00f4t\u00e9 comp\u00e9titif. Il reste \u00e0 voir si c&#39;est comp\u00e9titif, mais j&#39;esp\u00e8re qu&#39;il y aura une derni\u00e8re pouss\u00e9e de ces gars pour nous faire franchir la ligne d&#39;arriv\u00e9e. Je pense qu&#39;une partie de l&#39;anxi\u00e9t\u00e9 que nous ressentons vient du fait que, quoi que l&#39;on pense de la construction de l&#39;\u00e9quipe et de certains individus qui la composent, tout le monde \u2013 \u00e0 moins d&#39;\u00eatre volontairement aveugle \u2013 peut reconna\u00eetre que ces joueurs n&#39;ont jamais, au grand jamais, \u00e9vit\u00e9 le travail acharn\u00e9. On a l\u2019impression que cela a \u00e9t\u00e9 un effort hercul\u00e9en. Nous m\u00e9langeons nos m\u00e9taphores mythologiques, Sisyphe poussant ce rocher vers le haut de la colline, et \u00e0 moins que nous ne le parvenions au sommet cette fois, vous craignez que nous n&#39;y parvenions jamais.<\/p>\n<p>Toute cette \u00e9nergie pour l&#39;approcher si pr\u00e8s, alors il faut recommencer par le bas ? Apr\u00e8s une Coupe du Monde ? Avec beaucoup de joueurs qui portent d\u00e9j\u00e0 des courbatures, des tensions, des ennuis et pire encore ? Je sais que c&#39;est du sport de haut niveau, mais je m&#39;inqui\u00e8te sinc\u00e8rement de l&#39;impact psychologique d&#39;une nouvelle deuxi\u00e8me place \u2013 pas seulement pour les supporters, mais aussi pour les joueurs et l&#39;entra\u00eeneur.<\/p>\n<p>C&#39;est aussi une question tr\u00e8s difficile, car vous voulez cr\u00e9er une culture gagnante, et je pense que c&#39;est important, mais vous pourriez vous demander si la progression dans les comp\u00e9titions de coupe a \u00e9t\u00e9 utile dans la poursuite des plus gros prix. Mais vous ne pouvez pas lancer de jeux, ce n\u2019est pas comme \u00e7a que vous faites. Une victoire finale de la Coupe Carabao aurait pu injecter de l&#39;\u00e9nergie gagnante, mais au lieu de cela, nous avions l&#39;impression que cela \u00e9puisait nos batteries exactement au mauvais moment.<\/p>\n<p>La r\u00e9ponse est-elle pour garantir un meilleur recrutement ? Pour des raisons que seul Mikel Arteta peut expliquer pleinement, Christian Norgaard a \u00e9t\u00e9 pratiquement inutilis\u00e9 en Premier League, et si nous avons \u00e0 juste titre quelques inqui\u00e9tudes concernant la fatigue ressentie par Martin Zubimendi et Declan Rice, il y a clairement un lien l\u00e0-bas. Si Norgaard \u00e9tait consid\u00e9r\u00e9 comme viable pour commencer les matchs et prendre des minutes, ils ne seraient pas aussi fatigu\u00e9s. Je ne pense pas que ce soit un \u00e9chec de professionnalisme, mais clairement un \u00e9chec de recrutement car nous avons fait venir un joueur dont les minutes en Premier League (56e) racontent toute l&#39;histoire.<\/p>\n<p>J&#39;ai vu des gens parler de le titulariser samedi contre Fulham pour laisser au repos l&#39;un des deux principaux, et oui, cela a du sens. Mais dans un match aussi cl\u00e9 \u00e0 ce stade de la saison alors que nous n\u2019avons jamais d\u00e9but\u00e9 en championnat, est-ce probable ? J&#39;ai des doutes, mais peut-\u00eatre que les besoins le doivent. Je pensais que les sous-marins de mercredi portaient \u00e9galement sur la pr\u00e9servation des minutes pour certains et des minutes utiles pour d&#39;autres. La r\u00e9alit\u00e9 est qu\u2019il nous reste quatre matches de Premier League et, esp\u00e9rons-le, deux autres en Europe. Six ann\u00e9es 90, plus les arr\u00eats de jeu, le rocher se rapprochant de plus en plus du sommet, nous allons avoir besoin de tout le monde sur le pont.<\/p>\n<p>Voyons ce que Mikel Arteta pourrait dire \u00e0 ce sujet lors de sa conf\u00e9rence de presse plus tard dans la journ\u00e9e. Entre-temps \u2026<\/p>\n<h4><span style=\"color: #cc0000;\">Arseblog Mise \u00e0 jour des dons d&#39;avril 2026<\/span><\/h4>\n<p>Comme vous le savez, chaque mois d&#39;avril depuis 2022, nous reversons 100 % de nos revenus Patreon (et un peu plus) \u00e0 de bonnes causes. Je suis convaincu que dans un monde o\u00f9 les in\u00e9galit\u00e9s grotesques en mati\u00e8re de richesse et de ressources n&#39;ont jamais \u00e9t\u00e9 aussi prononc\u00e9es, il incombe \u00e0 Arseblog, en tant qu&#39;organisation, de redonner quelque chose \u2013 parce que nous avons la chance d&#39;\u00eatre en mesure de le faire. Pour moi, ce serait une erreur de ne pas le faire.<\/p>\n<p>Voici donc la r\u00e9partition de ce que nous avons fait avec ces revenus d\u2019abonnement et les contributions de l\u2019\u00e9quipe cette ann\u00e9e.<\/p>\n<p>  \u00e0 la Fondation Arsenal pour soutenir la collecte de fonds en cours qui atteint d\u00e9sormais un niveau incroyable, d\u00e9pass\u00e9 cette ann\u00e9e seulement \u2013 \u200b\u200bhttps:\/\/www.justgiving.com\/page\/avp2026<\/p>\n<p>  \u00e0 Hugh&#39;s House (https:\/\/www.hughshouse.ie\/), une organisation caritative de Dublin qui offre un h\u00e9bergement gratuit aux familles d&#39;enfants malades dans toute l&#39;Irlande, pour leur permettre d&#39;\u00eatre \u00e0 proximit\u00e9 des h\u00f4pitaux et de ne pas supporter les co\u00fbts exorbitants des h\u00f4tels pendant que leurs enfants sont hospitalis\u00e9s et soign\u00e9s. Parfois, ces s\u00e9jours sont \u00e9galement de longue dur\u00e9e.<\/p>\n<p>  \u00e0 la Willow Foundation (https:\/\/www.willowfoundation.org.uk\/), l&#39;association caritative cr\u00e9\u00e9e par la l\u00e9gende d&#39;Arsenal Bob Wilson, qui propose des journ\u00e9es sp\u00e9ciales aux jeunes adultes gravement malades.<\/p>\n<p>  \u00e0 l&#39;UNICEF (https:\/\/www.unicef.ie\/), une organisation dont le travail en faveur des enfants du monde entier, qui souffrent de la guerre, de la violence, des d\u00e9placements, de la famine et bien plus encore, n&#39;a jamais \u00e9t\u00e9 aussi n\u00e9cessaire.<\/p>\n<p>  \u00e0 Madra (https:\/\/www.madra.ie\/), qui sauve, r\u00e9habilite et ram\u00e8ne les chiens ici en Irlande. S&#39;ils ne trouvent pas de foyer, ils donnent \u00e0 ces chiens un endroit o\u00f9 vivre pour toujours, ils n&#39;euthanasient jamais les chiens en bonne sant\u00e9, ce qui est une malheureuse r\u00e9alit\u00e9 de quelques kilos etc. Si vous lisez r\u00e9guli\u00e8rement, vous savez \u00e0 quel point j&#39;aime les chiens.<\/p>\n<p>Cela fait un total de pour ce mois-ci, et depuis que nous avons commenc\u00e9 en 2022, Arseblog a fait un don <span style=\"color: #008000;\"><\/span>  \u00e0 de bonnes causes \u2013 vous pouvez en trouver le d\u00e9tail et les b\u00e9n\u00e9ficiaires ici\u00a0: https:\/\/arseblog.com\/membership\/<\/p>\n<p>Rien de tout cela ne serait possible sans votre soutien continu sur Patreon. Cela nous permet non seulement de faire tout ce que nous faisons avec le site en termes de contenu, mais cela nous permet \u00e9galement de le faire, et pour moi, c&#39;est d\u00e9sormais devenu la pierre angulaire de la fa\u00e7on dont nous aimerions nous repr\u00e9senter dans le monde. M\u00eame si vous n&#39;\u00eates pas membre de Patreon, lire les blogs et les actualit\u00e9s, \u00e9couter les podcasts, etc. signifie que vous faites \u00e9galement partie de cette communaut\u00e9, et cela signifie beaucoup.<\/p>\n<p>Au nom de toute l&#39;\u00e9quipe d&#39;Arseblog, je tiens \u00e0 vous faire savoir \u00e0 quel point nous appr\u00e9cions votre soutien, et comment il nous permet de faire un peu de bien dans le monde fou dans lequel nous vivons actuellement.<\/p>\n<p>\u2764\ufe0f<\/p>\n<p>\u2014<\/p>\n<p>D&#39;accord, je vais le laisser l\u00e0 pour ce matin, mais pour un peu plus ce matin, la chronique de Tim est une lecture incontournable, il y a un Arsecast ci-dessous si vous n&#39;avez pas encore eu l&#39;occasion d&#39;\u00e9couter, et nous aurons un module de pr\u00e9visualisation de Fulham sur Patreon plus tard.<\/p>\n<p>Pour l\u2019instant, passez un bon moment, les amis.<\/p>\n<p><iframe loading=\"lazy\" src=\"https:\/\/embed.acast.com\/a1a58121-6fb4-43cf-8156-8d6df6fc312f\/69f33d9ead9857928920ce3b\" width=\"100%\" height=\"300px\" frameborder=\"0\"><\/iframe><\/p>\n<\/div>\n","protected":false},"excerpt":{"rendered":"<p>Bonjour \u00e0 tous. On a l&#39;impression qu&#39;on a \u00e0 peine le temps de respirer \u00e0 ce stade de la saison. Ce qui est logique quand<\/p>\n","protected":false},"author":1,"featured_media":37026,"comment_status":"closed","ping_status":"","sticky":false,"template":"","format":"standard","meta":{"footnotes":""},"categories":[3],"tags":[489,4414,12,11916,3454,328,327],"yoast_head":"<!-- This site is optimized with the Yoast SEO plugin v21.0 - https:\/\/yoast.com\/wordpress\/plugins\/seo\/ -->\n<title>Le coup final + mise \u00e0 jour des dons d&#039;avril<\/title>\n<meta name=\"robots\" content=\"index, follow, max-snippet:-1, max-image-preview:large, max-video-preview:-1\" \/>\n<link rel=\"canonical\" href=\"https:\/\/footdavant.fr\/actualites\/le-coup-final-mise-a-jour-des-dons-davril\/\" \/>\n<meta property=\"og:locale\" content=\"fr_FR\" \/>\n<meta property=\"og:type\" content=\"article\" \/>\n<meta property=\"og:title\" content=\"Le coup final + mise \u00e0 jour des dons d&#039;avril\" \/>\n<meta property=\"og:description\" content=\"Bonjour \u00e0 tous. On a l&#039;impression qu&#039;on a \u00e0 peine le temps de respirer \u00e0 ce stade de la saison. Ce qui est logique quand\" \/>\n<meta property=\"og:url\" content=\"https:\/\/footdavant.fr\/actualites\/le-coup-final-mise-a-jour-des-dons-davril\/\" \/>\n<meta property=\"og:site_name\" content=\"Foot d&#039;avant\" \/>\n<meta property=\"article:publisher\" content=\"https:\/\/www.facebook.com\/Footdavant\/\" \/>\n<meta property=\"article:published_time\" content=\"2026-05-01T18:48:09+00:00\" \/>\n<meta property=\"article:modified_time\" content=\"2026-05-01T18:48:10+00:00\" \/>\n<meta property=\"og:image\" content=\"https:\/\/footdavant.fr\/actualites\/wp-content\/uploads\/2026\/05\/Le-coup-final-mise-a-jour-des-dons-d39avril.jpg\" \/>\n\t<meta property=\"og:image:width\" content=\"1500\" \/>\n\t<meta property=\"og:image:height\" content=\"750\" \/>\n\t<meta property=\"og:image:type\" content=\"image\/jpeg\" \/>\n<meta name=\"author\" content=\"Cl\u00e9ment\" \/>\n<meta name=\"twitter:card\" content=\"summary_large_image\" \/>\n<meta name=\"twitter:creator\" content=\"@FootdavantFr\" \/>\n<meta name=\"twitter:site\" content=\"@FootdavantFr\" \/>\n<meta name=\"twitter:label1\" content=\"\u00c9crit par\" \/>\n\t<meta name=\"twitter:data1\" content=\"Cl\u00e9ment\" \/>\n\t<meta name=\"twitter:label2\" content=\"Dur\u00e9e de lecture estim\u00e9e\" \/>\n\t<meta name=\"twitter:data2\" content=\"7 minutes\" \/>\n<script type=\"application\/ld+json\" class=\"yoast-schema-graph\">{\"@context\":\"https:\/\/schema.org\",\"@graph\":[{\"@type\":\"Article\",\"@id\":\"https:\/\/footdavant.fr\/actualites\/le-coup-final-mise-a-jour-des-dons-davril\/#article\",\"isPartOf\":{\"@id\":\"https:\/\/footdavant.fr\/actualites\/le-coup-final-mise-a-jour-des-dons-davril\/\"},\"author\":{\"name\":\"Cl\u00e9ment\",\"@id\":\"https:\/\/footdavant.fr\/actualites\/#\/schema\/person\/bc222566d95871b37e597b3ed3ba5e1d\"},\"headline\":\"Le coup final + mise \u00e0 jour des dons d&#39;avril\",\"datePublished\":\"2026-05-01T18:48:09+00:00\",\"dateModified\":\"2026-05-01T18:48:10+00:00\",\"mainEntityOfPage\":{\"@id\":\"https:\/\/footdavant.fr\/actualites\/le-coup-final-mise-a-jour-des-dons-davril\/\"},\"wordCount\":1423,\"publisher\":{\"@id\":\"https:\/\/footdavant.fr\/actualites\/#organization\"},\"keywords\":[\"coup\",\"d39avril\",\"des\",\"dons\",\"final\",\"jour\",\"mise\"],\"articleSection\":[\"Football\"],\"inLanguage\":\"fr-FR\"},{\"@type\":\"WebPage\",\"@id\":\"https:\/\/footdavant.fr\/actualites\/le-coup-final-mise-a-jour-des-dons-davril\/\",\"url\":\"https:\/\/footdavant.fr\/actualites\/le-coup-final-mise-a-jour-des-dons-davril\/\",\"name\":\"Le coup final + mise \u00e0 jour des dons d&#39;avril\",\"isPartOf\":{\"@id\":\"https:\/\/footdavant.fr\/actualites\/#website\"},\"datePublished\":\"2026-05-01T18:48:09+00:00\",\"dateModified\":\"2026-05-01T18:48:10+00:00\",\"breadcrumb\":{\"@id\":\"https:\/\/footdavant.fr\/actualites\/le-coup-final-mise-a-jour-des-dons-davril\/#breadcrumb\"},\"inLanguage\":\"fr-FR\",\"potentialAction\":[{\"@type\":\"ReadAction\",\"target\":[\"https:\/\/footdavant.fr\/actualites\/le-coup-final-mise-a-jour-des-dons-davril\/\"]}]},{\"@type\":\"BreadcrumbList\",\"@id\":\"https:\/\/footdavant.fr\/actualites\/le-coup-final-mise-a-jour-des-dons-davril\/#breadcrumb\",\"itemListElement\":[{\"@type\":\"ListItem\",\"position\":1,\"name\":\"Accueil\",\"item\":\"https:\/\/footdavant.fr\/actualites\/\"},{\"@type\":\"ListItem\",\"position\":2,\"name\":\"Le coup final + mise \u00e0 jour des dons d&#39;avril\"}]},{\"@type\":\"WebSite\",\"@id\":\"https:\/\/footdavant.fr\/actualites\/#website\",\"url\":\"https:\/\/footdavant.fr\/actualites\/\",\"name\":\"Foot d'avant\",\"description\":\"\",\"publisher\":{\"@id\":\"https:\/\/footdavant.fr\/actualites\/#organization\"},\"potentialAction\":[{\"@type\":\"SearchAction\",\"target\":{\"@type\":\"EntryPoint\",\"urlTemplate\":\"https:\/\/footdavant.fr\/actualites\/?s={search_term_string}\"},\"query-input\":\"required name=search_term_string\"}],\"inLanguage\":\"fr-FR\"},{\"@type\":\"Organization\",\"@id\":\"https:\/\/footdavant.fr\/actualites\/#organization\",\"name\":\"Foot d'avant\",\"url\":\"https:\/\/footdavant.fr\/actualites\/\",\"logo\":{\"@type\":\"ImageObject\",\"inLanguage\":\"fr-FR\",\"@id\":\"https:\/\/footdavant.fr\/actualites\/#\/schema\/logo\/image\/\",\"url\":\"https:\/\/footdavant.fr\/actualites\/wp-content\/uploads\/2023\/09\/Copy-of-FootDavant-Logo.png\",\"contentUrl\":\"https:\/\/footdavant.fr\/actualites\/wp-content\/uploads\/2023\/09\/Copy-of-FootDavant-Logo.png\",\"width\":936,\"height\":549,\"caption\":\"Foot d'avant\"},\"image\":{\"@id\":\"https:\/\/footdavant.fr\/actualites\/#\/schema\/logo\/image\/\"},\"sameAs\":[\"https:\/\/www.facebook.com\/Footdavant\/\",\"https:\/\/twitter.com\/FootdavantFr\",\"https:\/\/www.instagram.com\/footdavant.fr\/\"]},{\"@type\":\"Person\",\"@id\":\"https:\/\/footdavant.fr\/actualites\/#\/schema\/person\/bc222566d95871b37e597b3ed3ba5e1d\",\"name\":\"Cl\u00e9ment\",\"image\":{\"@type\":\"ImageObject\",\"inLanguage\":\"fr-FR\",\"@id\":\"https:\/\/footdavant.fr\/actualites\/#\/schema\/person\/image\/\",\"url\":\"https:\/\/secure.gravatar.com\/avatar\/7728b29aac2719421e1a9159b2254c44?s=96&d=mm&r=g\",\"contentUrl\":\"https:\/\/secure.gravatar.com\/avatar\/7728b29aac2719421e1a9159b2254c44?s=96&d=mm&r=g\",\"caption\":\"Cl\u00e9ment\"},\"sameAs\":[\"https:\/\/footdavant.fr\/\"]}]}<\/script>\n<!-- \/ Yoast SEO plugin. -->","yoast_head_json":{"title":"Le coup final + mise \u00e0 jour des dons d&#39;avril","robots":{"index":"index","follow":"follow","max-snippet":"max-snippet:-1","max-image-preview":"max-image-preview:large","max-video-preview":"max-video-preview:-1"},"canonical":"https:\/\/footdavant.fr\/actualites\/le-coup-final-mise-a-jour-des-dons-davril\/","og_locale":"fr_FR","og_type":"article","og_title":"Le coup final + mise \u00e0 jour des dons d&#39;avril","og_description":"Bonjour \u00e0 tous. On a l&#39;impression qu&#39;on a \u00e0 peine le temps de respirer \u00e0 ce stade de la saison. Ce qui est logique quand","og_url":"https:\/\/footdavant.fr\/actualites\/le-coup-final-mise-a-jour-des-dons-davril\/","og_site_name":"Foot d&#039;avant","article_publisher":"https:\/\/www.facebook.com\/Footdavant\/","article_published_time":"2026-05-01T18:48:09+00:00","article_modified_time":"2026-05-01T18:48:10+00:00","og_image":[{"width":1500,"height":750,"url":"https:\/\/footdavant.fr\/actualites\/wp-content\/uploads\/2026\/05\/Le-coup-final-mise-a-jour-des-dons-d39avril.jpg","type":"image\/jpeg"}],"author":"Cl\u00e9ment","twitter_card":"summary_large_image","twitter_creator":"@FootdavantFr","twitter_site":"@FootdavantFr","twitter_misc":{"\u00c9crit par":"Cl\u00e9ment","Dur\u00e9e de lecture estim\u00e9e":"7 minutes"},"schema":{"@context":"https:\/\/schema.org","@graph":[{"@type":"Article","@id":"https:\/\/footdavant.fr\/actualites\/le-coup-final-mise-a-jour-des-dons-davril\/#article","isPartOf":{"@id":"https:\/\/footdavant.fr\/actualites\/le-coup-final-mise-a-jour-des-dons-davril\/"},"author":{"name":"Cl\u00e9ment","@id":"https:\/\/footdavant.fr\/actualites\/#\/schema\/person\/bc222566d95871b37e597b3ed3ba5e1d"},"headline":"Le coup final + mise \u00e0 jour des dons d&#39;avril","datePublished":"2026-05-01T18:48:09+00:00","dateModified":"2026-05-01T18:48:10+00:00","mainEntityOfPage":{"@id":"https:\/\/footdavant.fr\/actualites\/le-coup-final-mise-a-jour-des-dons-davril\/"},"wordCount":1423,"publisher":{"@id":"https:\/\/footdavant.fr\/actualites\/#organization"},"keywords":["coup","d39avril","des","dons","final","jour","mise"],"articleSection":["Football"],"inLanguage":"fr-FR"},{"@type":"WebPage","@id":"https:\/\/footdavant.fr\/actualites\/le-coup-final-mise-a-jour-des-dons-davril\/","url":"https:\/\/footdavant.fr\/actualites\/le-coup-final-mise-a-jour-des-dons-davril\/","name":"Le coup final + mise \u00e0 jour des dons d&#39;avril","isPartOf":{"@id":"https:\/\/footdavant.fr\/actualites\/#website"},"datePublished":"2026-05-01T18:48:09+00:00","dateModified":"2026-05-01T18:48:10+00:00","breadcrumb":{"@id":"https:\/\/footdavant.fr\/actualites\/le-coup-final-mise-a-jour-des-dons-davril\/#breadcrumb"},"inLanguage":"fr-FR","potentialAction":[{"@type":"ReadAction","target":["https:\/\/footdavant.fr\/actualites\/le-coup-final-mise-a-jour-des-dons-davril\/"]}]},{"@type":"BreadcrumbList","@id":"https:\/\/footdavant.fr\/actualites\/le-coup-final-mise-a-jour-des-dons-davril\/#breadcrumb","itemListElement":[{"@type":"ListItem","position":1,"name":"Accueil","item":"https:\/\/footdavant.fr\/actualites\/"},{"@type":"ListItem","position":2,"name":"Le coup final + mise \u00e0 jour des dons d&#39;avril"}]},{"@type":"WebSite","@id":"https:\/\/footdavant.fr\/actualites\/#website","url":"https:\/\/footdavant.fr\/actualites\/","name":"Foot d'avant","description":"","publisher":{"@id":"https:\/\/footdavant.fr\/actualites\/#organization"},"potentialAction":[{"@type":"SearchAction","target":{"@type":"EntryPoint","urlTemplate":"https:\/\/footdavant.fr\/actualites\/?s={search_term_string}"},"query-input":"required name=search_term_string"}],"inLanguage":"fr-FR"},{"@type":"Organization","@id":"https:\/\/footdavant.fr\/actualites\/#organization","name":"Foot d'avant","url":"https:\/\/footdavant.fr\/actualites\/","logo":{"@type":"ImageObject","inLanguage":"fr-FR","@id":"https:\/\/footdavant.fr\/actualites\/#\/schema\/logo\/image\/","url":"https:\/\/footdavant.fr\/actualites\/wp-content\/uploads\/2023\/09\/Copy-of-FootDavant-Logo.png","contentUrl":"https:\/\/footdavant.fr\/actualites\/wp-content\/uploads\/2023\/09\/Copy-of-FootDavant-Logo.png","width":936,"height":549,"caption":"Foot d'avant"},"image":{"@id":"https:\/\/footdavant.fr\/actualites\/#\/schema\/logo\/image\/"},"sameAs":["https:\/\/www.facebook.com\/Footdavant\/","https:\/\/twitter.com\/FootdavantFr","https:\/\/www.instagram.com\/footdavant.fr\/"]},{"@type":"Person","@id":"https:\/\/footdavant.fr\/actualites\/#\/schema\/person\/bc222566d95871b37e597b3ed3ba5e1d","name":"Cl\u00e9ment","image":{"@type":"ImageObject","inLanguage":"fr-FR","@id":"https:\/\/footdavant.fr\/actualites\/#\/schema\/person\/image\/","url":"https:\/\/secure.gravatar.com\/avatar\/7728b29aac2719421e1a9159b2254c44?s=96&d=mm&r=g","contentUrl":"https:\/\/secure.gravatar.com\/avatar\/7728b29aac2719421e1a9159b2254c44?s=96&d=mm&r=g","caption":"Cl\u00e9ment"},"sameAs":["https:\/\/footdavant.fr\/"]}]}},"_links":{"self":[{"href":"https:\/\/footdavant.fr\/actualites\/wp-json\/wp\/v2\/posts\/37025"}],"collection":[{"href":"https:\/\/footdavant.fr\/actualites\/wp-json\/wp\/v2\/posts"}],"about":[{"href":"https:\/\/footdavant.fr\/actualites\/wp-json\/wp\/v2\/types\/post"}],"author":[{"embeddable":true,"href":"https:\/\/footdavant.fr\/actualites\/wp-json\/wp\/v2\/users\/1"}],"replies":[{"embeddable":true,"href":"https:\/\/footdavant.fr\/actualites\/wp-json\/wp\/v2\/comments?post=37025"}],"version-history":[{"count":1,"href":"https:\/\/footdavant.fr\/actualites\/wp-json\/wp\/v2\/posts\/37025\/revisions"}],"predecessor-version":[{"id":37027,"href":"https:\/\/footdavant.fr\/actualites\/wp-json\/wp\/v2\/posts\/37025\/revisions\/37027"}],"wp:featuredmedia":[{"embeddable":true,"href":"https:\/\/footdavant.fr\/actualites\/wp-json\/wp\/v2\/media\/37026"}],"wp:attachment":[{"href":"https:\/\/footdavant.fr\/actualites\/wp-json\/wp\/v2\/media?parent=37025"}],"wp:term":[{"taxonomy":"category","embeddable":true,"href":"https:\/\/footdavant.fr\/actualites\/wp-json\/wp\/v2\/categories?post=37025"},{"taxonomy":"post_tag","embeddable":true,"href":"https:\/\/footdavant.fr\/actualites\/wp-json\/wp\/v2\/tags?post=37025"}],"curies":[{"name":"wp","href":"https:\/\/api.w.org\/{rel}","templated":true}]}}