{"id":37031,"date":"2026-05-02T00:48:33","date_gmt":"2026-05-01T22:48:33","guid":{"rendered":"https:\/\/footdavant.fr\/actualites\/ce-que-jacobs-entend-maintenant-a-propos-de-liverpool-et-adam-wharton\/"},"modified":"2026-05-02T00:48:36","modified_gmt":"2026-05-01T22:48:36","slug":"ce-que-jacobs-entend-maintenant-a-propos-de-liverpool-et-adam-wharton","status":"publish","type":"post","link":"https:\/\/footdavant.fr\/actualites\/ce-que-jacobs-entend-maintenant-a-propos-de-liverpool-et-adam-wharton\/","title":{"rendered":"Ce que Jacobs entend maintenant \u00e0 propos de Liverpool et Adam Wharton"},"content":{"rendered":"<div id=\"article-body\">\n<!-- Article Start --><\/p>\n<p>Le milieu de terrain de Crystal Palace serait sur le radar des Reds depuis plusieurs ann\u00e9es, le club suivant l&#39;international anglais depuis ses ann\u00e9es avec les Blackburn Rovers.<\/p>\n<hr\/>\n<p><b><i>T\u00c9L\u00c9CHARGEZ L&#39;APPLICATION OFFICIELLE EMPIRE OF KOP POUR TOUTES LES DERNI\u00c8RES MISES \u00c0 JOUR \u2013 DIRECTEMENT SUR VOTRE T\u00c9L\u00c9PHONE\u00a0! SUR APPLE ET GOOGLE PLAY<\/i><\/b><\/p>\n<hr\/>\n<p>Cela survient au milieu de suggestions selon lesquelles plusieurs stars de Liverpool, dont Curtis Jones, pourraient \u00eatre mises en vente pour aider \u00e0 financer une autre fen\u00eatre de transfert estivale co\u00fbteuse.<\/p>\n<h2>Adam Wharton pourrait signer \u00e0 Liverpool cet \u00e9t\u00e9<\/h2>\n<p>Ben Jacobs a saut\u00e9 sur X (anciennement Twitter) vendredi apr\u00e8s-midi pour confirmer l&#39;int\u00e9r\u00eat continu des Merseysiders pour le joueur de 22 ans.<\/p>\n<p>Avec Alexis Mac Allister et Jones potentiellement sur le billot, les hommes d&#39;Arne Slot devront peut-\u00eatre puiser dans le march\u00e9 pour reconstituer leurs effectifs au milieu de terrain.<\/p>\n<blockquote class=\"twitter-lazy tweet-qt lazyload\" data-width=\"500\" data-dnt=\"true\">\n<p lang=\"en\" dir=\"ltr\">Comme indiqu\u00e9 la semaine derni\u00e8re sur <a rel=\"nofollow\" href=\"https:\/\/twitter.com\/talkSPORT?ref_src=twsrc%5Etfw\">@talkSPORT<\/a>Adam Wharton une option pour Liverpool.\u2b07\ufe0f https:\/\/t.co\/MT0Ab6242a<\/p>\n<p>\u2013 Ben Jacobs (@JacobsBen) <a rel=\"nofollow\" href=\"https:\/\/twitter.com\/JacobsBen\/status\/2050188947905491333?ref_src=twsrc%5Etfw\">1 mai 2026<\/a><\/p>\n<\/blockquote>\n<p>Cependant, l\u2019essentiel pour Liverpool, en ce qui concerne Empire of the Kop, est de garantir que nous avons une id\u00e9e claire de la composition de notre milieu de terrain pour la saison 2026\/27.<\/p>\n<p>La prochaine \u00e9tape la plus logique consiste \u00e0 faire de Florian Wirtz votre num\u00e9ro 10 derri\u00e8re un rang de trois attaquants. Une fois que nous avons \u00e9tabli cela, nous savons que nous envisageons potentiellement un double pivot derri\u00e8re l\u2019international allemand.<\/p>\n<p>Et au moins une de ces deux options doit \u00eatre un \u00ab combattant \u00bb capable de gagner des duels tout en \u00e9tant \u00e0 l\u2019aise avec le ballon.<\/p>\n<p>Wharton correspond-il \u00e0 ce projet particulier ?<\/p>\n<h2>Que disent les statistiques sur Wharton \u00e0 Crystal Palace ?<\/h2>\n<p>Pour Jeremain Pennant, le choix est simple. Wharton ou Elliott Anderson devraient \u00eatre en t\u00eate de liste de Liverpool pour occuper la sixi\u00e8me place.<\/p>\n<p>Maintenant, nous ne nous voyons pas vraiment d\u00e9bourser les quelque 100 millions de livres sterling que Nottingham Forest souhaite pour le joueur de 23 ans. Il ne reste donc que son homologue de Crystal Palace \u2013 qui serait \u00e9valu\u00e9 \u00e0 70 millions de livres sterling (Football 365). C\u2019est un chiffre sur lequel Liverpool peut moins se plaindre.<\/p>\n<p>Maintenant, statistiquement parlant, nous pouvons voir pourquoi Adam Wharton a attir\u00e9 l&#39;attention \u00e0 Anfield.<\/p>\n<table style=\"border-collapse: collapse; width: 100%; height: 168px;\">\n<thead>\n<tr style=\"height: 24px;\">\n<td style=\"width: 50%; height: 24px;\"><\/td>\n<td style=\"width: 50%; height: 24px;\"><\/td>\n<\/tr>\n<\/thead>\n<tbody>\n<tr style=\"height: 24px;\">\n<td style=\"width: 50%; height: 24px;\">0,25xA<\/td>\n<td style=\"width: 50%; height: 24px;\">95\u00e8me<\/td>\n<\/tr>\n<tr style=\"height: 24px;\">\n<td style=\"width: 50%; height: 24px;\">1,38 occasions cr\u00e9\u00e9es<\/td>\n<td style=\"width: 50%; height: 24px;\">78e<\/td>\n<\/tr>\n<tr style=\"height: 24px;\">\n<td style=\"width: 50%; height: 24px;\">0,51 grosses chances cr\u00e9\u00e9es<\/td>\n<td style=\"width: 50%; height: 24px;\">96\u00e8me<\/td>\n<\/tr>\n<tr style=\"height: 24px;\">\n<td style=\"width: 50%; height: 24px;\">5.5 r\u00e9cup\u00e9rations<\/td>\n<td style=\"width: 50%; height: 24px;\">77e<\/td>\n<\/tr>\n<tr style=\"height: 24px;\">\n<td style=\"width: 50%; height: 24px;\">0,5 possession gagn\u00e9e dans le dernier tiers<\/td>\n<td style=\"width: 50%; height: 24px;\">73e<\/td>\n<\/tr>\n<\/tbody>\n<\/table>\n<p>Il est clairement l\u2019un des milieux de terrain les plus cr\u00e9atifs de la Premier League \u00e0 l\u2019heure actuelle.<\/p>\n<p>La grande pr\u00e9occupation pour nous, cependant, c&#39;est ce que l&#39;Anglais propose le ballon. Nous ne sommes pas n\u00e9cessairement g\u00ean\u00e9s par ses contributions d\u00e9fensives limit\u00e9es (10,49 pour 90, se classant dans le 56e percentile).<\/p>\n<p><iframe loading=\"lazy\" title=\"These Adam Wharton Passes Are Unreal \ud83e\udd2f\" width=\"1200\" height=\"675\" src=\"https:\/\/www.youtube.com\/embed\/y2kAUy6hmHE?feature=oembed\" frameborder=\"0\" allow=\"accelerometer; autoplay; clipboard-write; encrypted-media; gyroscope; picture-in-picture; web-share\" referrerpolicy=\"strict-origin-when-cross-origin\" allowfullscreen><\/iframe><\/p>\n<p>Mais il devrait y avoir un sourcil ou deux hauss\u00e9 devant son pourcentage limit\u00e9 de duels gagn\u00e9s (49,6% pour 90, se classant dans le 33e percentile).<\/p>\n<p>Id\u00e9alement, Liverpool a besoin d\u2019un joueur capable de faire les deux \u00e0 un niveau plus que comp\u00e9tent.<\/p>\n<p>Bien s\u00fbr, si nous perdons Jones et Mac Allister cet \u00e9t\u00e9, nous pourrions consid\u00e9rer qu\u2019il s\u2019agit d\u2019un transfert qui se d\u00e9roulera assez rapidement avant la Coupe du monde.<\/p>\n<section class=\"more-stories std-mgn-b\">&#13;<\/p>\n<div class=\"row\">\n<header class=\"col-s-12 std-mgn-t\">Plus d&#39;histoires \/ <span class=\"topic\">Derni\u00e8res nouvelles<\/span><\/header>\n<div class=\"post-container col-s-4\">\n<p>\t\t\t&#13;<\/p>\n<div class=\"img-cntr\"><picture><source type=\"image\/webp\" data- data-><\/source><\/picture><\/div>\n<\/p><\/div>\n<div class=\"post-container col-s-4\">\n<p>\t\t\t&#13;<\/p>\n<div class=\"img-cntr\"><picture><source type=\"image\/webp\" data- data-><img decoding=\"async\" loading=\"lazy\" width=\"1440\" height=\"810\" src=\"https:\/\/footdavant.fr\/actualites\/wp-content\/uploads\/2026\/05\/1777675713_452_Ce-que-Jacobs-entend-maintenant-a-propos-de-Liverpool-et.jpg\" class=\"lazyload wp-image-286930 has-webp lazyload\" alt=\"L&#39;entra\u00eeneur-chef de Liverpool, Arne Slot, pince les l\u00e8vres \u00e0 c\u00f4t\u00e9 du microphone de Sky Sports.\"  data-\/><\/source><\/picture><\/div>\n<\/p><\/div>\n<div class=\"post-container col-s-4\">\n<p>\t\t\t&#13;<\/p>\n<div class=\"img-cntr\"><picture><source type=\"image\/webp\" data- data-><img decoding=\"async\" loading=\"lazy\" width=\"1200\" height=\"675\" src=\"https:\/\/footdavant.fr\/actualites\/wp-content\/uploads\/2026\/05\/1777675713_229_Ce-que-Jacobs-entend-maintenant-a-propos-de-Liverpool-et.jpg\" class=\"lazyload wp-image-286927 has-webp lazyload\" alt=\"Vue g\u00e9n\u00e9rale \u00e0 l&#39;ext\u00e9rieur du stade avant le match aller des quarts de finale de l&#39;UEFA Women&#39;s Champions League 2025\/26 entre le Manchester United FC et le FC Bayern M\u00fcnchen \u00e0 Old Trafford\"  data-\/><\/source><\/picture><\/div>\n<\/p><\/div>\n<\/p><\/div>\n<p>&#13;<br \/>\n<\/section>\n<p><!-- Article End -->\t\t\t\t<\/div>\n<p><script async src=\"https:\/\/platform.twitter.com\/widgets.js\" charset=\"utf-8\"><\/script><\/p>\n","protected":false},"excerpt":{"rendered":"<p>Le milieu de terrain de Crystal Palace serait sur le radar des Reds depuis plusieurs ann\u00e9es, le club suivant l&#39;international anglais depuis ses ann\u00e9es avec<\/p>\n","protected":false},"author":1,"featured_media":37032,"comment_status":"closed","ping_status":"","sticky":false,"template":"","format":"standard","meta":{"footnotes":""},"categories":[3],"tags":[2688,4202,5605,53,579,3148,5312],"yoast_head":"<!-- This site is optimized with the Yoast SEO plugin v21.0 - https:\/\/yoast.com\/wordpress\/plugins\/seo\/ -->\n<title>Ce que Jacobs entend maintenant \u00e0 propos de Liverpool et Adam Wharton<\/title>\n<meta name=\"robots\" content=\"index, follow, max-snippet:-1, max-image-preview:large, max-video-preview:-1\" \/>\n<link rel=\"canonical\" href=\"https:\/\/footdavant.fr\/actualites\/ce-que-jacobs-entend-maintenant-a-propos-de-liverpool-et-adam-wharton\/\" \/>\n<meta property=\"og:locale\" content=\"fr_FR\" \/>\n<meta property=\"og:type\" content=\"article\" \/>\n<meta property=\"og:title\" content=\"Ce que Jacobs entend maintenant \u00e0 propos de Liverpool et Adam Wharton\" \/>\n<meta property=\"og:description\" content=\"Le milieu de terrain de Crystal Palace serait sur le radar des Reds depuis plusieurs ann\u00e9es, le club suivant l&#039;international anglais depuis ses ann\u00e9es avec\" \/>\n<meta property=\"og:url\" content=\"https:\/\/footdavant.fr\/actualites\/ce-que-jacobs-entend-maintenant-a-propos-de-liverpool-et-adam-wharton\/\" \/>\n<meta property=\"og:site_name\" content=\"Foot d&#039;avant\" \/>\n<meta property=\"article:publisher\" content=\"https:\/\/www.facebook.com\/Footdavant\/\" \/>\n<meta property=\"article:published_time\" content=\"2026-05-01T22:48:33+00:00\" \/>\n<meta property=\"article:modified_time\" content=\"2026-05-01T22:48:36+00:00\" \/>\n<meta property=\"og:image\" content=\"https:\/\/footdavant.fr\/actualites\/wp-content\/uploads\/2026\/05\/1777675714_Ce-que-Jacobs-entend-maintenant-a-propos-de-Liverpool-et.jpg\" \/>\n\t<meta property=\"og:image:width\" content=\"1680\" \/>\n\t<meta property=\"og:image:height\" content=\"945\" \/>\n\t<meta property=\"og:image:type\" content=\"image\/jpeg\" \/>\n<meta name=\"author\" content=\"Cl\u00e9ment\" \/>\n<meta name=\"twitter:card\" content=\"summary_large_image\" \/>\n<meta name=\"twitter:creator\" content=\"@FootdavantFr\" \/>\n<meta name=\"twitter:site\" content=\"@FootdavantFr\" \/>\n<meta name=\"twitter:label1\" content=\"\u00c9crit par\" \/>\n\t<meta name=\"twitter:data1\" content=\"Cl\u00e9ment\" \/>\n\t<meta name=\"twitter:label2\" content=\"Dur\u00e9e de lecture estim\u00e9e\" \/>\n\t<meta name=\"twitter:data2\" content=\"3 minutes\" \/>\n<script type=\"application\/ld+json\" class=\"yoast-schema-graph\">{\"@context\":\"https:\/\/schema.org\",\"@graph\":[{\"@type\":\"Article\",\"@id\":\"https:\/\/footdavant.fr\/actualites\/ce-que-jacobs-entend-maintenant-a-propos-de-liverpool-et-adam-wharton\/#article\",\"isPartOf\":{\"@id\":\"https:\/\/footdavant.fr\/actualites\/ce-que-jacobs-entend-maintenant-a-propos-de-liverpool-et-adam-wharton\/\"},\"author\":{\"name\":\"Cl\u00e9ment\",\"@id\":\"https:\/\/footdavant.fr\/actualites\/#\/schema\/person\/bc222566d95871b37e597b3ed3ba5e1d\"},\"headline\":\"Ce que Jacobs entend maintenant \u00e0 propos de Liverpool et Adam Wharton\",\"datePublished\":\"2026-05-01T22:48:33+00:00\",\"dateModified\":\"2026-05-01T22:48:36+00:00\",\"mainEntityOfPage\":{\"@id\":\"https:\/\/footdavant.fr\/actualites\/ce-que-jacobs-entend-maintenant-a-propos-de-liverpool-et-adam-wharton\/\"},\"wordCount\":570,\"publisher\":{\"@id\":\"https:\/\/footdavant.fr\/actualites\/#organization\"},\"keywords\":[\"Adam\",\"entend\",\"Jacobs\",\"Liverpool\",\"maintenant\",\"propos\",\"Wharton\"],\"articleSection\":[\"Football\"],\"inLanguage\":\"fr-FR\"},{\"@type\":\"WebPage\",\"@id\":\"https:\/\/footdavant.fr\/actualites\/ce-que-jacobs-entend-maintenant-a-propos-de-liverpool-et-adam-wharton\/\",\"url\":\"https:\/\/footdavant.fr\/actualites\/ce-que-jacobs-entend-maintenant-a-propos-de-liverpool-et-adam-wharton\/\",\"name\":\"Ce que Jacobs entend maintenant \u00e0 propos de Liverpool et Adam Wharton\",\"isPartOf\":{\"@id\":\"https:\/\/footdavant.fr\/actualites\/#website\"},\"datePublished\":\"2026-05-01T22:48:33+00:00\",\"dateModified\":\"2026-05-01T22:48:36+00:00\",\"breadcrumb\":{\"@id\":\"https:\/\/footdavant.fr\/actualites\/ce-que-jacobs-entend-maintenant-a-propos-de-liverpool-et-adam-wharton\/#breadcrumb\"},\"inLanguage\":\"fr-FR\",\"potentialAction\":[{\"@type\":\"ReadAction\",\"target\":[\"https:\/\/footdavant.fr\/actualites\/ce-que-jacobs-entend-maintenant-a-propos-de-liverpool-et-adam-wharton\/\"]}]},{\"@type\":\"BreadcrumbList\",\"@id\":\"https:\/\/footdavant.fr\/actualites\/ce-que-jacobs-entend-maintenant-a-propos-de-liverpool-et-adam-wharton\/#breadcrumb\",\"itemListElement\":[{\"@type\":\"ListItem\",\"position\":1,\"name\":\"Accueil\",\"item\":\"https:\/\/footdavant.fr\/actualites\/\"},{\"@type\":\"ListItem\",\"position\":2,\"name\":\"Ce que Jacobs entend maintenant \u00e0 propos de Liverpool et Adam Wharton\"}]},{\"@type\":\"WebSite\",\"@id\":\"https:\/\/footdavant.fr\/actualites\/#website\",\"url\":\"https:\/\/footdavant.fr\/actualites\/\",\"name\":\"Foot d'avant\",\"description\":\"\",\"publisher\":{\"@id\":\"https:\/\/footdavant.fr\/actualites\/#organization\"},\"potentialAction\":[{\"@type\":\"SearchAction\",\"target\":{\"@type\":\"EntryPoint\",\"urlTemplate\":\"https:\/\/footdavant.fr\/actualites\/?s={search_term_string}\"},\"query-input\":\"required name=search_term_string\"}],\"inLanguage\":\"fr-FR\"},{\"@type\":\"Organization\",\"@id\":\"https:\/\/footdavant.fr\/actualites\/#organization\",\"name\":\"Foot d'avant\",\"url\":\"https:\/\/footdavant.fr\/actualites\/\",\"logo\":{\"@type\":\"ImageObject\",\"inLanguage\":\"fr-FR\",\"@id\":\"https:\/\/footdavant.fr\/actualites\/#\/schema\/logo\/image\/\",\"url\":\"https:\/\/footdavant.fr\/actualites\/wp-content\/uploads\/2023\/09\/Copy-of-FootDavant-Logo.png\",\"contentUrl\":\"https:\/\/footdavant.fr\/actualites\/wp-content\/uploads\/2023\/09\/Copy-of-FootDavant-Logo.png\",\"width\":936,\"height\":549,\"caption\":\"Foot d'avant\"},\"image\":{\"@id\":\"https:\/\/footdavant.fr\/actualites\/#\/schema\/logo\/image\/\"},\"sameAs\":[\"https:\/\/www.facebook.com\/Footdavant\/\",\"https:\/\/twitter.com\/FootdavantFr\",\"https:\/\/www.instagram.com\/footdavant.fr\/\"]},{\"@type\":\"Person\",\"@id\":\"https:\/\/footdavant.fr\/actualites\/#\/schema\/person\/bc222566d95871b37e597b3ed3ba5e1d\",\"name\":\"Cl\u00e9ment\",\"image\":{\"@type\":\"ImageObject\",\"inLanguage\":\"fr-FR\",\"@id\":\"https:\/\/footdavant.fr\/actualites\/#\/schema\/person\/image\/\",\"url\":\"https:\/\/secure.gravatar.com\/avatar\/7728b29aac2719421e1a9159b2254c44?s=96&d=mm&r=g\",\"contentUrl\":\"https:\/\/secure.gravatar.com\/avatar\/7728b29aac2719421e1a9159b2254c44?s=96&d=mm&r=g\",\"caption\":\"Cl\u00e9ment\"},\"sameAs\":[\"https:\/\/footdavant.fr\/\"]}]}<\/script>\n<!-- \/ Yoast SEO plugin. -->","yoast_head_json":{"title":"Ce que Jacobs entend maintenant \u00e0 propos de Liverpool et Adam Wharton","robots":{"index":"index","follow":"follow","max-snippet":"max-snippet:-1","max-image-preview":"max-image-preview:large","max-video-preview":"max-video-preview:-1"},"canonical":"https:\/\/footdavant.fr\/actualites\/ce-que-jacobs-entend-maintenant-a-propos-de-liverpool-et-adam-wharton\/","og_locale":"fr_FR","og_type":"article","og_title":"Ce que Jacobs entend maintenant \u00e0 propos de Liverpool et Adam Wharton","og_description":"Le milieu de terrain de Crystal Palace serait sur le radar des Reds depuis plusieurs ann\u00e9es, le club suivant l&#39;international anglais depuis ses ann\u00e9es avec","og_url":"https:\/\/footdavant.fr\/actualites\/ce-que-jacobs-entend-maintenant-a-propos-de-liverpool-et-adam-wharton\/","og_site_name":"Foot d&#039;avant","article_publisher":"https:\/\/www.facebook.com\/Footdavant\/","article_published_time":"2026-05-01T22:48:33+00:00","article_modified_time":"2026-05-01T22:48:36+00:00","og_image":[{"width":1680,"height":945,"url":"https:\/\/footdavant.fr\/actualites\/wp-content\/uploads\/2026\/05\/1777675714_Ce-que-Jacobs-entend-maintenant-a-propos-de-Liverpool-et.jpg","type":"image\/jpeg"}],"author":"Cl\u00e9ment","twitter_card":"summary_large_image","twitter_creator":"@FootdavantFr","twitter_site":"@FootdavantFr","twitter_misc":{"\u00c9crit par":"Cl\u00e9ment","Dur\u00e9e de lecture estim\u00e9e":"3 minutes"},"schema":{"@context":"https:\/\/schema.org","@graph":[{"@type":"Article","@id":"https:\/\/footdavant.fr\/actualites\/ce-que-jacobs-entend-maintenant-a-propos-de-liverpool-et-adam-wharton\/#article","isPartOf":{"@id":"https:\/\/footdavant.fr\/actualites\/ce-que-jacobs-entend-maintenant-a-propos-de-liverpool-et-adam-wharton\/"},"author":{"name":"Cl\u00e9ment","@id":"https:\/\/footdavant.fr\/actualites\/#\/schema\/person\/bc222566d95871b37e597b3ed3ba5e1d"},"headline":"Ce que Jacobs entend maintenant \u00e0 propos de Liverpool et Adam Wharton","datePublished":"2026-05-01T22:48:33+00:00","dateModified":"2026-05-01T22:48:36+00:00","mainEntityOfPage":{"@id":"https:\/\/footdavant.fr\/actualites\/ce-que-jacobs-entend-maintenant-a-propos-de-liverpool-et-adam-wharton\/"},"wordCount":570,"publisher":{"@id":"https:\/\/footdavant.fr\/actualites\/#organization"},"keywords":["Adam","entend","Jacobs","Liverpool","maintenant","propos","Wharton"],"articleSection":["Football"],"inLanguage":"fr-FR"},{"@type":"WebPage","@id":"https:\/\/footdavant.fr\/actualites\/ce-que-jacobs-entend-maintenant-a-propos-de-liverpool-et-adam-wharton\/","url":"https:\/\/footdavant.fr\/actualites\/ce-que-jacobs-entend-maintenant-a-propos-de-liverpool-et-adam-wharton\/","name":"Ce que Jacobs entend maintenant \u00e0 propos de Liverpool et Adam Wharton","isPartOf":{"@id":"https:\/\/footdavant.fr\/actualites\/#website"},"datePublished":"2026-05-01T22:48:33+00:00","dateModified":"2026-05-01T22:48:36+00:00","breadcrumb":{"@id":"https:\/\/footdavant.fr\/actualites\/ce-que-jacobs-entend-maintenant-a-propos-de-liverpool-et-adam-wharton\/#breadcrumb"},"inLanguage":"fr-FR","potentialAction":[{"@type":"ReadAction","target":["https:\/\/footdavant.fr\/actualites\/ce-que-jacobs-entend-maintenant-a-propos-de-liverpool-et-adam-wharton\/"]}]},{"@type":"BreadcrumbList","@id":"https:\/\/footdavant.fr\/actualites\/ce-que-jacobs-entend-maintenant-a-propos-de-liverpool-et-adam-wharton\/#breadcrumb","itemListElement":[{"@type":"ListItem","position":1,"name":"Accueil","item":"https:\/\/footdavant.fr\/actualites\/"},{"@type":"ListItem","position":2,"name":"Ce que Jacobs entend maintenant \u00e0 propos de Liverpool et Adam Wharton"}]},{"@type":"WebSite","@id":"https:\/\/footdavant.fr\/actualites\/#website","url":"https:\/\/footdavant.fr\/actualites\/","name":"Foot d'avant","description":"","publisher":{"@id":"https:\/\/footdavant.fr\/actualites\/#organization"},"potentialAction":[{"@type":"SearchAction","target":{"@type":"EntryPoint","urlTemplate":"https:\/\/footdavant.fr\/actualites\/?s={search_term_string}"},"query-input":"required name=search_term_string"}],"inLanguage":"fr-FR"},{"@type":"Organization","@id":"https:\/\/footdavant.fr\/actualites\/#organization","name":"Foot d'avant","url":"https:\/\/footdavant.fr\/actualites\/","logo":{"@type":"ImageObject","inLanguage":"fr-FR","@id":"https:\/\/footdavant.fr\/actualites\/#\/schema\/logo\/image\/","url":"https:\/\/footdavant.fr\/actualites\/wp-content\/uploads\/2023\/09\/Copy-of-FootDavant-Logo.png","contentUrl":"https:\/\/footdavant.fr\/actualites\/wp-content\/uploads\/2023\/09\/Copy-of-FootDavant-Logo.png","width":936,"height":549,"caption":"Foot d'avant"},"image":{"@id":"https:\/\/footdavant.fr\/actualites\/#\/schema\/logo\/image\/"},"sameAs":["https:\/\/www.facebook.com\/Footdavant\/","https:\/\/twitter.com\/FootdavantFr","https:\/\/www.instagram.com\/footdavant.fr\/"]},{"@type":"Person","@id":"https:\/\/footdavant.fr\/actualites\/#\/schema\/person\/bc222566d95871b37e597b3ed3ba5e1d","name":"Cl\u00e9ment","image":{"@type":"ImageObject","inLanguage":"fr-FR","@id":"https:\/\/footdavant.fr\/actualites\/#\/schema\/person\/image\/","url":"https:\/\/secure.gravatar.com\/avatar\/7728b29aac2719421e1a9159b2254c44?s=96&d=mm&r=g","contentUrl":"https:\/\/secure.gravatar.com\/avatar\/7728b29aac2719421e1a9159b2254c44?s=96&d=mm&r=g","caption":"Cl\u00e9ment"},"sameAs":["https:\/\/footdavant.fr\/"]}]}},"_links":{"self":[{"href":"https:\/\/footdavant.fr\/actualites\/wp-json\/wp\/v2\/posts\/37031"}],"collection":[{"href":"https:\/\/footdavant.fr\/actualites\/wp-json\/wp\/v2\/posts"}],"about":[{"href":"https:\/\/footdavant.fr\/actualites\/wp-json\/wp\/v2\/types\/post"}],"author":[{"embeddable":true,"href":"https:\/\/footdavant.fr\/actualites\/wp-json\/wp\/v2\/users\/1"}],"replies":[{"embeddable":true,"href":"https:\/\/footdavant.fr\/actualites\/wp-json\/wp\/v2\/comments?post=37031"}],"version-history":[{"count":1,"href":"https:\/\/footdavant.fr\/actualites\/wp-json\/wp\/v2\/posts\/37031\/revisions"}],"predecessor-version":[{"id":37033,"href":"https:\/\/footdavant.fr\/actualites\/wp-json\/wp\/v2\/posts\/37031\/revisions\/37033"}],"wp:featuredmedia":[{"embeddable":true,"href":"https:\/\/footdavant.fr\/actualites\/wp-json\/wp\/v2\/media\/37032"}],"wp:attachment":[{"href":"https:\/\/footdavant.fr\/actualites\/wp-json\/wp\/v2\/media?parent=37031"}],"wp:term":[{"taxonomy":"category","embeddable":true,"href":"https:\/\/footdavant.fr\/actualites\/wp-json\/wp\/v2\/categories?post=37031"},{"taxonomy":"post_tag","embeddable":true,"href":"https:\/\/footdavant.fr\/actualites\/wp-json\/wp\/v2\/tags?post=37031"}],"curies":[{"name":"wp","href":"https:\/\/api.w.org\/{rel}","templated":true}]}}