{"id":37037,"date":"2026-05-02T04:48:07","date_gmt":"2026-05-02T02:48:07","guid":{"rendered":"https:\/\/footdavant.fr\/actualites\/calvert-lewin-insiste-sur-le-fait-que-le-travail-nest-pas-termine\/"},"modified":"2026-05-02T04:48:09","modified_gmt":"2026-05-02T02:48:09","slug":"calvert-lewin-insiste-sur-le-fait-que-le-travail-nest-pas-termine","status":"publish","type":"post","link":"https:\/\/footdavant.fr\/actualites\/calvert-lewin-insiste-sur-le-fait-que-le-travail-nest-pas-termine\/","title":{"rendered":"Calvert-Lewin insiste sur le fait que le travail n&#39;est pas termin\u00e9"},"content":{"rendered":"<div>\n<p>L&#39;attaquant de Leeds United, Dominic Calvert-Lewin, a refus\u00e9 de parler de ses espoirs de participer \u00e0 la Coupe du monde avec l&#39;Angleterre, insistant sur le fait que le travail consistant \u00e0 assurer la survie de son club en Premier League n&#39;est pas termin\u00e9 malgr\u00e9 sa victoire 3-1 sur Burnley.<\/p>\n<p>Calvert-Lewin a inscrit le troisi\u00e8me but de Leeds dans une victoire confortable, apr\u00e8s avoir jou\u00e9 un r\u00f4le dans la pr\u00e9paration du deuxi\u00e8me pour Noah Okafor apr\u00e8s qu&#39;Anton Stach leur ait donn\u00e9 une avance \u00e0 la huiti\u00e8me minute.<\/p>\n<p>Loum Tchaouna en a retir\u00e9 un pour Burnley, rel\u00e9gu\u00e9 et sans manager, mais ce n&#39;\u00e9tait rien de plus qu&#39;une consolation.<\/p>\n<p>Cette victoire place Leeds \u00e0 neuf points d&#39;avance sur les trois derniers. Il faudrait que Tottenham remporte au moins trois de ses quatre derniers matchs pour que les hommes de Daniel Farke tombent dans la zone de largage. Leeds visite les Spurs une semaine lundi.<\/p>\n<h2 class=\"wp-block-heading\">Calvert-Lewin : le travail de Leeds n\u2019est pas termin\u00e9<\/h2>\n<p>Calvert-Lewin faisait partie de la derni\u00e8re \u00e9quipe d&#39;Angleterre pour ses matches amicaux contre l&#39;Uruguay et le Japon en mars et a particip\u00e9 au match nul 1-1 contre l&#39;Uruguay.<\/p>\n<p>Mais il ne se concentre pas encore sur son r\u00eave de participer \u00e0 la Coupe du monde en Am\u00e9rique du Nord, avec son esprit fermement fix\u00e9 pour s&#39;assurer que Leeds, qui a excellemment r\u00e9agi apr\u00e8s avoir perdu sa demi-finale de la FA Cup contre Chelsea le week-end dernier, franchisse la ligne d&#39;arriv\u00e9e et atteigne son objectif principal de la saison.<\/p>\n<figure class=\"wp-block-image size-large\"><picture decoding=\"async\" class=\"wp-image-186776\"><source type=\"image\/webp\"  \/><\/picture>\n<\/figure>\n<p>\u00ab\u00a0C&#39;est une sensation incroyable\u00a0\u00bb, a d\u00e9clar\u00e9 Calvert-Lewin \u00e0 Sky Sports. <\/p>\n<p>\u00ab\u00a0En entrant dans le match, nous voulions commencer avec beaucoup d&#39;intensit\u00e9, ce que je pense que nous avons fait, en particulier en menant depuis l&#39;avant du terrain. Nous avons tr\u00e8s bien ex\u00e9cut\u00e9 le plan de match. Ils arrivent ici avec vraiment rien \u00e0 perdre, cela peut parfois \u00eatre dangereux, mais je suis heureux et fier de notre performance.<\/p>\n<p>\u00ab\u00a0C&#39;\u00e9tait d\u00e9cevant ce week-end de ne pas obtenir le r\u00e9sultat que nous esp\u00e9rions [against Chelsea]mais l&#39;ambiance au camp \u00e9tait bonne, enti\u00e8rement concentr\u00e9e sur le travail de ce soir. Je pense que vous pouviez le voir d\u00e8s le d\u00e9but.<\/p>\n<p>Interrog\u00e9 sur ses espoirs en Angleterre, Calvert-Lewin a d\u00e9clar\u00e9 : \u00ab\u00a0Je vais \u00eatre honn\u00eate, ce n&#39;est pas quelque chose que je recherche. L&#39;essentiel de mon objectif a \u00e9t\u00e9 de m&#39;assurer que nous restons en Premier League. C&#39;\u00e9tait l&#39;objectif num\u00e9ro un, et tant que cela n&#39;est pas math\u00e9matiquement fait, notre travail n&#39;est pas termin\u00e9, et mon travail n&#39;est pas termin\u00e9.<\/p>\n<p>\u00ab\u00a0Le fait de bien faire pour votre club est de se rapprocher de l&#39;\u00e9quipe nationale, donc je peux simplement continuer \u00e0 marquer des buts et \u00e0 r\u00e9aliser des performances et le reste se fait tout seul.\u00a0\u00bb<\/p>\n<\/p><\/div>\n","protected":false},"excerpt":{"rendered":"<p>L&#39;attaquant de Leeds United, Dominic Calvert-Lewin, a refus\u00e9 de parler de ses espoirs de participer \u00e0 la Coupe du monde avec l&#39;Angleterre, insistant sur le<\/p>\n","protected":false},"author":1,"featured_media":37038,"comment_status":"closed","ping_status":"","sticky":false,"template":"","format":"standard","meta":{"footnotes":""},"categories":[3],"tags":[385,152,1371,4321,71,103,2205,3738],"yoast_head":"<!-- This site is optimized with the Yoast SEO plugin v21.0 - https:\/\/yoast.com\/wordpress\/plugins\/seo\/ -->\n<title>Calvert-Lewin insiste sur le fait que le travail n&#039;est pas termin\u00e9<\/title>\n<meta name=\"robots\" content=\"index, follow, max-snippet:-1, max-image-preview:large, max-video-preview:-1\" \/>\n<link rel=\"canonical\" href=\"https:\/\/footdavant.fr\/actualites\/calvert-lewin-insiste-sur-le-fait-que-le-travail-nest-pas-termine\/\" \/>\n<meta property=\"og:locale\" content=\"fr_FR\" \/>\n<meta property=\"og:type\" content=\"article\" \/>\n<meta property=\"og:title\" content=\"Calvert-Lewin insiste sur le fait que le travail n&#039;est pas termin\u00e9\" \/>\n<meta property=\"og:description\" content=\"L&#039;attaquant de Leeds United, Dominic Calvert-Lewin, a refus\u00e9 de parler de ses espoirs de participer \u00e0 la Coupe du monde avec l&#039;Angleterre, insistant sur le\" \/>\n<meta property=\"og:url\" content=\"https:\/\/footdavant.fr\/actualites\/calvert-lewin-insiste-sur-le-fait-que-le-travail-nest-pas-termine\/\" \/>\n<meta property=\"og:site_name\" content=\"Foot d&#039;avant\" \/>\n<meta property=\"article:publisher\" content=\"https:\/\/www.facebook.com\/Footdavant\/\" \/>\n<meta property=\"article:published_time\" content=\"2026-05-02T02:48:07+00:00\" \/>\n<meta property=\"article:modified_time\" content=\"2026-05-02T02:48:09+00:00\" \/>\n<meta property=\"og:image\" content=\"https:\/\/footdavant.fr\/actualites\/wp-content\/uploads\/2026\/05\/1777690088_Calvert-Lewin-insiste-sur-le-fait-que-le-travail-n39est-pas.jpg\" \/>\n\t<meta property=\"og:image:width\" content=\"1200\" \/>\n\t<meta property=\"og:image:height\" content=\"800\" \/>\n\t<meta property=\"og:image:type\" content=\"image\/jpeg\" \/>\n<meta name=\"author\" content=\"Cl\u00e9ment\" \/>\n<meta name=\"twitter:card\" content=\"summary_large_image\" \/>\n<meta name=\"twitter:creator\" content=\"@FootdavantFr\" \/>\n<meta name=\"twitter:site\" content=\"@FootdavantFr\" \/>\n<meta name=\"twitter:label1\" content=\"\u00c9crit par\" \/>\n\t<meta name=\"twitter:data1\" content=\"Cl\u00e9ment\" \/>\n\t<meta name=\"twitter:label2\" content=\"Dur\u00e9e de lecture estim\u00e9e\" \/>\n\t<meta name=\"twitter:data2\" content=\"2 minutes\" \/>\n<script type=\"application\/ld+json\" class=\"yoast-schema-graph\">{\"@context\":\"https:\/\/schema.org\",\"@graph\":[{\"@type\":\"Article\",\"@id\":\"https:\/\/footdavant.fr\/actualites\/calvert-lewin-insiste-sur-le-fait-que-le-travail-nest-pas-termine\/#article\",\"isPartOf\":{\"@id\":\"https:\/\/footdavant.fr\/actualites\/calvert-lewin-insiste-sur-le-fait-que-le-travail-nest-pas-termine\/\"},\"author\":{\"name\":\"Cl\u00e9ment\",\"@id\":\"https:\/\/footdavant.fr\/actualites\/#\/schema\/person\/bc222566d95871b37e597b3ed3ba5e1d\"},\"headline\":\"Calvert-Lewin insiste sur le fait que le travail n&#39;est pas termin\u00e9\",\"datePublished\":\"2026-05-02T02:48:07+00:00\",\"dateModified\":\"2026-05-02T02:48:09+00:00\",\"mainEntityOfPage\":{\"@id\":\"https:\/\/footdavant.fr\/actualites\/calvert-lewin-insiste-sur-le-fait-que-le-travail-nest-pas-termine\/\"},\"wordCount\":507,\"publisher\":{\"@id\":\"https:\/\/footdavant.fr\/actualites\/#organization\"},\"keywords\":[\"CalvertLewin\",\"fait\",\"insiste\",\"n39est\",\"pas\",\"sur\",\"termine\",\"travail\"],\"articleSection\":[\"Football\"],\"inLanguage\":\"fr-FR\"},{\"@type\":\"WebPage\",\"@id\":\"https:\/\/footdavant.fr\/actualites\/calvert-lewin-insiste-sur-le-fait-que-le-travail-nest-pas-termine\/\",\"url\":\"https:\/\/footdavant.fr\/actualites\/calvert-lewin-insiste-sur-le-fait-que-le-travail-nest-pas-termine\/\",\"name\":\"Calvert-Lewin insiste sur le fait que le travail n&#39;est pas termin\u00e9\",\"isPartOf\":{\"@id\":\"https:\/\/footdavant.fr\/actualites\/#website\"},\"datePublished\":\"2026-05-02T02:48:07+00:00\",\"dateModified\":\"2026-05-02T02:48:09+00:00\",\"breadcrumb\":{\"@id\":\"https:\/\/footdavant.fr\/actualites\/calvert-lewin-insiste-sur-le-fait-que-le-travail-nest-pas-termine\/#breadcrumb\"},\"inLanguage\":\"fr-FR\",\"potentialAction\":[{\"@type\":\"ReadAction\",\"target\":[\"https:\/\/footdavant.fr\/actualites\/calvert-lewin-insiste-sur-le-fait-que-le-travail-nest-pas-termine\/\"]}]},{\"@type\":\"BreadcrumbList\",\"@id\":\"https:\/\/footdavant.fr\/actualites\/calvert-lewin-insiste-sur-le-fait-que-le-travail-nest-pas-termine\/#breadcrumb\",\"itemListElement\":[{\"@type\":\"ListItem\",\"position\":1,\"name\":\"Accueil\",\"item\":\"https:\/\/footdavant.fr\/actualites\/\"},{\"@type\":\"ListItem\",\"position\":2,\"name\":\"Calvert-Lewin insiste sur le fait que le travail n&#39;est pas termin\u00e9\"}]},{\"@type\":\"WebSite\",\"@id\":\"https:\/\/footdavant.fr\/actualites\/#website\",\"url\":\"https:\/\/footdavant.fr\/actualites\/\",\"name\":\"Foot d'avant\",\"description\":\"\",\"publisher\":{\"@id\":\"https:\/\/footdavant.fr\/actualites\/#organization\"},\"potentialAction\":[{\"@type\":\"SearchAction\",\"target\":{\"@type\":\"EntryPoint\",\"urlTemplate\":\"https:\/\/footdavant.fr\/actualites\/?s={search_term_string}\"},\"query-input\":\"required name=search_term_string\"}],\"inLanguage\":\"fr-FR\"},{\"@type\":\"Organization\",\"@id\":\"https:\/\/footdavant.fr\/actualites\/#organization\",\"name\":\"Foot d'avant\",\"url\":\"https:\/\/footdavant.fr\/actualites\/\",\"logo\":{\"@type\":\"ImageObject\",\"inLanguage\":\"fr-FR\",\"@id\":\"https:\/\/footdavant.fr\/actualites\/#\/schema\/logo\/image\/\",\"url\":\"https:\/\/footdavant.fr\/actualites\/wp-content\/uploads\/2023\/09\/Copy-of-FootDavant-Logo.png\",\"contentUrl\":\"https:\/\/footdavant.fr\/actualites\/wp-content\/uploads\/2023\/09\/Copy-of-FootDavant-Logo.png\",\"width\":936,\"height\":549,\"caption\":\"Foot d'avant\"},\"image\":{\"@id\":\"https:\/\/footdavant.fr\/actualites\/#\/schema\/logo\/image\/\"},\"sameAs\":[\"https:\/\/www.facebook.com\/Footdavant\/\",\"https:\/\/twitter.com\/FootdavantFr\",\"https:\/\/www.instagram.com\/footdavant.fr\/\"]},{\"@type\":\"Person\",\"@id\":\"https:\/\/footdavant.fr\/actualites\/#\/schema\/person\/bc222566d95871b37e597b3ed3ba5e1d\",\"name\":\"Cl\u00e9ment\",\"image\":{\"@type\":\"ImageObject\",\"inLanguage\":\"fr-FR\",\"@id\":\"https:\/\/footdavant.fr\/actualites\/#\/schema\/person\/image\/\",\"url\":\"https:\/\/secure.gravatar.com\/avatar\/7728b29aac2719421e1a9159b2254c44?s=96&d=mm&r=g\",\"contentUrl\":\"https:\/\/secure.gravatar.com\/avatar\/7728b29aac2719421e1a9159b2254c44?s=96&d=mm&r=g\",\"caption\":\"Cl\u00e9ment\"},\"sameAs\":[\"https:\/\/footdavant.fr\/\"]}]}<\/script>\n<!-- \/ Yoast SEO plugin. -->","yoast_head_json":{"title":"Calvert-Lewin insiste sur le fait que le travail n&#39;est pas termin\u00e9","robots":{"index":"index","follow":"follow","max-snippet":"max-snippet:-1","max-image-preview":"max-image-preview:large","max-video-preview":"max-video-preview:-1"},"canonical":"https:\/\/footdavant.fr\/actualites\/calvert-lewin-insiste-sur-le-fait-que-le-travail-nest-pas-termine\/","og_locale":"fr_FR","og_type":"article","og_title":"Calvert-Lewin insiste sur le fait que le travail n&#39;est pas termin\u00e9","og_description":"L&#39;attaquant de Leeds United, Dominic Calvert-Lewin, a refus\u00e9 de parler de ses espoirs de participer \u00e0 la Coupe du monde avec l&#39;Angleterre, insistant sur le","og_url":"https:\/\/footdavant.fr\/actualites\/calvert-lewin-insiste-sur-le-fait-que-le-travail-nest-pas-termine\/","og_site_name":"Foot d&#039;avant","article_publisher":"https:\/\/www.facebook.com\/Footdavant\/","article_published_time":"2026-05-02T02:48:07+00:00","article_modified_time":"2026-05-02T02:48:09+00:00","og_image":[{"width":1200,"height":800,"url":"https:\/\/footdavant.fr\/actualites\/wp-content\/uploads\/2026\/05\/1777690088_Calvert-Lewin-insiste-sur-le-fait-que-le-travail-n39est-pas.jpg","type":"image\/jpeg"}],"author":"Cl\u00e9ment","twitter_card":"summary_large_image","twitter_creator":"@FootdavantFr","twitter_site":"@FootdavantFr","twitter_misc":{"\u00c9crit par":"Cl\u00e9ment","Dur\u00e9e de lecture estim\u00e9e":"2 minutes"},"schema":{"@context":"https:\/\/schema.org","@graph":[{"@type":"Article","@id":"https:\/\/footdavant.fr\/actualites\/calvert-lewin-insiste-sur-le-fait-que-le-travail-nest-pas-termine\/#article","isPartOf":{"@id":"https:\/\/footdavant.fr\/actualites\/calvert-lewin-insiste-sur-le-fait-que-le-travail-nest-pas-termine\/"},"author":{"name":"Cl\u00e9ment","@id":"https:\/\/footdavant.fr\/actualites\/#\/schema\/person\/bc222566d95871b37e597b3ed3ba5e1d"},"headline":"Calvert-Lewin insiste sur le fait que le travail n&#39;est pas termin\u00e9","datePublished":"2026-05-02T02:48:07+00:00","dateModified":"2026-05-02T02:48:09+00:00","mainEntityOfPage":{"@id":"https:\/\/footdavant.fr\/actualites\/calvert-lewin-insiste-sur-le-fait-que-le-travail-nest-pas-termine\/"},"wordCount":507,"publisher":{"@id":"https:\/\/footdavant.fr\/actualites\/#organization"},"keywords":["CalvertLewin","fait","insiste","n39est","pas","sur","termine","travail"],"articleSection":["Football"],"inLanguage":"fr-FR"},{"@type":"WebPage","@id":"https:\/\/footdavant.fr\/actualites\/calvert-lewin-insiste-sur-le-fait-que-le-travail-nest-pas-termine\/","url":"https:\/\/footdavant.fr\/actualites\/calvert-lewin-insiste-sur-le-fait-que-le-travail-nest-pas-termine\/","name":"Calvert-Lewin insiste sur le fait que le travail n&#39;est pas termin\u00e9","isPartOf":{"@id":"https:\/\/footdavant.fr\/actualites\/#website"},"datePublished":"2026-05-02T02:48:07+00:00","dateModified":"2026-05-02T02:48:09+00:00","breadcrumb":{"@id":"https:\/\/footdavant.fr\/actualites\/calvert-lewin-insiste-sur-le-fait-que-le-travail-nest-pas-termine\/#breadcrumb"},"inLanguage":"fr-FR","potentialAction":[{"@type":"ReadAction","target":["https:\/\/footdavant.fr\/actualites\/calvert-lewin-insiste-sur-le-fait-que-le-travail-nest-pas-termine\/"]}]},{"@type":"BreadcrumbList","@id":"https:\/\/footdavant.fr\/actualites\/calvert-lewin-insiste-sur-le-fait-que-le-travail-nest-pas-termine\/#breadcrumb","itemListElement":[{"@type":"ListItem","position":1,"name":"Accueil","item":"https:\/\/footdavant.fr\/actualites\/"},{"@type":"ListItem","position":2,"name":"Calvert-Lewin insiste sur le fait que le travail n&#39;est pas termin\u00e9"}]},{"@type":"WebSite","@id":"https:\/\/footdavant.fr\/actualites\/#website","url":"https:\/\/footdavant.fr\/actualites\/","name":"Foot d'avant","description":"","publisher":{"@id":"https:\/\/footdavant.fr\/actualites\/#organization"},"potentialAction":[{"@type":"SearchAction","target":{"@type":"EntryPoint","urlTemplate":"https:\/\/footdavant.fr\/actualites\/?s={search_term_string}"},"query-input":"required name=search_term_string"}],"inLanguage":"fr-FR"},{"@type":"Organization","@id":"https:\/\/footdavant.fr\/actualites\/#organization","name":"Foot d'avant","url":"https:\/\/footdavant.fr\/actualites\/","logo":{"@type":"ImageObject","inLanguage":"fr-FR","@id":"https:\/\/footdavant.fr\/actualites\/#\/schema\/logo\/image\/","url":"https:\/\/footdavant.fr\/actualites\/wp-content\/uploads\/2023\/09\/Copy-of-FootDavant-Logo.png","contentUrl":"https:\/\/footdavant.fr\/actualites\/wp-content\/uploads\/2023\/09\/Copy-of-FootDavant-Logo.png","width":936,"height":549,"caption":"Foot d'avant"},"image":{"@id":"https:\/\/footdavant.fr\/actualites\/#\/schema\/logo\/image\/"},"sameAs":["https:\/\/www.facebook.com\/Footdavant\/","https:\/\/twitter.com\/FootdavantFr","https:\/\/www.instagram.com\/footdavant.fr\/"]},{"@type":"Person","@id":"https:\/\/footdavant.fr\/actualites\/#\/schema\/person\/bc222566d95871b37e597b3ed3ba5e1d","name":"Cl\u00e9ment","image":{"@type":"ImageObject","inLanguage":"fr-FR","@id":"https:\/\/footdavant.fr\/actualites\/#\/schema\/person\/image\/","url":"https:\/\/secure.gravatar.com\/avatar\/7728b29aac2719421e1a9159b2254c44?s=96&d=mm&r=g","contentUrl":"https:\/\/secure.gravatar.com\/avatar\/7728b29aac2719421e1a9159b2254c44?s=96&d=mm&r=g","caption":"Cl\u00e9ment"},"sameAs":["https:\/\/footdavant.fr\/"]}]}},"_links":{"self":[{"href":"https:\/\/footdavant.fr\/actualites\/wp-json\/wp\/v2\/posts\/37037"}],"collection":[{"href":"https:\/\/footdavant.fr\/actualites\/wp-json\/wp\/v2\/posts"}],"about":[{"href":"https:\/\/footdavant.fr\/actualites\/wp-json\/wp\/v2\/types\/post"}],"author":[{"embeddable":true,"href":"https:\/\/footdavant.fr\/actualites\/wp-json\/wp\/v2\/users\/1"}],"replies":[{"embeddable":true,"href":"https:\/\/footdavant.fr\/actualites\/wp-json\/wp\/v2\/comments?post=37037"}],"version-history":[{"count":1,"href":"https:\/\/footdavant.fr\/actualites\/wp-json\/wp\/v2\/posts\/37037\/revisions"}],"predecessor-version":[{"id":37039,"href":"https:\/\/footdavant.fr\/actualites\/wp-json\/wp\/v2\/posts\/37037\/revisions\/37039"}],"wp:featuredmedia":[{"embeddable":true,"href":"https:\/\/footdavant.fr\/actualites\/wp-json\/wp\/v2\/media\/37038"}],"wp:attachment":[{"href":"https:\/\/footdavant.fr\/actualites\/wp-json\/wp\/v2\/media?parent=37037"}],"wp:term":[{"taxonomy":"category","embeddable":true,"href":"https:\/\/footdavant.fr\/actualites\/wp-json\/wp\/v2\/categories?post=37037"},{"taxonomy":"post_tag","embeddable":true,"href":"https:\/\/footdavant.fr\/actualites\/wp-json\/wp\/v2\/tags?post=37037"}],"curies":[{"name":"wp","href":"https:\/\/api.w.org\/{rel}","templated":true}]}}