{"id":37043,"date":"2026-05-02T08:48:45","date_gmt":"2026-05-02T06:48:45","guid":{"rendered":"https:\/\/footdavant.fr\/actualites\/jadon-sancho-le-chef-de-dortmund-sexprime-sur-la-star-de-man-united\/"},"modified":"2026-05-02T08:48:46","modified_gmt":"2026-05-02T06:48:46","slug":"jadon-sancho-le-chef-de-dortmund-sexprime-sur-la-star-de-man-united","status":"publish","type":"post","link":"https:\/\/footdavant.fr\/actualites\/jadon-sancho-le-chef-de-dortmund-sexprime-sur-la-star-de-man-united\/","title":{"rendered":"Jadon Sancho: le chef de Dortmund s&#39;exprime sur la star de Man United &#8211;"},"content":{"rendered":"<div id=\"penci-post-entry-inner\">\n<p>\t\t\t<i class=\"penci-post-countview-number-check\" style=\"display:none\">3<\/i><\/p>\n<p>La p\u00e9riode cauchemardesque de Jadon Sancho en tant que joueur de Manchester United se rapproche de plus en plus de sa fin.<\/p>\n<h3>Moment horrible<\/h3>\n<p>L&#39;ailier anglais a \u00e9t\u00e9 pourchass\u00e9 tout l&#39;\u00e9t\u00e9 2020 sans succ\u00e8s, mais le club a finalement trouv\u00e9 son homme en 2021.<\/p>\n<p>Sancho n&#39;a jamais vraiment jou\u00e9 pour Manchester United et n&#39;a r\u00e9ussi \u00e0 jouer que 83 fois pour les Red Devils en cinq ans.<\/p>\n<p>Il s&#39;est brouill\u00e9 avec Erik ten Hag en 2023 et a pass\u00e9 la seconde moiti\u00e9 de la saison en pr\u00eat au Borussia Dortmund.<\/p>\n<p>Sancho a ensuite \u00e9t\u00e9 pr\u00eat\u00e9 \u00e0 Chelsea pour toute la saison derni\u00e8re, avant que les Blues ne paient des frais pour ne pas le signer d\u00e9finitivement.<\/p>\n<p>De plus, Aston Villa a accept\u00e9 d&#39;embaucher l&#39;ailier pour cette saison, mais le contrat actuel de Sancho avec Manchester United est sur le point d&#39;expirer le mois prochain.<\/p>\n<h3>D\u00e9part \u00e9t\u00e9<\/h3>\n<p>Il y a eu des suggestions selon lesquelles Aston Villa pourrait vouloir garder le joueur de 26 ans de fa\u00e7on permanente cet \u00e9t\u00e9.<\/p>\n<p>Il n\u2019a jamais vraiment \u00e9t\u00e9 titulaire pour les Villans et, malgr\u00e9 de mauvaises statistiques, a jou\u00e9 un r\u00f4le d\u2019\u00e9quipe pour l\u2019\u00e9quipe anglaise.<\/p>\n<p>Il a \u00e9galement \u00e9t\u00e9 rapport\u00e9 que le RB Leipzig serait pr\u00eat \u00e0 lui offrir une possibilit\u00e9 de revenir en Bundesliga, o\u00f9 il a d\u00e9j\u00e0 connu un grand succ\u00e8s.<\/p>\n<p>N\u00e9anmoins, des rapports r\u00e9cents semblent sugg\u00e9rer que l&#39;ancien club de Sancho, le Borussia Dortmund, est en position de force pour recruter le joueur.<\/p>\n<p>Les commentaires du directeur sportif de Dortmund, Ole Book, n&#39;ont fait qu&#39;alimenter de telles sp\u00e9culations.<\/p>\n<p>S&#39;adressant au m\u00e9dia allemand BILD, Book a d\u00e9clar\u00e9 : \u00ab\u00a0Nous savons tous que Jadon Sancho est un bon joueur tr\u00e8s talentueux qui a laiss\u00e9 une impression durable ici \u00e0 Dortmund \u2013 avec ses comp\u00e9tences techniques et sa cr\u00e9ativit\u00e9.\u00a0\u00bb<\/p>\n<p>Un probl\u00e8me potentiel pour les Allemands est que Sancho devrait r\u00e9duire consid\u00e9rablement son salaire actuel s&#39;il retournait au Westfalenstadion.<\/p>\n<h2 id=\"tablepress-1291-name\" class=\"tablepress-table-name tablepress-table-name-id-1291\">Statistiques de Jadon Sancho 25\/26<\/h2>\n<table id=\"tablepress-1291\" class=\"tablepress tablepress-id-1291\" aria-labelledby=\"tablepress-1291-name\">\n<thead>\n<tr class=\"row-1\">\n<th class=\"column-1\">Jeux jou\u00e9s<\/th>\n<th class=\"column-2\">Objectifs<\/th>\n<th class=\"column-3\">Aides <\/th>\n<th class=\"column-4\">Minutes jou\u00e9es<\/th>\n<\/tr>\n<\/thead>\n<tbody class=\"row-striping row-hover\">\n<tr class=\"row-2\">\n<td class=\"column-1\">35<\/td>\n<td class=\"column-2\">1<\/td>\n<td class=\"column-3\">3<\/td>\n<td class=\"column-4\">1573<\/td>\n<\/tr>\n<\/tbody>\n<\/table>\n<p><!-- #tablepress-1291 from cache --><\/p>\n<p>Source : transfermarkt.com<\/p>\n<\/p>\n<hr\/>\n<p>The Peoples Person est l&#39;un des principaux sites d&#39;information de Man United au monde depuis plus d&#39;une d\u00e9cennie. Suivez-nous sur Bluesky\u00a0: @peoplesperson.bsky.social<\/p>\n<p><!-- CONTENT END 2 --><\/p><\/div>\n","protected":false},"excerpt":{"rendered":"<p>3 La p\u00e9riode cauchemardesque de Jadon Sancho en tant que joueur de Manchester United se rapproche de plus en plus de sa fin. Moment horrible<\/p>\n","protected":false},"author":1,"featured_media":35851,"comment_status":"closed","ping_status":"","sticky":false,"template":"","format":"standard","meta":{"footnotes":""},"categories":[3],"tags":[980,107,353,24,4253,354,1621,103,13],"yoast_head":"<!-- This site is optimized with the Yoast SEO plugin v21.0 - https:\/\/yoast.com\/wordpress\/plugins\/seo\/ -->\n<title>Jadon Sancho: le chef de Dortmund s&#039;exprime sur la star de Man United -<\/title>\n<meta name=\"robots\" content=\"index, follow, max-snippet:-1, max-image-preview:large, max-video-preview:-1\" \/>\n<link rel=\"canonical\" href=\"https:\/\/footdavant.fr\/actualites\/jadon-sancho-le-chef-de-dortmund-sexprime-sur-la-star-de-man-united\/\" \/>\n<meta property=\"og:locale\" content=\"fr_FR\" \/>\n<meta property=\"og:type\" content=\"article\" \/>\n<meta property=\"og:title\" content=\"Jadon Sancho: le chef de Dortmund s&#039;exprime sur la star de Man United -\" \/>\n<meta property=\"og:description\" content=\"3 La p\u00e9riode cauchemardesque de Jadon Sancho en tant que joueur de Manchester United se rapproche de plus en plus de sa fin. Moment horrible\" \/>\n<meta property=\"og:url\" content=\"https:\/\/footdavant.fr\/actualites\/jadon-sancho-le-chef-de-dortmund-sexprime-sur-la-star-de-man-united\/\" \/>\n<meta property=\"og:site_name\" content=\"Foot d&#039;avant\" \/>\n<meta property=\"article:publisher\" content=\"https:\/\/www.facebook.com\/Footdavant\/\" \/>\n<meta property=\"article:published_time\" content=\"2026-05-02T06:48:45+00:00\" \/>\n<meta property=\"article:modified_time\" content=\"2026-05-02T06:48:46+00:00\" \/>\n<meta property=\"og:image\" content=\"https:\/\/footdavant.fr\/actualites\/wp-content\/uploads\/2026\/03\/Jadon-Sancho-suscite-des-craintes-de-blessures-apres-un-incident.jpg\" \/>\n\t<meta property=\"og:image:width\" content=\"1600\" \/>\n\t<meta property=\"og:image:height\" content=\"700\" \/>\n\t<meta property=\"og:image:type\" content=\"image\/jpeg\" \/>\n<meta name=\"author\" content=\"Cl\u00e9ment\" \/>\n<meta name=\"twitter:card\" content=\"summary_large_image\" \/>\n<meta name=\"twitter:creator\" content=\"@FootdavantFr\" \/>\n<meta name=\"twitter:site\" content=\"@FootdavantFr\" \/>\n<meta name=\"twitter:label1\" content=\"\u00c9crit par\" \/>\n\t<meta name=\"twitter:data1\" content=\"Cl\u00e9ment\" \/>\n\t<meta name=\"twitter:label2\" content=\"Dur\u00e9e de lecture estim\u00e9e\" \/>\n\t<meta name=\"twitter:data2\" content=\"2 minutes\" \/>\n<script type=\"application\/ld+json\" class=\"yoast-schema-graph\">{\"@context\":\"https:\/\/schema.org\",\"@graph\":[{\"@type\":\"Article\",\"@id\":\"https:\/\/footdavant.fr\/actualites\/jadon-sancho-le-chef-de-dortmund-sexprime-sur-la-star-de-man-united\/#article\",\"isPartOf\":{\"@id\":\"https:\/\/footdavant.fr\/actualites\/jadon-sancho-le-chef-de-dortmund-sexprime-sur-la-star-de-man-united\/\"},\"author\":{\"name\":\"Cl\u00e9ment\",\"@id\":\"https:\/\/footdavant.fr\/actualites\/#\/schema\/person\/bc222566d95871b37e597b3ed3ba5e1d\"},\"headline\":\"Jadon Sancho: le chef de Dortmund s&#39;exprime sur la star de Man United &#8211;\",\"datePublished\":\"2026-05-02T06:48:45+00:00\",\"dateModified\":\"2026-05-02T06:48:46+00:00\",\"mainEntityOfPage\":{\"@id\":\"https:\/\/footdavant.fr\/actualites\/jadon-sancho-le-chef-de-dortmund-sexprime-sur-la-star-de-man-united\/\"},\"wordCount\":402,\"publisher\":{\"@id\":\"https:\/\/footdavant.fr\/actualites\/#organization\"},\"keywords\":[\"chef\",\"Dortmund\",\"Jadon\",\"Man\",\"s39exprime\",\"Sancho\",\"Star\",\"sur\",\"United\"],\"articleSection\":[\"Football\"],\"inLanguage\":\"fr-FR\"},{\"@type\":\"WebPage\",\"@id\":\"https:\/\/footdavant.fr\/actualites\/jadon-sancho-le-chef-de-dortmund-sexprime-sur-la-star-de-man-united\/\",\"url\":\"https:\/\/footdavant.fr\/actualites\/jadon-sancho-le-chef-de-dortmund-sexprime-sur-la-star-de-man-united\/\",\"name\":\"Jadon Sancho: le chef de Dortmund s&#39;exprime sur la star de Man United -\",\"isPartOf\":{\"@id\":\"https:\/\/footdavant.fr\/actualites\/#website\"},\"datePublished\":\"2026-05-02T06:48:45+00:00\",\"dateModified\":\"2026-05-02T06:48:46+00:00\",\"breadcrumb\":{\"@id\":\"https:\/\/footdavant.fr\/actualites\/jadon-sancho-le-chef-de-dortmund-sexprime-sur-la-star-de-man-united\/#breadcrumb\"},\"inLanguage\":\"fr-FR\",\"potentialAction\":[{\"@type\":\"ReadAction\",\"target\":[\"https:\/\/footdavant.fr\/actualites\/jadon-sancho-le-chef-de-dortmund-sexprime-sur-la-star-de-man-united\/\"]}]},{\"@type\":\"BreadcrumbList\",\"@id\":\"https:\/\/footdavant.fr\/actualites\/jadon-sancho-le-chef-de-dortmund-sexprime-sur-la-star-de-man-united\/#breadcrumb\",\"itemListElement\":[{\"@type\":\"ListItem\",\"position\":1,\"name\":\"Accueil\",\"item\":\"https:\/\/footdavant.fr\/actualites\/\"},{\"@type\":\"ListItem\",\"position\":2,\"name\":\"Jadon Sancho: le chef de Dortmund s&#39;exprime sur la star de Man United &#8211;\"}]},{\"@type\":\"WebSite\",\"@id\":\"https:\/\/footdavant.fr\/actualites\/#website\",\"url\":\"https:\/\/footdavant.fr\/actualites\/\",\"name\":\"Foot d'avant\",\"description\":\"\",\"publisher\":{\"@id\":\"https:\/\/footdavant.fr\/actualites\/#organization\"},\"potentialAction\":[{\"@type\":\"SearchAction\",\"target\":{\"@type\":\"EntryPoint\",\"urlTemplate\":\"https:\/\/footdavant.fr\/actualites\/?s={search_term_string}\"},\"query-input\":\"required name=search_term_string\"}],\"inLanguage\":\"fr-FR\"},{\"@type\":\"Organization\",\"@id\":\"https:\/\/footdavant.fr\/actualites\/#organization\",\"name\":\"Foot d'avant\",\"url\":\"https:\/\/footdavant.fr\/actualites\/\",\"logo\":{\"@type\":\"ImageObject\",\"inLanguage\":\"fr-FR\",\"@id\":\"https:\/\/footdavant.fr\/actualites\/#\/schema\/logo\/image\/\",\"url\":\"https:\/\/footdavant.fr\/actualites\/wp-content\/uploads\/2023\/09\/Copy-of-FootDavant-Logo.png\",\"contentUrl\":\"https:\/\/footdavant.fr\/actualites\/wp-content\/uploads\/2023\/09\/Copy-of-FootDavant-Logo.png\",\"width\":936,\"height\":549,\"caption\":\"Foot d'avant\"},\"image\":{\"@id\":\"https:\/\/footdavant.fr\/actualites\/#\/schema\/logo\/image\/\"},\"sameAs\":[\"https:\/\/www.facebook.com\/Footdavant\/\",\"https:\/\/twitter.com\/FootdavantFr\",\"https:\/\/www.instagram.com\/footdavant.fr\/\"]},{\"@type\":\"Person\",\"@id\":\"https:\/\/footdavant.fr\/actualites\/#\/schema\/person\/bc222566d95871b37e597b3ed3ba5e1d\",\"name\":\"Cl\u00e9ment\",\"image\":{\"@type\":\"ImageObject\",\"inLanguage\":\"fr-FR\",\"@id\":\"https:\/\/footdavant.fr\/actualites\/#\/schema\/person\/image\/\",\"url\":\"https:\/\/secure.gravatar.com\/avatar\/7728b29aac2719421e1a9159b2254c44?s=96&d=mm&r=g\",\"contentUrl\":\"https:\/\/secure.gravatar.com\/avatar\/7728b29aac2719421e1a9159b2254c44?s=96&d=mm&r=g\",\"caption\":\"Cl\u00e9ment\"},\"sameAs\":[\"https:\/\/footdavant.fr\/\"]}]}<\/script>\n<!-- \/ Yoast SEO plugin. -->","yoast_head_json":{"title":"Jadon Sancho: le chef de Dortmund s&#39;exprime sur la star de Man United -","robots":{"index":"index","follow":"follow","max-snippet":"max-snippet:-1","max-image-preview":"max-image-preview:large","max-video-preview":"max-video-preview:-1"},"canonical":"https:\/\/footdavant.fr\/actualites\/jadon-sancho-le-chef-de-dortmund-sexprime-sur-la-star-de-man-united\/","og_locale":"fr_FR","og_type":"article","og_title":"Jadon Sancho: le chef de Dortmund s&#39;exprime sur la star de Man United -","og_description":"3 La p\u00e9riode cauchemardesque de Jadon Sancho en tant que joueur de Manchester United se rapproche de plus en plus de sa fin. Moment horrible","og_url":"https:\/\/footdavant.fr\/actualites\/jadon-sancho-le-chef-de-dortmund-sexprime-sur-la-star-de-man-united\/","og_site_name":"Foot d&#039;avant","article_publisher":"https:\/\/www.facebook.com\/Footdavant\/","article_published_time":"2026-05-02T06:48:45+00:00","article_modified_time":"2026-05-02T06:48:46+00:00","og_image":[{"width":1600,"height":700,"url":"https:\/\/footdavant.fr\/actualites\/wp-content\/uploads\/2026\/03\/Jadon-Sancho-suscite-des-craintes-de-blessures-apres-un-incident.jpg","type":"image\/jpeg"}],"author":"Cl\u00e9ment","twitter_card":"summary_large_image","twitter_creator":"@FootdavantFr","twitter_site":"@FootdavantFr","twitter_misc":{"\u00c9crit par":"Cl\u00e9ment","Dur\u00e9e de lecture estim\u00e9e":"2 minutes"},"schema":{"@context":"https:\/\/schema.org","@graph":[{"@type":"Article","@id":"https:\/\/footdavant.fr\/actualites\/jadon-sancho-le-chef-de-dortmund-sexprime-sur-la-star-de-man-united\/#article","isPartOf":{"@id":"https:\/\/footdavant.fr\/actualites\/jadon-sancho-le-chef-de-dortmund-sexprime-sur-la-star-de-man-united\/"},"author":{"name":"Cl\u00e9ment","@id":"https:\/\/footdavant.fr\/actualites\/#\/schema\/person\/bc222566d95871b37e597b3ed3ba5e1d"},"headline":"Jadon Sancho: le chef de Dortmund s&#39;exprime sur la star de Man United &#8211;","datePublished":"2026-05-02T06:48:45+00:00","dateModified":"2026-05-02T06:48:46+00:00","mainEntityOfPage":{"@id":"https:\/\/footdavant.fr\/actualites\/jadon-sancho-le-chef-de-dortmund-sexprime-sur-la-star-de-man-united\/"},"wordCount":402,"publisher":{"@id":"https:\/\/footdavant.fr\/actualites\/#organization"},"keywords":["chef","Dortmund","Jadon","Man","s39exprime","Sancho","Star","sur","United"],"articleSection":["Football"],"inLanguage":"fr-FR"},{"@type":"WebPage","@id":"https:\/\/footdavant.fr\/actualites\/jadon-sancho-le-chef-de-dortmund-sexprime-sur-la-star-de-man-united\/","url":"https:\/\/footdavant.fr\/actualites\/jadon-sancho-le-chef-de-dortmund-sexprime-sur-la-star-de-man-united\/","name":"Jadon Sancho: le chef de Dortmund s&#39;exprime sur la star de Man United -","isPartOf":{"@id":"https:\/\/footdavant.fr\/actualites\/#website"},"datePublished":"2026-05-02T06:48:45+00:00","dateModified":"2026-05-02T06:48:46+00:00","breadcrumb":{"@id":"https:\/\/footdavant.fr\/actualites\/jadon-sancho-le-chef-de-dortmund-sexprime-sur-la-star-de-man-united\/#breadcrumb"},"inLanguage":"fr-FR","potentialAction":[{"@type":"ReadAction","target":["https:\/\/footdavant.fr\/actualites\/jadon-sancho-le-chef-de-dortmund-sexprime-sur-la-star-de-man-united\/"]}]},{"@type":"BreadcrumbList","@id":"https:\/\/footdavant.fr\/actualites\/jadon-sancho-le-chef-de-dortmund-sexprime-sur-la-star-de-man-united\/#breadcrumb","itemListElement":[{"@type":"ListItem","position":1,"name":"Accueil","item":"https:\/\/footdavant.fr\/actualites\/"},{"@type":"ListItem","position":2,"name":"Jadon Sancho: le chef de Dortmund s&#39;exprime sur la star de Man United &#8211;"}]},{"@type":"WebSite","@id":"https:\/\/footdavant.fr\/actualites\/#website","url":"https:\/\/footdavant.fr\/actualites\/","name":"Foot d'avant","description":"","publisher":{"@id":"https:\/\/footdavant.fr\/actualites\/#organization"},"potentialAction":[{"@type":"SearchAction","target":{"@type":"EntryPoint","urlTemplate":"https:\/\/footdavant.fr\/actualites\/?s={search_term_string}"},"query-input":"required name=search_term_string"}],"inLanguage":"fr-FR"},{"@type":"Organization","@id":"https:\/\/footdavant.fr\/actualites\/#organization","name":"Foot d'avant","url":"https:\/\/footdavant.fr\/actualites\/","logo":{"@type":"ImageObject","inLanguage":"fr-FR","@id":"https:\/\/footdavant.fr\/actualites\/#\/schema\/logo\/image\/","url":"https:\/\/footdavant.fr\/actualites\/wp-content\/uploads\/2023\/09\/Copy-of-FootDavant-Logo.png","contentUrl":"https:\/\/footdavant.fr\/actualites\/wp-content\/uploads\/2023\/09\/Copy-of-FootDavant-Logo.png","width":936,"height":549,"caption":"Foot d'avant"},"image":{"@id":"https:\/\/footdavant.fr\/actualites\/#\/schema\/logo\/image\/"},"sameAs":["https:\/\/www.facebook.com\/Footdavant\/","https:\/\/twitter.com\/FootdavantFr","https:\/\/www.instagram.com\/footdavant.fr\/"]},{"@type":"Person","@id":"https:\/\/footdavant.fr\/actualites\/#\/schema\/person\/bc222566d95871b37e597b3ed3ba5e1d","name":"Cl\u00e9ment","image":{"@type":"ImageObject","inLanguage":"fr-FR","@id":"https:\/\/footdavant.fr\/actualites\/#\/schema\/person\/image\/","url":"https:\/\/secure.gravatar.com\/avatar\/7728b29aac2719421e1a9159b2254c44?s=96&d=mm&r=g","contentUrl":"https:\/\/secure.gravatar.com\/avatar\/7728b29aac2719421e1a9159b2254c44?s=96&d=mm&r=g","caption":"Cl\u00e9ment"},"sameAs":["https:\/\/footdavant.fr\/"]}]}},"_links":{"self":[{"href":"https:\/\/footdavant.fr\/actualites\/wp-json\/wp\/v2\/posts\/37043"}],"collection":[{"href":"https:\/\/footdavant.fr\/actualites\/wp-json\/wp\/v2\/posts"}],"about":[{"href":"https:\/\/footdavant.fr\/actualites\/wp-json\/wp\/v2\/types\/post"}],"author":[{"embeddable":true,"href":"https:\/\/footdavant.fr\/actualites\/wp-json\/wp\/v2\/users\/1"}],"replies":[{"embeddable":true,"href":"https:\/\/footdavant.fr\/actualites\/wp-json\/wp\/v2\/comments?post=37043"}],"version-history":[{"count":1,"href":"https:\/\/footdavant.fr\/actualites\/wp-json\/wp\/v2\/posts\/37043\/revisions"}],"predecessor-version":[{"id":37044,"href":"https:\/\/footdavant.fr\/actualites\/wp-json\/wp\/v2\/posts\/37043\/revisions\/37044"}],"wp:featuredmedia":[{"embeddable":true,"href":"https:\/\/footdavant.fr\/actualites\/wp-json\/wp\/v2\/media\/35851"}],"wp:attachment":[{"href":"https:\/\/footdavant.fr\/actualites\/wp-json\/wp\/v2\/media?parent=37043"}],"wp:term":[{"taxonomy":"category","embeddable":true,"href":"https:\/\/footdavant.fr\/actualites\/wp-json\/wp\/v2\/categories?post=37043"},{"taxonomy":"post_tag","embeddable":true,"href":"https:\/\/footdavant.fr\/actualites\/wp-json\/wp\/v2\/tags?post=37043"}],"curies":[{"name":"wp","href":"https:\/\/api.w.org\/{rel}","templated":true}]}}