{"id":37048,"date":"2026-05-02T12:48:12","date_gmt":"2026-05-02T10:48:12","guid":{"rendered":"https:\/\/footdavant.fr\/actualites\/legere-rotation-probable-lors-de-la-visite-de-fulham\/"},"modified":"2026-05-02T12:48:15","modified_gmt":"2026-05-02T10:48:15","slug":"legere-rotation-probable-lors-de-la-visite-de-fulham","status":"publish","type":"post","link":"https:\/\/footdavant.fr\/actualites\/legere-rotation-probable-lors-de-la-visite-de-fulham\/","title":{"rendered":"L\u00e9g\u00e8re rotation probable lors de la visite de Fulham"},"content":{"rendered":"<div>\n<p>Bonjour \u00e0 tous.<\/p>\n<p>Nous y retournerons plus tard cet apr\u00e8s-midi lorsque nous affronterons Fulham \u00e0 domicile. D&#39;ordinaire, entre deux demi-finales de Ligue des Champions, un manager peut penser \u00e0 une rotation s&#39;il a la chance de pouvoir le faire. Mais avec le titre de Premier League en jeu et les probl\u00e8mes de forme physique \u00e0 r\u00e9soudre, je ne sais pas si Mikel Arteta a beaucoup de marge pour le faire.<\/p>\n<p>Il n&#39;y a pas de Kai Havertz, mais il fait pression pour l&#39;inclusion pour mardi ; Jurrien Timber reste \u00e0 l&#39;\u00e9cart en raison d&#39;un probl\u00e8me \u00e0 l&#39;aine qui ne l&#39;emp\u00eacherait d&#39;entrer \u00e0 l&#39;ext\u00e9rieur que quelques jours, c&#39;est donc \u00e9videmment un souci ; tandis que Martin Odegaard est un peu incertain en affirmant que son forfait \u00e0 Madrid \u00e9tait d\u00fb \u00e0 une g\u00eane au genou. Les options sont donc un peu limit\u00e9es, m\u00eame si je ne serais pas surpris de voir quelques changements aujourd&#39;hui.<\/p>\n<p>Cristhian Mosquera \u00e0 l&#39;arri\u00e8re droit et Riccardo Calafiori de l&#39;autre c\u00f4t\u00e9 doivent \u00eatre candidats pour ajouter quelques jambes fra\u00eeches \u00e0 une \u00e9quipe qui a beaucoup donn\u00e9 contre l&#39;Atletico Madrid mercredi. Je me demande aussi si Bukayo Saka pourrait \u00eatre suffisamment en forme pour commencer \u00e0 lui accorder quelques minutes, et il y a la possibilit\u00e9 que Leandro Trossard entre de l&#39;autre c\u00f4t\u00e9. M\u00eame si sa forme r\u00e9cente a \u00e9t\u00e9 m\u00e9diocre, je ne peux m&#39;emp\u00eacher de penser qu&#39;il y a une blessure persistante que nous g\u00e9rons avec lui et qui a limit\u00e9 son temps de jeu ces derniers temps, donc cela pourrait bien d\u00e9pendre de cela.<\/p>\n<p>Mais dans un match, nous devons absolument gagner, les options du milieu de terrain ne sont pas id\u00e9ales. Je pense que la r\u00e9alit\u00e9 de notre situation est que nous allons demander \u00e0 Declan Rice et Martin Zubimendi de creuser profond\u00e9ment pendant encore quelques semaines. J&#39;ai \u00e9voqu\u00e9 la situation de Christian Norgaard sur le blog d&#39;hier, et ce serait une grande surprise pour moi s&#39;il commen\u00e7ait. Le fait qu&#39;il y ait un doute sur Odegaard et qu&#39;Eze n&#39;ait pas \u00e9t\u00e9 risqu\u00e9 d\u00e8s le d\u00e9part en Europe signifie que nous devons \u00e9galement \u00eatre prudents l\u00e0-bas. Il pourrait bien y avoir une discussion d&#39;avant-match sur la possibilit\u00e9 que Myles Lewis-Skelly soit utilis\u00e9 l\u00e0-bas, mais encore une fois, ce n&#39;est pas du tout quelque chose que nous avons vu depuis le d\u00e9but de cette saison, et avec les enjeux si \u00e9lev\u00e9s, ce sera un risque de l&#39;essayer maintenant.<\/p>\n<p>M\u00eame si le personnel du milieu de terrain ne change pas, peut-\u00eatre que la configuration pourrait nous apporter quelque chose en plus. Je pensais que Rice dans un r\u00f4le plus profond \u00e9tait vraiment efficace l&#39;autre soir, et m\u00eame si cela aurait pu \u00eatre sp\u00e9cifique \u00e0 l&#39;opposition, je pense que c&#39;est quelque chose que nous devons consid\u00e9rer davantage d&#39;ici la fin de la saison. Pour moi, c&#39;est sa meilleure position, cela devrait nous permettre d&#39;avoir plus de joueurs devant le ballon et j&#39;esp\u00e8re qu&#39;il y aura des retomb\u00e9es positives sur notre jeu offensif.<\/p>\n<p>Quant \u00e0 Fulham, nous savons que c&#39;est une bonne \u00e9quipe avec des joueurs rus\u00e9s qui nous ont pos\u00e9 des probl\u00e8mes dans le pass\u00e9. Ils se battent toujours pour une place europ\u00e9enne, ils ont donc quelque chose \u00e0 jouer aujourd&#39;hui. Si c\u2019est une bonne chose, nous devrons attendre et voir. Je pense qu&#39;ils seront organis\u00e9s et travailleront dur comme toujours, mais un match nul n&#39;est vraiment pas bon pour eux dans cette qu\u00eate donc je ne les vois pas venir garer le bus. Pouvons-nous en profiter tout en les gardant \u00e0 distance ?<\/p>\n<p>Quant au changement d&#39;orientation de l&#39;Europe vers la Premier League, c&#39;est un sujet que l&#39;entra\u00eeneur a \u00e9voqu\u00e9 lors de sa conf\u00e9rence de presse, en d\u00e9clarant :<\/p>\n<blockquote>\n<p>Nous savons que nous ne pouvons nous concentrer que sur un seul jeu et que ce jeu comporte suffisamment de difficult\u00e9s et de d\u00e9fis pour que penser diff\u00e9remment ne soit d\u2019aucune utilit\u00e9.<\/p>\n<p>La r\u00e9action des joueurs imm\u00e9diatement apr\u00e8s l&#39;Atletico est, maintenant c&#39;est Fulham, maintenant c&#39;est Fulham, maintenant c&#39;est Fulham, imm\u00e9diatement dans le vestiaire. Ils le savent et ils auront le temps de se pr\u00e9parer pour l\u2019Atletico Madrid. Concentrez-vous simplement sur Fulham et nous nous occuperons du reste apr\u00e8s.<\/p>\n<\/blockquote>\n<p>Alors que Man City ne jouera que lundi soir, c&#39;est aujourd&#39;hui une chance d&#39;avoir 6 points d&#39;avance en t\u00eate. Ils auront les matchs en main, bien s\u00fbr, mais m\u00eame en appliquant un peu de pression, cela d\u00e9pend de notre victoire dans ce match en premi\u00e8re place. Faisons-le avant de nous soucier des permutations. C&#39;est une t\u00e2che difficile, mais il existe rarement des moyens faciles de remporter un titre, et esp\u00e9rons que nous pourrons y parvenir aujourd&#39;hui.<\/p>\n<p>Bon, restons-en l\u00e0 ce matin. Comme toujours, nous aurons une couverture de blog en direct pour vous, tous les trucs d&#39;apr\u00e8s-match sur Arseblog News, et il y aura un podcast en avant-premi\u00e8re sur Patreon si vous avez besoin de quelque chose \u00e0 \u00e9couter en attendant.<\/p>\n<p>Bonne chance \u00e9galement \u00e0 Arsenal Women qui affronte Lyon cet apr\u00e8s-midi lors de sa demi-finale retour de Ligue des Champions, avec une avance de 2-1 d\u00e8s le premier match. Tim a un aper\u00e7u pour vous ici, et comme toujours, nous vous couvrirons \u00e9galement sur Arseblog News pour tous les trucs d&#39;apr\u00e8s-match.<\/p>\n<p>Pour l&#39;instant, passez-en une bonne et je vous retrouverai plus tard. Allez les rouges !<\/p>\n<\/div>\n","protected":false},"excerpt":{"rendered":"<p>Bonjour \u00e0 tous. Nous y retournerons plus tard cet apr\u00e8s-midi lorsque nous affronterons Fulham \u00e0 domicile. D&#39;ordinaire, entre deux demi-finales de Ligue des Champions, un<\/p>\n","protected":false},"author":1,"featured_media":37049,"comment_status":"closed","ping_status":"","sticky":false,"template":"","format":"standard","meta":{"footnotes":""},"categories":[3],"tags":[348,7181,64,1777,290,2152],"yoast_head":"<!-- This site is optimized with the Yoast SEO plugin v21.0 - https:\/\/yoast.com\/wordpress\/plugins\/seo\/ -->\n<title>L\u00e9g\u00e8re rotation probable lors de la visite de Fulham<\/title>\n<meta name=\"robots\" content=\"index, follow, max-snippet:-1, max-image-preview:large, max-video-preview:-1\" \/>\n<link rel=\"canonical\" href=\"https:\/\/footdavant.fr\/actualites\/legere-rotation-probable-lors-de-la-visite-de-fulham\/\" \/>\n<meta property=\"og:locale\" content=\"fr_FR\" \/>\n<meta property=\"og:type\" content=\"article\" \/>\n<meta property=\"og:title\" content=\"L\u00e9g\u00e8re rotation probable lors de la visite de Fulham\" \/>\n<meta property=\"og:description\" content=\"Bonjour \u00e0 tous. Nous y retournerons plus tard cet apr\u00e8s-midi lorsque nous affronterons Fulham \u00e0 domicile. D&#039;ordinaire, entre deux demi-finales de Ligue des Champions, un\" \/>\n<meta property=\"og:url\" content=\"https:\/\/footdavant.fr\/actualites\/legere-rotation-probable-lors-de-la-visite-de-fulham\/\" \/>\n<meta property=\"og:site_name\" content=\"Foot d&#039;avant\" \/>\n<meta property=\"article:publisher\" content=\"https:\/\/www.facebook.com\/Footdavant\/\" \/>\n<meta property=\"article:published_time\" content=\"2026-05-02T10:48:12+00:00\" \/>\n<meta property=\"article:modified_time\" content=\"2026-05-02T10:48:15+00:00\" \/>\n<meta property=\"og:image\" content=\"https:\/\/footdavant.fr\/actualites\/wp-content\/uploads\/2026\/05\/Legere-rotation-probable-lors-de-la-visite-de-Fulham.jpg\" \/>\n\t<meta property=\"og:image:width\" content=\"1500\" \/>\n\t<meta property=\"og:image:height\" content=\"750\" \/>\n\t<meta property=\"og:image:type\" content=\"image\/jpeg\" \/>\n<meta name=\"author\" content=\"Cl\u00e9ment\" \/>\n<meta name=\"twitter:card\" content=\"summary_large_image\" \/>\n<meta name=\"twitter:creator\" content=\"@FootdavantFr\" \/>\n<meta name=\"twitter:site\" content=\"@FootdavantFr\" \/>\n<meta name=\"twitter:label1\" content=\"\u00c9crit par\" \/>\n\t<meta name=\"twitter:data1\" content=\"Cl\u00e9ment\" \/>\n\t<meta name=\"twitter:label2\" content=\"Dur\u00e9e de lecture estim\u00e9e\" \/>\n\t<meta name=\"twitter:data2\" content=\"5 minutes\" \/>\n<script type=\"application\/ld+json\" class=\"yoast-schema-graph\">{\"@context\":\"https:\/\/schema.org\",\"@graph\":[{\"@type\":\"Article\",\"@id\":\"https:\/\/footdavant.fr\/actualites\/legere-rotation-probable-lors-de-la-visite-de-fulham\/#article\",\"isPartOf\":{\"@id\":\"https:\/\/footdavant.fr\/actualites\/legere-rotation-probable-lors-de-la-visite-de-fulham\/\"},\"author\":{\"name\":\"Cl\u00e9ment\",\"@id\":\"https:\/\/footdavant.fr\/actualites\/#\/schema\/person\/bc222566d95871b37e597b3ed3ba5e1d\"},\"headline\":\"L\u00e9g\u00e8re rotation probable lors de la visite de Fulham\",\"datePublished\":\"2026-05-02T10:48:12+00:00\",\"dateModified\":\"2026-05-02T10:48:15+00:00\",\"mainEntityOfPage\":{\"@id\":\"https:\/\/footdavant.fr\/actualites\/legere-rotation-probable-lors-de-la-visite-de-fulham\/\"},\"wordCount\":989,\"publisher\":{\"@id\":\"https:\/\/footdavant.fr\/actualites\/#organization\"},\"keywords\":[\"Fulham\",\"l\u00e9g\u00e8re\",\"lors\",\"probable\",\"rotation\",\"visite\"],\"articleSection\":[\"Football\"],\"inLanguage\":\"fr-FR\"},{\"@type\":\"WebPage\",\"@id\":\"https:\/\/footdavant.fr\/actualites\/legere-rotation-probable-lors-de-la-visite-de-fulham\/\",\"url\":\"https:\/\/footdavant.fr\/actualites\/legere-rotation-probable-lors-de-la-visite-de-fulham\/\",\"name\":\"L\u00e9g\u00e8re rotation probable lors de la visite de Fulham\",\"isPartOf\":{\"@id\":\"https:\/\/footdavant.fr\/actualites\/#website\"},\"datePublished\":\"2026-05-02T10:48:12+00:00\",\"dateModified\":\"2026-05-02T10:48:15+00:00\",\"breadcrumb\":{\"@id\":\"https:\/\/footdavant.fr\/actualites\/legere-rotation-probable-lors-de-la-visite-de-fulham\/#breadcrumb\"},\"inLanguage\":\"fr-FR\",\"potentialAction\":[{\"@type\":\"ReadAction\",\"target\":[\"https:\/\/footdavant.fr\/actualites\/legere-rotation-probable-lors-de-la-visite-de-fulham\/\"]}]},{\"@type\":\"BreadcrumbList\",\"@id\":\"https:\/\/footdavant.fr\/actualites\/legere-rotation-probable-lors-de-la-visite-de-fulham\/#breadcrumb\",\"itemListElement\":[{\"@type\":\"ListItem\",\"position\":1,\"name\":\"Accueil\",\"item\":\"https:\/\/footdavant.fr\/actualites\/\"},{\"@type\":\"ListItem\",\"position\":2,\"name\":\"L\u00e9g\u00e8re rotation probable lors de la visite de Fulham\"}]},{\"@type\":\"WebSite\",\"@id\":\"https:\/\/footdavant.fr\/actualites\/#website\",\"url\":\"https:\/\/footdavant.fr\/actualites\/\",\"name\":\"Foot d'avant\",\"description\":\"\",\"publisher\":{\"@id\":\"https:\/\/footdavant.fr\/actualites\/#organization\"},\"potentialAction\":[{\"@type\":\"SearchAction\",\"target\":{\"@type\":\"EntryPoint\",\"urlTemplate\":\"https:\/\/footdavant.fr\/actualites\/?s={search_term_string}\"},\"query-input\":\"required name=search_term_string\"}],\"inLanguage\":\"fr-FR\"},{\"@type\":\"Organization\",\"@id\":\"https:\/\/footdavant.fr\/actualites\/#organization\",\"name\":\"Foot d'avant\",\"url\":\"https:\/\/footdavant.fr\/actualites\/\",\"logo\":{\"@type\":\"ImageObject\",\"inLanguage\":\"fr-FR\",\"@id\":\"https:\/\/footdavant.fr\/actualites\/#\/schema\/logo\/image\/\",\"url\":\"https:\/\/footdavant.fr\/actualites\/wp-content\/uploads\/2023\/09\/Copy-of-FootDavant-Logo.png\",\"contentUrl\":\"https:\/\/footdavant.fr\/actualites\/wp-content\/uploads\/2023\/09\/Copy-of-FootDavant-Logo.png\",\"width\":936,\"height\":549,\"caption\":\"Foot d'avant\"},\"image\":{\"@id\":\"https:\/\/footdavant.fr\/actualites\/#\/schema\/logo\/image\/\"},\"sameAs\":[\"https:\/\/www.facebook.com\/Footdavant\/\",\"https:\/\/twitter.com\/FootdavantFr\",\"https:\/\/www.instagram.com\/footdavant.fr\/\"]},{\"@type\":\"Person\",\"@id\":\"https:\/\/footdavant.fr\/actualites\/#\/schema\/person\/bc222566d95871b37e597b3ed3ba5e1d\",\"name\":\"Cl\u00e9ment\",\"image\":{\"@type\":\"ImageObject\",\"inLanguage\":\"fr-FR\",\"@id\":\"https:\/\/footdavant.fr\/actualites\/#\/schema\/person\/image\/\",\"url\":\"https:\/\/secure.gravatar.com\/avatar\/7728b29aac2719421e1a9159b2254c44?s=96&d=mm&r=g\",\"contentUrl\":\"https:\/\/secure.gravatar.com\/avatar\/7728b29aac2719421e1a9159b2254c44?s=96&d=mm&r=g\",\"caption\":\"Cl\u00e9ment\"},\"sameAs\":[\"https:\/\/footdavant.fr\/\"]}]}<\/script>\n<!-- \/ Yoast SEO plugin. -->","yoast_head_json":{"title":"L\u00e9g\u00e8re rotation probable lors de la visite de Fulham","robots":{"index":"index","follow":"follow","max-snippet":"max-snippet:-1","max-image-preview":"max-image-preview:large","max-video-preview":"max-video-preview:-1"},"canonical":"https:\/\/footdavant.fr\/actualites\/legere-rotation-probable-lors-de-la-visite-de-fulham\/","og_locale":"fr_FR","og_type":"article","og_title":"L\u00e9g\u00e8re rotation probable lors de la visite de Fulham","og_description":"Bonjour \u00e0 tous. Nous y retournerons plus tard cet apr\u00e8s-midi lorsque nous affronterons Fulham \u00e0 domicile. D&#39;ordinaire, entre deux demi-finales de Ligue des Champions, un","og_url":"https:\/\/footdavant.fr\/actualites\/legere-rotation-probable-lors-de-la-visite-de-fulham\/","og_site_name":"Foot d&#039;avant","article_publisher":"https:\/\/www.facebook.com\/Footdavant\/","article_published_time":"2026-05-02T10:48:12+00:00","article_modified_time":"2026-05-02T10:48:15+00:00","og_image":[{"width":1500,"height":750,"url":"https:\/\/footdavant.fr\/actualites\/wp-content\/uploads\/2026\/05\/Legere-rotation-probable-lors-de-la-visite-de-Fulham.jpg","type":"image\/jpeg"}],"author":"Cl\u00e9ment","twitter_card":"summary_large_image","twitter_creator":"@FootdavantFr","twitter_site":"@FootdavantFr","twitter_misc":{"\u00c9crit par":"Cl\u00e9ment","Dur\u00e9e de lecture estim\u00e9e":"5 minutes"},"schema":{"@context":"https:\/\/schema.org","@graph":[{"@type":"Article","@id":"https:\/\/footdavant.fr\/actualites\/legere-rotation-probable-lors-de-la-visite-de-fulham\/#article","isPartOf":{"@id":"https:\/\/footdavant.fr\/actualites\/legere-rotation-probable-lors-de-la-visite-de-fulham\/"},"author":{"name":"Cl\u00e9ment","@id":"https:\/\/footdavant.fr\/actualites\/#\/schema\/person\/bc222566d95871b37e597b3ed3ba5e1d"},"headline":"L\u00e9g\u00e8re rotation probable lors de la visite de Fulham","datePublished":"2026-05-02T10:48:12+00:00","dateModified":"2026-05-02T10:48:15+00:00","mainEntityOfPage":{"@id":"https:\/\/footdavant.fr\/actualites\/legere-rotation-probable-lors-de-la-visite-de-fulham\/"},"wordCount":989,"publisher":{"@id":"https:\/\/footdavant.fr\/actualites\/#organization"},"keywords":["Fulham","l\u00e9g\u00e8re","lors","probable","rotation","visite"],"articleSection":["Football"],"inLanguage":"fr-FR"},{"@type":"WebPage","@id":"https:\/\/footdavant.fr\/actualites\/legere-rotation-probable-lors-de-la-visite-de-fulham\/","url":"https:\/\/footdavant.fr\/actualites\/legere-rotation-probable-lors-de-la-visite-de-fulham\/","name":"L\u00e9g\u00e8re rotation probable lors de la visite de Fulham","isPartOf":{"@id":"https:\/\/footdavant.fr\/actualites\/#website"},"datePublished":"2026-05-02T10:48:12+00:00","dateModified":"2026-05-02T10:48:15+00:00","breadcrumb":{"@id":"https:\/\/footdavant.fr\/actualites\/legere-rotation-probable-lors-de-la-visite-de-fulham\/#breadcrumb"},"inLanguage":"fr-FR","potentialAction":[{"@type":"ReadAction","target":["https:\/\/footdavant.fr\/actualites\/legere-rotation-probable-lors-de-la-visite-de-fulham\/"]}]},{"@type":"BreadcrumbList","@id":"https:\/\/footdavant.fr\/actualites\/legere-rotation-probable-lors-de-la-visite-de-fulham\/#breadcrumb","itemListElement":[{"@type":"ListItem","position":1,"name":"Accueil","item":"https:\/\/footdavant.fr\/actualites\/"},{"@type":"ListItem","position":2,"name":"L\u00e9g\u00e8re rotation probable lors de la visite de Fulham"}]},{"@type":"WebSite","@id":"https:\/\/footdavant.fr\/actualites\/#website","url":"https:\/\/footdavant.fr\/actualites\/","name":"Foot d'avant","description":"","publisher":{"@id":"https:\/\/footdavant.fr\/actualites\/#organization"},"potentialAction":[{"@type":"SearchAction","target":{"@type":"EntryPoint","urlTemplate":"https:\/\/footdavant.fr\/actualites\/?s={search_term_string}"},"query-input":"required name=search_term_string"}],"inLanguage":"fr-FR"},{"@type":"Organization","@id":"https:\/\/footdavant.fr\/actualites\/#organization","name":"Foot d'avant","url":"https:\/\/footdavant.fr\/actualites\/","logo":{"@type":"ImageObject","inLanguage":"fr-FR","@id":"https:\/\/footdavant.fr\/actualites\/#\/schema\/logo\/image\/","url":"https:\/\/footdavant.fr\/actualites\/wp-content\/uploads\/2023\/09\/Copy-of-FootDavant-Logo.png","contentUrl":"https:\/\/footdavant.fr\/actualites\/wp-content\/uploads\/2023\/09\/Copy-of-FootDavant-Logo.png","width":936,"height":549,"caption":"Foot d'avant"},"image":{"@id":"https:\/\/footdavant.fr\/actualites\/#\/schema\/logo\/image\/"},"sameAs":["https:\/\/www.facebook.com\/Footdavant\/","https:\/\/twitter.com\/FootdavantFr","https:\/\/www.instagram.com\/footdavant.fr\/"]},{"@type":"Person","@id":"https:\/\/footdavant.fr\/actualites\/#\/schema\/person\/bc222566d95871b37e597b3ed3ba5e1d","name":"Cl\u00e9ment","image":{"@type":"ImageObject","inLanguage":"fr-FR","@id":"https:\/\/footdavant.fr\/actualites\/#\/schema\/person\/image\/","url":"https:\/\/secure.gravatar.com\/avatar\/7728b29aac2719421e1a9159b2254c44?s=96&d=mm&r=g","contentUrl":"https:\/\/secure.gravatar.com\/avatar\/7728b29aac2719421e1a9159b2254c44?s=96&d=mm&r=g","caption":"Cl\u00e9ment"},"sameAs":["https:\/\/footdavant.fr\/"]}]}},"_links":{"self":[{"href":"https:\/\/footdavant.fr\/actualites\/wp-json\/wp\/v2\/posts\/37048"}],"collection":[{"href":"https:\/\/footdavant.fr\/actualites\/wp-json\/wp\/v2\/posts"}],"about":[{"href":"https:\/\/footdavant.fr\/actualites\/wp-json\/wp\/v2\/types\/post"}],"author":[{"embeddable":true,"href":"https:\/\/footdavant.fr\/actualites\/wp-json\/wp\/v2\/users\/1"}],"replies":[{"embeddable":true,"href":"https:\/\/footdavant.fr\/actualites\/wp-json\/wp\/v2\/comments?post=37048"}],"version-history":[{"count":1,"href":"https:\/\/footdavant.fr\/actualites\/wp-json\/wp\/v2\/posts\/37048\/revisions"}],"predecessor-version":[{"id":37050,"href":"https:\/\/footdavant.fr\/actualites\/wp-json\/wp\/v2\/posts\/37048\/revisions\/37050"}],"wp:featuredmedia":[{"embeddable":true,"href":"https:\/\/footdavant.fr\/actualites\/wp-json\/wp\/v2\/media\/37049"}],"wp:attachment":[{"href":"https:\/\/footdavant.fr\/actualites\/wp-json\/wp\/v2\/media?parent=37048"}],"wp:term":[{"taxonomy":"category","embeddable":true,"href":"https:\/\/footdavant.fr\/actualites\/wp-json\/wp\/v2\/categories?post=37048"},{"taxonomy":"post_tag","embeddable":true,"href":"https:\/\/footdavant.fr\/actualites\/wp-json\/wp\/v2\/tags?post=37048"}],"curies":[{"name":"wp","href":"https:\/\/api.w.org\/{rel}","templated":true}]}}