{"id":3705,"date":"2024-01-11T05:53:46","date_gmt":"2024-01-11T04:53:46","guid":{"rendered":"https:\/\/footdavant.fr\/actualites\/lancien-attaquant-de-manchester-united-javier-hernandez-semble-pret-a-revenir-au-club-deportivo-guadalajara\/"},"modified":"2024-01-11T05:53:50","modified_gmt":"2024-01-11T04:53:50","slug":"lancien-attaquant-de-manchester-united-javier-hernandez-semble-pret-a-revenir-au-club-deportivo-guadalajara","status":"publish","type":"post","link":"https:\/\/footdavant.fr\/actualites\/lancien-attaquant-de-manchester-united-javier-hernandez-semble-pret-a-revenir-au-club-deportivo-guadalajara\/","title":{"rendered":"L&rsquo;ancien attaquant de Manchester United Javier Hernandez semble pr\u00eat \u00e0 revenir au Club Deportivo Guadalajara &#8211;"},"content":{"rendered":"<div id=\"penci-post-entry-inner\">\n<p>\t\t\t<i class=\"penci-post-countview-number-check\" style=\"display:none\">3<\/i><\/p>\n<p>L&rsquo;ancien attaquant de Manchester United Javier Hernandez semble se rapprocher d&rsquo;un retour au Club Deportivo Guadalajara \u2013 le club pour lequel il a jou\u00e9 avant d&rsquo;arriver \u00e0 Old Trafford.<\/p>\n<p>\u00ab\u00a0J&rsquo;ai h\u00e2te de revenir \u00e0 Chivas\u00a0\u00bb, a annonc\u00e9 le joueur de 35 ans sur sa cha\u00eene Twitch.<\/p>\n<p>Il a ensuite r\u00e9v\u00e9l\u00e9 que son agent devait se rendre \u00e0 Guadalajara, au Mexique, cette semaine, o\u00f9 il entamerait des n\u00e9gociations avec le club.<\/p>\n<p>M\u00eame si Hern\u00e1ndez a d\u00e9clar\u00e9 avoir \u00e9galement re\u00e7u d&rsquo;autres offres, il a maintenu que sa priorit\u00e9 \u00e9tait de retourner dans son ancien club.<\/p>\n<p>En 2010, Chicharito est arriv\u00e9 \u00e0 United pour un montant de 7,50 millions d&rsquo;euros en provenance de Chivas.<\/p>\n<p>Au cours de ses cinq ann\u00e9es \u00e0 Old Trafford, l&rsquo;attaquant a marqu\u00e9 59 buts et r\u00e9colt\u00e9 20 passes d\u00e9cisives en 157 apparitions toutes comp\u00e9titions confondues.  (March\u00e9 des transferts)<\/p>\n<p>Il a \u00e9galement aid\u00e9 United \u00e0 remporter deux titres de Premier League, dont le plus r\u00e9cent de l&rsquo;histoire du club.<\/p>\n<p>Cependant, les choses ont empir\u00e9 pour Chicharito, une fois que Sir Alex Ferguson a pris sa retraite, car il manquait de temps de jeu et s&rsquo;est affront\u00e9 avec le nouveau manager David Moyes.<\/p>\n<p>Apr\u00e8s un pr\u00eat d&rsquo;une saison au Real Madrid, Hernandez a quitt\u00e9 d\u00e9finitivement United apr\u00e8s un passage d\u00e9cevant sous Louis van Gaal.<\/p>\n<p>Il a rejoint le Bayern Leverkusen avant de jouer pour West Ham United, S\u00e9ville et LA Galaxy.<\/p>\n<p>D\u00e9sormais, Hernandez se retrouve agent libre.<\/p>\n<p>Cela intervient apr\u00e8s que LA Galaxy a annonc\u00e9 en novembre que l&rsquo;attaquant mexicain quitterait le club une fois son contrat expir\u00e9 \u00e0 la fin de l&rsquo;ann\u00e9e.<\/p>\n<p>M\u00eame si la carri\u00e8re de Chicharito \u00e0 Los Angeles a \u00e9t\u00e9 perturb\u00e9e par une grave blessure au ligament crois\u00e9 ant\u00e9rieur en juin, il est rest\u00e9 un joueur cl\u00e9 de l&rsquo;\u00e9quipe tout au long de son mandat, avec 39 buts et six passes d\u00e9cisives en 82 apparitions.<\/p>\n<p>Il a \u00e9galement \u00e9t\u00e9 nomm\u00e9 joueur de l&rsquo;ann\u00e9e LA Galaxy en 2021 et 2022, \u00e9tant le meilleur buteur du club au cours des deux saisons.<\/p>\n<p><!-- AI CONTENT END 3 --><\/p><\/div>\n","protected":false},"excerpt":{"rendered":"<p>3 L&rsquo;ancien attaquant de Manchester United Javier Hernandez semble se rapprocher d&rsquo;un retour au Club Deportivo Guadalajara \u2013 le club pour lequel il a jou\u00e9<\/p>\n","protected":false},"author":1,"featured_media":3706,"comment_status":"closed","ping_status":"","sticky":false,"template":"","format":"standard","meta":{"footnotes":""},"categories":[3],"tags":[778,333,2950,2951,2949,2948,1302,11,165,1037,2862,13],"yoast_head":"<!-- This site is optimized with the Yoast SEO plugin v21.0 - https:\/\/yoast.com\/wordpress\/plugins\/seo\/ -->\n<title>L&#039;ancien attaquant de Manchester United Javier Hernandez semble pr\u00eat \u00e0 revenir au Club Deportivo Guadalajara -<\/title>\n<meta name=\"robots\" content=\"index, follow, max-snippet:-1, max-image-preview:large, max-video-preview:-1\" \/>\n<link rel=\"canonical\" href=\"https:\/\/footdavant.fr\/actualites\/lancien-attaquant-de-manchester-united-javier-hernandez-semble-pret-a-revenir-au-club-deportivo-guadalajara\/\" \/>\n<meta property=\"og:locale\" content=\"fr_FR\" \/>\n<meta property=\"og:type\" content=\"article\" \/>\n<meta property=\"og:title\" content=\"L&#039;ancien attaquant de Manchester United Javier Hernandez semble pr\u00eat \u00e0 revenir au Club Deportivo Guadalajara -\" \/>\n<meta property=\"og:description\" content=\"3 L&rsquo;ancien attaquant de Manchester United Javier Hernandez semble se rapprocher d&rsquo;un retour au Club Deportivo Guadalajara \u2013 le club pour lequel il a jou\u00e9\" \/>\n<meta property=\"og:url\" content=\"https:\/\/footdavant.fr\/actualites\/lancien-attaquant-de-manchester-united-javier-hernandez-semble-pret-a-revenir-au-club-deportivo-guadalajara\/\" \/>\n<meta property=\"og:site_name\" content=\"Foot d&#039;avant\" \/>\n<meta property=\"article:publisher\" content=\"https:\/\/www.facebook.com\/Footdavant\/\" \/>\n<meta property=\"article:published_time\" content=\"2024-01-11T04:53:46+00:00\" \/>\n<meta property=\"article:modified_time\" content=\"2024-01-11T04:53:50+00:00\" \/>\n<meta property=\"og:image\" content=\"https:\/\/footdavant.fr\/actualites\/wp-content\/uploads\/2024\/01\/Lancien-attaquant-de-Manchester-United-Javier-Hernandez-semble-pret-a.png\" \/>\n\t<meta property=\"og:image:width\" content=\"800\" \/>\n\t<meta property=\"og:image:height\" content=\"350\" \/>\n\t<meta property=\"og:image:type\" content=\"image\/png\" \/>\n<meta name=\"author\" content=\"Cl\u00e9ment\" \/>\n<meta name=\"twitter:card\" content=\"summary_large_image\" \/>\n<meta name=\"twitter:creator\" content=\"@FootdavantFr\" \/>\n<meta name=\"twitter:site\" content=\"@FootdavantFr\" \/>\n<meta name=\"twitter:label1\" content=\"\u00c9crit par\" \/>\n\t<meta name=\"twitter:data1\" content=\"Cl\u00e9ment\" \/>\n\t<meta name=\"twitter:label2\" content=\"Dur\u00e9e de lecture estim\u00e9e\" \/>\n\t<meta name=\"twitter:data2\" content=\"2 minutes\" \/>\n<script type=\"application\/ld+json\" class=\"yoast-schema-graph\">{\"@context\":\"https:\/\/schema.org\",\"@graph\":[{\"@type\":\"Article\",\"@id\":\"https:\/\/footdavant.fr\/actualites\/lancien-attaquant-de-manchester-united-javier-hernandez-semble-pret-a-revenir-au-club-deportivo-guadalajara\/#article\",\"isPartOf\":{\"@id\":\"https:\/\/footdavant.fr\/actualites\/lancien-attaquant-de-manchester-united-javier-hernandez-semble-pret-a-revenir-au-club-deportivo-guadalajara\/\"},\"author\":{\"name\":\"Cl\u00e9ment\",\"@id\":\"https:\/\/footdavant.fr\/actualites\/#\/schema\/person\/bc222566d95871b37e597b3ed3ba5e1d\"},\"headline\":\"L&rsquo;ancien attaquant de Manchester United Javier Hernandez semble pr\u00eat \u00e0 revenir au Club Deportivo Guadalajara &#8211;\",\"datePublished\":\"2024-01-11T04:53:46+00:00\",\"dateModified\":\"2024-01-11T04:53:50+00:00\",\"mainEntityOfPage\":{\"@id\":\"https:\/\/footdavant.fr\/actualites\/lancien-attaquant-de-manchester-united-javier-hernandez-semble-pret-a-revenir-au-club-deportivo-guadalajara\/\"},\"wordCount\":360,\"publisher\":{\"@id\":\"https:\/\/footdavant.fr\/actualites\/#organization\"},\"keywords\":[\"attaquant\",\"club\",\"Deportivo\",\"Guadalajara\",\"Hernandez\",\"Javier\",\"Lancien\",\"Manchester\",\"pr\u00eat\",\"revenir\",\"semble\",\"United\"],\"articleSection\":[\"Football\"],\"inLanguage\":\"fr-FR\"},{\"@type\":\"WebPage\",\"@id\":\"https:\/\/footdavant.fr\/actualites\/lancien-attaquant-de-manchester-united-javier-hernandez-semble-pret-a-revenir-au-club-deportivo-guadalajara\/\",\"url\":\"https:\/\/footdavant.fr\/actualites\/lancien-attaquant-de-manchester-united-javier-hernandez-semble-pret-a-revenir-au-club-deportivo-guadalajara\/\",\"name\":\"L'ancien attaquant de Manchester United Javier Hernandez semble pr\u00eat \u00e0 revenir au Club Deportivo Guadalajara -\",\"isPartOf\":{\"@id\":\"https:\/\/footdavant.fr\/actualites\/#website\"},\"datePublished\":\"2024-01-11T04:53:46+00:00\",\"dateModified\":\"2024-01-11T04:53:50+00:00\",\"breadcrumb\":{\"@id\":\"https:\/\/footdavant.fr\/actualites\/lancien-attaquant-de-manchester-united-javier-hernandez-semble-pret-a-revenir-au-club-deportivo-guadalajara\/#breadcrumb\"},\"inLanguage\":\"fr-FR\",\"potentialAction\":[{\"@type\":\"ReadAction\",\"target\":[\"https:\/\/footdavant.fr\/actualites\/lancien-attaquant-de-manchester-united-javier-hernandez-semble-pret-a-revenir-au-club-deportivo-guadalajara\/\"]}]},{\"@type\":\"BreadcrumbList\",\"@id\":\"https:\/\/footdavant.fr\/actualites\/lancien-attaquant-de-manchester-united-javier-hernandez-semble-pret-a-revenir-au-club-deportivo-guadalajara\/#breadcrumb\",\"itemListElement\":[{\"@type\":\"ListItem\",\"position\":1,\"name\":\"Accueil\",\"item\":\"https:\/\/footdavant.fr\/actualites\/\"},{\"@type\":\"ListItem\",\"position\":2,\"name\":\"L&rsquo;ancien attaquant de Manchester United Javier Hernandez semble pr\u00eat \u00e0 revenir au Club Deportivo Guadalajara &#8211;\"}]},{\"@type\":\"WebSite\",\"@id\":\"https:\/\/footdavant.fr\/actualites\/#website\",\"url\":\"https:\/\/footdavant.fr\/actualites\/\",\"name\":\"Foot d'avant\",\"description\":\"\",\"publisher\":{\"@id\":\"https:\/\/footdavant.fr\/actualites\/#organization\"},\"potentialAction\":[{\"@type\":\"SearchAction\",\"target\":{\"@type\":\"EntryPoint\",\"urlTemplate\":\"https:\/\/footdavant.fr\/actualites\/?s={search_term_string}\"},\"query-input\":\"required name=search_term_string\"}],\"inLanguage\":\"fr-FR\"},{\"@type\":\"Organization\",\"@id\":\"https:\/\/footdavant.fr\/actualites\/#organization\",\"name\":\"Foot d'avant\",\"url\":\"https:\/\/footdavant.fr\/actualites\/\",\"logo\":{\"@type\":\"ImageObject\",\"inLanguage\":\"fr-FR\",\"@id\":\"https:\/\/footdavant.fr\/actualites\/#\/schema\/logo\/image\/\",\"url\":\"https:\/\/footdavant.fr\/actualites\/wp-content\/uploads\/2023\/09\/Copy-of-FootDavant-Logo.png\",\"contentUrl\":\"https:\/\/footdavant.fr\/actualites\/wp-content\/uploads\/2023\/09\/Copy-of-FootDavant-Logo.png\",\"width\":936,\"height\":549,\"caption\":\"Foot d'avant\"},\"image\":{\"@id\":\"https:\/\/footdavant.fr\/actualites\/#\/schema\/logo\/image\/\"},\"sameAs\":[\"https:\/\/www.facebook.com\/Footdavant\/\",\"https:\/\/twitter.com\/FootdavantFr\",\"https:\/\/www.instagram.com\/footdavant.fr\/\"]},{\"@type\":\"Person\",\"@id\":\"https:\/\/footdavant.fr\/actualites\/#\/schema\/person\/bc222566d95871b37e597b3ed3ba5e1d\",\"name\":\"Cl\u00e9ment\",\"image\":{\"@type\":\"ImageObject\",\"inLanguage\":\"fr-FR\",\"@id\":\"https:\/\/footdavant.fr\/actualites\/#\/schema\/person\/image\/\",\"url\":\"https:\/\/secure.gravatar.com\/avatar\/7728b29aac2719421e1a9159b2254c44?s=96&d=mm&r=g\",\"contentUrl\":\"https:\/\/secure.gravatar.com\/avatar\/7728b29aac2719421e1a9159b2254c44?s=96&d=mm&r=g\",\"caption\":\"Cl\u00e9ment\"},\"sameAs\":[\"https:\/\/footdavant.fr\/\"]}]}<\/script>\n<!-- \/ Yoast SEO plugin. -->","yoast_head_json":{"title":"L'ancien attaquant de Manchester United Javier Hernandez semble pr\u00eat \u00e0 revenir au Club Deportivo Guadalajara -","robots":{"index":"index","follow":"follow","max-snippet":"max-snippet:-1","max-image-preview":"max-image-preview:large","max-video-preview":"max-video-preview:-1"},"canonical":"https:\/\/footdavant.fr\/actualites\/lancien-attaquant-de-manchester-united-javier-hernandez-semble-pret-a-revenir-au-club-deportivo-guadalajara\/","og_locale":"fr_FR","og_type":"article","og_title":"L'ancien attaquant de Manchester United Javier Hernandez semble pr\u00eat \u00e0 revenir au Club Deportivo Guadalajara -","og_description":"3 L&rsquo;ancien attaquant de Manchester United Javier Hernandez semble se rapprocher d&rsquo;un retour au Club Deportivo Guadalajara \u2013 le club pour lequel il a jou\u00e9","og_url":"https:\/\/footdavant.fr\/actualites\/lancien-attaquant-de-manchester-united-javier-hernandez-semble-pret-a-revenir-au-club-deportivo-guadalajara\/","og_site_name":"Foot d&#039;avant","article_publisher":"https:\/\/www.facebook.com\/Footdavant\/","article_published_time":"2024-01-11T04:53:46+00:00","article_modified_time":"2024-01-11T04:53:50+00:00","og_image":[{"width":800,"height":350,"url":"https:\/\/footdavant.fr\/actualites\/wp-content\/uploads\/2024\/01\/Lancien-attaquant-de-Manchester-United-Javier-Hernandez-semble-pret-a.png","type":"image\/png"}],"author":"Cl\u00e9ment","twitter_card":"summary_large_image","twitter_creator":"@FootdavantFr","twitter_site":"@FootdavantFr","twitter_misc":{"\u00c9crit par":"Cl\u00e9ment","Dur\u00e9e de lecture estim\u00e9e":"2 minutes"},"schema":{"@context":"https:\/\/schema.org","@graph":[{"@type":"Article","@id":"https:\/\/footdavant.fr\/actualites\/lancien-attaquant-de-manchester-united-javier-hernandez-semble-pret-a-revenir-au-club-deportivo-guadalajara\/#article","isPartOf":{"@id":"https:\/\/footdavant.fr\/actualites\/lancien-attaquant-de-manchester-united-javier-hernandez-semble-pret-a-revenir-au-club-deportivo-guadalajara\/"},"author":{"name":"Cl\u00e9ment","@id":"https:\/\/footdavant.fr\/actualites\/#\/schema\/person\/bc222566d95871b37e597b3ed3ba5e1d"},"headline":"L&rsquo;ancien attaquant de Manchester United Javier Hernandez semble pr\u00eat \u00e0 revenir au Club Deportivo Guadalajara &#8211;","datePublished":"2024-01-11T04:53:46+00:00","dateModified":"2024-01-11T04:53:50+00:00","mainEntityOfPage":{"@id":"https:\/\/footdavant.fr\/actualites\/lancien-attaquant-de-manchester-united-javier-hernandez-semble-pret-a-revenir-au-club-deportivo-guadalajara\/"},"wordCount":360,"publisher":{"@id":"https:\/\/footdavant.fr\/actualites\/#organization"},"keywords":["attaquant","club","Deportivo","Guadalajara","Hernandez","Javier","Lancien","Manchester","pr\u00eat","revenir","semble","United"],"articleSection":["Football"],"inLanguage":"fr-FR"},{"@type":"WebPage","@id":"https:\/\/footdavant.fr\/actualites\/lancien-attaquant-de-manchester-united-javier-hernandez-semble-pret-a-revenir-au-club-deportivo-guadalajara\/","url":"https:\/\/footdavant.fr\/actualites\/lancien-attaquant-de-manchester-united-javier-hernandez-semble-pret-a-revenir-au-club-deportivo-guadalajara\/","name":"L'ancien attaquant de Manchester United Javier Hernandez semble pr\u00eat \u00e0 revenir au Club Deportivo Guadalajara -","isPartOf":{"@id":"https:\/\/footdavant.fr\/actualites\/#website"},"datePublished":"2024-01-11T04:53:46+00:00","dateModified":"2024-01-11T04:53:50+00:00","breadcrumb":{"@id":"https:\/\/footdavant.fr\/actualites\/lancien-attaquant-de-manchester-united-javier-hernandez-semble-pret-a-revenir-au-club-deportivo-guadalajara\/#breadcrumb"},"inLanguage":"fr-FR","potentialAction":[{"@type":"ReadAction","target":["https:\/\/footdavant.fr\/actualites\/lancien-attaquant-de-manchester-united-javier-hernandez-semble-pret-a-revenir-au-club-deportivo-guadalajara\/"]}]},{"@type":"BreadcrumbList","@id":"https:\/\/footdavant.fr\/actualites\/lancien-attaquant-de-manchester-united-javier-hernandez-semble-pret-a-revenir-au-club-deportivo-guadalajara\/#breadcrumb","itemListElement":[{"@type":"ListItem","position":1,"name":"Accueil","item":"https:\/\/footdavant.fr\/actualites\/"},{"@type":"ListItem","position":2,"name":"L&rsquo;ancien attaquant de Manchester United Javier Hernandez semble pr\u00eat \u00e0 revenir au Club Deportivo Guadalajara &#8211;"}]},{"@type":"WebSite","@id":"https:\/\/footdavant.fr\/actualites\/#website","url":"https:\/\/footdavant.fr\/actualites\/","name":"Foot d'avant","description":"","publisher":{"@id":"https:\/\/footdavant.fr\/actualites\/#organization"},"potentialAction":[{"@type":"SearchAction","target":{"@type":"EntryPoint","urlTemplate":"https:\/\/footdavant.fr\/actualites\/?s={search_term_string}"},"query-input":"required name=search_term_string"}],"inLanguage":"fr-FR"},{"@type":"Organization","@id":"https:\/\/footdavant.fr\/actualites\/#organization","name":"Foot d'avant","url":"https:\/\/footdavant.fr\/actualites\/","logo":{"@type":"ImageObject","inLanguage":"fr-FR","@id":"https:\/\/footdavant.fr\/actualites\/#\/schema\/logo\/image\/","url":"https:\/\/footdavant.fr\/actualites\/wp-content\/uploads\/2023\/09\/Copy-of-FootDavant-Logo.png","contentUrl":"https:\/\/footdavant.fr\/actualites\/wp-content\/uploads\/2023\/09\/Copy-of-FootDavant-Logo.png","width":936,"height":549,"caption":"Foot d'avant"},"image":{"@id":"https:\/\/footdavant.fr\/actualites\/#\/schema\/logo\/image\/"},"sameAs":["https:\/\/www.facebook.com\/Footdavant\/","https:\/\/twitter.com\/FootdavantFr","https:\/\/www.instagram.com\/footdavant.fr\/"]},{"@type":"Person","@id":"https:\/\/footdavant.fr\/actualites\/#\/schema\/person\/bc222566d95871b37e597b3ed3ba5e1d","name":"Cl\u00e9ment","image":{"@type":"ImageObject","inLanguage":"fr-FR","@id":"https:\/\/footdavant.fr\/actualites\/#\/schema\/person\/image\/","url":"https:\/\/secure.gravatar.com\/avatar\/7728b29aac2719421e1a9159b2254c44?s=96&d=mm&r=g","contentUrl":"https:\/\/secure.gravatar.com\/avatar\/7728b29aac2719421e1a9159b2254c44?s=96&d=mm&r=g","caption":"Cl\u00e9ment"},"sameAs":["https:\/\/footdavant.fr\/"]}]}},"_links":{"self":[{"href":"https:\/\/footdavant.fr\/actualites\/wp-json\/wp\/v2\/posts\/3705"}],"collection":[{"href":"https:\/\/footdavant.fr\/actualites\/wp-json\/wp\/v2\/posts"}],"about":[{"href":"https:\/\/footdavant.fr\/actualites\/wp-json\/wp\/v2\/types\/post"}],"author":[{"embeddable":true,"href":"https:\/\/footdavant.fr\/actualites\/wp-json\/wp\/v2\/users\/1"}],"replies":[{"embeddable":true,"href":"https:\/\/footdavant.fr\/actualites\/wp-json\/wp\/v2\/comments?post=3705"}],"version-history":[{"count":1,"href":"https:\/\/footdavant.fr\/actualites\/wp-json\/wp\/v2\/posts\/3705\/revisions"}],"predecessor-version":[{"id":3707,"href":"https:\/\/footdavant.fr\/actualites\/wp-json\/wp\/v2\/posts\/3705\/revisions\/3707"}],"wp:featuredmedia":[{"embeddable":true,"href":"https:\/\/footdavant.fr\/actualites\/wp-json\/wp\/v2\/media\/3706"}],"wp:attachment":[{"href":"https:\/\/footdavant.fr\/actualites\/wp-json\/wp\/v2\/media?parent=3705"}],"wp:term":[{"taxonomy":"category","embeddable":true,"href":"https:\/\/footdavant.fr\/actualites\/wp-json\/wp\/v2\/categories?post=3705"},{"taxonomy":"post_tag","embeddable":true,"href":"https:\/\/footdavant.fr\/actualites\/wp-json\/wp\/v2\/tags?post=3705"}],"curies":[{"name":"wp","href":"https:\/\/api.w.org\/{rel}","templated":true}]}}