{"id":37080,"date":"2026-05-03T10:48:03","date_gmt":"2026-05-03T08:48:03","guid":{"rendered":"https:\/\/footdavant.fr\/actualites\/nouvelles-du-transfert-de-man-united-les-red-devils-subissent-un-coup-dur-en-matiere-de-transfert-avec-une-star-indispensable-non-a-vendre\/"},"modified":"2026-05-03T10:48:05","modified_gmt":"2026-05-03T08:48:05","slug":"nouvelles-du-transfert-de-man-united-les-red-devils-subissent-un-coup-dur-en-matiere-de-transfert-avec-une-star-indispensable-non-a-vendre","status":"publish","type":"post","link":"https:\/\/footdavant.fr\/actualites\/nouvelles-du-transfert-de-man-united-les-red-devils-subissent-un-coup-dur-en-matiere-de-transfert-avec-une-star-indispensable-non-a-vendre\/","title":{"rendered":"Nouvelles du transfert de Man United: les Red Devils subissent un coup dur en mati\u00e8re de transfert avec une star \u00ab indispensable \u00bb \u00ab non \u00e0 vendre \u00bb"},"content":{"rendered":"<div itemprop=\"articleBody\">\n<p>Le Real Madrid ne serait pas pr\u00eat \u00e0 discuter d&#39;un d\u00e9part d&#39;Aur\u00e9lien Tchouameni cet \u00e9t\u00e9 au milieu des sp\u00e9culations liant le milieu de terrain \u00e0 un transfert \u00e0 Manchester United.<\/p>\n<p>Les 20 fois champions d&#39;Angleterre devraient recruter au moins deux nouveaux milieux de terrain sur le prochain march\u00e9, et Tchouameni est consid\u00e9r\u00e9 comme une cible de premier plan pour le club.<\/p>\n<p>Il a \u00e9t\u00e9 sugg\u00e9r\u00e9 que le Real Madrid serait pr\u00eat \u00e0 laisser partir l&#39;international fran\u00e7ais cet \u00e9t\u00e9 s&#39;il parvenait \u00e0 atteindre l&#39;une de ses principales cibles dans cette zone du terrain, Rodri de Manchester City \u00e9tant consid\u00e9r\u00e9 comme recherch\u00e9 par Los Blancos.<\/p>\n<p>Cependant, selon <em>FootMercato<\/em>le Real Madrid ne veut pas permettre le d\u00e9part de Tchouameni, consid\u00e9rant l&#39;ancien jeune mon\u00e9gasque comme \u00ab\u00a0indispensable\u00a0\u00bb pour le club.<\/p>\n<div>\n<div>\n<div>\n<div>\n<p>\u00a9 Imago \/ Pressinphoto<\/p>\n<\/div>\n<\/div>\n<\/div>\n<\/div>\n<h2>Le Real Madrid \u00ab\u00a0ne veut pas\u00a0\u00bb discuter du d\u00e9part de Tchouameni<\/h2>\n<p>Le rapport affirme que les g\u00e9ants du capital souhaitent prolonger le contrat du Fran\u00e7ais, qui court actuellement jusqu&#39;en juin 2028, en incluant potentiellement une augmentation de salaire.<\/p>\n<p>Tchouameni a une fois de plus \u00e9t\u00e9 un joueur essentiel pour Los Blancos au cours de la saison en cours, repr\u00e9sentant le club \u00e0 45 reprises toutes comp\u00e9titions confondues, marquant deux fois et enregistrant deux passes d\u00e9cisives.<\/p>\n<p>Le joueur de 26 ans a quitt\u00e9 Monaco pour le Real Madrid \u00e0 l&#39;\u00e9t\u00e9 2022 et a repr\u00e9sent\u00e9 son \u00e9quipe actuelle \u00e0 191 reprises, marquant sept buts et enregistrant huit passes d\u00e9cisives.<\/p>\n<p>Man United doit remplacer Casemiro cet \u00e9t\u00e9, l&#39;international br\u00e9silien, qui a marqu\u00e9 neuf buts en Premier League cette saison, partant fin juin.<\/p>\n<p>Manuel Ugarte devrait \u00e9galement partir en raison de ses difficult\u00e9s \u00e0 Man United, ce qui signifie qu&#39;au moins deux nouveaux milieux de terrain seront n\u00e9cessaires sur le prochain march\u00e9.<\/p>\n<div>\n<div>\n<div>\n<div><img decoding=\"async\" data-img-id=\"157991\" class=\"lazy\" loading=\"lazy\" src=\"https:\/\/footdavant.fr\/actualites\/wp-content\/uploads\/2026\/05\/1777798083_753_Nouvelles-du-transfert-de-Man-United-les-Red-Devils-subissent.webp\"\/><\/p>\n<p>\u00a9 Iconsport \/ Zuma<\/p>\n<\/div>\n<\/div>\n<\/div>\n<\/div>\n<h2>Quels autres milieux de terrain sont des cibles pour Man United ?<\/h2>\n<p>Man United reste int\u00e9ress\u00e9 par Carlos Baleba de Brighton &#038; Hove Albion malgr\u00e9 les difficult\u00e9s de l&#39;international camerounais lors de la campagne 2025-26.<\/p>\n<p>Elliot Anderson de Nottingham Forest, Sandro Tonali de Newcastle United, Alex Scott de Bournemouth et Eduardo Camavinga du Real Madrid sont \u00e9galement consid\u00e9r\u00e9s comme des cibles pour les Diables Rouges.<\/p>\n<p>Man United est sur le point d&#39;assurer un retour en Ligue des champions pour la campagne 2026-27, ce qui le placera dans une position beaucoup plus forte avant la fen\u00eatre de transfert de cet \u00e9t\u00e9.<\/p>\n<\/div>\n","protected":false},"excerpt":{"rendered":"<p>Le Real Madrid ne serait pas pr\u00eat \u00e0 discuter d&#39;un d\u00e9part d&#39;Aur\u00e9lien Tchouameni cet \u00e9t\u00e9 au milieu des sp\u00e9culations liant le milieu de terrain \u00e0<\/p>\n","protected":false},"author":1,"featured_media":35875,"comment_status":"closed","ping_status":"","sticky":false,"template":"","format":"standard","meta":{"footnotes":""},"categories":[5],"tags":[91,489,265,2630,11926,93,24,5092,461,536,1621,4831,700,92,13,2262],"yoast_head":"<!-- This site is optimized with the Yoast SEO plugin v21.0 - https:\/\/yoast.com\/wordpress\/plugins\/seo\/ -->\n<title>Nouvelles du transfert de Man United: les Red Devils subissent un coup dur en mati\u00e8re de transfert avec une star \u00ab indispensable \u00bb \u00ab non \u00e0 vendre \u00bb<\/title>\n<meta name=\"robots\" content=\"index, follow, max-snippet:-1, max-image-preview:large, max-video-preview:-1\" \/>\n<link rel=\"canonical\" href=\"https:\/\/footdavant.fr\/actualites\/nouvelles-du-transfert-de-man-united-les-red-devils-subissent-un-coup-dur-en-matiere-de-transfert-avec-une-star-indispensable-non-a-vendre\/\" \/>\n<meta property=\"og:locale\" content=\"fr_FR\" \/>\n<meta property=\"og:type\" content=\"article\" \/>\n<meta property=\"og:title\" content=\"Nouvelles du transfert de Man United: les Red Devils subissent un coup dur en mati\u00e8re de transfert avec une star \u00ab indispensable \u00bb \u00ab non \u00e0 vendre \u00bb\" \/>\n<meta property=\"og:description\" content=\"Le Real Madrid ne serait pas pr\u00eat \u00e0 discuter d&#039;un d\u00e9part d&#039;Aur\u00e9lien Tchouameni cet \u00e9t\u00e9 au milieu des sp\u00e9culations liant le milieu de terrain \u00e0\" \/>\n<meta property=\"og:url\" content=\"https:\/\/footdavant.fr\/actualites\/nouvelles-du-transfert-de-man-united-les-red-devils-subissent-un-coup-dur-en-matiere-de-transfert-avec-une-star-indispensable-non-a-vendre\/\" \/>\n<meta property=\"og:site_name\" content=\"Foot d&#039;avant\" \/>\n<meta property=\"article:publisher\" content=\"https:\/\/www.facebook.com\/Footdavant\/\" \/>\n<meta property=\"article:published_time\" content=\"2026-05-03T08:48:03+00:00\" \/>\n<meta property=\"article:modified_time\" content=\"2026-05-03T08:48:05+00:00\" \/>\n<meta property=\"og:image\" content=\"https:\/\/footdavant.fr\/actualites\/wp-content\/uploads\/2026\/03\/Nouvelles-du-transfert-de-Man-United-les-Red-Devils-subissent.net2Fuploads2F20262F032Farne-slot-mo-sal.webp\" \/>\n\t<meta property=\"og:image:width\" content=\"720\" \/>\n\t<meta property=\"og:image:height\" content=\"410\" \/>\n\t<meta property=\"og:image:type\" content=\"image\/webp\" \/>\n<meta name=\"author\" content=\"Cl\u00e9ment\" \/>\n<meta name=\"twitter:card\" content=\"summary_large_image\" \/>\n<meta name=\"twitter:creator\" content=\"@FootdavantFr\" \/>\n<meta name=\"twitter:site\" content=\"@FootdavantFr\" \/>\n<meta name=\"twitter:label1\" content=\"\u00c9crit par\" \/>\n\t<meta name=\"twitter:data1\" content=\"Cl\u00e9ment\" \/>\n\t<meta name=\"twitter:label2\" content=\"Dur\u00e9e de lecture estim\u00e9e\" \/>\n\t<meta name=\"twitter:data2\" content=\"2 minutes\" \/>\n<script type=\"application\/ld+json\" class=\"yoast-schema-graph\">{\"@context\":\"https:\/\/schema.org\",\"@graph\":[{\"@type\":\"Article\",\"@id\":\"https:\/\/footdavant.fr\/actualites\/nouvelles-du-transfert-de-man-united-les-red-devils-subissent-un-coup-dur-en-matiere-de-transfert-avec-une-star-indispensable-non-a-vendre\/#article\",\"isPartOf\":{\"@id\":\"https:\/\/footdavant.fr\/actualites\/nouvelles-du-transfert-de-man-united-les-red-devils-subissent-un-coup-dur-en-matiere-de-transfert-avec-une-star-indispensable-non-a-vendre\/\"},\"author\":{\"name\":\"Cl\u00e9ment\",\"@id\":\"https:\/\/footdavant.fr\/actualites\/#\/schema\/person\/bc222566d95871b37e597b3ed3ba5e1d\"},\"headline\":\"Nouvelles du transfert de Man United: les Red Devils subissent un coup dur en mati\u00e8re de transfert avec une star \u00ab indispensable \u00bb \u00ab non \u00e0 vendre \u00bb\",\"datePublished\":\"2026-05-03T08:48:03+00:00\",\"dateModified\":\"2026-05-03T08:48:05+00:00\",\"mainEntityOfPage\":{\"@id\":\"https:\/\/footdavant.fr\/actualites\/nouvelles-du-transfert-de-man-united-les-red-devils-subissent-un-coup-dur-en-matiere-de-transfert-avec-une-star-indispensable-non-a-vendre\/\"},\"wordCount\":435,\"publisher\":{\"@id\":\"https:\/\/footdavant.fr\/actualites\/#organization\"},\"keywords\":[\"avec\",\"coup\",\"Devils\",\"dur\",\"indispensable\",\"les\",\"Man\",\"mati\u00e8re\",\"Nouvelles\",\"Red\",\"Star\",\"subissent\",\"transfert\",\"une\",\"United\",\"vendre\"],\"articleSection\":[\"Premier League\"],\"inLanguage\":\"fr-FR\"},{\"@type\":\"WebPage\",\"@id\":\"https:\/\/footdavant.fr\/actualites\/nouvelles-du-transfert-de-man-united-les-red-devils-subissent-un-coup-dur-en-matiere-de-transfert-avec-une-star-indispensable-non-a-vendre\/\",\"url\":\"https:\/\/footdavant.fr\/actualites\/nouvelles-du-transfert-de-man-united-les-red-devils-subissent-un-coup-dur-en-matiere-de-transfert-avec-une-star-indispensable-non-a-vendre\/\",\"name\":\"Nouvelles du transfert de Man United: les Red Devils subissent un coup dur en mati\u00e8re de transfert avec une star \u00ab indispensable \u00bb \u00ab non \u00e0 vendre \u00bb\",\"isPartOf\":{\"@id\":\"https:\/\/footdavant.fr\/actualites\/#website\"},\"datePublished\":\"2026-05-03T08:48:03+00:00\",\"dateModified\":\"2026-05-03T08:48:05+00:00\",\"breadcrumb\":{\"@id\":\"https:\/\/footdavant.fr\/actualites\/nouvelles-du-transfert-de-man-united-les-red-devils-subissent-un-coup-dur-en-matiere-de-transfert-avec-une-star-indispensable-non-a-vendre\/#breadcrumb\"},\"inLanguage\":\"fr-FR\",\"potentialAction\":[{\"@type\":\"ReadAction\",\"target\":[\"https:\/\/footdavant.fr\/actualites\/nouvelles-du-transfert-de-man-united-les-red-devils-subissent-un-coup-dur-en-matiere-de-transfert-avec-une-star-indispensable-non-a-vendre\/\"]}]},{\"@type\":\"BreadcrumbList\",\"@id\":\"https:\/\/footdavant.fr\/actualites\/nouvelles-du-transfert-de-man-united-les-red-devils-subissent-un-coup-dur-en-matiere-de-transfert-avec-une-star-indispensable-non-a-vendre\/#breadcrumb\",\"itemListElement\":[{\"@type\":\"ListItem\",\"position\":1,\"name\":\"Accueil\",\"item\":\"https:\/\/footdavant.fr\/actualites\/\"},{\"@type\":\"ListItem\",\"position\":2,\"name\":\"Nouvelles du transfert de Man United: les Red Devils subissent un coup dur en mati\u00e8re de transfert avec une star \u00ab indispensable \u00bb \u00ab non \u00e0 vendre \u00bb\"}]},{\"@type\":\"WebSite\",\"@id\":\"https:\/\/footdavant.fr\/actualites\/#website\",\"url\":\"https:\/\/footdavant.fr\/actualites\/\",\"name\":\"Foot d'avant\",\"description\":\"\",\"publisher\":{\"@id\":\"https:\/\/footdavant.fr\/actualites\/#organization\"},\"potentialAction\":[{\"@type\":\"SearchAction\",\"target\":{\"@type\":\"EntryPoint\",\"urlTemplate\":\"https:\/\/footdavant.fr\/actualites\/?s={search_term_string}\"},\"query-input\":\"required name=search_term_string\"}],\"inLanguage\":\"fr-FR\"},{\"@type\":\"Organization\",\"@id\":\"https:\/\/footdavant.fr\/actualites\/#organization\",\"name\":\"Foot d'avant\",\"url\":\"https:\/\/footdavant.fr\/actualites\/\",\"logo\":{\"@type\":\"ImageObject\",\"inLanguage\":\"fr-FR\",\"@id\":\"https:\/\/footdavant.fr\/actualites\/#\/schema\/logo\/image\/\",\"url\":\"https:\/\/footdavant.fr\/actualites\/wp-content\/uploads\/2023\/09\/Copy-of-FootDavant-Logo.png\",\"contentUrl\":\"https:\/\/footdavant.fr\/actualites\/wp-content\/uploads\/2023\/09\/Copy-of-FootDavant-Logo.png\",\"width\":936,\"height\":549,\"caption\":\"Foot d'avant\"},\"image\":{\"@id\":\"https:\/\/footdavant.fr\/actualites\/#\/schema\/logo\/image\/\"},\"sameAs\":[\"https:\/\/www.facebook.com\/Footdavant\/\",\"https:\/\/twitter.com\/FootdavantFr\",\"https:\/\/www.instagram.com\/footdavant.fr\/\"]},{\"@type\":\"Person\",\"@id\":\"https:\/\/footdavant.fr\/actualites\/#\/schema\/person\/bc222566d95871b37e597b3ed3ba5e1d\",\"name\":\"Cl\u00e9ment\",\"image\":{\"@type\":\"ImageObject\",\"inLanguage\":\"fr-FR\",\"@id\":\"https:\/\/footdavant.fr\/actualites\/#\/schema\/person\/image\/\",\"url\":\"https:\/\/secure.gravatar.com\/avatar\/7728b29aac2719421e1a9159b2254c44?s=96&d=mm&r=g\",\"contentUrl\":\"https:\/\/secure.gravatar.com\/avatar\/7728b29aac2719421e1a9159b2254c44?s=96&d=mm&r=g\",\"caption\":\"Cl\u00e9ment\"},\"sameAs\":[\"https:\/\/footdavant.fr\/\"]}]}<\/script>\n<!-- \/ Yoast SEO plugin. -->","yoast_head_json":{"title":"Nouvelles du transfert de Man United: les Red Devils subissent un coup dur en mati\u00e8re de transfert avec une star \u00ab indispensable \u00bb \u00ab non \u00e0 vendre \u00bb","robots":{"index":"index","follow":"follow","max-snippet":"max-snippet:-1","max-image-preview":"max-image-preview:large","max-video-preview":"max-video-preview:-1"},"canonical":"https:\/\/footdavant.fr\/actualites\/nouvelles-du-transfert-de-man-united-les-red-devils-subissent-un-coup-dur-en-matiere-de-transfert-avec-une-star-indispensable-non-a-vendre\/","og_locale":"fr_FR","og_type":"article","og_title":"Nouvelles du transfert de Man United: les Red Devils subissent un coup dur en mati\u00e8re de transfert avec une star \u00ab indispensable \u00bb \u00ab non \u00e0 vendre \u00bb","og_description":"Le Real Madrid ne serait pas pr\u00eat \u00e0 discuter d&#39;un d\u00e9part d&#39;Aur\u00e9lien Tchouameni cet \u00e9t\u00e9 au milieu des sp\u00e9culations liant le milieu de terrain \u00e0","og_url":"https:\/\/footdavant.fr\/actualites\/nouvelles-du-transfert-de-man-united-les-red-devils-subissent-un-coup-dur-en-matiere-de-transfert-avec-une-star-indispensable-non-a-vendre\/","og_site_name":"Foot d&#039;avant","article_publisher":"https:\/\/www.facebook.com\/Footdavant\/","article_published_time":"2026-05-03T08:48:03+00:00","article_modified_time":"2026-05-03T08:48:05+00:00","og_image":[{"width":720,"height":410,"url":"https:\/\/footdavant.fr\/actualites\/wp-content\/uploads\/2026\/03\/Nouvelles-du-transfert-de-Man-United-les-Red-Devils-subissent.net2Fuploads2F20262F032Farne-slot-mo-sal.webp","type":"image\/webp"}],"author":"Cl\u00e9ment","twitter_card":"summary_large_image","twitter_creator":"@FootdavantFr","twitter_site":"@FootdavantFr","twitter_misc":{"\u00c9crit par":"Cl\u00e9ment","Dur\u00e9e de lecture estim\u00e9e":"2 minutes"},"schema":{"@context":"https:\/\/schema.org","@graph":[{"@type":"Article","@id":"https:\/\/footdavant.fr\/actualites\/nouvelles-du-transfert-de-man-united-les-red-devils-subissent-un-coup-dur-en-matiere-de-transfert-avec-une-star-indispensable-non-a-vendre\/#article","isPartOf":{"@id":"https:\/\/footdavant.fr\/actualites\/nouvelles-du-transfert-de-man-united-les-red-devils-subissent-un-coup-dur-en-matiere-de-transfert-avec-une-star-indispensable-non-a-vendre\/"},"author":{"name":"Cl\u00e9ment","@id":"https:\/\/footdavant.fr\/actualites\/#\/schema\/person\/bc222566d95871b37e597b3ed3ba5e1d"},"headline":"Nouvelles du transfert de Man United: les Red Devils subissent un coup dur en mati\u00e8re de transfert avec une star \u00ab indispensable \u00bb \u00ab non \u00e0 vendre \u00bb","datePublished":"2026-05-03T08:48:03+00:00","dateModified":"2026-05-03T08:48:05+00:00","mainEntityOfPage":{"@id":"https:\/\/footdavant.fr\/actualites\/nouvelles-du-transfert-de-man-united-les-red-devils-subissent-un-coup-dur-en-matiere-de-transfert-avec-une-star-indispensable-non-a-vendre\/"},"wordCount":435,"publisher":{"@id":"https:\/\/footdavant.fr\/actualites\/#organization"},"keywords":["avec","coup","Devils","dur","indispensable","les","Man","mati\u00e8re","Nouvelles","Red","Star","subissent","transfert","une","United","vendre"],"articleSection":["Premier League"],"inLanguage":"fr-FR"},{"@type":"WebPage","@id":"https:\/\/footdavant.fr\/actualites\/nouvelles-du-transfert-de-man-united-les-red-devils-subissent-un-coup-dur-en-matiere-de-transfert-avec-une-star-indispensable-non-a-vendre\/","url":"https:\/\/footdavant.fr\/actualites\/nouvelles-du-transfert-de-man-united-les-red-devils-subissent-un-coup-dur-en-matiere-de-transfert-avec-une-star-indispensable-non-a-vendre\/","name":"Nouvelles du transfert de Man United: les Red Devils subissent un coup dur en mati\u00e8re de transfert avec une star \u00ab indispensable \u00bb \u00ab non \u00e0 vendre \u00bb","isPartOf":{"@id":"https:\/\/footdavant.fr\/actualites\/#website"},"datePublished":"2026-05-03T08:48:03+00:00","dateModified":"2026-05-03T08:48:05+00:00","breadcrumb":{"@id":"https:\/\/footdavant.fr\/actualites\/nouvelles-du-transfert-de-man-united-les-red-devils-subissent-un-coup-dur-en-matiere-de-transfert-avec-une-star-indispensable-non-a-vendre\/#breadcrumb"},"inLanguage":"fr-FR","potentialAction":[{"@type":"ReadAction","target":["https:\/\/footdavant.fr\/actualites\/nouvelles-du-transfert-de-man-united-les-red-devils-subissent-un-coup-dur-en-matiere-de-transfert-avec-une-star-indispensable-non-a-vendre\/"]}]},{"@type":"BreadcrumbList","@id":"https:\/\/footdavant.fr\/actualites\/nouvelles-du-transfert-de-man-united-les-red-devils-subissent-un-coup-dur-en-matiere-de-transfert-avec-une-star-indispensable-non-a-vendre\/#breadcrumb","itemListElement":[{"@type":"ListItem","position":1,"name":"Accueil","item":"https:\/\/footdavant.fr\/actualites\/"},{"@type":"ListItem","position":2,"name":"Nouvelles du transfert de Man United: les Red Devils subissent un coup dur en mati\u00e8re de transfert avec une star \u00ab indispensable \u00bb \u00ab non \u00e0 vendre \u00bb"}]},{"@type":"WebSite","@id":"https:\/\/footdavant.fr\/actualites\/#website","url":"https:\/\/footdavant.fr\/actualites\/","name":"Foot d'avant","description":"","publisher":{"@id":"https:\/\/footdavant.fr\/actualites\/#organization"},"potentialAction":[{"@type":"SearchAction","target":{"@type":"EntryPoint","urlTemplate":"https:\/\/footdavant.fr\/actualites\/?s={search_term_string}"},"query-input":"required name=search_term_string"}],"inLanguage":"fr-FR"},{"@type":"Organization","@id":"https:\/\/footdavant.fr\/actualites\/#organization","name":"Foot d'avant","url":"https:\/\/footdavant.fr\/actualites\/","logo":{"@type":"ImageObject","inLanguage":"fr-FR","@id":"https:\/\/footdavant.fr\/actualites\/#\/schema\/logo\/image\/","url":"https:\/\/footdavant.fr\/actualites\/wp-content\/uploads\/2023\/09\/Copy-of-FootDavant-Logo.png","contentUrl":"https:\/\/footdavant.fr\/actualites\/wp-content\/uploads\/2023\/09\/Copy-of-FootDavant-Logo.png","width":936,"height":549,"caption":"Foot d'avant"},"image":{"@id":"https:\/\/footdavant.fr\/actualites\/#\/schema\/logo\/image\/"},"sameAs":["https:\/\/www.facebook.com\/Footdavant\/","https:\/\/twitter.com\/FootdavantFr","https:\/\/www.instagram.com\/footdavant.fr\/"]},{"@type":"Person","@id":"https:\/\/footdavant.fr\/actualites\/#\/schema\/person\/bc222566d95871b37e597b3ed3ba5e1d","name":"Cl\u00e9ment","image":{"@type":"ImageObject","inLanguage":"fr-FR","@id":"https:\/\/footdavant.fr\/actualites\/#\/schema\/person\/image\/","url":"https:\/\/secure.gravatar.com\/avatar\/7728b29aac2719421e1a9159b2254c44?s=96&d=mm&r=g","contentUrl":"https:\/\/secure.gravatar.com\/avatar\/7728b29aac2719421e1a9159b2254c44?s=96&d=mm&r=g","caption":"Cl\u00e9ment"},"sameAs":["https:\/\/footdavant.fr\/"]}]}},"_links":{"self":[{"href":"https:\/\/footdavant.fr\/actualites\/wp-json\/wp\/v2\/posts\/37080"}],"collection":[{"href":"https:\/\/footdavant.fr\/actualites\/wp-json\/wp\/v2\/posts"}],"about":[{"href":"https:\/\/footdavant.fr\/actualites\/wp-json\/wp\/v2\/types\/post"}],"author":[{"embeddable":true,"href":"https:\/\/footdavant.fr\/actualites\/wp-json\/wp\/v2\/users\/1"}],"replies":[{"embeddable":true,"href":"https:\/\/footdavant.fr\/actualites\/wp-json\/wp\/v2\/comments?post=37080"}],"version-history":[{"count":1,"href":"https:\/\/footdavant.fr\/actualites\/wp-json\/wp\/v2\/posts\/37080\/revisions"}],"predecessor-version":[{"id":37081,"href":"https:\/\/footdavant.fr\/actualites\/wp-json\/wp\/v2\/posts\/37080\/revisions\/37081"}],"wp:featuredmedia":[{"embeddable":true,"href":"https:\/\/footdavant.fr\/actualites\/wp-json\/wp\/v2\/media\/35875"}],"wp:attachment":[{"href":"https:\/\/footdavant.fr\/actualites\/wp-json\/wp\/v2\/media?parent=37080"}],"wp:term":[{"taxonomy":"category","embeddable":true,"href":"https:\/\/footdavant.fr\/actualites\/wp-json\/wp\/v2\/categories?post=37080"},{"taxonomy":"post_tag","embeddable":true,"href":"https:\/\/footdavant.fr\/actualites\/wp-json\/wp\/v2\/tags?post=37080"}],"curies":[{"name":"wp","href":"https:\/\/api.w.org\/{rel}","templated":true}]}}