{"id":37082,"date":"2026-05-03T12:48:05","date_gmt":"2026-05-03T10:48:05","guid":{"rendered":"https:\/\/footdavant.fr\/actualites\/myles-lewis-skelly-arteta-fait-une-declaration-audacieuse-sur-la-cible-de-united\/"},"modified":"2026-05-03T12:48:07","modified_gmt":"2026-05-03T10:48:07","slug":"myles-lewis-skelly-arteta-fait-une-declaration-audacieuse-sur-la-cible-de-united","status":"publish","type":"post","link":"https:\/\/footdavant.fr\/actualites\/myles-lewis-skelly-arteta-fait-une-declaration-audacieuse-sur-la-cible-de-united\/","title":{"rendered":"Myles Lewis-Skelly: Arteta fait une d\u00e9claration audacieuse sur la cible de United \u2013"},"content":{"rendered":"<div id=\"penci-post-entry-inner\">\n<p>\t\t\t<i class=\"penci-post-countview-number-check\" style=\"display:none\">1<\/i><\/p>\n<p>La recherche par Manchester United d&#39;un nouvel arri\u00e8re gauche les a associ\u00e9s \u00e0 une d\u00e9cision surprise pour le prodige d&#39;Arsenal Myles Lewis-Skelly. Les Red Devils \u00e9tablissent des plans de succession pour Luke Shaw, qui a \u00e9t\u00e9 dans une forme impressionnante cette saison. <\/p>\n<p>L&#39;Anglais a d\u00e9but\u00e9 tous les matchs de Premier League cette campagne, mais il aura 31 ans cet \u00e9t\u00e9. Son contrat expire \u00e0 la fin de la saison prochaine et il n\u2019a pas encore sign\u00e9 de nouveau contrat. <\/p>\n<p>Bien qu&#39;un renouvellement ne puisse \u00eatre enti\u00e8rement exclu, les Red Devils pourraient \u00eatre tent\u00e9s de consolider leur position avec du sang frais, compte tenu des ant\u00e9c\u00e9dents de probl\u00e8mes de forme physique de Shaw. Tyrell Malacia, quant \u00e0 lui, est un homme oubli\u00e9 \u00e0 Old Trafford et devrait partir cet \u00e9t\u00e9. <\/p>\n<p>Patrick Dorgu est une option pour le poste, mais il a \u00e9t\u00e9 excellent dans un r\u00f4le plus offensif sous Carrick, ce qui laisse entrevoir la possibilit\u00e9 d&#39;un changement de poste. L&#39;avenir de Lewis-Skelly aux Emirats a fait l&#39;objet de sp\u00e9culations ces derniers temps, et des rapports r\u00e9cents ont indiqu\u00e9 que United envisageait d\u00e9j\u00e0 de le retirer.  <\/p>\n<h3>Arri\u00e8re lat\u00e9ral moderne et polyvalent<\/h3>\n<p>Lewis-Skelly a fait irruption dans l&#39;\u00e9quipe senior la saison derni\u00e8re, marquant un but et en inscrivant trois autres en 42 matchs toutes comp\u00e9titions confondues. Le joueur de 19 ans a jou\u00e9 principalement \u00e0 l&#39;arri\u00e8re gauche, bien qu&#39;il soit suffisamment capable pour op\u00e9rer \u00e9galement au milieu de terrain. <\/p>\n<p>Cette saison, cependant, l&#39;Anglais a eu du mal \u00e0 gagner du temps de jeu, avec Piero Hincapie et Riccardo Calafiori devant lui dans la hi\u00e9rarchie du manager d&#39;Arsenal, Mikel Arteta. Lewis-Skelly a enregistr\u00e9 quatre passes d\u00e9cisives en 31 apparitions, dont 15 d\u00e9parts. <\/p>\n<h2 id=\"tablepress-1301-name\" class=\"tablepress-table-name tablepress-table-name-id-1301\">Myles Lewis-Skelly Stats: saison 2025\/26<\/h2>\n<table id=\"tablepress-1301\" class=\"tablepress tablepress-id-1301\" aria-labelledby=\"tablepress-1301-name\">\n<thead>\n<tr class=\"row-1\">\n<th class=\"column-1\">Concours<\/th>\n<th class=\"column-2\">Apparitions<\/th>\n<th class=\"column-3\">Commence<\/th>\n<th class=\"column-4\">Objectifs<\/th>\n<th class=\"column-5\">Aides<\/th>\n<th class=\"column-6\">Cartons jaunes<\/th>\n<th class=\"column-7\">Cartons rouges<\/th>\n<th class=\"column-8\">Minutes jou\u00e9es<\/th>\n<\/tr>\n<\/thead>\n<tbody class=\"row-striping row-hover\">\n<tr class=\"row-2\">\n<td class=\"column-1\">Premi\u00e8re Ligue<\/td>\n<td class=\"column-2\">17<\/td>\n<td class=\"column-3\">3<\/td>\n<td class=\"column-4\">&#8211;<\/td>\n<td class=\"column-5\">&#8211;<\/td>\n<td class=\"column-6\">3<\/td>\n<td class=\"column-7\">&#8211;<\/td>\n<td class=\"column-8\">501&#39;<\/td>\n<\/tr>\n<tr class=\"row-3\">\n<td class=\"column-1\">Ligue des champions de l&#39;UEFA<\/td>\n<td class=\"column-2\">8<\/td>\n<td class=\"column-3\">6<\/td>\n<td class=\"column-4\">&#8211;<\/td>\n<td class=\"column-5\">2<\/td>\n<td class=\"column-6\">1<\/td>\n<td class=\"column-7\">&#8211;<\/td>\n<td class=\"column-8\">536&#39;<\/td>\n<\/tr>\n<tr class=\"row-4\">\n<td class=\"column-1\">Coupe EFL<\/td>\n<td class=\"column-2\">3<\/td>\n<td class=\"column-3\">3<\/td>\n<td class=\"column-4\">&#8211;<\/td>\n<td class=\"column-5\">2<\/td>\n<td class=\"column-6\">&#8211;<\/td>\n<td class=\"column-7\">&#8211;<\/td>\n<td class=\"column-8\">270&#39;<\/td>\n<\/tr>\n<tr class=\"row-5\">\n<td class=\"column-1\">Coupe d&#39;Angleterre<\/td>\n<td class=\"column-2\">3<\/td>\n<td class=\"column-3\">3<\/td>\n<td class=\"column-4\">&#8211;<\/td>\n<td class=\"column-5\">&#8211;<\/td>\n<td class=\"column-6\">2<\/td>\n<td class=\"column-7\">&#8211;<\/td>\n<td class=\"column-8\">240&#39;<\/td>\n<\/tr>\n<tr class=\"row-6\">\n<td class=\"column-1\">Total<\/td>\n<td class=\"column-2\">31<\/td>\n<td class=\"column-3\">15<\/td>\n<td class=\"column-4\">&#8211;<\/td>\n<td class=\"column-5\">4<\/td>\n<td class=\"column-6\">6<\/td>\n<td class=\"column-7\">&#8211;<\/td>\n<td class=\"column-8\">1 547&#39;<\/td>\n<\/tr>\n<\/tbody>\n<\/table>\n<p><!-- #tablepress-1301 from cache --><\/p>\n<p>Le joueur est naturellement frustr\u00e9 par la situation et son avenir reste en suspens. Un rapport pr\u00e9c\u00e9dent relay\u00e9 par The Peoples Person sugg\u00e8re qu&#39;Arsenal est pr\u00eat \u00e0 se d\u00e9barrasser de Lewis-Skelly et Ethan Nwaneri pour un montant combin\u00e9 de 100 millions de livres sterling cet \u00e9t\u00e9. <\/p>\n<p>Le manager d&#39;Arsenal, Mikel Arteta, a titularis\u00e9 l&#39;arri\u00e8re lat\u00e9ral anglais au milieu de terrain contre Fulham samedi, et cela s&#39;est av\u00e9r\u00e9 \u00eatre un coup de ma\u00eetre. Lewis-Skelly a \u00e9t\u00e9 excellent \u00e0 ce poste, contribuant \u00e0 assurer une victoire 3-0 aux Emirats et soulignant davantage son immense potentiel. <\/p>\n<h3>Arteta admet la position dure de Lewis-Skelly<\/h3>\n<p>S&#39;exprimant apr\u00e8s la victoire, Arteta a reconnu qu&#39;il avait \u00e9t\u00e9 dur avec Lewis-Skelly. Il a d\u00e9clar\u00e9 : \u00ab\u00a0Il le m\u00e9rite pleinement. J&#39;ai \u00e9t\u00e9 dur avec lui. Il a connu une saison spectaculaire l&#39;ann\u00e9e derni\u00e8re lorsqu&#39;il a rejoint l&#39;\u00e9quipe premi\u00e8re.\u00a0\u00bb <\/p>\n<p>\u00ab\u00a0Il a eu des moments difficiles apr\u00e8s cela, mais il est rest\u00e9 tr\u00e8s humble, tr\u00e8s concentr\u00e9, tr\u00e8s align\u00e9 sur ce que nous voulions faire, et je savais qu&#39;il \u00e9tait pr\u00eat. Il a montr\u00e9 chaque jour \u00e0 l&#39;entra\u00eenement les opportunit\u00e9s qu&#39;il avait de jouer. Il l&#39;a fait et aujourd&#39;hui, il a vraiment intensifi\u00e9 ses efforts et j&#39;ai trouv\u00e9 qu&#39;il avait fait une performance incroyable. \u00ab\u00a0<\/p>\n<p>Lorsqu&#39;on lui a demand\u00e9 pourquoi il n&#39;avait pas utilis\u00e9 l&#39;Anglais au milieu de terrain, l&#39;entra\u00eeneur espagnol a ajout\u00e9 : \u00ab\u00a0Parce que je n&#39;en ai probablement aucune id\u00e9e et que j&#39;aurais peut-\u00eatre d\u00fb le faire plus t\u00f4t, je ne sais pas. Mais je dois faire des choses quand je pense que le joueur est pr\u00eat, que l&#39;\u00e9quipe est pr\u00eate et que l&#39;adversaire est le bon pour jouer avec lui \u00e0 ce poste\u00a0\u00bb. <\/p>\n<p>\u00ab\u00a0Nous l&#39;avons fait aujourd&#39;hui, c&#39;est la premi\u00e8re fois. C&#39;\u00e9tait un gros risque parce que je savais ce qui allait se passer, s&#39;il n&#39;avait pas \u00e9t\u00e9 aussi bon, nous aurions perdu le match. Comment jouer contre un enfant \u00e0 cet \u00e2ge, dans ce sc\u00e9nario, dans un poste qu&#39;il n&#39;a pas jou\u00e9 toute la saison ? Je le savais mais j&#39;avais le sentiment que c&#39;\u00e9tait le bon match pour lui.\u00a0\u00bb<\/p>\n<h3>Pens\u00e9es finales<\/h3>\n<p>La polyvalence de Lewis-Skelly fait de lui une option int\u00e9ressante pour United, car les positions de milieu de terrain et d&#39;arri\u00e8re gauche n\u00e9cessitent plus de couverture cet \u00e9t\u00e9. L&#39;Anglais correspond \u00e0 la politique de transfert centr\u00e9e sur la jeunesse des Red Devils et pourrait \u00e9galement \u00eatre un bon rempla\u00e7ant \u00e0 long terme pour Shaw. <\/p>\n<blockquote class=\"twitter-tweet\" data-width=\"550\" data-dnt=\"true\">\n<p lang=\"en\" dir=\"ltr\">Le match de Myles Lewis-Skelly en chiffres contre Fulham\u00a0:<\/p>\n<p>97\u00a0% de pr\u00e9cision de r\u00e9ussite <br \/>79 touches <br \/>9 duels au sol disput\u00e9s <br \/>6 duels au sol gagn\u00e9s <br \/>6 r\u00e9cup\u00e9rations de ballon <br \/>4 passes dans le dernier tiers <br \/>4 fautes gagn\u00e9es <\/p>\n<p>A jou\u00e9 un r\u00f4le cl\u00e9 dans une grande victoire. \ud83d\udd11 <a rel=\"nofollow\" href=\"https:\/\/t.co\/48PvrJ8mcZ\">pic.twitter.com\/48PvrJ8mcZ<\/a><\/p>\n<p>\u2013 Statman Dave (@StatmanDave) <a rel=\"nofollow\" href=\"https:\/\/twitter.com\/StatmanDave\/status\/2050643057574306192?ref_src=twsrc%5Etfw\">2 mai 2026<\/a><\/p>\n<\/blockquote>\n<hr\/>\n<p>The Peoples Person est l&#39;un des principaux sites d&#39;information de Man United au monde depuis plus d&#39;une d\u00e9cennie. Suivez-nous sur Bluesky\u00a0: @peoplesperson.bsky.social<\/p>\n<p><!-- CONTENT END 2 --><\/p><\/div>\n<p><script async src=\"https:\/\/platform.twitter.com\/widgets.js\" charset=\"utf-8\"><\/script><\/p>\n","protected":false},"excerpt":{"rendered":"<p>1 La recherche par Manchester United d&#39;un nouvel arri\u00e8re gauche les a associ\u00e9s \u00e0 une d\u00e9cision surprise pour le prodige d&#39;Arsenal Myles Lewis-Skelly. Les Red<\/p>\n","protected":false},"author":1,"featured_media":37083,"comment_status":"closed","ping_status":"","sticky":false,"template":"","format":"standard","meta":{"footnotes":""},"categories":[3],"tags":[211,4419,508,749,152,6891,6919,103,92,13],"yoast_head":"<!-- This site is optimized with the Yoast SEO plugin v21.0 - https:\/\/yoast.com\/wordpress\/plugins\/seo\/ -->\n<title>Myles Lewis-Skelly: Arteta fait une d\u00e9claration audacieuse sur la cible de United \u2013<\/title>\n<meta name=\"robots\" content=\"index, follow, max-snippet:-1, max-image-preview:large, max-video-preview:-1\" \/>\n<link rel=\"canonical\" href=\"https:\/\/footdavant.fr\/actualites\/myles-lewis-skelly-arteta-fait-une-declaration-audacieuse-sur-la-cible-de-united\/\" \/>\n<meta property=\"og:locale\" content=\"fr_FR\" \/>\n<meta property=\"og:type\" content=\"article\" \/>\n<meta property=\"og:title\" content=\"Myles Lewis-Skelly: Arteta fait une d\u00e9claration audacieuse sur la cible de United \u2013\" \/>\n<meta property=\"og:description\" content=\"1 La recherche par Manchester United d&#039;un nouvel arri\u00e8re gauche les a associ\u00e9s \u00e0 une d\u00e9cision surprise pour le prodige d&#039;Arsenal Myles Lewis-Skelly. Les Red\" \/>\n<meta property=\"og:url\" content=\"https:\/\/footdavant.fr\/actualites\/myles-lewis-skelly-arteta-fait-une-declaration-audacieuse-sur-la-cible-de-united\/\" \/>\n<meta property=\"og:site_name\" content=\"Foot d&#039;avant\" \/>\n<meta property=\"article:publisher\" content=\"https:\/\/www.facebook.com\/Footdavant\/\" \/>\n<meta property=\"article:published_time\" content=\"2026-05-03T10:48:05+00:00\" \/>\n<meta property=\"article:modified_time\" content=\"2026-05-03T10:48:07+00:00\" \/>\n<meta property=\"og:image\" content=\"https:\/\/footdavant.fr\/actualites\/wp-content\/uploads\/2026\/05\/Myles-Lewis-Skelly-Arteta-fait-une-declaration-audacieuse-sur-la-cible.jpg\" \/>\n\t<meta property=\"og:image:width\" content=\"1200\" \/>\n\t<meta property=\"og:image:height\" content=\"675\" \/>\n\t<meta property=\"og:image:type\" content=\"image\/jpeg\" \/>\n<meta name=\"author\" content=\"Cl\u00e9ment\" \/>\n<meta name=\"twitter:card\" content=\"summary_large_image\" \/>\n<meta name=\"twitter:creator\" content=\"@FootdavantFr\" \/>\n<meta name=\"twitter:site\" content=\"@FootdavantFr\" \/>\n<meta name=\"twitter:label1\" content=\"\u00c9crit par\" \/>\n\t<meta name=\"twitter:data1\" content=\"Cl\u00e9ment\" \/>\n\t<meta name=\"twitter:label2\" content=\"Dur\u00e9e de lecture estim\u00e9e\" \/>\n\t<meta name=\"twitter:data2\" content=\"4 minutes\" \/>\n<script type=\"application\/ld+json\" class=\"yoast-schema-graph\">{\"@context\":\"https:\/\/schema.org\",\"@graph\":[{\"@type\":\"Article\",\"@id\":\"https:\/\/footdavant.fr\/actualites\/myles-lewis-skelly-arteta-fait-une-declaration-audacieuse-sur-la-cible-de-united\/#article\",\"isPartOf\":{\"@id\":\"https:\/\/footdavant.fr\/actualites\/myles-lewis-skelly-arteta-fait-une-declaration-audacieuse-sur-la-cible-de-united\/\"},\"author\":{\"name\":\"Cl\u00e9ment\",\"@id\":\"https:\/\/footdavant.fr\/actualites\/#\/schema\/person\/bc222566d95871b37e597b3ed3ba5e1d\"},\"headline\":\"Myles Lewis-Skelly: Arteta fait une d\u00e9claration audacieuse sur la cible de United \u2013\",\"datePublished\":\"2026-05-03T10:48:05+00:00\",\"dateModified\":\"2026-05-03T10:48:07+00:00\",\"mainEntityOfPage\":{\"@id\":\"https:\/\/footdavant.fr\/actualites\/myles-lewis-skelly-arteta-fait-une-declaration-audacieuse-sur-la-cible-de-united\/\"},\"wordCount\":904,\"publisher\":{\"@id\":\"https:\/\/footdavant.fr\/actualites\/#organization\"},\"keywords\":[\"Arteta\",\"audacieuse\",\"cible\",\"D\u00e9claration\",\"fait\",\"LewisSkelly\",\"Myles\",\"sur\",\"une\",\"United\"],\"articleSection\":[\"Football\"],\"inLanguage\":\"fr-FR\"},{\"@type\":\"WebPage\",\"@id\":\"https:\/\/footdavant.fr\/actualites\/myles-lewis-skelly-arteta-fait-une-declaration-audacieuse-sur-la-cible-de-united\/\",\"url\":\"https:\/\/footdavant.fr\/actualites\/myles-lewis-skelly-arteta-fait-une-declaration-audacieuse-sur-la-cible-de-united\/\",\"name\":\"Myles Lewis-Skelly: Arteta fait une d\u00e9claration audacieuse sur la cible de United \u2013\",\"isPartOf\":{\"@id\":\"https:\/\/footdavant.fr\/actualites\/#website\"},\"datePublished\":\"2026-05-03T10:48:05+00:00\",\"dateModified\":\"2026-05-03T10:48:07+00:00\",\"breadcrumb\":{\"@id\":\"https:\/\/footdavant.fr\/actualites\/myles-lewis-skelly-arteta-fait-une-declaration-audacieuse-sur-la-cible-de-united\/#breadcrumb\"},\"inLanguage\":\"fr-FR\",\"potentialAction\":[{\"@type\":\"ReadAction\",\"target\":[\"https:\/\/footdavant.fr\/actualites\/myles-lewis-skelly-arteta-fait-une-declaration-audacieuse-sur-la-cible-de-united\/\"]}]},{\"@type\":\"BreadcrumbList\",\"@id\":\"https:\/\/footdavant.fr\/actualites\/myles-lewis-skelly-arteta-fait-une-declaration-audacieuse-sur-la-cible-de-united\/#breadcrumb\",\"itemListElement\":[{\"@type\":\"ListItem\",\"position\":1,\"name\":\"Accueil\",\"item\":\"https:\/\/footdavant.fr\/actualites\/\"},{\"@type\":\"ListItem\",\"position\":2,\"name\":\"Myles Lewis-Skelly: Arteta fait une d\u00e9claration audacieuse sur la cible de United \u2013\"}]},{\"@type\":\"WebSite\",\"@id\":\"https:\/\/footdavant.fr\/actualites\/#website\",\"url\":\"https:\/\/footdavant.fr\/actualites\/\",\"name\":\"Foot d'avant\",\"description\":\"\",\"publisher\":{\"@id\":\"https:\/\/footdavant.fr\/actualites\/#organization\"},\"potentialAction\":[{\"@type\":\"SearchAction\",\"target\":{\"@type\":\"EntryPoint\",\"urlTemplate\":\"https:\/\/footdavant.fr\/actualites\/?s={search_term_string}\"},\"query-input\":\"required name=search_term_string\"}],\"inLanguage\":\"fr-FR\"},{\"@type\":\"Organization\",\"@id\":\"https:\/\/footdavant.fr\/actualites\/#organization\",\"name\":\"Foot d'avant\",\"url\":\"https:\/\/footdavant.fr\/actualites\/\",\"logo\":{\"@type\":\"ImageObject\",\"inLanguage\":\"fr-FR\",\"@id\":\"https:\/\/footdavant.fr\/actualites\/#\/schema\/logo\/image\/\",\"url\":\"https:\/\/footdavant.fr\/actualites\/wp-content\/uploads\/2023\/09\/Copy-of-FootDavant-Logo.png\",\"contentUrl\":\"https:\/\/footdavant.fr\/actualites\/wp-content\/uploads\/2023\/09\/Copy-of-FootDavant-Logo.png\",\"width\":936,\"height\":549,\"caption\":\"Foot d'avant\"},\"image\":{\"@id\":\"https:\/\/footdavant.fr\/actualites\/#\/schema\/logo\/image\/\"},\"sameAs\":[\"https:\/\/www.facebook.com\/Footdavant\/\",\"https:\/\/twitter.com\/FootdavantFr\",\"https:\/\/www.instagram.com\/footdavant.fr\/\"]},{\"@type\":\"Person\",\"@id\":\"https:\/\/footdavant.fr\/actualites\/#\/schema\/person\/bc222566d95871b37e597b3ed3ba5e1d\",\"name\":\"Cl\u00e9ment\",\"image\":{\"@type\":\"ImageObject\",\"inLanguage\":\"fr-FR\",\"@id\":\"https:\/\/footdavant.fr\/actualites\/#\/schema\/person\/image\/\",\"url\":\"https:\/\/secure.gravatar.com\/avatar\/7728b29aac2719421e1a9159b2254c44?s=96&d=mm&r=g\",\"contentUrl\":\"https:\/\/secure.gravatar.com\/avatar\/7728b29aac2719421e1a9159b2254c44?s=96&d=mm&r=g\",\"caption\":\"Cl\u00e9ment\"},\"sameAs\":[\"https:\/\/footdavant.fr\/\"]}]}<\/script>\n<!-- \/ Yoast SEO plugin. -->","yoast_head_json":{"title":"Myles Lewis-Skelly: Arteta fait une d\u00e9claration audacieuse sur la cible de United \u2013","robots":{"index":"index","follow":"follow","max-snippet":"max-snippet:-1","max-image-preview":"max-image-preview:large","max-video-preview":"max-video-preview:-1"},"canonical":"https:\/\/footdavant.fr\/actualites\/myles-lewis-skelly-arteta-fait-une-declaration-audacieuse-sur-la-cible-de-united\/","og_locale":"fr_FR","og_type":"article","og_title":"Myles Lewis-Skelly: Arteta fait une d\u00e9claration audacieuse sur la cible de United \u2013","og_description":"1 La recherche par Manchester United d&#39;un nouvel arri\u00e8re gauche les a associ\u00e9s \u00e0 une d\u00e9cision surprise pour le prodige d&#39;Arsenal Myles Lewis-Skelly. Les Red","og_url":"https:\/\/footdavant.fr\/actualites\/myles-lewis-skelly-arteta-fait-une-declaration-audacieuse-sur-la-cible-de-united\/","og_site_name":"Foot d&#039;avant","article_publisher":"https:\/\/www.facebook.com\/Footdavant\/","article_published_time":"2026-05-03T10:48:05+00:00","article_modified_time":"2026-05-03T10:48:07+00:00","og_image":[{"width":1200,"height":675,"url":"https:\/\/footdavant.fr\/actualites\/wp-content\/uploads\/2026\/05\/Myles-Lewis-Skelly-Arteta-fait-une-declaration-audacieuse-sur-la-cible.jpg","type":"image\/jpeg"}],"author":"Cl\u00e9ment","twitter_card":"summary_large_image","twitter_creator":"@FootdavantFr","twitter_site":"@FootdavantFr","twitter_misc":{"\u00c9crit par":"Cl\u00e9ment","Dur\u00e9e de lecture estim\u00e9e":"4 minutes"},"schema":{"@context":"https:\/\/schema.org","@graph":[{"@type":"Article","@id":"https:\/\/footdavant.fr\/actualites\/myles-lewis-skelly-arteta-fait-une-declaration-audacieuse-sur-la-cible-de-united\/#article","isPartOf":{"@id":"https:\/\/footdavant.fr\/actualites\/myles-lewis-skelly-arteta-fait-une-declaration-audacieuse-sur-la-cible-de-united\/"},"author":{"name":"Cl\u00e9ment","@id":"https:\/\/footdavant.fr\/actualites\/#\/schema\/person\/bc222566d95871b37e597b3ed3ba5e1d"},"headline":"Myles Lewis-Skelly: Arteta fait une d\u00e9claration audacieuse sur la cible de United \u2013","datePublished":"2026-05-03T10:48:05+00:00","dateModified":"2026-05-03T10:48:07+00:00","mainEntityOfPage":{"@id":"https:\/\/footdavant.fr\/actualites\/myles-lewis-skelly-arteta-fait-une-declaration-audacieuse-sur-la-cible-de-united\/"},"wordCount":904,"publisher":{"@id":"https:\/\/footdavant.fr\/actualites\/#organization"},"keywords":["Arteta","audacieuse","cible","D\u00e9claration","fait","LewisSkelly","Myles","sur","une","United"],"articleSection":["Football"],"inLanguage":"fr-FR"},{"@type":"WebPage","@id":"https:\/\/footdavant.fr\/actualites\/myles-lewis-skelly-arteta-fait-une-declaration-audacieuse-sur-la-cible-de-united\/","url":"https:\/\/footdavant.fr\/actualites\/myles-lewis-skelly-arteta-fait-une-declaration-audacieuse-sur-la-cible-de-united\/","name":"Myles Lewis-Skelly: Arteta fait une d\u00e9claration audacieuse sur la cible de United \u2013","isPartOf":{"@id":"https:\/\/footdavant.fr\/actualites\/#website"},"datePublished":"2026-05-03T10:48:05+00:00","dateModified":"2026-05-03T10:48:07+00:00","breadcrumb":{"@id":"https:\/\/footdavant.fr\/actualites\/myles-lewis-skelly-arteta-fait-une-declaration-audacieuse-sur-la-cible-de-united\/#breadcrumb"},"inLanguage":"fr-FR","potentialAction":[{"@type":"ReadAction","target":["https:\/\/footdavant.fr\/actualites\/myles-lewis-skelly-arteta-fait-une-declaration-audacieuse-sur-la-cible-de-united\/"]}]},{"@type":"BreadcrumbList","@id":"https:\/\/footdavant.fr\/actualites\/myles-lewis-skelly-arteta-fait-une-declaration-audacieuse-sur-la-cible-de-united\/#breadcrumb","itemListElement":[{"@type":"ListItem","position":1,"name":"Accueil","item":"https:\/\/footdavant.fr\/actualites\/"},{"@type":"ListItem","position":2,"name":"Myles Lewis-Skelly: Arteta fait une d\u00e9claration audacieuse sur la cible de United \u2013"}]},{"@type":"WebSite","@id":"https:\/\/footdavant.fr\/actualites\/#website","url":"https:\/\/footdavant.fr\/actualites\/","name":"Foot d'avant","description":"","publisher":{"@id":"https:\/\/footdavant.fr\/actualites\/#organization"},"potentialAction":[{"@type":"SearchAction","target":{"@type":"EntryPoint","urlTemplate":"https:\/\/footdavant.fr\/actualites\/?s={search_term_string}"},"query-input":"required name=search_term_string"}],"inLanguage":"fr-FR"},{"@type":"Organization","@id":"https:\/\/footdavant.fr\/actualites\/#organization","name":"Foot d'avant","url":"https:\/\/footdavant.fr\/actualites\/","logo":{"@type":"ImageObject","inLanguage":"fr-FR","@id":"https:\/\/footdavant.fr\/actualites\/#\/schema\/logo\/image\/","url":"https:\/\/footdavant.fr\/actualites\/wp-content\/uploads\/2023\/09\/Copy-of-FootDavant-Logo.png","contentUrl":"https:\/\/footdavant.fr\/actualites\/wp-content\/uploads\/2023\/09\/Copy-of-FootDavant-Logo.png","width":936,"height":549,"caption":"Foot d'avant"},"image":{"@id":"https:\/\/footdavant.fr\/actualites\/#\/schema\/logo\/image\/"},"sameAs":["https:\/\/www.facebook.com\/Footdavant\/","https:\/\/twitter.com\/FootdavantFr","https:\/\/www.instagram.com\/footdavant.fr\/"]},{"@type":"Person","@id":"https:\/\/footdavant.fr\/actualites\/#\/schema\/person\/bc222566d95871b37e597b3ed3ba5e1d","name":"Cl\u00e9ment","image":{"@type":"ImageObject","inLanguage":"fr-FR","@id":"https:\/\/footdavant.fr\/actualites\/#\/schema\/person\/image\/","url":"https:\/\/secure.gravatar.com\/avatar\/7728b29aac2719421e1a9159b2254c44?s=96&d=mm&r=g","contentUrl":"https:\/\/secure.gravatar.com\/avatar\/7728b29aac2719421e1a9159b2254c44?s=96&d=mm&r=g","caption":"Cl\u00e9ment"},"sameAs":["https:\/\/footdavant.fr\/"]}]}},"_links":{"self":[{"href":"https:\/\/footdavant.fr\/actualites\/wp-json\/wp\/v2\/posts\/37082"}],"collection":[{"href":"https:\/\/footdavant.fr\/actualites\/wp-json\/wp\/v2\/posts"}],"about":[{"href":"https:\/\/footdavant.fr\/actualites\/wp-json\/wp\/v2\/types\/post"}],"author":[{"embeddable":true,"href":"https:\/\/footdavant.fr\/actualites\/wp-json\/wp\/v2\/users\/1"}],"replies":[{"embeddable":true,"href":"https:\/\/footdavant.fr\/actualites\/wp-json\/wp\/v2\/comments?post=37082"}],"version-history":[{"count":1,"href":"https:\/\/footdavant.fr\/actualites\/wp-json\/wp\/v2\/posts\/37082\/revisions"}],"predecessor-version":[{"id":37084,"href":"https:\/\/footdavant.fr\/actualites\/wp-json\/wp\/v2\/posts\/37082\/revisions\/37084"}],"wp:featuredmedia":[{"embeddable":true,"href":"https:\/\/footdavant.fr\/actualites\/wp-json\/wp\/v2\/media\/37083"}],"wp:attachment":[{"href":"https:\/\/footdavant.fr\/actualites\/wp-json\/wp\/v2\/media?parent=37082"}],"wp:term":[{"taxonomy":"category","embeddable":true,"href":"https:\/\/footdavant.fr\/actualites\/wp-json\/wp\/v2\/categories?post=37082"},{"taxonomy":"post_tag","embeddable":true,"href":"https:\/\/footdavant.fr\/actualites\/wp-json\/wp\/v2\/tags?post=37082"}],"curies":[{"name":"wp","href":"https:\/\/api.w.org\/{rel}","templated":true}]}}