{"id":37088,"date":"2026-05-03T16:48:12","date_gmt":"2026-05-03T14:48:12","guid":{"rendered":"https:\/\/footdavant.fr\/actualites\/arsenal-3-0-fulham-nous-en-avions-besoin\/"},"modified":"2026-05-03T16:48:15","modified_gmt":"2026-05-03T14:48:15","slug":"arsenal-3-0-fulham-nous-en-avions-besoin","status":"publish","type":"post","link":"https:\/\/footdavant.fr\/actualites\/arsenal-3-0-fulham-nous-en-avions-besoin\/","title":{"rendered":"Arsenal 3-0 Fulham : nous en avions besoin"},"content":{"rendered":"<div>\n<h4><span style=\"color: #339966;\">Notes des joueurs<\/span> \u2013 <span style=\"color: #339966;\">R\u00e9action d&#39;Arteta<\/span> \u2013 <span style=\"color: #339966;\">Vid\u00e9o<\/span><\/h4>\n<p>Apr\u00e8s des semaines qui ont sembl\u00e9 \u00eatre les plus intenses, Arsenal nous a apport\u00e9 le calme dont nous avions tant besoin hier avec une excellente performance, une cage inviol\u00e9e, des buts en premi\u00e8re mi-temps et, bien s\u00fbr, les trois points que nous devions obtenir.<\/p>\n<p>La derni\u00e8re fois que nous avons marqu\u00e9 plus d&#39;un but dans un match, c&#39;\u00e9tait le 17 mars, lorsque nous avons battu le Bayer Leverkusen 2-0 ; la derni\u00e8re fois que nous en avons marqu\u00e9 trois ou plus, c&#39;\u00e9tait en f\u00e9vrier, lorsque nous en avions battu autant lors du derby du nord de Londres. Il y a un vieil adage selon lequel il faut attendre longtemps pour un bus, puis trois arrivent en m\u00eame temps, mais nous n&#39;avons eu qu&#39;un seul bus \u00e0 la fois. Hier, toute une flotte est arriv\u00e9e, et \u00e7a faisait du bien. Nous en avions besoin, et par nous j\u2019entends l\u2019\u00e9quipe et les fans.<\/p>\n<p>L&#39;\u00e9quipe avait l&#39;air bien, avec Leandro Trossard et Bukayo Saka de chaque c\u00f4t\u00e9 de Viktor Gyokeres, et avec Martin Zubimendi repos\u00e9, il y a eu un premier d\u00e9part au milieu de terrain pour Myles Lewis-Skelly. Un aspect int\u00e9ressant de cette situation \u00e9tait que le joueur de 19 ans n&#39;avait \u00e9t\u00e9 inform\u00e9 de son d\u00e9part que quelques minutes avant l&#39;annonce de l&#39;\u00e9quipe. Nous savons que Mikel Arteta est un homme dont l&#39;accent sur la pr\u00e9paration est sans \u00e9gal, donc il y avait clairement quelque chose en jeu ici, et je pense qu&#39;il est juste de dire que cela a fonctionn\u00e9.<\/p>\n<p>Nous avions l&#39;air bien d\u00e8s le d\u00e9but et, tout comme la semaine derni\u00e8re contre Newcastle, nous avons rapidement pris les devants. Un coup franc dans leur moiti\u00e9 de terrain est venu \u00e0 Saka sur la droite, et oh mon Dieu, avons-nous rat\u00e9 cette version de Bukayo Saka. Il a absolument r\u00f4ti Raul Jimenez, est entr\u00e9 dans la surface, a lanc\u00e9 un ballon bas et Gyokeres \u00e9tait l\u00e0 pour porter le score \u00e0 1-0. Superbe de Saka, et l&#39;avant-centre exactement l\u00e0 o\u00f9 vous le voudriez. Juste ce dont nous avions besoin. Il s\u2019agissait ensuite de savoir si nous pouvions ou non b\u00e2tir sur cette base.<\/p>\n<p>Il y a eu des instants rapproch\u00e9s, un tir de Trossard qui est pass\u00e9 \u00e0 c\u00f4t\u00e9 ; quelques affirmations fragiles de Bernd Leno, dont l&#39;une l&#39;a vu laisser tomber et revenir pour faire un tr\u00e8s bon arr\u00eat de Gyokeres avant que Saka ne mette le rebond \u00e0 l&#39;\u00e9cart ; puis un \u00ab\u00a0but\u00a0\u00bb de Riccardo Calafiori qui a \u00e9t\u00e9 refus\u00e9 pour hors-jeu. L&#39;intention \u00e9tait l\u00e0 de la part d&#39;Arsenal, m\u00eame si le coussin sur le tableau d&#39;affichage n&#39;\u00e9tait pas encore tout \u00e0 fait arriv\u00e9.<\/p>\n<p>Mais c\u2019est le cas. Ben White a remport\u00e9 le ballon \u00e0 mi-chemin, Eberechi Eze a jou\u00e9 un ballon rapide dans le canal int\u00e9rieur droit sur lequel Gyokeres a couru et a tr\u00e8s bien r\u00e9sist\u00e9. Cela n&#39;a pas toujours \u00e9t\u00e9 une de ses forces cette saison, mais on n&#39;aurait pas pu demander mieux, et quand le mouvement brusque de Saka \u2013 fuyant le dos d&#39;un d\u00e9fenseur qui n&#39;avait aucune id\u00e9e d&#39;o\u00f9 il \u00e9tait all\u00e9 \u2013 la passe int\u00e9rieure de l&#39;international su\u00e9dois \u00e9tait parfaite. Il y avait encore du travail \u00e0 faire, mais Saka l&#39;a perc\u00e9 au premier poteau pour porter le score \u00e0 2-0. Une belle finition pour conclure un beau mouvement, Gyokeres rendant la pareille \u00e0 Saka d\u00e8s l&#39;ouverture du score.<\/p>\n<p>Nous avons failli en cr\u00e9er un troisi\u00e8me lorsque nos d\u00e9fenseurs sont entr\u00e9s en jeu, le chevauchement de Calafiori et la passe qui a suivi ont vu Saliba envoyer un ballon taquin au deuxi\u00e8me poteau, mais Gabriel n&#39;a tout simplement pas pu y arriver. Puis, \u00e0 l&#39;approche de la mi-temps, nous avons \u00e9t\u00e9 r\u00e9compens\u00e9s pour avoir gard\u00e9 la possession profond\u00e9ment dans notre moiti\u00e9 de terrain avant d&#39;\u00e9tirer le jeu de mani\u00e8re quelque peu risqu\u00e9e, mais le risque peut souvent \u00eatre synonyme de r\u00e9compense. Trossard a d\u00e9coll\u00e9 sur la gauche, a r\u00e9cup\u00e9r\u00e9 le ballon puis a repouss\u00e9 un centre que Gyokeres a rencontr\u00e9 avec une excellente t\u00eate qui a pass\u00e9 au-dessus de Leno et sous la barre transversale pour 3-0.<\/p>\n<p>C\u2019\u00e9tait une performance aussi compl\u00e8te qu\u2019on pourrait le souhaiter en premi\u00e8re mi-temps, surtout avec une demi-finale de Ligue des champions mardi. Il n\u2019\u00e9tait donc pas surprenant que Saka soit sorti \u00e0 la pause, avec 45 excellentes minutes \u00e0 son actif et pas besoin de le surcharger. Noni Madueke est entr\u00e9 en jeu et, m\u00eame si la deuxi\u00e8me p\u00e9riode n&#39;a pas \u00e9t\u00e9 exactement un non-\u00e9v\u00e9nement, elle a \u00e9t\u00e9 beaucoup moins intense. Fulham avait un peu plus de possession mais pas beaucoup plus de menace, et le manager avait m\u00eame la possibilit\u00e9 de faire quelque chose d&#39;aussi radical que de donner un peu de repos \u00e0 Declan Rice. \u00c0 quand remonte la derni\u00e8re fois que cela s&#39;est produit ?<\/p>\n<p>C&#39;est un peu \u00e9trange d&#39;en arriver \u00e0 ce stade de la saison et de dire que nous avons appris certaines choses, mais je pense que nous l&#39;avons fait. Ce n\u2019est pas une nouveaut\u00e9 pour qui que ce soit, mais je pense que Gyokeres b\u00e9n\u00e9ficie \u00e9norm\u00e9ment du fait d\u2019avoir en dehors de lui des joueurs dot\u00e9s d\u2019une r\u00e9elle qualit\u00e9 technique. Saka nous a rappel\u00e9 pourquoi il a \u00e9t\u00e9 si important, et j&#39;ai trouv\u00e9 que Trossard avait fait un tr\u00e8s bon match \u00e0 gauche. Ce qui ne veut pas dire que la performance de Gyokeres \u00e9tait due \u00e0 eux, sur ses propres m\u00e9rites, il a \u00e9t\u00e9 tr\u00e8s bon hier, mais une grande partie du football est une question d&#39;\u00e9quilibre et de connexions, et avec ceux-l\u00e0, il a potentiellement r\u00e9alis\u00e9 sa performance d&#39;avant-centre la plus compl\u00e8te depuis son arriv\u00e9e.<\/p>\n<p>L\u2019autre \u00e9tait le d\u00e9ploiement de Lewis-Skelly au milieu de terrain. Au d\u00e9but, je doutais que cela se produise, simplement parce que cela ne s&#39;\u00e9tait jamais produit auparavant et que les enjeux \u00e9taient si \u00e9lev\u00e9s, mais Arteta a \u00e9t\u00e9 r\u00e9compens\u00e9e pour avoir pris ce risque avec une performance exceptionnelle. Sky a publi\u00e9 quelques statistiques peu de temps avant le coup de sifflet final, et ils ont racont\u00e9 une histoire\u00a0:<\/p>\n<\/p>\n<p>Lorsqu&#39;on lui a demand\u00e9 pourquoi cela ne s&#39;\u00e9tait pas produit plus t\u00f4t lors de sa conf\u00e9rence de presse d&#39;apr\u00e8s-match, Arteta a r\u00e9pondu :<\/p>\n<blockquote>\n<p>Parce que je n\u2019en ai probablement aucune id\u00e9e et peut-\u00eatre que j\u2019aurais d\u00fb le faire plus t\u00f4t, je ne sais pas ! Mais je dois faire des choses quand je crois que le joueur est pr\u00eat, que l\u2019\u00e9quipe est pr\u00eate et que l\u2019adversaire est le bon pour jouer avec lui \u00e0 ce poste.<\/p>\n<p>C&#39;\u00e9tait un gros risque parce que je savais ce qui allait se passer, s&#39;il n&#39;avait pas \u00e9t\u00e9 aussi g\u00e9nial, nous aurions perdu le match. Comment jouer un enfant \u00e0 cet \u00e2ge, dans ce sc\u00e9nario, \u00e0 un poste qu&#39;il n&#39;a pas jou\u00e9 de toute la saison ? Je le savais mais j\u2019avais le sentiment que c\u2019\u00e9tait le bon match pour lui.<\/p>\n<\/blockquote>\n<p>Je pense vraiment qu\u2019il s\u2019agit d\u2019un d\u00e9veloppement fascinant et potentiellement crucial pour Myles. Apr\u00e8s sa perc\u00e9e la saison derni\u00e8re, je pense que le manager lui a dit que son avenir n&#39;\u00e9tait vraiment pas au poste d&#39;arri\u00e8re gauche lorsqu&#39;il a fait venir Piero Hincapie. Cette d\u00e9cision a consid\u00e9rablement r\u00e9duit la quantit\u00e9 de football qu&#39;il a jou\u00e9 cette saison, et vous pouvez imaginer \u2013 m\u00eame au d\u00e9but de sa carri\u00e8re \u2013 que cela a \u00e9t\u00e9 une frustration pour lui. Arteta a admis plus t\u00f4t lors de la conf\u00e9rence de presse qu&#39;il avait \u00e9t\u00e9 \u00ab\u00a0dur\u00a0\u00bb avec lui, donc je ne pense pas du tout que cela ait \u00e9t\u00e9 une saison facile pour lui.<\/p>\n<p>Peut-\u00eatre que je lis trop de choses sur un match et une performance, mais si la porte arri\u00e8re gauche \u00e9tait essentiellement ferm\u00e9e, peut-\u00eatre qu&#39;une nouvelle s&#39;est ouverte hier. Il n&#39;a encore que 19 ans, il a beaucoup \u00e0 apprendre et beaucoup de temps pour se d\u00e9velopper, mais il doit y avoir un r\u00e9el encouragement dans la fa\u00e7on dont il a jou\u00e9 hier et dans le poste dans lequel il l&#39;a fait. Il est pass\u00e9 par l&#39;Acad\u00e9mie en tant que milieu de terrain central, donc ce n&#39;est pas comme s&#39;il \u00e9tait compl\u00e8tement hors de sa timonerie, mais il n&#39;avait jamais commenc\u00e9 l\u00e0-bas en tant que pro, et il s&#39;en est acquitt\u00e9 avec brio.<\/p>\n<p>Myles et Ethan Nwaneri ont \u00e9t\u00e9 pr\u00e9sent\u00e9s la saison derni\u00e8re comme une lumi\u00e8re brillante pour Hale End et les joueurs que nous produisons, mais je ne pense pas qu&#39;il soit injuste de sugg\u00e9rer qu&#39;il y a eu des doutes sur eux deux en raison du d\u00e9roulement de leur deuxi\u00e8me saison. Je pense que ce serait vraiment dommage si nous ne parvenions pas \u00e0 lib\u00e9rer le potentiel d&#39;au moins l&#39;un d&#39;entre eux \u00e0 l&#39;avenir, et quand on lui a donn\u00e9 sa chance hier, Lewis-Skelly l&#39;a prise \u00e0 deux mains, alors voyons o\u00f9 nous allons \u00e0 partir de l\u00e0.<\/p>\n<p>Dans l\u2019ensemble, c\u2019est exactement ce que le m\u00e9decin a prescrit. Alors que l&#39;Atletico Madrid reposait tout le monde et affrontait l&#39;homme-sandwich au jambon hier, nous avons remport\u00e9 une victoire vitale associ\u00e9e \u00e0 une performance vraiment encourageante. Esp\u00e9rons que ce soit juste le regain de confiance dont nous avons besoin avant la confrontation de mardi, mais plus important encore, cela a ouvert l&#39;\u00e9cart en t\u00eate \u00e0 6 points. Nous en avons trois \u00e0 jouer, Man City en a cinq, mais \u00e0 ce stade, je pr\u00e9f\u00e8re avoir des points au tableau plut\u00f4t que des matchs en main.<\/p>\n<p>Maintenant, nous attendons de voir ce qui se passera lundi soir, mais j&#39;esp\u00e8re qu&#39;aujourd&#39;hui nous pourrons tous aller profiter d&#39;un bon dimanche de d\u00e9tente apr\u00e8s avoir si bien fait notre travail hier. Bonne soir\u00e9e les amis, et n&#39;oubliez pas que vous pouvez nous rejoindre pour un Arsecast Extra demain, comme d&#39;habitude.<\/p>\n<p>Jusque-l\u00e0.<\/p>\n<\/div>\n","protected":false},"excerpt":{"rendered":"<p>Notes des joueurs \u2013 R\u00e9action d&#39;Arteta \u2013 Vid\u00e9o Apr\u00e8s des semaines qui ont sembl\u00e9 \u00eatre les plus intenses, Arsenal nous a apport\u00e9 le calme dont<\/p>\n","protected":false},"author":1,"featured_media":37089,"comment_status":"closed","ping_status":"","sticky":false,"template":"","format":"standard","meta":{"footnotes":""},"categories":[3],"tags":[67,7696,433,348,762],"yoast_head":"<!-- This site is optimized with the Yoast SEO plugin v21.0 - https:\/\/yoast.com\/wordpress\/plugins\/seo\/ -->\n<title>Arsenal 3-0 Fulham : nous en avions besoin<\/title>\n<meta name=\"robots\" content=\"index, follow, max-snippet:-1, max-image-preview:large, max-video-preview:-1\" \/>\n<link rel=\"canonical\" href=\"https:\/\/footdavant.fr\/actualites\/arsenal-3-0-fulham-nous-en-avions-besoin\/\" \/>\n<meta property=\"og:locale\" content=\"fr_FR\" \/>\n<meta property=\"og:type\" content=\"article\" \/>\n<meta property=\"og:title\" content=\"Arsenal 3-0 Fulham : nous en avions besoin\" \/>\n<meta property=\"og:description\" content=\"Notes des joueurs \u2013 R\u00e9action d&#039;Arteta \u2013 Vid\u00e9o Apr\u00e8s des semaines qui ont sembl\u00e9 \u00eatre les plus intenses, Arsenal nous a apport\u00e9 le calme dont\" \/>\n<meta property=\"og:url\" content=\"https:\/\/footdavant.fr\/actualites\/arsenal-3-0-fulham-nous-en-avions-besoin\/\" \/>\n<meta property=\"og:site_name\" content=\"Foot d&#039;avant\" \/>\n<meta property=\"article:publisher\" content=\"https:\/\/www.facebook.com\/Footdavant\/\" \/>\n<meta property=\"article:published_time\" content=\"2026-05-03T14:48:12+00:00\" \/>\n<meta property=\"article:modified_time\" content=\"2026-05-03T14:48:15+00:00\" \/>\n<meta property=\"og:image\" content=\"https:\/\/footdavant.fr\/actualites\/wp-content\/uploads\/2026\/05\/1777819694_Arsenal-3-0-Fulham-nous-en-avions-besoin.jpg\" \/>\n\t<meta property=\"og:image:width\" content=\"1500\" \/>\n\t<meta property=\"og:image:height\" content=\"750\" \/>\n\t<meta property=\"og:image:type\" content=\"image\/jpeg\" \/>\n<meta name=\"author\" content=\"Cl\u00e9ment\" \/>\n<meta name=\"twitter:card\" content=\"summary_large_image\" \/>\n<meta name=\"twitter:creator\" content=\"@FootdavantFr\" \/>\n<meta name=\"twitter:site\" content=\"@FootdavantFr\" \/>\n<meta name=\"twitter:label1\" content=\"\u00c9crit par\" \/>\n\t<meta name=\"twitter:data1\" content=\"Cl\u00e9ment\" \/>\n\t<meta name=\"twitter:label2\" content=\"Dur\u00e9e de lecture estim\u00e9e\" \/>\n\t<meta name=\"twitter:data2\" content=\"9 minutes\" \/>\n<script type=\"application\/ld+json\" class=\"yoast-schema-graph\">{\"@context\":\"https:\/\/schema.org\",\"@graph\":[{\"@type\":\"Article\",\"@id\":\"https:\/\/footdavant.fr\/actualites\/arsenal-3-0-fulham-nous-en-avions-besoin\/#article\",\"isPartOf\":{\"@id\":\"https:\/\/footdavant.fr\/actualites\/arsenal-3-0-fulham-nous-en-avions-besoin\/\"},\"author\":{\"name\":\"Cl\u00e9ment\",\"@id\":\"https:\/\/footdavant.fr\/actualites\/#\/schema\/person\/bc222566d95871b37e597b3ed3ba5e1d\"},\"headline\":\"Arsenal 3-0 Fulham : nous en avions besoin\",\"datePublished\":\"2026-05-03T14:48:12+00:00\",\"dateModified\":\"2026-05-03T14:48:15+00:00\",\"mainEntityOfPage\":{\"@id\":\"https:\/\/footdavant.fr\/actualites\/arsenal-3-0-fulham-nous-en-avions-besoin\/\"},\"wordCount\":1796,\"publisher\":{\"@id\":\"https:\/\/footdavant.fr\/actualites\/#organization\"},\"keywords\":[\"Arsenal\",\"avions\",\"besoin\",\"Fulham\",\"nous\"],\"articleSection\":[\"Football\"],\"inLanguage\":\"fr-FR\"},{\"@type\":\"WebPage\",\"@id\":\"https:\/\/footdavant.fr\/actualites\/arsenal-3-0-fulham-nous-en-avions-besoin\/\",\"url\":\"https:\/\/footdavant.fr\/actualites\/arsenal-3-0-fulham-nous-en-avions-besoin\/\",\"name\":\"Arsenal 3-0 Fulham : nous en avions besoin\",\"isPartOf\":{\"@id\":\"https:\/\/footdavant.fr\/actualites\/#website\"},\"datePublished\":\"2026-05-03T14:48:12+00:00\",\"dateModified\":\"2026-05-03T14:48:15+00:00\",\"breadcrumb\":{\"@id\":\"https:\/\/footdavant.fr\/actualites\/arsenal-3-0-fulham-nous-en-avions-besoin\/#breadcrumb\"},\"inLanguage\":\"fr-FR\",\"potentialAction\":[{\"@type\":\"ReadAction\",\"target\":[\"https:\/\/footdavant.fr\/actualites\/arsenal-3-0-fulham-nous-en-avions-besoin\/\"]}]},{\"@type\":\"BreadcrumbList\",\"@id\":\"https:\/\/footdavant.fr\/actualites\/arsenal-3-0-fulham-nous-en-avions-besoin\/#breadcrumb\",\"itemListElement\":[{\"@type\":\"ListItem\",\"position\":1,\"name\":\"Accueil\",\"item\":\"https:\/\/footdavant.fr\/actualites\/\"},{\"@type\":\"ListItem\",\"position\":2,\"name\":\"Arsenal 3-0 Fulham : nous en avions besoin\"}]},{\"@type\":\"WebSite\",\"@id\":\"https:\/\/footdavant.fr\/actualites\/#website\",\"url\":\"https:\/\/footdavant.fr\/actualites\/\",\"name\":\"Foot d'avant\",\"description\":\"\",\"publisher\":{\"@id\":\"https:\/\/footdavant.fr\/actualites\/#organization\"},\"potentialAction\":[{\"@type\":\"SearchAction\",\"target\":{\"@type\":\"EntryPoint\",\"urlTemplate\":\"https:\/\/footdavant.fr\/actualites\/?s={search_term_string}\"},\"query-input\":\"required name=search_term_string\"}],\"inLanguage\":\"fr-FR\"},{\"@type\":\"Organization\",\"@id\":\"https:\/\/footdavant.fr\/actualites\/#organization\",\"name\":\"Foot d'avant\",\"url\":\"https:\/\/footdavant.fr\/actualites\/\",\"logo\":{\"@type\":\"ImageObject\",\"inLanguage\":\"fr-FR\",\"@id\":\"https:\/\/footdavant.fr\/actualites\/#\/schema\/logo\/image\/\",\"url\":\"https:\/\/footdavant.fr\/actualites\/wp-content\/uploads\/2023\/09\/Copy-of-FootDavant-Logo.png\",\"contentUrl\":\"https:\/\/footdavant.fr\/actualites\/wp-content\/uploads\/2023\/09\/Copy-of-FootDavant-Logo.png\",\"width\":936,\"height\":549,\"caption\":\"Foot d'avant\"},\"image\":{\"@id\":\"https:\/\/footdavant.fr\/actualites\/#\/schema\/logo\/image\/\"},\"sameAs\":[\"https:\/\/www.facebook.com\/Footdavant\/\",\"https:\/\/twitter.com\/FootdavantFr\",\"https:\/\/www.instagram.com\/footdavant.fr\/\"]},{\"@type\":\"Person\",\"@id\":\"https:\/\/footdavant.fr\/actualites\/#\/schema\/person\/bc222566d95871b37e597b3ed3ba5e1d\",\"name\":\"Cl\u00e9ment\",\"image\":{\"@type\":\"ImageObject\",\"inLanguage\":\"fr-FR\",\"@id\":\"https:\/\/footdavant.fr\/actualites\/#\/schema\/person\/image\/\",\"url\":\"https:\/\/secure.gravatar.com\/avatar\/7728b29aac2719421e1a9159b2254c44?s=96&d=mm&r=g\",\"contentUrl\":\"https:\/\/secure.gravatar.com\/avatar\/7728b29aac2719421e1a9159b2254c44?s=96&d=mm&r=g\",\"caption\":\"Cl\u00e9ment\"},\"sameAs\":[\"https:\/\/footdavant.fr\/\"]}]}<\/script>\n<!-- \/ Yoast SEO plugin. -->","yoast_head_json":{"title":"Arsenal 3-0 Fulham : nous en avions besoin","robots":{"index":"index","follow":"follow","max-snippet":"max-snippet:-1","max-image-preview":"max-image-preview:large","max-video-preview":"max-video-preview:-1"},"canonical":"https:\/\/footdavant.fr\/actualites\/arsenal-3-0-fulham-nous-en-avions-besoin\/","og_locale":"fr_FR","og_type":"article","og_title":"Arsenal 3-0 Fulham : nous en avions besoin","og_description":"Notes des joueurs \u2013 R\u00e9action d&#39;Arteta \u2013 Vid\u00e9o Apr\u00e8s des semaines qui ont sembl\u00e9 \u00eatre les plus intenses, Arsenal nous a apport\u00e9 le calme dont","og_url":"https:\/\/footdavant.fr\/actualites\/arsenal-3-0-fulham-nous-en-avions-besoin\/","og_site_name":"Foot d&#039;avant","article_publisher":"https:\/\/www.facebook.com\/Footdavant\/","article_published_time":"2026-05-03T14:48:12+00:00","article_modified_time":"2026-05-03T14:48:15+00:00","og_image":[{"width":1500,"height":750,"url":"https:\/\/footdavant.fr\/actualites\/wp-content\/uploads\/2026\/05\/1777819694_Arsenal-3-0-Fulham-nous-en-avions-besoin.jpg","type":"image\/jpeg"}],"author":"Cl\u00e9ment","twitter_card":"summary_large_image","twitter_creator":"@FootdavantFr","twitter_site":"@FootdavantFr","twitter_misc":{"\u00c9crit par":"Cl\u00e9ment","Dur\u00e9e de lecture estim\u00e9e":"9 minutes"},"schema":{"@context":"https:\/\/schema.org","@graph":[{"@type":"Article","@id":"https:\/\/footdavant.fr\/actualites\/arsenal-3-0-fulham-nous-en-avions-besoin\/#article","isPartOf":{"@id":"https:\/\/footdavant.fr\/actualites\/arsenal-3-0-fulham-nous-en-avions-besoin\/"},"author":{"name":"Cl\u00e9ment","@id":"https:\/\/footdavant.fr\/actualites\/#\/schema\/person\/bc222566d95871b37e597b3ed3ba5e1d"},"headline":"Arsenal 3-0 Fulham : nous en avions besoin","datePublished":"2026-05-03T14:48:12+00:00","dateModified":"2026-05-03T14:48:15+00:00","mainEntityOfPage":{"@id":"https:\/\/footdavant.fr\/actualites\/arsenal-3-0-fulham-nous-en-avions-besoin\/"},"wordCount":1796,"publisher":{"@id":"https:\/\/footdavant.fr\/actualites\/#organization"},"keywords":["Arsenal","avions","besoin","Fulham","nous"],"articleSection":["Football"],"inLanguage":"fr-FR"},{"@type":"WebPage","@id":"https:\/\/footdavant.fr\/actualites\/arsenal-3-0-fulham-nous-en-avions-besoin\/","url":"https:\/\/footdavant.fr\/actualites\/arsenal-3-0-fulham-nous-en-avions-besoin\/","name":"Arsenal 3-0 Fulham : nous en avions besoin","isPartOf":{"@id":"https:\/\/footdavant.fr\/actualites\/#website"},"datePublished":"2026-05-03T14:48:12+00:00","dateModified":"2026-05-03T14:48:15+00:00","breadcrumb":{"@id":"https:\/\/footdavant.fr\/actualites\/arsenal-3-0-fulham-nous-en-avions-besoin\/#breadcrumb"},"inLanguage":"fr-FR","potentialAction":[{"@type":"ReadAction","target":["https:\/\/footdavant.fr\/actualites\/arsenal-3-0-fulham-nous-en-avions-besoin\/"]}]},{"@type":"BreadcrumbList","@id":"https:\/\/footdavant.fr\/actualites\/arsenal-3-0-fulham-nous-en-avions-besoin\/#breadcrumb","itemListElement":[{"@type":"ListItem","position":1,"name":"Accueil","item":"https:\/\/footdavant.fr\/actualites\/"},{"@type":"ListItem","position":2,"name":"Arsenal 3-0 Fulham : nous en avions besoin"}]},{"@type":"WebSite","@id":"https:\/\/footdavant.fr\/actualites\/#website","url":"https:\/\/footdavant.fr\/actualites\/","name":"Foot d'avant","description":"","publisher":{"@id":"https:\/\/footdavant.fr\/actualites\/#organization"},"potentialAction":[{"@type":"SearchAction","target":{"@type":"EntryPoint","urlTemplate":"https:\/\/footdavant.fr\/actualites\/?s={search_term_string}"},"query-input":"required name=search_term_string"}],"inLanguage":"fr-FR"},{"@type":"Organization","@id":"https:\/\/footdavant.fr\/actualites\/#organization","name":"Foot d'avant","url":"https:\/\/footdavant.fr\/actualites\/","logo":{"@type":"ImageObject","inLanguage":"fr-FR","@id":"https:\/\/footdavant.fr\/actualites\/#\/schema\/logo\/image\/","url":"https:\/\/footdavant.fr\/actualites\/wp-content\/uploads\/2023\/09\/Copy-of-FootDavant-Logo.png","contentUrl":"https:\/\/footdavant.fr\/actualites\/wp-content\/uploads\/2023\/09\/Copy-of-FootDavant-Logo.png","width":936,"height":549,"caption":"Foot d'avant"},"image":{"@id":"https:\/\/footdavant.fr\/actualites\/#\/schema\/logo\/image\/"},"sameAs":["https:\/\/www.facebook.com\/Footdavant\/","https:\/\/twitter.com\/FootdavantFr","https:\/\/www.instagram.com\/footdavant.fr\/"]},{"@type":"Person","@id":"https:\/\/footdavant.fr\/actualites\/#\/schema\/person\/bc222566d95871b37e597b3ed3ba5e1d","name":"Cl\u00e9ment","image":{"@type":"ImageObject","inLanguage":"fr-FR","@id":"https:\/\/footdavant.fr\/actualites\/#\/schema\/person\/image\/","url":"https:\/\/secure.gravatar.com\/avatar\/7728b29aac2719421e1a9159b2254c44?s=96&d=mm&r=g","contentUrl":"https:\/\/secure.gravatar.com\/avatar\/7728b29aac2719421e1a9159b2254c44?s=96&d=mm&r=g","caption":"Cl\u00e9ment"},"sameAs":["https:\/\/footdavant.fr\/"]}]}},"_links":{"self":[{"href":"https:\/\/footdavant.fr\/actualites\/wp-json\/wp\/v2\/posts\/37088"}],"collection":[{"href":"https:\/\/footdavant.fr\/actualites\/wp-json\/wp\/v2\/posts"}],"about":[{"href":"https:\/\/footdavant.fr\/actualites\/wp-json\/wp\/v2\/types\/post"}],"author":[{"embeddable":true,"href":"https:\/\/footdavant.fr\/actualites\/wp-json\/wp\/v2\/users\/1"}],"replies":[{"embeddable":true,"href":"https:\/\/footdavant.fr\/actualites\/wp-json\/wp\/v2\/comments?post=37088"}],"version-history":[{"count":1,"href":"https:\/\/footdavant.fr\/actualites\/wp-json\/wp\/v2\/posts\/37088\/revisions"}],"predecessor-version":[{"id":37090,"href":"https:\/\/footdavant.fr\/actualites\/wp-json\/wp\/v2\/posts\/37088\/revisions\/37090"}],"wp:featuredmedia":[{"embeddable":true,"href":"https:\/\/footdavant.fr\/actualites\/wp-json\/wp\/v2\/media\/37089"}],"wp:attachment":[{"href":"https:\/\/footdavant.fr\/actualites\/wp-json\/wp\/v2\/media?parent=37088"}],"wp:term":[{"taxonomy":"category","embeddable":true,"href":"https:\/\/footdavant.fr\/actualites\/wp-json\/wp\/v2\/categories?post=37088"},{"taxonomy":"post_tag","embeddable":true,"href":"https:\/\/footdavant.fr\/actualites\/wp-json\/wp\/v2\/tags?post=37088"}],"curies":[{"name":"wp","href":"https:\/\/api.w.org\/{rel}","templated":true}]}}