{"id":3758,"date":"2024-01-12T10:49:14","date_gmt":"2024-01-12T09:49:14","guid":{"rendered":"https:\/\/footdavant.fr\/actualites\/lagent-soutient-le-nouveau-garcon-de-tottenham-dragusin-pour-rejoindre-le-real-madrid-dici-2028\/"},"modified":"2024-01-12T10:49:15","modified_gmt":"2024-01-12T09:49:15","slug":"lagent-soutient-le-nouveau-garcon-de-tottenham-dragusin-pour-rejoindre-le-real-madrid-dici-2028","status":"publish","type":"post","link":"https:\/\/footdavant.fr\/actualites\/lagent-soutient-le-nouveau-garcon-de-tottenham-dragusin-pour-rejoindre-le-real-madrid-dici-2028\/","title":{"rendered":"L&rsquo;agent soutient le nouveau gar\u00e7on de Tottenham, Dragusin, pour rejoindre le Real Madrid d&rsquo;ici 2028"},"content":{"rendered":"<div>\n<p>Florin Manea, qui dirige la nouvelle recrue de Tottenham Hotspur, Radu Dragusin, a soutenu son client pour qu&rsquo;il rejoigne son club de r\u00eave, le Real Madrid, dans trois \u00e0 quatre ans, sugg\u00e9rant que le transfert aux Spurs pourrait n&rsquo;\u00eatre qu&rsquo;un tremplin pour le d\u00e9fenseur.<\/p>\n<h2>Tottenham Hotspur a battu la concurrence du Bayern Munich pour signer Radu Dragusin<\/h2>\n<p>Le Bayern Munich et Tottenham Hotspur \u00e9taient tous deux int\u00e9ress\u00e9s par la signature du d\u00e9fenseur central roumain tr\u00e8s appr\u00e9ci\u00e9 de G\u00eanes, mais le joueur de 21 ans a choisi d&rsquo;apporter ses talents \u00e0 la Premier League anglaise.<\/p>\n<p>Selon certaines informations, les Spurs auraient sign\u00e9 Dragusin de l&rsquo;\u00e9quipe Seria A pour un montant de 25 millions d&rsquo;euros (27,4 millions de dollars) plus les modules compl\u00e9mentaires.  Le joueur a sign\u00e9 un contrat de six ans et demi, ce qui signifie qu&rsquo;il est contractuellement li\u00e9 aux Lilywhites jusqu&rsquo;en juin 2030.<\/p>\n<h2>Manea risque de provoquer la col\u00e8re des fans des Spurs avec un commentaire du Real Madrid<\/h2>\n<p>Les fans des Spurs sont impatients de voir Dragusin entrer sur le terrain pour l&rsquo;\u00e9quipe d&rsquo;Ange Postecoglou, mais son agent a un peu g\u00e2ch\u00e9 les c\u00e9l\u00e9brations en r\u00e9v\u00e9lant le r\u00eave du d\u00e9fenseur du Real Madrid.  Manea a d\u00e9clar\u00e9 qu&rsquo;il avait vu l&rsquo;international roumain quitter le stade Tottenham Hotspur pour le Santiago Bernabeu dans trois \u00e0 quatre ans, Los Blancos \u00e9tant l&rsquo;un de ses clubs de r\u00eave.<\/p>\n<p>S&rsquo;adressant au m\u00e9dia roumain DigiSport, il a d\u00e9clar\u00e9 (via SportsMole) :<\/p>\n<p>\u00ab\u00a0<em>Je regardais une photo de nos d\u00e9buts ensemble \u00e0 la Juve, je regardais \u00e0 quel point il \u00e9tait maigre.  Nous ne sommes qu&rsquo;au d\u00e9but du chemin, nous voulons qu&rsquo;ils atteignent les meilleurs clubs du monde<\/em>.\u00bb<\/p>\n<p>Manea a ajout\u00e9 que le Bayern \u00e9tait sur le point de conclure un accord avec Dragusin, mais il a snob\u00e9 les Allemands car l&rsquo;Allianz Arena n&rsquo;\u00e9tait pas sa destination de r\u00eave.<\/p>\n<p>L&rsquo;agent a ajout\u00e9 :<\/p>\n<p>\u00ab\u00a0<em>Nous \u00e9tions proches, le Bayern fait partie des plus grands clubs, mais son r\u00eave est le Real ou Barcelone.  S&rsquo;il avait 23-24 ans et avait plus d&rsquo;exp\u00e9rience, peut-\u00eatre qu&rsquo;il aurait d\u00e9cid\u00e9 d&rsquo;aller au Bayern, mais j&rsquo;ai aussi pris en compte l&rsquo;\u00e2ge, et la comp\u00e9tition, j&rsquo;ai pris en compte beaucoup de choses.<\/em><\/p>\n<p>\u00ab\u00a0<em>Dans trois ou quatre ans, je le vois au Real Madrid.<\/em>\u00bb<\/p>\n<p>Dragusin, qui a marqu\u00e9 deux fois en 22 matches pour G\u00eanes avant de d\u00e9m\u00e9nager \u00e0 Londres, est devenu la deuxi\u00e8me recrue de Tottenham pour la fen\u00eatre de janvier.  Peu de temps avant de lier le d\u00e9fenseur \u00e0 un contrat \u00e0 long terme, les Spurs ont sign\u00e9 un pr\u00eat de l&rsquo;ancien joueur de Chelsea, Timo Werner, du RB Leipzig.<\/p>\n<\/p><\/div>\n","protected":false},"excerpt":{"rendered":"<p>Florin Manea, qui dirige la nouvelle recrue de Tottenham Hotspur, Radu Dragusin, a soutenu son client pour qu&rsquo;il rejoigne son club de r\u00eave, le Real<\/p>\n","protected":false},"author":1,"featured_media":3759,"comment_status":"closed","ping_status":"","sticky":false,"template":"","format":"standard","meta":{"footnotes":""},"categories":[3],"tags":[2979,1675,2703,1673,303,199,51,302,309,477,68],"yoast_head":"<!-- This site is optimized with the Yoast SEO plugin v21.0 - https:\/\/yoast.com\/wordpress\/plugins\/seo\/ -->\n<title>L&#039;agent soutient le nouveau gar\u00e7on de Tottenham, Dragusin, pour rejoindre le Real Madrid d&#039;ici 2028<\/title>\n<meta name=\"robots\" content=\"index, follow, max-snippet:-1, max-image-preview:large, max-video-preview:-1\" \/>\n<link rel=\"canonical\" href=\"https:\/\/footdavant.fr\/actualites\/lagent-soutient-le-nouveau-garcon-de-tottenham-dragusin-pour-rejoindre-le-real-madrid-dici-2028\/\" \/>\n<meta property=\"og:locale\" content=\"fr_FR\" \/>\n<meta property=\"og:type\" content=\"article\" \/>\n<meta property=\"og:title\" content=\"L&#039;agent soutient le nouveau gar\u00e7on de Tottenham, Dragusin, pour rejoindre le Real Madrid d&#039;ici 2028\" \/>\n<meta property=\"og:description\" content=\"Florin Manea, qui dirige la nouvelle recrue de Tottenham Hotspur, Radu Dragusin, a soutenu son client pour qu&rsquo;il rejoigne son club de r\u00eave, le Real\" \/>\n<meta property=\"og:url\" content=\"https:\/\/footdavant.fr\/actualites\/lagent-soutient-le-nouveau-garcon-de-tottenham-dragusin-pour-rejoindre-le-real-madrid-dici-2028\/\" \/>\n<meta property=\"og:site_name\" content=\"Foot d&#039;avant\" \/>\n<meta property=\"article:publisher\" content=\"https:\/\/www.facebook.com\/Footdavant\/\" \/>\n<meta property=\"article:published_time\" content=\"2024-01-12T09:49:14+00:00\" \/>\n<meta property=\"article:modified_time\" content=\"2024-01-12T09:49:15+00:00\" \/>\n<meta property=\"og:image\" content=\"https:\/\/footdavant.fr\/actualites\/wp-content\/uploads\/2024\/01\/Lagent-soutient-le-nouveau-garcon-de-Tottenham-Dragusin-pour-rejoindre.jpg\" \/>\n\t<meta property=\"og:image:width\" content=\"1240\" \/>\n\t<meta property=\"og:image:height\" content=\"698\" \/>\n\t<meta property=\"og:image:type\" content=\"image\/jpeg\" \/>\n<meta name=\"author\" content=\"Cl\u00e9ment\" \/>\n<meta name=\"twitter:card\" content=\"summary_large_image\" \/>\n<meta name=\"twitter:creator\" content=\"@FootdavantFr\" \/>\n<meta name=\"twitter:site\" content=\"@FootdavantFr\" \/>\n<meta name=\"twitter:label1\" content=\"\u00c9crit par\" \/>\n\t<meta name=\"twitter:data1\" content=\"Cl\u00e9ment\" \/>\n\t<meta name=\"twitter:label2\" content=\"Dur\u00e9e de lecture estim\u00e9e\" \/>\n\t<meta name=\"twitter:data2\" content=\"2 minutes\" \/>\n<script type=\"application\/ld+json\" class=\"yoast-schema-graph\">{\"@context\":\"https:\/\/schema.org\",\"@graph\":[{\"@type\":\"Article\",\"@id\":\"https:\/\/footdavant.fr\/actualites\/lagent-soutient-le-nouveau-garcon-de-tottenham-dragusin-pour-rejoindre-le-real-madrid-dici-2028\/#article\",\"isPartOf\":{\"@id\":\"https:\/\/footdavant.fr\/actualites\/lagent-soutient-le-nouveau-garcon-de-tottenham-dragusin-pour-rejoindre-le-real-madrid-dici-2028\/\"},\"author\":{\"name\":\"Cl\u00e9ment\",\"@id\":\"https:\/\/footdavant.fr\/actualites\/#\/schema\/person\/bc222566d95871b37e597b3ed3ba5e1d\"},\"headline\":\"L&rsquo;agent soutient le nouveau gar\u00e7on de Tottenham, Dragusin, pour rejoindre le Real Madrid d&rsquo;ici 2028\",\"datePublished\":\"2024-01-12T09:49:14+00:00\",\"dateModified\":\"2024-01-12T09:49:15+00:00\",\"mainEntityOfPage\":{\"@id\":\"https:\/\/footdavant.fr\/actualites\/lagent-soutient-le-nouveau-garcon-de-tottenham-dragusin-pour-rejoindre-le-real-madrid-dici-2028\/\"},\"wordCount\":469,\"publisher\":{\"@id\":\"https:\/\/footdavant.fr\/actualites\/#organization\"},\"keywords\":[\"dici\",\"Dragusin\",\"gar\u00e7on\",\"Lagent\",\"Madrid\",\"nouveau\",\"pour\",\"Real\",\"rejoindre\",\"soutient\",\"Tottenham\"],\"articleSection\":[\"Football\"],\"inLanguage\":\"fr-FR\"},{\"@type\":\"WebPage\",\"@id\":\"https:\/\/footdavant.fr\/actualites\/lagent-soutient-le-nouveau-garcon-de-tottenham-dragusin-pour-rejoindre-le-real-madrid-dici-2028\/\",\"url\":\"https:\/\/footdavant.fr\/actualites\/lagent-soutient-le-nouveau-garcon-de-tottenham-dragusin-pour-rejoindre-le-real-madrid-dici-2028\/\",\"name\":\"L'agent soutient le nouveau gar\u00e7on de Tottenham, Dragusin, pour rejoindre le Real Madrid d'ici 2028\",\"isPartOf\":{\"@id\":\"https:\/\/footdavant.fr\/actualites\/#website\"},\"datePublished\":\"2024-01-12T09:49:14+00:00\",\"dateModified\":\"2024-01-12T09:49:15+00:00\",\"breadcrumb\":{\"@id\":\"https:\/\/footdavant.fr\/actualites\/lagent-soutient-le-nouveau-garcon-de-tottenham-dragusin-pour-rejoindre-le-real-madrid-dici-2028\/#breadcrumb\"},\"inLanguage\":\"fr-FR\",\"potentialAction\":[{\"@type\":\"ReadAction\",\"target\":[\"https:\/\/footdavant.fr\/actualites\/lagent-soutient-le-nouveau-garcon-de-tottenham-dragusin-pour-rejoindre-le-real-madrid-dici-2028\/\"]}]},{\"@type\":\"BreadcrumbList\",\"@id\":\"https:\/\/footdavant.fr\/actualites\/lagent-soutient-le-nouveau-garcon-de-tottenham-dragusin-pour-rejoindre-le-real-madrid-dici-2028\/#breadcrumb\",\"itemListElement\":[{\"@type\":\"ListItem\",\"position\":1,\"name\":\"Accueil\",\"item\":\"https:\/\/footdavant.fr\/actualites\/\"},{\"@type\":\"ListItem\",\"position\":2,\"name\":\"L&rsquo;agent soutient le nouveau gar\u00e7on de Tottenham, Dragusin, pour rejoindre le Real Madrid d&rsquo;ici 2028\"}]},{\"@type\":\"WebSite\",\"@id\":\"https:\/\/footdavant.fr\/actualites\/#website\",\"url\":\"https:\/\/footdavant.fr\/actualites\/\",\"name\":\"Foot d'avant\",\"description\":\"\",\"publisher\":{\"@id\":\"https:\/\/footdavant.fr\/actualites\/#organization\"},\"potentialAction\":[{\"@type\":\"SearchAction\",\"target\":{\"@type\":\"EntryPoint\",\"urlTemplate\":\"https:\/\/footdavant.fr\/actualites\/?s={search_term_string}\"},\"query-input\":\"required name=search_term_string\"}],\"inLanguage\":\"fr-FR\"},{\"@type\":\"Organization\",\"@id\":\"https:\/\/footdavant.fr\/actualites\/#organization\",\"name\":\"Foot d'avant\",\"url\":\"https:\/\/footdavant.fr\/actualites\/\",\"logo\":{\"@type\":\"ImageObject\",\"inLanguage\":\"fr-FR\",\"@id\":\"https:\/\/footdavant.fr\/actualites\/#\/schema\/logo\/image\/\",\"url\":\"https:\/\/footdavant.fr\/actualites\/wp-content\/uploads\/2023\/09\/Copy-of-FootDavant-Logo.png\",\"contentUrl\":\"https:\/\/footdavant.fr\/actualites\/wp-content\/uploads\/2023\/09\/Copy-of-FootDavant-Logo.png\",\"width\":936,\"height\":549,\"caption\":\"Foot d'avant\"},\"image\":{\"@id\":\"https:\/\/footdavant.fr\/actualites\/#\/schema\/logo\/image\/\"},\"sameAs\":[\"https:\/\/www.facebook.com\/Footdavant\/\",\"https:\/\/twitter.com\/FootdavantFr\",\"https:\/\/www.instagram.com\/footdavant.fr\/\"]},{\"@type\":\"Person\",\"@id\":\"https:\/\/footdavant.fr\/actualites\/#\/schema\/person\/bc222566d95871b37e597b3ed3ba5e1d\",\"name\":\"Cl\u00e9ment\",\"image\":{\"@type\":\"ImageObject\",\"inLanguage\":\"fr-FR\",\"@id\":\"https:\/\/footdavant.fr\/actualites\/#\/schema\/person\/image\/\",\"url\":\"https:\/\/secure.gravatar.com\/avatar\/7728b29aac2719421e1a9159b2254c44?s=96&d=mm&r=g\",\"contentUrl\":\"https:\/\/secure.gravatar.com\/avatar\/7728b29aac2719421e1a9159b2254c44?s=96&d=mm&r=g\",\"caption\":\"Cl\u00e9ment\"},\"sameAs\":[\"https:\/\/footdavant.fr\/\"]}]}<\/script>\n<!-- \/ Yoast SEO plugin. -->","yoast_head_json":{"title":"L'agent soutient le nouveau gar\u00e7on de Tottenham, Dragusin, pour rejoindre le Real Madrid d'ici 2028","robots":{"index":"index","follow":"follow","max-snippet":"max-snippet:-1","max-image-preview":"max-image-preview:large","max-video-preview":"max-video-preview:-1"},"canonical":"https:\/\/footdavant.fr\/actualites\/lagent-soutient-le-nouveau-garcon-de-tottenham-dragusin-pour-rejoindre-le-real-madrid-dici-2028\/","og_locale":"fr_FR","og_type":"article","og_title":"L'agent soutient le nouveau gar\u00e7on de Tottenham, Dragusin, pour rejoindre le Real Madrid d'ici 2028","og_description":"Florin Manea, qui dirige la nouvelle recrue de Tottenham Hotspur, Radu Dragusin, a soutenu son client pour qu&rsquo;il rejoigne son club de r\u00eave, le Real","og_url":"https:\/\/footdavant.fr\/actualites\/lagent-soutient-le-nouveau-garcon-de-tottenham-dragusin-pour-rejoindre-le-real-madrid-dici-2028\/","og_site_name":"Foot d&#039;avant","article_publisher":"https:\/\/www.facebook.com\/Footdavant\/","article_published_time":"2024-01-12T09:49:14+00:00","article_modified_time":"2024-01-12T09:49:15+00:00","og_image":[{"width":1240,"height":698,"url":"https:\/\/footdavant.fr\/actualites\/wp-content\/uploads\/2024\/01\/Lagent-soutient-le-nouveau-garcon-de-Tottenham-Dragusin-pour-rejoindre.jpg","type":"image\/jpeg"}],"author":"Cl\u00e9ment","twitter_card":"summary_large_image","twitter_creator":"@FootdavantFr","twitter_site":"@FootdavantFr","twitter_misc":{"\u00c9crit par":"Cl\u00e9ment","Dur\u00e9e de lecture estim\u00e9e":"2 minutes"},"schema":{"@context":"https:\/\/schema.org","@graph":[{"@type":"Article","@id":"https:\/\/footdavant.fr\/actualites\/lagent-soutient-le-nouveau-garcon-de-tottenham-dragusin-pour-rejoindre-le-real-madrid-dici-2028\/#article","isPartOf":{"@id":"https:\/\/footdavant.fr\/actualites\/lagent-soutient-le-nouveau-garcon-de-tottenham-dragusin-pour-rejoindre-le-real-madrid-dici-2028\/"},"author":{"name":"Cl\u00e9ment","@id":"https:\/\/footdavant.fr\/actualites\/#\/schema\/person\/bc222566d95871b37e597b3ed3ba5e1d"},"headline":"L&rsquo;agent soutient le nouveau gar\u00e7on de Tottenham, Dragusin, pour rejoindre le Real Madrid d&rsquo;ici 2028","datePublished":"2024-01-12T09:49:14+00:00","dateModified":"2024-01-12T09:49:15+00:00","mainEntityOfPage":{"@id":"https:\/\/footdavant.fr\/actualites\/lagent-soutient-le-nouveau-garcon-de-tottenham-dragusin-pour-rejoindre-le-real-madrid-dici-2028\/"},"wordCount":469,"publisher":{"@id":"https:\/\/footdavant.fr\/actualites\/#organization"},"keywords":["dici","Dragusin","gar\u00e7on","Lagent","Madrid","nouveau","pour","Real","rejoindre","soutient","Tottenham"],"articleSection":["Football"],"inLanguage":"fr-FR"},{"@type":"WebPage","@id":"https:\/\/footdavant.fr\/actualites\/lagent-soutient-le-nouveau-garcon-de-tottenham-dragusin-pour-rejoindre-le-real-madrid-dici-2028\/","url":"https:\/\/footdavant.fr\/actualites\/lagent-soutient-le-nouveau-garcon-de-tottenham-dragusin-pour-rejoindre-le-real-madrid-dici-2028\/","name":"L'agent soutient le nouveau gar\u00e7on de Tottenham, Dragusin, pour rejoindre le Real Madrid d'ici 2028","isPartOf":{"@id":"https:\/\/footdavant.fr\/actualites\/#website"},"datePublished":"2024-01-12T09:49:14+00:00","dateModified":"2024-01-12T09:49:15+00:00","breadcrumb":{"@id":"https:\/\/footdavant.fr\/actualites\/lagent-soutient-le-nouveau-garcon-de-tottenham-dragusin-pour-rejoindre-le-real-madrid-dici-2028\/#breadcrumb"},"inLanguage":"fr-FR","potentialAction":[{"@type":"ReadAction","target":["https:\/\/footdavant.fr\/actualites\/lagent-soutient-le-nouveau-garcon-de-tottenham-dragusin-pour-rejoindre-le-real-madrid-dici-2028\/"]}]},{"@type":"BreadcrumbList","@id":"https:\/\/footdavant.fr\/actualites\/lagent-soutient-le-nouveau-garcon-de-tottenham-dragusin-pour-rejoindre-le-real-madrid-dici-2028\/#breadcrumb","itemListElement":[{"@type":"ListItem","position":1,"name":"Accueil","item":"https:\/\/footdavant.fr\/actualites\/"},{"@type":"ListItem","position":2,"name":"L&rsquo;agent soutient le nouveau gar\u00e7on de Tottenham, Dragusin, pour rejoindre le Real Madrid d&rsquo;ici 2028"}]},{"@type":"WebSite","@id":"https:\/\/footdavant.fr\/actualites\/#website","url":"https:\/\/footdavant.fr\/actualites\/","name":"Foot d'avant","description":"","publisher":{"@id":"https:\/\/footdavant.fr\/actualites\/#organization"},"potentialAction":[{"@type":"SearchAction","target":{"@type":"EntryPoint","urlTemplate":"https:\/\/footdavant.fr\/actualites\/?s={search_term_string}"},"query-input":"required name=search_term_string"}],"inLanguage":"fr-FR"},{"@type":"Organization","@id":"https:\/\/footdavant.fr\/actualites\/#organization","name":"Foot d'avant","url":"https:\/\/footdavant.fr\/actualites\/","logo":{"@type":"ImageObject","inLanguage":"fr-FR","@id":"https:\/\/footdavant.fr\/actualites\/#\/schema\/logo\/image\/","url":"https:\/\/footdavant.fr\/actualites\/wp-content\/uploads\/2023\/09\/Copy-of-FootDavant-Logo.png","contentUrl":"https:\/\/footdavant.fr\/actualites\/wp-content\/uploads\/2023\/09\/Copy-of-FootDavant-Logo.png","width":936,"height":549,"caption":"Foot d'avant"},"image":{"@id":"https:\/\/footdavant.fr\/actualites\/#\/schema\/logo\/image\/"},"sameAs":["https:\/\/www.facebook.com\/Footdavant\/","https:\/\/twitter.com\/FootdavantFr","https:\/\/www.instagram.com\/footdavant.fr\/"]},{"@type":"Person","@id":"https:\/\/footdavant.fr\/actualites\/#\/schema\/person\/bc222566d95871b37e597b3ed3ba5e1d","name":"Cl\u00e9ment","image":{"@type":"ImageObject","inLanguage":"fr-FR","@id":"https:\/\/footdavant.fr\/actualites\/#\/schema\/person\/image\/","url":"https:\/\/secure.gravatar.com\/avatar\/7728b29aac2719421e1a9159b2254c44?s=96&d=mm&r=g","contentUrl":"https:\/\/secure.gravatar.com\/avatar\/7728b29aac2719421e1a9159b2254c44?s=96&d=mm&r=g","caption":"Cl\u00e9ment"},"sameAs":["https:\/\/footdavant.fr\/"]}]}},"_links":{"self":[{"href":"https:\/\/footdavant.fr\/actualites\/wp-json\/wp\/v2\/posts\/3758"}],"collection":[{"href":"https:\/\/footdavant.fr\/actualites\/wp-json\/wp\/v2\/posts"}],"about":[{"href":"https:\/\/footdavant.fr\/actualites\/wp-json\/wp\/v2\/types\/post"}],"author":[{"embeddable":true,"href":"https:\/\/footdavant.fr\/actualites\/wp-json\/wp\/v2\/users\/1"}],"replies":[{"embeddable":true,"href":"https:\/\/footdavant.fr\/actualites\/wp-json\/wp\/v2\/comments?post=3758"}],"version-history":[{"count":1,"href":"https:\/\/footdavant.fr\/actualites\/wp-json\/wp\/v2\/posts\/3758\/revisions"}],"predecessor-version":[{"id":3760,"href":"https:\/\/footdavant.fr\/actualites\/wp-json\/wp\/v2\/posts\/3758\/revisions\/3760"}],"wp:featuredmedia":[{"embeddable":true,"href":"https:\/\/footdavant.fr\/actualites\/wp-json\/wp\/v2\/media\/3759"}],"wp:attachment":[{"href":"https:\/\/footdavant.fr\/actualites\/wp-json\/wp\/v2\/media?parent=3758"}],"wp:term":[{"taxonomy":"category","embeddable":true,"href":"https:\/\/footdavant.fr\/actualites\/wp-json\/wp\/v2\/categories?post=3758"},{"taxonomy":"post_tag","embeddable":true,"href":"https:\/\/footdavant.fr\/actualites\/wp-json\/wp\/v2\/tags?post=3758"}],"curies":[{"name":"wp","href":"https:\/\/api.w.org\/{rel}","templated":true}]}}