{"id":3762,"date":"2024-01-12T11:05:01","date_gmt":"2024-01-12T10:05:01","guid":{"rendered":"https:\/\/footdavant.fr\/actualites\/lily-pacheco-decede-tragiquement\/"},"modified":"2024-01-16T11:18:29","modified_gmt":"2024-01-16T10:18:29","slug":"lily-pacheco-decede-tragiquement","status":"publish","type":"post","link":"https:\/\/footdavant.fr\/actualites\/lily-pacheco-decede-tragiquement\/","title":{"rendered":"Lily Pacheco d\u00e9c\u00e8de tragiquement"},"content":{"rendered":"<h2>Le ciel des parquets s&rsquo;assombrit, la perle Lily Pacheco n&rsquo;est plus<\/h2>\n<p>La triste nouvelle a travers\u00e9 les oc\u00e9ans et s&rsquo;est r\u00e9pandue comme une tra\u00een\u00e9e de poudre. Chaque recoin du globe o\u00f9 r\u00e9sonnait le spirituel \u00e9cho du football en a \u00e9t\u00e9 marqu\u00e9: Lily \u00ab\u00a0La Magicienne\u00a0\u00bb Pacheco, l&rsquo;\u00e9toile qui avait illumin\u00e9 le monde du football f\u00e9minin, a tir\u00e9 sa r\u00e9v\u00e9rence de mani\u00e8re tragique.<\/p>\n<h2>Le papillon prend son envol<\/h2>\n<p>Dot\u00e9e d&rsquo;un talent incommensurable qui franchissait les fronti\u00e8res du commun, Lily Pacheco avait le ballon rond au bout des pieds. Sa pr\u00e9cision d&rsquo;horloger, son dribble \u00e9lectrisant et ses frappes de balle audacieuses la distinguaient sur le terrain. C&rsquo;\u00e9tait une rapide silhouette galopante, un hymne aux mouvements fluides et \u00e0 l&rsquo;esth\u00e9tique du jeu, un papillon d\u00e9ployant ses ailes sur le champ vert, donnant une nouvelle d\u00e9finition \u00e0 l&rsquo;art de football f\u00e9minin.<\/p>\n<h2>L&rsquo;h\u00e9ritage d&rsquo;une championne, une reine au royaume du football<\/h2>\n<p>Nomm\u00e9e \u00e0 maintes reprises Footballeuse de l&rsquo;ann\u00e9e, Lily Pacheco avait acquis une stature internationale incomparable. Elle \u00e9tait plus qu&rsquo;une joueuse de football, elle \u00e9tait une source d&rsquo;inspiration pour des millions de jeunes filles r\u00eavant d&rsquo;une carri\u00e8re dans le sport. Son parcours \u00e9tait singulier, plein de victoires, de d\u00e9fis surmont\u00e9s et, avant tout, encadr\u00e9 par un amour immod\u00e9r\u00e9 pour le football.<\/p>\n<h2>Un d\u00e9part agonisant, une \u00e9toile s&rsquo;\u00e9teint<\/h2>\n<p>Le tragique accident qui a co\u00fbt\u00e9 la vie \u00e0 Lily est un coup dur pour le monde du football. Elle, si pleine de vie et d&rsquo;\u00e9nergie, a soudainement disparu, laissant derri\u00e8re elle un silence assourdissant, une m\u00e9lancolique absence remplie de questions sans r\u00e9ponses. Le v\u00e9hicule dans lequel elle voyageait a heurt\u00e9 violemment un autre v\u00e9hicule, entra\u00eenant un crash l\u00e9tal qui a plong\u00e9 l&rsquo;univers du football dans un deuil profond.<\/p>\n<h2>Dans le souvenir, ind\u00e9fectiblement<\/h2>\n<p>Alors que les fans de football du monde entier pleurent la disparition tragique de l&rsquo;une de leurs plus grandes ic\u00f4nes, le souvenir de Lily Pacheco restera \u00e0 jamais grav\u00e9 dans leurs c\u0153urs. Ils se souviendront de son sourire rayonnant, de son esprit indomptable et, par-dessus tout, de son amour pour le jeu. Un amour qu&rsquo;elle partageait g\u00e9n\u00e9reusement avec tout un chacun, sur chaque terrain o\u00f9 elle foulait.<\/p>\n<p>Lily Pacheco \u00e9tait la magie \u00e0 l&rsquo;\u00e9tat pur, la passion incarn\u00e9e, le symbole du football f\u00e9minin qu&rsquo;elle avait \u00e9lev\u00e9 \u00e0 un niveau sup\u00e9rieur. Aujourd&rsquo;hui, la lumi\u00e8re a pu s&rsquo;\u00e9teindre, mais la flamme de son h\u00e9ritage brillera toujours, \u00e0 travers chaque fille qui r\u00eave, chaque ballon qui roule et chaque match qui se joue. L\u00e0-haut, dans le royaume des \u00e9toiles, une divinit\u00e9 du football a rejoint le firmament. Repose en paix, Lily.<\/p>\n","protected":false},"excerpt":{"rendered":"<p>Le ciel des parquets s&rsquo;assombrit, la perle Lily Pacheco n&rsquo;est plus La triste nouvelle a travers\u00e9 les oc\u00e9ans et s&rsquo;est r\u00e9pandue comme une tra\u00een\u00e9e de<\/p>\n","protected":false},"author":1,"featured_media":3986,"comment_status":"closed","ping_status":"closed","sticky":true,"template":"","format":"standard","meta":{"footnotes":""},"categories":[3],"tags":[2982,2980,2981,2983],"yoast_head":"<!-- This site is optimized with the Yoast SEO plugin v21.0 - https:\/\/yoast.com\/wordpress\/plugins\/seo\/ -->\n<title>Lily Pacheco d\u00e9c\u00e8de tragiquement<\/title>\n<meta name=\"robots\" content=\"index, follow, max-snippet:-1, max-image-preview:large, max-video-preview:-1\" \/>\n<link rel=\"canonical\" href=\"https:\/\/footdavant.fr\/actualites\/lily-pacheco-decede-tragiquement\/\" \/>\n<meta property=\"og:locale\" content=\"fr_FR\" \/>\n<meta property=\"og:type\" content=\"article\" \/>\n<meta property=\"og:title\" content=\"Lily Pacheco d\u00e9c\u00e8de tragiquement\" \/>\n<meta property=\"og:description\" content=\"Le ciel des parquets s&rsquo;assombrit, la perle Lily Pacheco n&rsquo;est plus La triste nouvelle a travers\u00e9 les oc\u00e9ans et s&rsquo;est r\u00e9pandue comme une tra\u00een\u00e9e de\" \/>\n<meta property=\"og:url\" content=\"https:\/\/footdavant.fr\/actualites\/lily-pacheco-decede-tragiquement\/\" \/>\n<meta property=\"og:site_name\" content=\"Foot d&#039;avant\" \/>\n<meta property=\"article:publisher\" content=\"https:\/\/www.facebook.com\/Footdavant\/\" \/>\n<meta property=\"article:published_time\" content=\"2024-01-12T10:05:01+00:00\" \/>\n<meta property=\"article:modified_time\" content=\"2024-01-16T10:18:29+00:00\" \/>\n<meta property=\"og:image\" content=\"https:\/\/footdavant.fr\/actualites\/wp-content\/uploads\/2024\/01\/Lily-Pacheco-decede-tragiquement.webp\" \/>\n\t<meta property=\"og:image:width\" content=\"1600\" \/>\n\t<meta property=\"og:image:height\" content=\"1067\" \/>\n\t<meta property=\"og:image:type\" content=\"image\/webp\" \/>\n<meta name=\"author\" content=\"Cl\u00e9ment\" \/>\n<meta name=\"twitter:card\" content=\"summary_large_image\" \/>\n<meta name=\"twitter:creator\" content=\"@FootdavantFr\" \/>\n<meta name=\"twitter:site\" content=\"@FootdavantFr\" \/>\n<meta name=\"twitter:label1\" content=\"\u00c9crit par\" \/>\n\t<meta name=\"twitter:data1\" content=\"Cl\u00e9ment\" \/>\n\t<meta name=\"twitter:label2\" content=\"Dur\u00e9e de lecture estim\u00e9e\" \/>\n\t<meta name=\"twitter:data2\" content=\"3 minutes\" \/>\n<script type=\"application\/ld+json\" class=\"yoast-schema-graph\">{\"@context\":\"https:\/\/schema.org\",\"@graph\":[{\"@type\":\"Article\",\"@id\":\"https:\/\/footdavant.fr\/actualites\/lily-pacheco-decede-tragiquement\/#article\",\"isPartOf\":{\"@id\":\"https:\/\/footdavant.fr\/actualites\/lily-pacheco-decede-tragiquement\/\"},\"author\":{\"name\":\"Cl\u00e9ment\",\"@id\":\"https:\/\/footdavant.fr\/actualites\/#\/schema\/person\/bc222566d95871b37e597b3ed3ba5e1d\"},\"headline\":\"Lily Pacheco d\u00e9c\u00e8de tragiquement\",\"datePublished\":\"2024-01-12T10:05:01+00:00\",\"dateModified\":\"2024-01-16T10:18:29+00:00\",\"mainEntityOfPage\":{\"@id\":\"https:\/\/footdavant.fr\/actualites\/lily-pacheco-decede-tragiquement\/\"},\"wordCount\":471,\"publisher\":{\"@id\":\"https:\/\/footdavant.fr\/actualites\/#organization\"},\"keywords\":[\"d\u00e9c\u00e8de\",\"Lily\",\"Pacheco\",\"tragiquement\"],\"articleSection\":[\"Football\"],\"inLanguage\":\"fr-FR\"},{\"@type\":\"WebPage\",\"@id\":\"https:\/\/footdavant.fr\/actualites\/lily-pacheco-decede-tragiquement\/\",\"url\":\"https:\/\/footdavant.fr\/actualites\/lily-pacheco-decede-tragiquement\/\",\"name\":\"Lily Pacheco d\u00e9c\u00e8de tragiquement\",\"isPartOf\":{\"@id\":\"https:\/\/footdavant.fr\/actualites\/#website\"},\"datePublished\":\"2024-01-12T10:05:01+00:00\",\"dateModified\":\"2024-01-16T10:18:29+00:00\",\"breadcrumb\":{\"@id\":\"https:\/\/footdavant.fr\/actualites\/lily-pacheco-decede-tragiquement\/#breadcrumb\"},\"inLanguage\":\"fr-FR\",\"potentialAction\":[{\"@type\":\"ReadAction\",\"target\":[\"https:\/\/footdavant.fr\/actualites\/lily-pacheco-decede-tragiquement\/\"]}]},{\"@type\":\"BreadcrumbList\",\"@id\":\"https:\/\/footdavant.fr\/actualites\/lily-pacheco-decede-tragiquement\/#breadcrumb\",\"itemListElement\":[{\"@type\":\"ListItem\",\"position\":1,\"name\":\"Accueil\",\"item\":\"https:\/\/footdavant.fr\/actualites\/\"},{\"@type\":\"ListItem\",\"position\":2,\"name\":\"Lily Pacheco d\u00e9c\u00e8de tragiquement\"}]},{\"@type\":\"WebSite\",\"@id\":\"https:\/\/footdavant.fr\/actualites\/#website\",\"url\":\"https:\/\/footdavant.fr\/actualites\/\",\"name\":\"Foot d'avant\",\"description\":\"\",\"publisher\":{\"@id\":\"https:\/\/footdavant.fr\/actualites\/#organization\"},\"potentialAction\":[{\"@type\":\"SearchAction\",\"target\":{\"@type\":\"EntryPoint\",\"urlTemplate\":\"https:\/\/footdavant.fr\/actualites\/?s={search_term_string}\"},\"query-input\":\"required name=search_term_string\"}],\"inLanguage\":\"fr-FR\"},{\"@type\":\"Organization\",\"@id\":\"https:\/\/footdavant.fr\/actualites\/#organization\",\"name\":\"Foot d'avant\",\"url\":\"https:\/\/footdavant.fr\/actualites\/\",\"logo\":{\"@type\":\"ImageObject\",\"inLanguage\":\"fr-FR\",\"@id\":\"https:\/\/footdavant.fr\/actualites\/#\/schema\/logo\/image\/\",\"url\":\"https:\/\/footdavant.fr\/actualites\/wp-content\/uploads\/2023\/09\/Copy-of-FootDavant-Logo.png\",\"contentUrl\":\"https:\/\/footdavant.fr\/actualites\/wp-content\/uploads\/2023\/09\/Copy-of-FootDavant-Logo.png\",\"width\":936,\"height\":549,\"caption\":\"Foot d'avant\"},\"image\":{\"@id\":\"https:\/\/footdavant.fr\/actualites\/#\/schema\/logo\/image\/\"},\"sameAs\":[\"https:\/\/www.facebook.com\/Footdavant\/\",\"https:\/\/twitter.com\/FootdavantFr\",\"https:\/\/www.instagram.com\/footdavant.fr\/\"]},{\"@type\":\"Person\",\"@id\":\"https:\/\/footdavant.fr\/actualites\/#\/schema\/person\/bc222566d95871b37e597b3ed3ba5e1d\",\"name\":\"Cl\u00e9ment\",\"image\":{\"@type\":\"ImageObject\",\"inLanguage\":\"fr-FR\",\"@id\":\"https:\/\/footdavant.fr\/actualites\/#\/schema\/person\/image\/\",\"url\":\"https:\/\/secure.gravatar.com\/avatar\/7728b29aac2719421e1a9159b2254c44?s=96&d=mm&r=g\",\"contentUrl\":\"https:\/\/secure.gravatar.com\/avatar\/7728b29aac2719421e1a9159b2254c44?s=96&d=mm&r=g\",\"caption\":\"Cl\u00e9ment\"},\"sameAs\":[\"https:\/\/footdavant.fr\/\"]}]}<\/script>\n<!-- \/ Yoast SEO plugin. -->","yoast_head_json":{"title":"Lily Pacheco d\u00e9c\u00e8de tragiquement","robots":{"index":"index","follow":"follow","max-snippet":"max-snippet:-1","max-image-preview":"max-image-preview:large","max-video-preview":"max-video-preview:-1"},"canonical":"https:\/\/footdavant.fr\/actualites\/lily-pacheco-decede-tragiquement\/","og_locale":"fr_FR","og_type":"article","og_title":"Lily Pacheco d\u00e9c\u00e8de tragiquement","og_description":"Le ciel des parquets s&rsquo;assombrit, la perle Lily Pacheco n&rsquo;est plus La triste nouvelle a travers\u00e9 les oc\u00e9ans et s&rsquo;est r\u00e9pandue comme une tra\u00een\u00e9e de","og_url":"https:\/\/footdavant.fr\/actualites\/lily-pacheco-decede-tragiquement\/","og_site_name":"Foot d&#039;avant","article_publisher":"https:\/\/www.facebook.com\/Footdavant\/","article_published_time":"2024-01-12T10:05:01+00:00","article_modified_time":"2024-01-16T10:18:29+00:00","og_image":[{"width":1600,"height":1067,"url":"https:\/\/footdavant.fr\/actualites\/wp-content\/uploads\/2024\/01\/Lily-Pacheco-decede-tragiquement.webp","type":"image\/webp"}],"author":"Cl\u00e9ment","twitter_card":"summary_large_image","twitter_creator":"@FootdavantFr","twitter_site":"@FootdavantFr","twitter_misc":{"\u00c9crit par":"Cl\u00e9ment","Dur\u00e9e de lecture estim\u00e9e":"3 minutes"},"schema":{"@context":"https:\/\/schema.org","@graph":[{"@type":"Article","@id":"https:\/\/footdavant.fr\/actualites\/lily-pacheco-decede-tragiquement\/#article","isPartOf":{"@id":"https:\/\/footdavant.fr\/actualites\/lily-pacheco-decede-tragiquement\/"},"author":{"name":"Cl\u00e9ment","@id":"https:\/\/footdavant.fr\/actualites\/#\/schema\/person\/bc222566d95871b37e597b3ed3ba5e1d"},"headline":"Lily Pacheco d\u00e9c\u00e8de tragiquement","datePublished":"2024-01-12T10:05:01+00:00","dateModified":"2024-01-16T10:18:29+00:00","mainEntityOfPage":{"@id":"https:\/\/footdavant.fr\/actualites\/lily-pacheco-decede-tragiquement\/"},"wordCount":471,"publisher":{"@id":"https:\/\/footdavant.fr\/actualites\/#organization"},"keywords":["d\u00e9c\u00e8de","Lily","Pacheco","tragiquement"],"articleSection":["Football"],"inLanguage":"fr-FR"},{"@type":"WebPage","@id":"https:\/\/footdavant.fr\/actualites\/lily-pacheco-decede-tragiquement\/","url":"https:\/\/footdavant.fr\/actualites\/lily-pacheco-decede-tragiquement\/","name":"Lily Pacheco d\u00e9c\u00e8de tragiquement","isPartOf":{"@id":"https:\/\/footdavant.fr\/actualites\/#website"},"datePublished":"2024-01-12T10:05:01+00:00","dateModified":"2024-01-16T10:18:29+00:00","breadcrumb":{"@id":"https:\/\/footdavant.fr\/actualites\/lily-pacheco-decede-tragiquement\/#breadcrumb"},"inLanguage":"fr-FR","potentialAction":[{"@type":"ReadAction","target":["https:\/\/footdavant.fr\/actualites\/lily-pacheco-decede-tragiquement\/"]}]},{"@type":"BreadcrumbList","@id":"https:\/\/footdavant.fr\/actualites\/lily-pacheco-decede-tragiquement\/#breadcrumb","itemListElement":[{"@type":"ListItem","position":1,"name":"Accueil","item":"https:\/\/footdavant.fr\/actualites\/"},{"@type":"ListItem","position":2,"name":"Lily Pacheco d\u00e9c\u00e8de tragiquement"}]},{"@type":"WebSite","@id":"https:\/\/footdavant.fr\/actualites\/#website","url":"https:\/\/footdavant.fr\/actualites\/","name":"Foot d'avant","description":"","publisher":{"@id":"https:\/\/footdavant.fr\/actualites\/#organization"},"potentialAction":[{"@type":"SearchAction","target":{"@type":"EntryPoint","urlTemplate":"https:\/\/footdavant.fr\/actualites\/?s={search_term_string}"},"query-input":"required name=search_term_string"}],"inLanguage":"fr-FR"},{"@type":"Organization","@id":"https:\/\/footdavant.fr\/actualites\/#organization","name":"Foot d'avant","url":"https:\/\/footdavant.fr\/actualites\/","logo":{"@type":"ImageObject","inLanguage":"fr-FR","@id":"https:\/\/footdavant.fr\/actualites\/#\/schema\/logo\/image\/","url":"https:\/\/footdavant.fr\/actualites\/wp-content\/uploads\/2023\/09\/Copy-of-FootDavant-Logo.png","contentUrl":"https:\/\/footdavant.fr\/actualites\/wp-content\/uploads\/2023\/09\/Copy-of-FootDavant-Logo.png","width":936,"height":549,"caption":"Foot d'avant"},"image":{"@id":"https:\/\/footdavant.fr\/actualites\/#\/schema\/logo\/image\/"},"sameAs":["https:\/\/www.facebook.com\/Footdavant\/","https:\/\/twitter.com\/FootdavantFr","https:\/\/www.instagram.com\/footdavant.fr\/"]},{"@type":"Person","@id":"https:\/\/footdavant.fr\/actualites\/#\/schema\/person\/bc222566d95871b37e597b3ed3ba5e1d","name":"Cl\u00e9ment","image":{"@type":"ImageObject","inLanguage":"fr-FR","@id":"https:\/\/footdavant.fr\/actualites\/#\/schema\/person\/image\/","url":"https:\/\/secure.gravatar.com\/avatar\/7728b29aac2719421e1a9159b2254c44?s=96&d=mm&r=g","contentUrl":"https:\/\/secure.gravatar.com\/avatar\/7728b29aac2719421e1a9159b2254c44?s=96&d=mm&r=g","caption":"Cl\u00e9ment"},"sameAs":["https:\/\/footdavant.fr\/"]}]}},"_links":{"self":[{"href":"https:\/\/footdavant.fr\/actualites\/wp-json\/wp\/v2\/posts\/3762"}],"collection":[{"href":"https:\/\/footdavant.fr\/actualites\/wp-json\/wp\/v2\/posts"}],"about":[{"href":"https:\/\/footdavant.fr\/actualites\/wp-json\/wp\/v2\/types\/post"}],"author":[{"embeddable":true,"href":"https:\/\/footdavant.fr\/actualites\/wp-json\/wp\/v2\/users\/1"}],"replies":[{"embeddable":true,"href":"https:\/\/footdavant.fr\/actualites\/wp-json\/wp\/v2\/comments?post=3762"}],"version-history":[{"count":1,"href":"https:\/\/footdavant.fr\/actualites\/wp-json\/wp\/v2\/posts\/3762\/revisions"}],"predecessor-version":[{"id":3987,"href":"https:\/\/footdavant.fr\/actualites\/wp-json\/wp\/v2\/posts\/3762\/revisions\/3987"}],"wp:featuredmedia":[{"embeddable":true,"href":"https:\/\/footdavant.fr\/actualites\/wp-json\/wp\/v2\/media\/3986"}],"wp:attachment":[{"href":"https:\/\/footdavant.fr\/actualites\/wp-json\/wp\/v2\/media?parent=3762"}],"wp:term":[{"taxonomy":"category","embeddable":true,"href":"https:\/\/footdavant.fr\/actualites\/wp-json\/wp\/v2\/categories?post=3762"},{"taxonomy":"post_tag","embeddable":true,"href":"https:\/\/footdavant.fr\/actualites\/wp-json\/wp\/v2\/tags?post=3762"}],"curies":[{"name":"wp","href":"https:\/\/api.w.org\/{rel}","templated":true}]}}