{"id":3779,"date":"2024-01-12T21:57:47","date_gmt":"2024-01-12T20:57:47","guid":{"rendered":"https:\/\/footdavant.fr\/actualites\/chris-basham-donne-des-nouvelles-sur-sa-blessure\/"},"modified":"2024-01-16T11:15:04","modified_gmt":"2024-01-16T10:15:04","slug":"chris-basham-donne-des-nouvelles-sur-sa-blessure","status":"publish","type":"post","link":"https:\/\/footdavant.fr\/actualites\/chris-basham-donne-des-nouvelles-sur-sa-blessure\/","title":{"rendered":"Chris Basham donne des nouvelles sur sa blessure"},"content":{"rendered":"<h2> Chris Basham : Regards sur sa blessure et son chemin de r\u00e9cup\u00e9ration<\/h2>\n<p>\u00c9loign\u00e9 des terrains ces derniers temps pour cause de blessure, Chris Basham, le solide d\u00e9fenseur de Sheffield United, a tenu \u00e0 rassurer ses fans sur sa situation physique. Habitu\u00e9 aux coudes \u00e0 coudes et aux frictions caressant l&rsquo;herbe verte, le joueur aguerri de 33 ans a fait preuve d&rsquo;une endurance admirable durant sa carri\u00e8re. Mais, m\u00eame les plus r\u00e9silients doivent faire face \u00e0 leur humanit\u00e9, ce qu&rsquo;a appris Basham \u00e0 la suite de sa r\u00e9cente blessure.<\/p>\n<h2> La blessure : Un arr\u00eat brutal<\/h2>\n<p>Chris Basham, un formidable levier de Sheffield United, a toujours \u00e9t\u00e9 perceptible par son inlassable d\u00e9termination \u00e0 d\u00e9fendre les couleurs de son \u00e9quipe. L&rsquo;arri\u00e8re-centre a cependant d\u00fb faire face \u00e0 une \u00e9preuve redoutable : celle de la blessure. En plein c\u0153ur de la saison, une mauvaise chute lors d&rsquo;un affrontement avec l&rsquo;\u00e9quipe adverse a conduit \u00e0 un arr\u00eat brutal.<\/p>\n<p>Chaque fan de Sheffield United se souvient s\u00fbrement du silence de plomb qui s&rsquo;est abattu sur le stade ce jour-l\u00e0, le hurlement de douleur de Basham s&rsquo;\u00e9tirant dans les esprits. Il y avait l\u00e0 un m\u00e9lange d&rsquo;inqui\u00e9tude et d&rsquo;impuissance, une pens\u00e9e \u00e9vidente pour le guerrier qui venait de tomber.<\/p>\n<h2> Le diagnostic : Une course contre le temps<\/h2>\n<p>Le diagnostic m\u00e9dical a suivi rapidement : un ligament du genou endommag\u00e9. Une blessure qui, selon les sp\u00e9cialistes, demanderait plusieurs mois de traitement et de r\u00e9adaptation. Il s\u2019agissait donc d&rsquo;une v\u00e9ritable course contre le temps, Basham \u00e9tant d\u00e9termin\u00e9 \u00e0 revenir sur le terrain pour la prochaine saison.<\/p>\n<h2> Le processus de r\u00e9habilitation : Un mental \u00e0 toute \u00e9preuve<\/h2>\n<p>Basham a partag\u00e9 au public quelque facettes de son quotidien marqu\u00e9 par la r\u00e9\u00e9ducation. Cette exp\u00e9rience a exig\u00e9 de lui plus qu&rsquo;une simple endurance physique. C&rsquo;\u00e9tait un d\u00e9fi mental, une bataille contre la douleur et la frustration.<\/p>\n<p>\u00ab\u00a0La r\u00e9habilitation est une \u00e9preuve \u00e0 travers laquelle un joueur doit d\u00e9couvrir une nouvelle facette de lui-m\u00eame. Sur le terrain, je combats avec mon corps, mais ici, dans ce centre de r\u00e9habilitation, je combats avec mon esprit\u00a0\u00bb, a d\u00e9clar\u00e9 le footballeur.<\/p>\n<h2> Chris Basham aujourd\u2019hui : Un retour prometteur<\/h2>\n<p>Aujourd&rsquo;hui, lorsque Chris Basham parle de sa blessure, on ne peut qu\u2019admirer ce solide d\u00e9fenseur corros\u00e9 par les affres de la douleur, transform\u00e9 et renforc\u00e9 dans son mental. Selon ses physioth\u00e9rapeutes, sa progression est impressionnante. Le joueur a m\u00eame gliss\u00e9 un oeil optimiste en partageant qu&rsquo;il esp\u00e8re \u00eatre op\u00e9rationnel bien avant le d\u00e9but de la saison \u00e0 venir.<\/p>\n<p>Chaque parole de Basham respire une d\u00e9termination de fer. Son aller-retour sur le terrain des blessures n&rsquo;a pas attaqu\u00e9 la base de son amour pour le football. Au lieu de cela, cela l&rsquo;a renforc\u00e9. Chris Basham partage que ce voyage de gu\u00e9rison l&rsquo;a rappel\u00e9 \u00e0 son appr\u00e9ciation profonde pour le jeu et \u00e0 sa chance de faire partie de ce monde du football. Il a fermement exprim\u00e9 sa volont\u00e9 de continuer \u00e0 jouer aussi longtemps que son corps le lui permettra.<\/p>\n<p>En d\u00e9finitive, la blessure et la gu\u00e9rison de Chris Basham nous rappellent le sacrifice que ces athl\u00e8tes sont pr\u00eats \u00e0 offrir pour le jeu qu&rsquo;ils aiment. Et pour les fans impatients de le voir revenir sur le terrain, l&rsquo;attente ne sera s\u00fbrement pas longue.<\/p>\n","protected":false},"excerpt":{"rendered":"<p>Chris Basham : Regards sur sa blessure et son chemin de r\u00e9cup\u00e9ration \u00c9loign\u00e9 des terrains ces derniers temps pour cause de blessure, Chris Basham, le<\/p>\n","protected":false},"author":1,"featured_media":3982,"comment_status":"closed","ping_status":"closed","sticky":true,"template":"","format":"standard","meta":{"footnotes":""},"categories":[3],"tags":[2995,15,1963,12,672,461,103],"yoast_head":"<!-- This site is optimized with the Yoast SEO plugin v21.0 - https:\/\/yoast.com\/wordpress\/plugins\/seo\/ -->\n<title>Chris Basham donne des nouvelles sur sa blessure<\/title>\n<meta name=\"robots\" content=\"index, follow, max-snippet:-1, max-image-preview:large, max-video-preview:-1\" \/>\n<link rel=\"canonical\" href=\"https:\/\/footdavant.fr\/actualites\/chris-basham-donne-des-nouvelles-sur-sa-blessure\/\" \/>\n<meta property=\"og:locale\" content=\"fr_FR\" \/>\n<meta property=\"og:type\" content=\"article\" \/>\n<meta property=\"og:title\" content=\"Chris Basham donne des nouvelles sur sa blessure\" \/>\n<meta property=\"og:description\" content=\"Chris Basham : Regards sur sa blessure et son chemin de r\u00e9cup\u00e9ration \u00c9loign\u00e9 des terrains ces derniers temps pour cause de blessure, Chris Basham, le\" \/>\n<meta property=\"og:url\" content=\"https:\/\/footdavant.fr\/actualites\/chris-basham-donne-des-nouvelles-sur-sa-blessure\/\" \/>\n<meta property=\"og:site_name\" content=\"Foot d&#039;avant\" \/>\n<meta property=\"article:publisher\" content=\"https:\/\/www.facebook.com\/Footdavant\/\" \/>\n<meta property=\"article:published_time\" content=\"2024-01-12T20:57:47+00:00\" \/>\n<meta property=\"article:modified_time\" content=\"2024-01-16T10:15:04+00:00\" \/>\n<meta property=\"og:image\" content=\"https:\/\/footdavant.fr\/actualites\/wp-content\/uploads\/2024\/01\/Chris-Basham-donne-des-nouvelles-sur-sa-blessure.jpg\" \/>\n\t<meta property=\"og:image:width\" content=\"2000\" \/>\n\t<meta property=\"og:image:height\" content=\"1125\" \/>\n\t<meta property=\"og:image:type\" content=\"image\/jpeg\" \/>\n<meta name=\"author\" content=\"Cl\u00e9ment\" \/>\n<meta name=\"twitter:card\" content=\"summary_large_image\" \/>\n<meta name=\"twitter:creator\" content=\"@FootdavantFr\" \/>\n<meta name=\"twitter:site\" content=\"@FootdavantFr\" \/>\n<meta name=\"twitter:label1\" content=\"\u00c9crit par\" \/>\n\t<meta name=\"twitter:data1\" content=\"Cl\u00e9ment\" \/>\n\t<meta name=\"twitter:label2\" content=\"Dur\u00e9e de lecture estim\u00e9e\" \/>\n\t<meta name=\"twitter:data2\" content=\"3 minutes\" \/>\n<script type=\"application\/ld+json\" class=\"yoast-schema-graph\">{\"@context\":\"https:\/\/schema.org\",\"@graph\":[{\"@type\":\"Article\",\"@id\":\"https:\/\/footdavant.fr\/actualites\/chris-basham-donne-des-nouvelles-sur-sa-blessure\/#article\",\"isPartOf\":{\"@id\":\"https:\/\/footdavant.fr\/actualites\/chris-basham-donne-des-nouvelles-sur-sa-blessure\/\"},\"author\":{\"name\":\"Cl\u00e9ment\",\"@id\":\"https:\/\/footdavant.fr\/actualites\/#\/schema\/person\/bc222566d95871b37e597b3ed3ba5e1d\"},\"headline\":\"Chris Basham donne des nouvelles sur sa blessure\",\"datePublished\":\"2024-01-12T20:57:47+00:00\",\"dateModified\":\"2024-01-16T10:15:04+00:00\",\"mainEntityOfPage\":{\"@id\":\"https:\/\/footdavant.fr\/actualites\/chris-basham-donne-des-nouvelles-sur-sa-blessure\/\"},\"wordCount\":571,\"publisher\":{\"@id\":\"https:\/\/footdavant.fr\/actualites\/#organization\"},\"keywords\":[\"Basham\",\"Blessure\",\"Chris\",\"des\",\"donne\",\"Nouvelles\",\"sur\"],\"articleSection\":[\"Football\"],\"inLanguage\":\"fr-FR\"},{\"@type\":\"WebPage\",\"@id\":\"https:\/\/footdavant.fr\/actualites\/chris-basham-donne-des-nouvelles-sur-sa-blessure\/\",\"url\":\"https:\/\/footdavant.fr\/actualites\/chris-basham-donne-des-nouvelles-sur-sa-blessure\/\",\"name\":\"Chris Basham donne des nouvelles sur sa blessure\",\"isPartOf\":{\"@id\":\"https:\/\/footdavant.fr\/actualites\/#website\"},\"datePublished\":\"2024-01-12T20:57:47+00:00\",\"dateModified\":\"2024-01-16T10:15:04+00:00\",\"breadcrumb\":{\"@id\":\"https:\/\/footdavant.fr\/actualites\/chris-basham-donne-des-nouvelles-sur-sa-blessure\/#breadcrumb\"},\"inLanguage\":\"fr-FR\",\"potentialAction\":[{\"@type\":\"ReadAction\",\"target\":[\"https:\/\/footdavant.fr\/actualites\/chris-basham-donne-des-nouvelles-sur-sa-blessure\/\"]}]},{\"@type\":\"BreadcrumbList\",\"@id\":\"https:\/\/footdavant.fr\/actualites\/chris-basham-donne-des-nouvelles-sur-sa-blessure\/#breadcrumb\",\"itemListElement\":[{\"@type\":\"ListItem\",\"position\":1,\"name\":\"Accueil\",\"item\":\"https:\/\/footdavant.fr\/actualites\/\"},{\"@type\":\"ListItem\",\"position\":2,\"name\":\"Chris Basham donne des nouvelles sur sa blessure\"}]},{\"@type\":\"WebSite\",\"@id\":\"https:\/\/footdavant.fr\/actualites\/#website\",\"url\":\"https:\/\/footdavant.fr\/actualites\/\",\"name\":\"Foot d'avant\",\"description\":\"\",\"publisher\":{\"@id\":\"https:\/\/footdavant.fr\/actualites\/#organization\"},\"potentialAction\":[{\"@type\":\"SearchAction\",\"target\":{\"@type\":\"EntryPoint\",\"urlTemplate\":\"https:\/\/footdavant.fr\/actualites\/?s={search_term_string}\"},\"query-input\":\"required name=search_term_string\"}],\"inLanguage\":\"fr-FR\"},{\"@type\":\"Organization\",\"@id\":\"https:\/\/footdavant.fr\/actualites\/#organization\",\"name\":\"Foot d'avant\",\"url\":\"https:\/\/footdavant.fr\/actualites\/\",\"logo\":{\"@type\":\"ImageObject\",\"inLanguage\":\"fr-FR\",\"@id\":\"https:\/\/footdavant.fr\/actualites\/#\/schema\/logo\/image\/\",\"url\":\"https:\/\/footdavant.fr\/actualites\/wp-content\/uploads\/2023\/09\/Copy-of-FootDavant-Logo.png\",\"contentUrl\":\"https:\/\/footdavant.fr\/actualites\/wp-content\/uploads\/2023\/09\/Copy-of-FootDavant-Logo.png\",\"width\":936,\"height\":549,\"caption\":\"Foot d'avant\"},\"image\":{\"@id\":\"https:\/\/footdavant.fr\/actualites\/#\/schema\/logo\/image\/\"},\"sameAs\":[\"https:\/\/www.facebook.com\/Footdavant\/\",\"https:\/\/twitter.com\/FootdavantFr\",\"https:\/\/www.instagram.com\/footdavant.fr\/\"]},{\"@type\":\"Person\",\"@id\":\"https:\/\/footdavant.fr\/actualites\/#\/schema\/person\/bc222566d95871b37e597b3ed3ba5e1d\",\"name\":\"Cl\u00e9ment\",\"image\":{\"@type\":\"ImageObject\",\"inLanguage\":\"fr-FR\",\"@id\":\"https:\/\/footdavant.fr\/actualites\/#\/schema\/person\/image\/\",\"url\":\"https:\/\/secure.gravatar.com\/avatar\/7728b29aac2719421e1a9159b2254c44?s=96&d=mm&r=g\",\"contentUrl\":\"https:\/\/secure.gravatar.com\/avatar\/7728b29aac2719421e1a9159b2254c44?s=96&d=mm&r=g\",\"caption\":\"Cl\u00e9ment\"},\"sameAs\":[\"https:\/\/footdavant.fr\/\"]}]}<\/script>\n<!-- \/ Yoast SEO plugin. -->","yoast_head_json":{"title":"Chris Basham donne des nouvelles sur sa blessure","robots":{"index":"index","follow":"follow","max-snippet":"max-snippet:-1","max-image-preview":"max-image-preview:large","max-video-preview":"max-video-preview:-1"},"canonical":"https:\/\/footdavant.fr\/actualites\/chris-basham-donne-des-nouvelles-sur-sa-blessure\/","og_locale":"fr_FR","og_type":"article","og_title":"Chris Basham donne des nouvelles sur sa blessure","og_description":"Chris Basham : Regards sur sa blessure et son chemin de r\u00e9cup\u00e9ration \u00c9loign\u00e9 des terrains ces derniers temps pour cause de blessure, Chris Basham, le","og_url":"https:\/\/footdavant.fr\/actualites\/chris-basham-donne-des-nouvelles-sur-sa-blessure\/","og_site_name":"Foot d&#039;avant","article_publisher":"https:\/\/www.facebook.com\/Footdavant\/","article_published_time":"2024-01-12T20:57:47+00:00","article_modified_time":"2024-01-16T10:15:04+00:00","og_image":[{"width":2000,"height":1125,"url":"https:\/\/footdavant.fr\/actualites\/wp-content\/uploads\/2024\/01\/Chris-Basham-donne-des-nouvelles-sur-sa-blessure.jpg","type":"image\/jpeg"}],"author":"Cl\u00e9ment","twitter_card":"summary_large_image","twitter_creator":"@FootdavantFr","twitter_site":"@FootdavantFr","twitter_misc":{"\u00c9crit par":"Cl\u00e9ment","Dur\u00e9e de lecture estim\u00e9e":"3 minutes"},"schema":{"@context":"https:\/\/schema.org","@graph":[{"@type":"Article","@id":"https:\/\/footdavant.fr\/actualites\/chris-basham-donne-des-nouvelles-sur-sa-blessure\/#article","isPartOf":{"@id":"https:\/\/footdavant.fr\/actualites\/chris-basham-donne-des-nouvelles-sur-sa-blessure\/"},"author":{"name":"Cl\u00e9ment","@id":"https:\/\/footdavant.fr\/actualites\/#\/schema\/person\/bc222566d95871b37e597b3ed3ba5e1d"},"headline":"Chris Basham donne des nouvelles sur sa blessure","datePublished":"2024-01-12T20:57:47+00:00","dateModified":"2024-01-16T10:15:04+00:00","mainEntityOfPage":{"@id":"https:\/\/footdavant.fr\/actualites\/chris-basham-donne-des-nouvelles-sur-sa-blessure\/"},"wordCount":571,"publisher":{"@id":"https:\/\/footdavant.fr\/actualites\/#organization"},"keywords":["Basham","Blessure","Chris","des","donne","Nouvelles","sur"],"articleSection":["Football"],"inLanguage":"fr-FR"},{"@type":"WebPage","@id":"https:\/\/footdavant.fr\/actualites\/chris-basham-donne-des-nouvelles-sur-sa-blessure\/","url":"https:\/\/footdavant.fr\/actualites\/chris-basham-donne-des-nouvelles-sur-sa-blessure\/","name":"Chris Basham donne des nouvelles sur sa blessure","isPartOf":{"@id":"https:\/\/footdavant.fr\/actualites\/#website"},"datePublished":"2024-01-12T20:57:47+00:00","dateModified":"2024-01-16T10:15:04+00:00","breadcrumb":{"@id":"https:\/\/footdavant.fr\/actualites\/chris-basham-donne-des-nouvelles-sur-sa-blessure\/#breadcrumb"},"inLanguage":"fr-FR","potentialAction":[{"@type":"ReadAction","target":["https:\/\/footdavant.fr\/actualites\/chris-basham-donne-des-nouvelles-sur-sa-blessure\/"]}]},{"@type":"BreadcrumbList","@id":"https:\/\/footdavant.fr\/actualites\/chris-basham-donne-des-nouvelles-sur-sa-blessure\/#breadcrumb","itemListElement":[{"@type":"ListItem","position":1,"name":"Accueil","item":"https:\/\/footdavant.fr\/actualites\/"},{"@type":"ListItem","position":2,"name":"Chris Basham donne des nouvelles sur sa blessure"}]},{"@type":"WebSite","@id":"https:\/\/footdavant.fr\/actualites\/#website","url":"https:\/\/footdavant.fr\/actualites\/","name":"Foot d'avant","description":"","publisher":{"@id":"https:\/\/footdavant.fr\/actualites\/#organization"},"potentialAction":[{"@type":"SearchAction","target":{"@type":"EntryPoint","urlTemplate":"https:\/\/footdavant.fr\/actualites\/?s={search_term_string}"},"query-input":"required name=search_term_string"}],"inLanguage":"fr-FR"},{"@type":"Organization","@id":"https:\/\/footdavant.fr\/actualites\/#organization","name":"Foot d'avant","url":"https:\/\/footdavant.fr\/actualites\/","logo":{"@type":"ImageObject","inLanguage":"fr-FR","@id":"https:\/\/footdavant.fr\/actualites\/#\/schema\/logo\/image\/","url":"https:\/\/footdavant.fr\/actualites\/wp-content\/uploads\/2023\/09\/Copy-of-FootDavant-Logo.png","contentUrl":"https:\/\/footdavant.fr\/actualites\/wp-content\/uploads\/2023\/09\/Copy-of-FootDavant-Logo.png","width":936,"height":549,"caption":"Foot d'avant"},"image":{"@id":"https:\/\/footdavant.fr\/actualites\/#\/schema\/logo\/image\/"},"sameAs":["https:\/\/www.facebook.com\/Footdavant\/","https:\/\/twitter.com\/FootdavantFr","https:\/\/www.instagram.com\/footdavant.fr\/"]},{"@type":"Person","@id":"https:\/\/footdavant.fr\/actualites\/#\/schema\/person\/bc222566d95871b37e597b3ed3ba5e1d","name":"Cl\u00e9ment","image":{"@type":"ImageObject","inLanguage":"fr-FR","@id":"https:\/\/footdavant.fr\/actualites\/#\/schema\/person\/image\/","url":"https:\/\/secure.gravatar.com\/avatar\/7728b29aac2719421e1a9159b2254c44?s=96&d=mm&r=g","contentUrl":"https:\/\/secure.gravatar.com\/avatar\/7728b29aac2719421e1a9159b2254c44?s=96&d=mm&r=g","caption":"Cl\u00e9ment"},"sameAs":["https:\/\/footdavant.fr\/"]}]}},"_links":{"self":[{"href":"https:\/\/footdavant.fr\/actualites\/wp-json\/wp\/v2\/posts\/3779"}],"collection":[{"href":"https:\/\/footdavant.fr\/actualites\/wp-json\/wp\/v2\/posts"}],"about":[{"href":"https:\/\/footdavant.fr\/actualites\/wp-json\/wp\/v2\/types\/post"}],"author":[{"embeddable":true,"href":"https:\/\/footdavant.fr\/actualites\/wp-json\/wp\/v2\/users\/1"}],"replies":[{"embeddable":true,"href":"https:\/\/footdavant.fr\/actualites\/wp-json\/wp\/v2\/comments?post=3779"}],"version-history":[{"count":1,"href":"https:\/\/footdavant.fr\/actualites\/wp-json\/wp\/v2\/posts\/3779\/revisions"}],"predecessor-version":[{"id":3983,"href":"https:\/\/footdavant.fr\/actualites\/wp-json\/wp\/v2\/posts\/3779\/revisions\/3983"}],"wp:featuredmedia":[{"embeddable":true,"href":"https:\/\/footdavant.fr\/actualites\/wp-json\/wp\/v2\/media\/3982"}],"wp:attachment":[{"href":"https:\/\/footdavant.fr\/actualites\/wp-json\/wp\/v2\/media?parent=3779"}],"wp:term":[{"taxonomy":"category","embeddable":true,"href":"https:\/\/footdavant.fr\/actualites\/wp-json\/wp\/v2\/categories?post=3779"},{"taxonomy":"post_tag","embeddable":true,"href":"https:\/\/footdavant.fr\/actualites\/wp-json\/wp\/v2\/tags?post=3779"}],"curies":[{"name":"wp","href":"https:\/\/api.w.org\/{rel}","templated":true}]}}