{"id":380,"date":"2023-11-06T03:10:09","date_gmt":"2023-11-06T02:10:09","guid":{"rendered":"https:\/\/footdavant.fr\/actualites\/actualites-de-lequipe-du-real-madrid-blessure-liste-de-suspension-contre-braga\/"},"modified":"2023-11-06T03:10:10","modified_gmt":"2023-11-06T02:10:10","slug":"actualites-de-lequipe-du-real-madrid-blessure-liste-de-suspension-contre-braga","status":"publish","type":"post","link":"https:\/\/footdavant.fr\/actualites\/actualites-de-lequipe-du-real-madrid-blessure-liste-de-suspension-contre-braga\/","title":{"rendered":"Actualit\u00e9s de l&rsquo;\u00e9quipe du Real Madrid : Blessure, liste de suspension contre Braga"},"content":{"rendered":"<p>Sports Mole fait le point sur les blessures et les suspensions du Real Madrid avant son affrontement en Ligue des champions avec Braga.<\/p>\n<div id=\"article_body\" itemprop=\"articleBody\">\n<p class=\"firstPara\"><strong class=\"autotag\">Real Madrid<\/strong> chercheront \u00e0 revenir sur le chemin de la victoire mardi soir lorsqu&rsquo;ils reprendront leur <strong class=\"autotag\">Ligue des champions<\/strong> campagne en phase de groupes contre l&rsquo;\u00e9quipe portugaise <strong class=\"autotag\">Braga<\/strong>.<\/p>\n<p><strong class=\"autotag\">Carlo Ancelotti<\/strong>L&rsquo;\u00e9quipe de S\u00e9ville a vu se terminer samedi une s\u00e9rie de quatre victoires toutes comp\u00e9titions confondues, S\u00e9ville tenant Los Blancos en \u00e9chec 1-1 en Liga.<\/p>\n<p>Les g\u00e9ants de la capitale ont remport\u00e9 leurs deux premiers matches de phase de groupes de la Ligue des champions contre l&rsquo;Union Berlin et Naples, ce qui les place en t\u00eate du groupe C avec six points.<\/p>\n<p>Ici, <strong>Taupe de sport<\/strong> fait le point sur les blessures et les suspensions du Real Madrid avant son affrontement avec Braga, troisi\u00e8me du groupe avec trois points en deux matches.<\/p>\n<hr>\n<p class=\"imgI\">\n<p><strong>Statut:<\/strong> Dehors<br \/><strong>Type de blessure :<\/strong> Genou<br \/><strong>Date de retour possible :<\/strong> Inconnu<\/p>\n<p>Militao a r\u00e9cemment subi une intervention chirurgicale sur la blessure au LCA qu&rsquo;il a subie lors de l&rsquo;ouverture de la saison de l&rsquo;\u00e9quipe, et le d\u00e9fenseur ne sera pas disponible pour la s\u00e9lection avant au moins mars.<\/p>\n<hr>\n<p class=\"imgI\"><img decoding=\"async\" loading=\"lazy\" class=\"l\" src=\"https:\/\/footdavant.fr\/actualites\/wp-content\/uploads\/2023\/11\/Actualites-de-lequipe-du-Real-Madrid-Blessure-liste-de.jpeg\" title=\"Thibaut Courtois en action pour le Real Madrid le 10 ao\u00fbt 2022\" alt=\"Thibaut Courtois en action pour le Real Madrid le 10 ao\u00fbt 2022\" width=\"640\" height=\"480\"><\/p>\n<p><strong>Statut:<\/strong> Dehors<br \/><strong>Type de blessure :<\/strong> Genou<br \/><strong>Date de retour possible :<\/strong> Inconnu<\/p>\n<p>Courtois a \u00e9galement subi une op\u00e9ration sur une blessure au LCA plus t\u00f4t cette saison, et le gardien de but devra se battre pour \u00eatre disponible avant la fin de la saison.<\/p>\n<hr>\n<p class=\"imgI\"><img decoding=\"async\" loading=\"lazy\" class=\"l\" src=\"https:\/\/footdavant.fr\/actualites\/wp-content\/uploads\/2023\/11\/Actualites-de-lequipe-du-Real-Madrid-Blessure-liste-de.jpg\" title=\"Arda Guler, la nouvelle recrue du Real Madrid, lors de sa r\u00e9v\u00e9lation le 7 juillet 2023\" alt=\"Arda Guler, la nouvelle recrue du Real Madrid, lors de sa r\u00e9v\u00e9lation le 7 juillet 2023\" width=\"640\" height=\"480\"><\/p>\n<p><strong>Statut:<\/strong> Dehors<br \/><strong>Type de blessure :<\/strong> Cuisse<br \/><strong>Date de retour possible :<\/strong> Inconnu<\/p>\n<p>Guler est de retour \u00e0 l&rsquo;entra\u00eenement apr\u00e8s s&rsquo;\u00eatre remis d&rsquo;une blessure \u00e0 la cuisse survenue apr\u00e8s une op\u00e9ration au genou, mais il ne devrait pas \u00eatre de retour sur le terrain avant le mois prochain.<\/p>\n<hr>\n<p class=\"imgI\"><img decoding=\"async\" loading=\"lazy\" class=\"l\" src=\"https:\/\/footdavant.fr\/actualites\/wp-content\/uploads\/2023\/11\/1699236609_740_Actualites-de-lequipe-du-Real-Madrid-Blessure-liste-de.JPG\" title=\"Dani Ceballos du Real Madrid en action avec Marcos Llorente de l'Atletico Madrid le 25 f\u00e9vrier 2023\" alt=\"Dani Ceballos du Real Madrid en action avec Marcos Llorente de l'Atletico Madrid le 25 f\u00e9vrier 2023\" width=\"640\" height=\"480\"><\/p>\n<p><strong>Statut:<\/strong> Dehors<br \/><strong>Type de blessure :<\/strong> Muscle<br \/><strong>Date de retour possible :<\/strong> Inconnu<\/p>\n<p>Ceballos \u00e9tait absent contre S\u00e9ville samedi en raison d&rsquo;une blessure musculaire contract\u00e9e \u00e0 l&rsquo;entra\u00eenement, et l&rsquo;Espagnol sera \u00e9galement absent de ce match.<\/p>\n<hr>\n<p><strong><\/p>\n<h2>LISTE DES SUSPENSIONS DU REAL MADRID<\/h2>\n<p><\/strong><\/p>\n<p>Le Real Madrid n&rsquo;a aucun joueur suspendu pour ce match, avec un d\u00e9fenseur central exp\u00e9riment\u00e9 <strong class=\"autotag\">Nachos<\/strong>actuellement banni de la Liga, disponible en s\u00e9lection.<\/p>\n<hr>\n<\/div>\n","protected":false},"excerpt":{"rendered":"<p>Sports Mole fait le point sur les blessures et les suspensions du Real Madrid avant son affrontement en Ligue des champions avec Braga. Real Madrid<\/p>\n","protected":false},"author":1,"featured_media":381,"comment_status":"closed","ping_status":"","sticky":false,"template":"","format":"standard","meta":{"footnotes":""},"categories":[4],"tags":[7,15,316,20,9,17,303,302,18],"yoast_head":"<!-- This site is optimized with the Yoast SEO plugin v21.0 - https:\/\/yoast.com\/wordpress\/plugins\/seo\/ -->\n<title>Actualit\u00e9s de l&#039;\u00e9quipe du Real Madrid : Blessure, liste de suspension contre Braga<\/title>\n<meta name=\"robots\" content=\"index, follow, max-snippet:-1, max-image-preview:large, max-video-preview:-1\" \/>\n<link rel=\"canonical\" href=\"https:\/\/footdavant.fr\/actualites\/actualites-de-lequipe-du-real-madrid-blessure-liste-de-suspension-contre-braga\/\" \/>\n<meta property=\"og:locale\" content=\"fr_FR\" \/>\n<meta property=\"og:type\" content=\"article\" \/>\n<meta property=\"og:title\" content=\"Actualit\u00e9s de l&#039;\u00e9quipe du Real Madrid : Blessure, liste de suspension contre Braga\" \/>\n<meta property=\"og:description\" content=\"Sports Mole fait le point sur les blessures et les suspensions du Real Madrid avant son affrontement en Ligue des champions avec Braga. Real Madrid\" \/>\n<meta property=\"og:url\" content=\"https:\/\/footdavant.fr\/actualites\/actualites-de-lequipe-du-real-madrid-blessure-liste-de-suspension-contre-braga\/\" \/>\n<meta property=\"og:site_name\" content=\"Foot d&#039;avant\" \/>\n<meta property=\"article:publisher\" content=\"https:\/\/www.facebook.com\/Footdavant\/\" \/>\n<meta property=\"article:published_time\" content=\"2023-11-06T02:10:09+00:00\" \/>\n<meta property=\"article:modified_time\" content=\"2023-11-06T02:10:10+00:00\" \/>\n<meta property=\"og:image\" content=\"https:\/\/footdavant.fr\/actualites\/wp-content\/uploads\/2023\/11\/Actualites-de-lequipe-du-Real-Madrid-Blessure-liste-de.JPG\" \/>\n\t<meta property=\"og:image:width\" content=\"640\" \/>\n\t<meta property=\"og:image:height\" content=\"480\" \/>\n\t<meta property=\"og:image:type\" content=\"image\/jpeg\" \/>\n<meta name=\"author\" content=\"Cl\u00e9ment\" \/>\n<meta name=\"twitter:card\" content=\"summary_large_image\" \/>\n<meta name=\"twitter:creator\" content=\"@FootdavantFr\" \/>\n<meta name=\"twitter:site\" content=\"@FootdavantFr\" \/>\n<meta name=\"twitter:label1\" content=\"\u00c9crit par\" \/>\n\t<meta name=\"twitter:data1\" content=\"Cl\u00e9ment\" \/>\n\t<meta name=\"twitter:label2\" content=\"Dur\u00e9e de lecture estim\u00e9e\" \/>\n\t<meta name=\"twitter:data2\" content=\"2 minutes\" \/>\n<script type=\"application\/ld+json\" class=\"yoast-schema-graph\">{\"@context\":\"https:\/\/schema.org\",\"@graph\":[{\"@type\":\"Article\",\"@id\":\"https:\/\/footdavant.fr\/actualites\/actualites-de-lequipe-du-real-madrid-blessure-liste-de-suspension-contre-braga\/#article\",\"isPartOf\":{\"@id\":\"https:\/\/footdavant.fr\/actualites\/actualites-de-lequipe-du-real-madrid-blessure-liste-de-suspension-contre-braga\/\"},\"author\":{\"name\":\"Cl\u00e9ment\",\"@id\":\"https:\/\/footdavant.fr\/actualites\/#\/schema\/person\/bc222566d95871b37e597b3ed3ba5e1d\"},\"headline\":\"Actualit\u00e9s de l&rsquo;\u00e9quipe du Real Madrid : Blessure, liste de suspension contre Braga\",\"datePublished\":\"2023-11-06T02:10:09+00:00\",\"dateModified\":\"2023-11-06T02:10:10+00:00\",\"mainEntityOfPage\":{\"@id\":\"https:\/\/footdavant.fr\/actualites\/actualites-de-lequipe-du-real-madrid-blessure-liste-de-suspension-contre-braga\/\"},\"wordCount\":379,\"publisher\":{\"@id\":\"https:\/\/footdavant.fr\/actualites\/#organization\"},\"keywords\":[\"Actualit\u00e9s\",\"Blessure\",\"Braga\",\"contre\",\"l\u00e9quipe\",\"liste\",\"Madrid\",\"Real\",\"suspension\"],\"articleSection\":[\"Champions League\"],\"inLanguage\":\"fr-FR\"},{\"@type\":\"WebPage\",\"@id\":\"https:\/\/footdavant.fr\/actualites\/actualites-de-lequipe-du-real-madrid-blessure-liste-de-suspension-contre-braga\/\",\"url\":\"https:\/\/footdavant.fr\/actualites\/actualites-de-lequipe-du-real-madrid-blessure-liste-de-suspension-contre-braga\/\",\"name\":\"Actualit\u00e9s de l'\u00e9quipe du Real Madrid : Blessure, liste de suspension contre Braga\",\"isPartOf\":{\"@id\":\"https:\/\/footdavant.fr\/actualites\/#website\"},\"datePublished\":\"2023-11-06T02:10:09+00:00\",\"dateModified\":\"2023-11-06T02:10:10+00:00\",\"breadcrumb\":{\"@id\":\"https:\/\/footdavant.fr\/actualites\/actualites-de-lequipe-du-real-madrid-blessure-liste-de-suspension-contre-braga\/#breadcrumb\"},\"inLanguage\":\"fr-FR\",\"potentialAction\":[{\"@type\":\"ReadAction\",\"target\":[\"https:\/\/footdavant.fr\/actualites\/actualites-de-lequipe-du-real-madrid-blessure-liste-de-suspension-contre-braga\/\"]}]},{\"@type\":\"BreadcrumbList\",\"@id\":\"https:\/\/footdavant.fr\/actualites\/actualites-de-lequipe-du-real-madrid-blessure-liste-de-suspension-contre-braga\/#breadcrumb\",\"itemListElement\":[{\"@type\":\"ListItem\",\"position\":1,\"name\":\"Accueil\",\"item\":\"https:\/\/footdavant.fr\/actualites\/\"},{\"@type\":\"ListItem\",\"position\":2,\"name\":\"Actualit\u00e9s de l&rsquo;\u00e9quipe du Real Madrid : Blessure, liste de suspension contre Braga\"}]},{\"@type\":\"WebSite\",\"@id\":\"https:\/\/footdavant.fr\/actualites\/#website\",\"url\":\"https:\/\/footdavant.fr\/actualites\/\",\"name\":\"Foot d'avant\",\"description\":\"\",\"publisher\":{\"@id\":\"https:\/\/footdavant.fr\/actualites\/#organization\"},\"potentialAction\":[{\"@type\":\"SearchAction\",\"target\":{\"@type\":\"EntryPoint\",\"urlTemplate\":\"https:\/\/footdavant.fr\/actualites\/?s={search_term_string}\"},\"query-input\":\"required name=search_term_string\"}],\"inLanguage\":\"fr-FR\"},{\"@type\":\"Organization\",\"@id\":\"https:\/\/footdavant.fr\/actualites\/#organization\",\"name\":\"Foot d'avant\",\"url\":\"https:\/\/footdavant.fr\/actualites\/\",\"logo\":{\"@type\":\"ImageObject\",\"inLanguage\":\"fr-FR\",\"@id\":\"https:\/\/footdavant.fr\/actualites\/#\/schema\/logo\/image\/\",\"url\":\"https:\/\/footdavant.fr\/actualites\/wp-content\/uploads\/2023\/09\/Copy-of-FootDavant-Logo.png\",\"contentUrl\":\"https:\/\/footdavant.fr\/actualites\/wp-content\/uploads\/2023\/09\/Copy-of-FootDavant-Logo.png\",\"width\":936,\"height\":549,\"caption\":\"Foot d'avant\"},\"image\":{\"@id\":\"https:\/\/footdavant.fr\/actualites\/#\/schema\/logo\/image\/\"},\"sameAs\":[\"https:\/\/www.facebook.com\/Footdavant\/\",\"https:\/\/twitter.com\/FootdavantFr\",\"https:\/\/www.instagram.com\/footdavant.fr\/\"]},{\"@type\":\"Person\",\"@id\":\"https:\/\/footdavant.fr\/actualites\/#\/schema\/person\/bc222566d95871b37e597b3ed3ba5e1d\",\"name\":\"Cl\u00e9ment\",\"image\":{\"@type\":\"ImageObject\",\"inLanguage\":\"fr-FR\",\"@id\":\"https:\/\/footdavant.fr\/actualites\/#\/schema\/person\/image\/\",\"url\":\"https:\/\/secure.gravatar.com\/avatar\/7728b29aac2719421e1a9159b2254c44?s=96&d=mm&r=g\",\"contentUrl\":\"https:\/\/secure.gravatar.com\/avatar\/7728b29aac2719421e1a9159b2254c44?s=96&d=mm&r=g\",\"caption\":\"Cl\u00e9ment\"},\"sameAs\":[\"https:\/\/footdavant.fr\/\"]}]}<\/script>\n<!-- \/ Yoast SEO plugin. -->","yoast_head_json":{"title":"Actualit\u00e9s de l'\u00e9quipe du Real Madrid : Blessure, liste de suspension contre Braga","robots":{"index":"index","follow":"follow","max-snippet":"max-snippet:-1","max-image-preview":"max-image-preview:large","max-video-preview":"max-video-preview:-1"},"canonical":"https:\/\/footdavant.fr\/actualites\/actualites-de-lequipe-du-real-madrid-blessure-liste-de-suspension-contre-braga\/","og_locale":"fr_FR","og_type":"article","og_title":"Actualit\u00e9s de l'\u00e9quipe du Real Madrid : Blessure, liste de suspension contre Braga","og_description":"Sports Mole fait le point sur les blessures et les suspensions du Real Madrid avant son affrontement en Ligue des champions avec Braga. Real Madrid","og_url":"https:\/\/footdavant.fr\/actualites\/actualites-de-lequipe-du-real-madrid-blessure-liste-de-suspension-contre-braga\/","og_site_name":"Foot d&#039;avant","article_publisher":"https:\/\/www.facebook.com\/Footdavant\/","article_published_time":"2023-11-06T02:10:09+00:00","article_modified_time":"2023-11-06T02:10:10+00:00","og_image":[{"width":640,"height":480,"url":"https:\/\/footdavant.fr\/actualites\/wp-content\/uploads\/2023\/11\/Actualites-de-lequipe-du-Real-Madrid-Blessure-liste-de.JPG","type":"image\/jpeg"}],"author":"Cl\u00e9ment","twitter_card":"summary_large_image","twitter_creator":"@FootdavantFr","twitter_site":"@FootdavantFr","twitter_misc":{"\u00c9crit par":"Cl\u00e9ment","Dur\u00e9e de lecture estim\u00e9e":"2 minutes"},"schema":{"@context":"https:\/\/schema.org","@graph":[{"@type":"Article","@id":"https:\/\/footdavant.fr\/actualites\/actualites-de-lequipe-du-real-madrid-blessure-liste-de-suspension-contre-braga\/#article","isPartOf":{"@id":"https:\/\/footdavant.fr\/actualites\/actualites-de-lequipe-du-real-madrid-blessure-liste-de-suspension-contre-braga\/"},"author":{"name":"Cl\u00e9ment","@id":"https:\/\/footdavant.fr\/actualites\/#\/schema\/person\/bc222566d95871b37e597b3ed3ba5e1d"},"headline":"Actualit\u00e9s de l&rsquo;\u00e9quipe du Real Madrid : Blessure, liste de suspension contre Braga","datePublished":"2023-11-06T02:10:09+00:00","dateModified":"2023-11-06T02:10:10+00:00","mainEntityOfPage":{"@id":"https:\/\/footdavant.fr\/actualites\/actualites-de-lequipe-du-real-madrid-blessure-liste-de-suspension-contre-braga\/"},"wordCount":379,"publisher":{"@id":"https:\/\/footdavant.fr\/actualites\/#organization"},"keywords":["Actualit\u00e9s","Blessure","Braga","contre","l\u00e9quipe","liste","Madrid","Real","suspension"],"articleSection":["Champions League"],"inLanguage":"fr-FR"},{"@type":"WebPage","@id":"https:\/\/footdavant.fr\/actualites\/actualites-de-lequipe-du-real-madrid-blessure-liste-de-suspension-contre-braga\/","url":"https:\/\/footdavant.fr\/actualites\/actualites-de-lequipe-du-real-madrid-blessure-liste-de-suspension-contre-braga\/","name":"Actualit\u00e9s de l'\u00e9quipe du Real Madrid : Blessure, liste de suspension contre Braga","isPartOf":{"@id":"https:\/\/footdavant.fr\/actualites\/#website"},"datePublished":"2023-11-06T02:10:09+00:00","dateModified":"2023-11-06T02:10:10+00:00","breadcrumb":{"@id":"https:\/\/footdavant.fr\/actualites\/actualites-de-lequipe-du-real-madrid-blessure-liste-de-suspension-contre-braga\/#breadcrumb"},"inLanguage":"fr-FR","potentialAction":[{"@type":"ReadAction","target":["https:\/\/footdavant.fr\/actualites\/actualites-de-lequipe-du-real-madrid-blessure-liste-de-suspension-contre-braga\/"]}]},{"@type":"BreadcrumbList","@id":"https:\/\/footdavant.fr\/actualites\/actualites-de-lequipe-du-real-madrid-blessure-liste-de-suspension-contre-braga\/#breadcrumb","itemListElement":[{"@type":"ListItem","position":1,"name":"Accueil","item":"https:\/\/footdavant.fr\/actualites\/"},{"@type":"ListItem","position":2,"name":"Actualit\u00e9s de l&rsquo;\u00e9quipe du Real Madrid : Blessure, liste de suspension contre Braga"}]},{"@type":"WebSite","@id":"https:\/\/footdavant.fr\/actualites\/#website","url":"https:\/\/footdavant.fr\/actualites\/","name":"Foot d'avant","description":"","publisher":{"@id":"https:\/\/footdavant.fr\/actualites\/#organization"},"potentialAction":[{"@type":"SearchAction","target":{"@type":"EntryPoint","urlTemplate":"https:\/\/footdavant.fr\/actualites\/?s={search_term_string}"},"query-input":"required name=search_term_string"}],"inLanguage":"fr-FR"},{"@type":"Organization","@id":"https:\/\/footdavant.fr\/actualites\/#organization","name":"Foot d'avant","url":"https:\/\/footdavant.fr\/actualites\/","logo":{"@type":"ImageObject","inLanguage":"fr-FR","@id":"https:\/\/footdavant.fr\/actualites\/#\/schema\/logo\/image\/","url":"https:\/\/footdavant.fr\/actualites\/wp-content\/uploads\/2023\/09\/Copy-of-FootDavant-Logo.png","contentUrl":"https:\/\/footdavant.fr\/actualites\/wp-content\/uploads\/2023\/09\/Copy-of-FootDavant-Logo.png","width":936,"height":549,"caption":"Foot d'avant"},"image":{"@id":"https:\/\/footdavant.fr\/actualites\/#\/schema\/logo\/image\/"},"sameAs":["https:\/\/www.facebook.com\/Footdavant\/","https:\/\/twitter.com\/FootdavantFr","https:\/\/www.instagram.com\/footdavant.fr\/"]},{"@type":"Person","@id":"https:\/\/footdavant.fr\/actualites\/#\/schema\/person\/bc222566d95871b37e597b3ed3ba5e1d","name":"Cl\u00e9ment","image":{"@type":"ImageObject","inLanguage":"fr-FR","@id":"https:\/\/footdavant.fr\/actualites\/#\/schema\/person\/image\/","url":"https:\/\/secure.gravatar.com\/avatar\/7728b29aac2719421e1a9159b2254c44?s=96&d=mm&r=g","contentUrl":"https:\/\/secure.gravatar.com\/avatar\/7728b29aac2719421e1a9159b2254c44?s=96&d=mm&r=g","caption":"Cl\u00e9ment"},"sameAs":["https:\/\/footdavant.fr\/"]}]}},"_links":{"self":[{"href":"https:\/\/footdavant.fr\/actualites\/wp-json\/wp\/v2\/posts\/380"}],"collection":[{"href":"https:\/\/footdavant.fr\/actualites\/wp-json\/wp\/v2\/posts"}],"about":[{"href":"https:\/\/footdavant.fr\/actualites\/wp-json\/wp\/v2\/types\/post"}],"author":[{"embeddable":true,"href":"https:\/\/footdavant.fr\/actualites\/wp-json\/wp\/v2\/users\/1"}],"replies":[{"embeddable":true,"href":"https:\/\/footdavant.fr\/actualites\/wp-json\/wp\/v2\/comments?post=380"}],"version-history":[{"count":1,"href":"https:\/\/footdavant.fr\/actualites\/wp-json\/wp\/v2\/posts\/380\/revisions"}],"predecessor-version":[{"id":382,"href":"https:\/\/footdavant.fr\/actualites\/wp-json\/wp\/v2\/posts\/380\/revisions\/382"}],"wp:featuredmedia":[{"embeddable":true,"href":"https:\/\/footdavant.fr\/actualites\/wp-json\/wp\/v2\/media\/381"}],"wp:attachment":[{"href":"https:\/\/footdavant.fr\/actualites\/wp-json\/wp\/v2\/media?parent=380"}],"wp:term":[{"taxonomy":"category","embeddable":true,"href":"https:\/\/footdavant.fr\/actualites\/wp-json\/wp\/v2\/categories?post=380"},{"taxonomy":"post_tag","embeddable":true,"href":"https:\/\/footdavant.fr\/actualites\/wp-json\/wp\/v2\/tags?post=380"}],"curies":[{"name":"wp","href":"https:\/\/api.w.org\/{rel}","templated":true}]}}