{"id":3815,"date":"2024-01-13T18:48:03","date_gmt":"2024-01-13T17:48:03","guid":{"rendered":"https:\/\/footdavant.fr\/actualites\/resume-du-samedi-et-observations-video-de-formation\/"},"modified":"2024-01-13T18:48:04","modified_gmt":"2024-01-13T17:48:04","slug":"resume-du-samedi-et-observations-video-de-formation","status":"publish","type":"post","link":"https:\/\/footdavant.fr\/actualites\/resume-du-samedi-et-observations-video-de-formation\/","title":{"rendered":"R\u00e9sum\u00e9 du samedi et observations vid\u00e9o de formation"},"content":{"rendered":"<div>\n<p>Matin.<\/p>\n<p>Commen\u00e7ons par un rapide tour d\u2019horizon samedi de toutes les actualit\u00e9s d\u2019Arsenal.<\/p>\n<\/p>\n<p>Voil\u00e0.<\/p>\n<p>J&rsquo;ai regard\u00e9 la vid\u00e9o de formation de Duba\u00ef.  Il n\u2019y avait pas grand chose \u00e0 en tirer, mais j\u2019ai remarqu\u00e9 quelques choses.  Premi\u00e8rement, Myles Lewis-Skelly et Ethan Nwaneri semblent avoir \u00e9t\u00e9 les seuls \u00e0 porter des \u00e9couteurs.<\/p>\n<p><img loading=\"lazy\" decoding=\"async\" class=\"alignnone size-full wp-image-43091\" src=\"https:\/\/footdavant.fr\/actualites\/wp-content\/uploads\/2024\/01\/1705168082_123_Resume-du-samedi-et-observations-video-de-formation.jpg\" alt=\"\" width=\"1286\" height=\"754\"  ><\/p>\n<p>Peut-\u00eatre qu&rsquo;ils sont simplement timides, ou peut-\u00eatre que Mikel Arteta leur fait \u00e9couter un livre audio inspirant et affirmant la vie.  Comme \u00ab Comment \u00eatre un leader \u00bb, de G.Rifter ou \u00ab Comment progresser dans le football \u00bb de C.Soares.<\/p>\n<p>Puis je me suis demand\u00e9 : qui utilise des \u00e9couteurs filaires de nos jours ?  Il existe peut-\u00eatre un rite de passage \u00e0 Arsenal selon lequel ce n&rsquo;est que lorsque vous devenez un joueur de la premi\u00e8re \u00e9quipe que vous \u00eates autoris\u00e9 \u00e0 utiliser des AirPods, des Jabras ou autre.<\/p>\n<p><em>\u00ab Aujourd&rsquo;hui, jeune homme, vous faites officiellement partie de l&rsquo;\u00e9quipe premi\u00e8re.  Voici votre place dans le dressing.  Ce crochet est votre crochet.  Il y en a beaucoup comme \u00e7a, mais celui-ci est le v\u00f4tre.  Votre place de parking est la 17D \u200b\u200b(ne vous approchez pas trop de Jorginho \u00e0 c\u00f4t\u00e9 de vous, il n&rsquo;aime pas devoir se faufiler et devient assez grincheux s&rsquo;il n&rsquo;arrive pas \u00e0 ouvrir compl\u00e8tement les portes de sa Hyundai IONIQ 5.<\/em><\/p>\n<p><em>\u00ab Mais surtout, nous vous accordons d\u00e9sormais la puissance du BLUETOOTH !  Albert, s&rsquo;il te pla\u00eet, fais les honneurs\u2026 \u00bb<\/em><\/p>\n<p>Quoi qu&rsquo;il en soit, esp\u00e9rons qu&rsquo;ils apprendront beaucoup de choses au cours de ce voyage.  On a beaucoup parl\u00e9 de Mikel Arteta et des jeunes joueurs, et m\u00eame s&rsquo;il y a \u00e9videmment beaucoup de choses \u00e0 d\u00e9baller \u00e0 ce sujet, il est clair qu&rsquo;il y a actuellement un \u00e9cart en ce qui concerne les joueurs autour de 19\/20.  Peut-\u00eatre, et je pense que c&rsquo;est un grand peut-\u00eatre, Charlie Patino pourrait, peut-\u00eatre, peut-\u00eatre, avoir une petite chance, mais au-del\u00e0 de cela, je ne pense pas qu&rsquo;il y ait quelqu&rsquo;un de cet \u00e2ge qui fasse pression pour une promotion dans la premi\u00e8re \u00e9quipe.<\/p>\n<p>C&rsquo;est la prochaine g\u00e9n\u00e9ration qui pourrait bien fournir un joueur ou deux, et \u00e9videmment Lewis-Skelly et Nwaneri sont les deux joueurs sur lesquels les gens se concentrent le plus.  Tous deux ont \u00e9t\u00e9 retenus dans l&rsquo;\u00e9quipe premi\u00e8re cette saison, mais sans aucun temps de jeu \u2013 mais cela fait partie de la progression et ils doivent continuer \u00e0 travailler dur et attendre leur chance.<\/p>\n<p>Pendant ce temps, l\u2019homme bronz\u00e9 s\u2019assure de profiter autant que possible du soleil.<\/p>\n<p><img loading=\"lazy\" decoding=\"async\" class=\"alignnone size-full wp-image-43092\" src=\"https:\/\/footdavant.fr\/actualites\/wp-content\/uploads\/2024\/01\/1705168083_181_Resume-du-samedi-et-observations-video-de-formation.jpg\" alt=\"\" width=\"1500\" height=\"861\"  ><\/p>\n<p>H\u00e9, si j&rsquo;avais de si belles jambes, je les montrerais aussi.  Au-del\u00e0 de cela, il ne se passe pas grand-chose.<\/p>\n<p>Hier soir, en Premier League, Luton a marqu\u00e9 un \u00e9galiseur tardif pour priver Burnley des trois points, mais il y a \u00e0 nouveau une controverse sur le VAR apr\u00e8s que le gardien James Trafford ait \u00e9t\u00e9 victime d&rsquo;une faute pr\u00e9alable.  C&rsquo;est l&rsquo;un de ces cas o\u00f9 je pense que le gardien a pris une d\u00e9cision douteuse mais il est clairement bloqu\u00e9 par l&rsquo;adversaire.  En g\u00e9n\u00e9ral les gardiens sont trop bien prot\u00e9g\u00e9s \u00e0 mon avis, on a vu cette saison des exemples de fautes de gardiens et sur gardiens qui ont \u00e9t\u00e9 un peu ahurissants, donc on comprend pourquoi Vincent Kompany \u00e9tait furieux l\u00e0-dessus.  Cependant, si vous portez une casquette de baseball avec un costume, vous vous exposez \u00e0 ce genre de choses et c&rsquo;est quelque chose avec lequel il doit tenir compte.<\/p>\n<p>Enfin pour aujourd&rsquo;hui, j&rsquo;ai vu cette citation d&rsquo;Eddie Howe sur l&rsquo;incapacit\u00e9 de Newcastle \u00e0 ajouter de nouveaux joueurs en janvier :<\/p>\n<blockquote>\n<p>Je ne suis pas s\u00fbr qu&rsquo;il y ait beaucoup de clubs pr\u00eats \u00e0 nous aider actuellement.  Pour conclure un accord de pr\u00eat, il faut que le club accepte cet accord, donc nous sommes \u00e0 ce moment-l\u00e0 o\u00f9 je ne suis pas s\u00fbr que nous ayons beaucoup d&rsquo;amis sur le march\u00e9.<\/p>\n<\/blockquote>\n<p>Bouh, et en effet, hoo.  Je viens de v\u00e9rifier sur Amazon et tout leur stock des plus petits violons du monde a \u00e9t\u00e9 vendu parce que tout le monde dans le monde du football voulait en jouer un en direction de St James Park ce matin.  Il faut rire.  Parce que c&rsquo;est tr\u00e8s dr\u00f4le.<\/p>\n<p><img decoding=\"async\" loading=\"lazy\" class=\"alignnone size-full wp-image-43095\" src=\"https:\/\/footdavant.fr\/actualites\/wp-content\/uploads\/2024\/01\/1705168083_549_Resume-du-samedi-et-observations-video-de-formation.jpg\" alt=\"\" width=\"1200\" height=\"630\"  ><\/p>\n<p>Bon, restons l\u00e0 \u2013 passez un bon samedi les amis.<\/p>\n<\/div>\n","protected":false},"excerpt":{"rendered":"<p>Matin. Commen\u00e7ons par un rapide tour d\u2019horizon samedi de toutes les actualit\u00e9s d\u2019Arsenal. Voil\u00e0. J&rsquo;ai regard\u00e9 la vid\u00e9o de formation de Duba\u00ef. Il n\u2019y avait<\/p>\n","protected":false},"author":1,"featured_media":3816,"comment_status":"closed","ping_status":"","sticky":false,"template":"","format":"standard","meta":{"footnotes":""},"categories":[3],"tags":[660,3028,1405,2135,575],"yoast_head":"<!-- This site is optimized with the Yoast SEO plugin v21.0 - https:\/\/yoast.com\/wordpress\/plugins\/seo\/ -->\n<title>R\u00e9sum\u00e9 du samedi et observations vid\u00e9o de formation<\/title>\n<meta name=\"robots\" content=\"index, follow, max-snippet:-1, max-image-preview:large, max-video-preview:-1\" \/>\n<link rel=\"canonical\" href=\"https:\/\/footdavant.fr\/actualites\/resume-du-samedi-et-observations-video-de-formation\/\" \/>\n<meta property=\"og:locale\" content=\"fr_FR\" \/>\n<meta property=\"og:type\" content=\"article\" \/>\n<meta property=\"og:title\" content=\"R\u00e9sum\u00e9 du samedi et observations vid\u00e9o de formation\" \/>\n<meta property=\"og:description\" content=\"Matin. Commen\u00e7ons par un rapide tour d\u2019horizon samedi de toutes les actualit\u00e9s d\u2019Arsenal. Voil\u00e0. J&rsquo;ai regard\u00e9 la vid\u00e9o de formation de Duba\u00ef. Il n\u2019y avait\" \/>\n<meta property=\"og:url\" content=\"https:\/\/footdavant.fr\/actualites\/resume-du-samedi-et-observations-video-de-formation\/\" \/>\n<meta property=\"og:site_name\" content=\"Foot d&#039;avant\" \/>\n<meta property=\"article:publisher\" content=\"https:\/\/www.facebook.com\/Footdavant\/\" \/>\n<meta property=\"article:published_time\" content=\"2024-01-13T17:48:03+00:00\" \/>\n<meta property=\"article:modified_time\" content=\"2024-01-13T17:48:04+00:00\" \/>\n<meta property=\"og:image\" content=\"https:\/\/footdavant.fr\/actualites\/wp-content\/uploads\/2024\/01\/1705168083_Resume-du-samedi-et-observations-video-de-formation.jpg\" \/>\n\t<meta property=\"og:image:width\" content=\"1500\" \/>\n\t<meta property=\"og:image:height\" content=\"750\" \/>\n\t<meta property=\"og:image:type\" content=\"image\/jpeg\" \/>\n<meta name=\"author\" content=\"Cl\u00e9ment\" \/>\n<meta name=\"twitter:card\" content=\"summary_large_image\" \/>\n<meta name=\"twitter:creator\" content=\"@FootdavantFr\" \/>\n<meta name=\"twitter:site\" content=\"@FootdavantFr\" \/>\n<meta name=\"twitter:label1\" content=\"\u00c9crit par\" \/>\n\t<meta name=\"twitter:data1\" content=\"Cl\u00e9ment\" \/>\n\t<meta name=\"twitter:label2\" content=\"Dur\u00e9e de lecture estim\u00e9e\" \/>\n\t<meta name=\"twitter:data2\" content=\"4 minutes\" \/>\n<script type=\"application\/ld+json\" class=\"yoast-schema-graph\">{\"@context\":\"https:\/\/schema.org\",\"@graph\":[{\"@type\":\"Article\",\"@id\":\"https:\/\/footdavant.fr\/actualites\/resume-du-samedi-et-observations-video-de-formation\/#article\",\"isPartOf\":{\"@id\":\"https:\/\/footdavant.fr\/actualites\/resume-du-samedi-et-observations-video-de-formation\/\"},\"author\":{\"name\":\"Cl\u00e9ment\",\"@id\":\"https:\/\/footdavant.fr\/actualites\/#\/schema\/person\/bc222566d95871b37e597b3ed3ba5e1d\"},\"headline\":\"R\u00e9sum\u00e9 du samedi et observations vid\u00e9o de formation\",\"datePublished\":\"2024-01-13T17:48:03+00:00\",\"dateModified\":\"2024-01-13T17:48:04+00:00\",\"mainEntityOfPage\":{\"@id\":\"https:\/\/footdavant.fr\/actualites\/resume-du-samedi-et-observations-video-de-formation\/\"},\"wordCount\":731,\"publisher\":{\"@id\":\"https:\/\/footdavant.fr\/actualites\/#organization\"},\"keywords\":[\"formation\",\"observations\",\"R\u00e9sum\u00e9\",\"samedi\",\"Vid\u00e9o\"],\"articleSection\":[\"Football\"],\"inLanguage\":\"fr-FR\"},{\"@type\":\"WebPage\",\"@id\":\"https:\/\/footdavant.fr\/actualites\/resume-du-samedi-et-observations-video-de-formation\/\",\"url\":\"https:\/\/footdavant.fr\/actualites\/resume-du-samedi-et-observations-video-de-formation\/\",\"name\":\"R\u00e9sum\u00e9 du samedi et observations vid\u00e9o de formation\",\"isPartOf\":{\"@id\":\"https:\/\/footdavant.fr\/actualites\/#website\"},\"datePublished\":\"2024-01-13T17:48:03+00:00\",\"dateModified\":\"2024-01-13T17:48:04+00:00\",\"breadcrumb\":{\"@id\":\"https:\/\/footdavant.fr\/actualites\/resume-du-samedi-et-observations-video-de-formation\/#breadcrumb\"},\"inLanguage\":\"fr-FR\",\"potentialAction\":[{\"@type\":\"ReadAction\",\"target\":[\"https:\/\/footdavant.fr\/actualites\/resume-du-samedi-et-observations-video-de-formation\/\"]}]},{\"@type\":\"BreadcrumbList\",\"@id\":\"https:\/\/footdavant.fr\/actualites\/resume-du-samedi-et-observations-video-de-formation\/#breadcrumb\",\"itemListElement\":[{\"@type\":\"ListItem\",\"position\":1,\"name\":\"Accueil\",\"item\":\"https:\/\/footdavant.fr\/actualites\/\"},{\"@type\":\"ListItem\",\"position\":2,\"name\":\"R\u00e9sum\u00e9 du samedi et observations vid\u00e9o de formation\"}]},{\"@type\":\"WebSite\",\"@id\":\"https:\/\/footdavant.fr\/actualites\/#website\",\"url\":\"https:\/\/footdavant.fr\/actualites\/\",\"name\":\"Foot d'avant\",\"description\":\"\",\"publisher\":{\"@id\":\"https:\/\/footdavant.fr\/actualites\/#organization\"},\"potentialAction\":[{\"@type\":\"SearchAction\",\"target\":{\"@type\":\"EntryPoint\",\"urlTemplate\":\"https:\/\/footdavant.fr\/actualites\/?s={search_term_string}\"},\"query-input\":\"required name=search_term_string\"}],\"inLanguage\":\"fr-FR\"},{\"@type\":\"Organization\",\"@id\":\"https:\/\/footdavant.fr\/actualites\/#organization\",\"name\":\"Foot d'avant\",\"url\":\"https:\/\/footdavant.fr\/actualites\/\",\"logo\":{\"@type\":\"ImageObject\",\"inLanguage\":\"fr-FR\",\"@id\":\"https:\/\/footdavant.fr\/actualites\/#\/schema\/logo\/image\/\",\"url\":\"https:\/\/footdavant.fr\/actualites\/wp-content\/uploads\/2023\/09\/Copy-of-FootDavant-Logo.png\",\"contentUrl\":\"https:\/\/footdavant.fr\/actualites\/wp-content\/uploads\/2023\/09\/Copy-of-FootDavant-Logo.png\",\"width\":936,\"height\":549,\"caption\":\"Foot d'avant\"},\"image\":{\"@id\":\"https:\/\/footdavant.fr\/actualites\/#\/schema\/logo\/image\/\"},\"sameAs\":[\"https:\/\/www.facebook.com\/Footdavant\/\",\"https:\/\/twitter.com\/FootdavantFr\",\"https:\/\/www.instagram.com\/footdavant.fr\/\"]},{\"@type\":\"Person\",\"@id\":\"https:\/\/footdavant.fr\/actualites\/#\/schema\/person\/bc222566d95871b37e597b3ed3ba5e1d\",\"name\":\"Cl\u00e9ment\",\"image\":{\"@type\":\"ImageObject\",\"inLanguage\":\"fr-FR\",\"@id\":\"https:\/\/footdavant.fr\/actualites\/#\/schema\/person\/image\/\",\"url\":\"https:\/\/secure.gravatar.com\/avatar\/7728b29aac2719421e1a9159b2254c44?s=96&d=mm&r=g\",\"contentUrl\":\"https:\/\/secure.gravatar.com\/avatar\/7728b29aac2719421e1a9159b2254c44?s=96&d=mm&r=g\",\"caption\":\"Cl\u00e9ment\"},\"sameAs\":[\"https:\/\/footdavant.fr\/\"]}]}<\/script>\n<!-- \/ Yoast SEO plugin. -->","yoast_head_json":{"title":"R\u00e9sum\u00e9 du samedi et observations vid\u00e9o de formation","robots":{"index":"index","follow":"follow","max-snippet":"max-snippet:-1","max-image-preview":"max-image-preview:large","max-video-preview":"max-video-preview:-1"},"canonical":"https:\/\/footdavant.fr\/actualites\/resume-du-samedi-et-observations-video-de-formation\/","og_locale":"fr_FR","og_type":"article","og_title":"R\u00e9sum\u00e9 du samedi et observations vid\u00e9o de formation","og_description":"Matin. Commen\u00e7ons par un rapide tour d\u2019horizon samedi de toutes les actualit\u00e9s d\u2019Arsenal. Voil\u00e0. J&rsquo;ai regard\u00e9 la vid\u00e9o de formation de Duba\u00ef. Il n\u2019y avait","og_url":"https:\/\/footdavant.fr\/actualites\/resume-du-samedi-et-observations-video-de-formation\/","og_site_name":"Foot d&#039;avant","article_publisher":"https:\/\/www.facebook.com\/Footdavant\/","article_published_time":"2024-01-13T17:48:03+00:00","article_modified_time":"2024-01-13T17:48:04+00:00","og_image":[{"width":1500,"height":750,"url":"https:\/\/footdavant.fr\/actualites\/wp-content\/uploads\/2024\/01\/1705168083_Resume-du-samedi-et-observations-video-de-formation.jpg","type":"image\/jpeg"}],"author":"Cl\u00e9ment","twitter_card":"summary_large_image","twitter_creator":"@FootdavantFr","twitter_site":"@FootdavantFr","twitter_misc":{"\u00c9crit par":"Cl\u00e9ment","Dur\u00e9e de lecture estim\u00e9e":"4 minutes"},"schema":{"@context":"https:\/\/schema.org","@graph":[{"@type":"Article","@id":"https:\/\/footdavant.fr\/actualites\/resume-du-samedi-et-observations-video-de-formation\/#article","isPartOf":{"@id":"https:\/\/footdavant.fr\/actualites\/resume-du-samedi-et-observations-video-de-formation\/"},"author":{"name":"Cl\u00e9ment","@id":"https:\/\/footdavant.fr\/actualites\/#\/schema\/person\/bc222566d95871b37e597b3ed3ba5e1d"},"headline":"R\u00e9sum\u00e9 du samedi et observations vid\u00e9o de formation","datePublished":"2024-01-13T17:48:03+00:00","dateModified":"2024-01-13T17:48:04+00:00","mainEntityOfPage":{"@id":"https:\/\/footdavant.fr\/actualites\/resume-du-samedi-et-observations-video-de-formation\/"},"wordCount":731,"publisher":{"@id":"https:\/\/footdavant.fr\/actualites\/#organization"},"keywords":["formation","observations","R\u00e9sum\u00e9","samedi","Vid\u00e9o"],"articleSection":["Football"],"inLanguage":"fr-FR"},{"@type":"WebPage","@id":"https:\/\/footdavant.fr\/actualites\/resume-du-samedi-et-observations-video-de-formation\/","url":"https:\/\/footdavant.fr\/actualites\/resume-du-samedi-et-observations-video-de-formation\/","name":"R\u00e9sum\u00e9 du samedi et observations vid\u00e9o de formation","isPartOf":{"@id":"https:\/\/footdavant.fr\/actualites\/#website"},"datePublished":"2024-01-13T17:48:03+00:00","dateModified":"2024-01-13T17:48:04+00:00","breadcrumb":{"@id":"https:\/\/footdavant.fr\/actualites\/resume-du-samedi-et-observations-video-de-formation\/#breadcrumb"},"inLanguage":"fr-FR","potentialAction":[{"@type":"ReadAction","target":["https:\/\/footdavant.fr\/actualites\/resume-du-samedi-et-observations-video-de-formation\/"]}]},{"@type":"BreadcrumbList","@id":"https:\/\/footdavant.fr\/actualites\/resume-du-samedi-et-observations-video-de-formation\/#breadcrumb","itemListElement":[{"@type":"ListItem","position":1,"name":"Accueil","item":"https:\/\/footdavant.fr\/actualites\/"},{"@type":"ListItem","position":2,"name":"R\u00e9sum\u00e9 du samedi et observations vid\u00e9o de formation"}]},{"@type":"WebSite","@id":"https:\/\/footdavant.fr\/actualites\/#website","url":"https:\/\/footdavant.fr\/actualites\/","name":"Foot d'avant","description":"","publisher":{"@id":"https:\/\/footdavant.fr\/actualites\/#organization"},"potentialAction":[{"@type":"SearchAction","target":{"@type":"EntryPoint","urlTemplate":"https:\/\/footdavant.fr\/actualites\/?s={search_term_string}"},"query-input":"required name=search_term_string"}],"inLanguage":"fr-FR"},{"@type":"Organization","@id":"https:\/\/footdavant.fr\/actualites\/#organization","name":"Foot d'avant","url":"https:\/\/footdavant.fr\/actualites\/","logo":{"@type":"ImageObject","inLanguage":"fr-FR","@id":"https:\/\/footdavant.fr\/actualites\/#\/schema\/logo\/image\/","url":"https:\/\/footdavant.fr\/actualites\/wp-content\/uploads\/2023\/09\/Copy-of-FootDavant-Logo.png","contentUrl":"https:\/\/footdavant.fr\/actualites\/wp-content\/uploads\/2023\/09\/Copy-of-FootDavant-Logo.png","width":936,"height":549,"caption":"Foot d'avant"},"image":{"@id":"https:\/\/footdavant.fr\/actualites\/#\/schema\/logo\/image\/"},"sameAs":["https:\/\/www.facebook.com\/Footdavant\/","https:\/\/twitter.com\/FootdavantFr","https:\/\/www.instagram.com\/footdavant.fr\/"]},{"@type":"Person","@id":"https:\/\/footdavant.fr\/actualites\/#\/schema\/person\/bc222566d95871b37e597b3ed3ba5e1d","name":"Cl\u00e9ment","image":{"@type":"ImageObject","inLanguage":"fr-FR","@id":"https:\/\/footdavant.fr\/actualites\/#\/schema\/person\/image\/","url":"https:\/\/secure.gravatar.com\/avatar\/7728b29aac2719421e1a9159b2254c44?s=96&d=mm&r=g","contentUrl":"https:\/\/secure.gravatar.com\/avatar\/7728b29aac2719421e1a9159b2254c44?s=96&d=mm&r=g","caption":"Cl\u00e9ment"},"sameAs":["https:\/\/footdavant.fr\/"]}]}},"_links":{"self":[{"href":"https:\/\/footdavant.fr\/actualites\/wp-json\/wp\/v2\/posts\/3815"}],"collection":[{"href":"https:\/\/footdavant.fr\/actualites\/wp-json\/wp\/v2\/posts"}],"about":[{"href":"https:\/\/footdavant.fr\/actualites\/wp-json\/wp\/v2\/types\/post"}],"author":[{"embeddable":true,"href":"https:\/\/footdavant.fr\/actualites\/wp-json\/wp\/v2\/users\/1"}],"replies":[{"embeddable":true,"href":"https:\/\/footdavant.fr\/actualites\/wp-json\/wp\/v2\/comments?post=3815"}],"version-history":[{"count":1,"href":"https:\/\/footdavant.fr\/actualites\/wp-json\/wp\/v2\/posts\/3815\/revisions"}],"predecessor-version":[{"id":3817,"href":"https:\/\/footdavant.fr\/actualites\/wp-json\/wp\/v2\/posts\/3815\/revisions\/3817"}],"wp:featuredmedia":[{"embeddable":true,"href":"https:\/\/footdavant.fr\/actualites\/wp-json\/wp\/v2\/media\/3816"}],"wp:attachment":[{"href":"https:\/\/footdavant.fr\/actualites\/wp-json\/wp\/v2\/media?parent=3815"}],"wp:term":[{"taxonomy":"category","embeddable":true,"href":"https:\/\/footdavant.fr\/actualites\/wp-json\/wp\/v2\/categories?post=3815"},{"taxonomy":"post_tag","embeddable":true,"href":"https:\/\/footdavant.fr\/actualites\/wp-json\/wp\/v2\/tags?post=3815"}],"curies":[{"name":"wp","href":"https:\/\/api.w.org\/{rel}","templated":true}]}}