{"id":3824,"date":"2024-01-13T21:49:26","date_gmt":"2024-01-13T20:49:26","guid":{"rendered":"https:\/\/footdavant.fr\/actualites\/cancelo-se-devoile-sur-la-mort-de-sa-mere-filomena\/"},"modified":"2024-01-16T09:51:21","modified_gmt":"2024-01-16T08:51:21","slug":"cancelo-se-devoile-sur-la-mort-de-sa-mere-filomena","status":"publish","type":"post","link":"https:\/\/footdavant.fr\/actualites\/cancelo-se-devoile-sur-la-mort-de-sa-mere-filomena\/","title":{"rendered":"Cancelo se d\u00e9voile sur la mort de sa m\u00e8re Filomena"},"content":{"rendered":"<h2>Jo\u00e3o Cancelo : le triomphe dans l&rsquo;adversit\u00e9<\/h2>\n<p>C&rsquo;est avec une \u00e9motion palpable que Jo\u00e3o Cancelo parle de sa ch\u00e8re m\u00e8re, Filomena, disparue trop t\u00f4t. Le joueur de football professionnel de l&rsquo;\u00e9quipe de Manchester City a captiv\u00e9 le monde du sport en partageant l&rsquo;\u00e9preuve la plus d\u00e9chirante de sa vie et la mani\u00e8re dont celle-ci a fa\u00e7onn\u00e9 sa carri\u00e8re et sa personne.<\/p>\n<h2>Une \u00e9preuve traumatisante<\/h2>\n<p>La tristesse dans les yeux de Cancelo est \u00e0 peine dissimul\u00e9e lorsqu&rsquo;il revient sur ce jour fatidique de 2013. Son monde s&rsquo;effondre lorsque Filomena, sa m\u00e8re, succombe \u00e0 une maladie prolong\u00e9e. Rugissant de douleur \u00e0 l&rsquo;int\u00e9rieur, Cancelo n&rsquo;en \u00e9tait pas moins forc\u00e9 de contenir ses \u00e9motions, de maintenir un visage impassible : le monde du football professionnel n&rsquo;est pas un endroit pour montrer sa vuln\u00e9rabilit\u00e9.<\/p>\n<h2>Le football comme refuge<\/h2>\n<p>Cancelo d\u00e9taille sa lutte pour faire face au traumatisme et \u00e0 la perte. Le terrain de football est devenu son refuge, lieu o\u00f9 il pouvait \u00e9vacuer sa douleur \u00e0 travers des passes agressives, des courses effr\u00e9n\u00e9es, des tacles acharn\u00e9s. Ironiquement, cette p\u00e9riode sombre a \u00e9t\u00e9 le d\u00e9clencheur de la progression fulgurante de sa carri\u00e8re : la douleur a galvanis\u00e9 sa volont\u00e9 de devenir meilleur sur le terrain, de marquer son nom dans l&rsquo;histoire du football.<\/p>\n<h2>La force d&rsquo;une m\u00e8re<\/h2>\n<p>\u00c0 l\u2019\u00e9vocation de Filomena, les sentiments de tristesse laissent place \u00e0 un profond respect et une gratitude incommensurable. Il souligne combien elle \u00e9tait une femme exceptionnelle, une m\u00e8re aimante et une force constante dans sa vie, m\u00eame apr\u00e8s sa mort. Il n&rsquo;est pas difficile d&rsquo;imaginer que cette d\u00e9termination silencieuse mais r\u00e9solue est un h\u00e9ritage transmis de Filomena \u00e0 son fils.<\/p>\n<h2>Le legs de Filomena<\/h2>\n<p>Pouss\u00e9 par la douleur et le d\u00e9sir de faire honneur \u00e0 sa m\u00e8re, Cancelo a su s&rsquo;\u00e9lever au-dessus de ses d\u00e9fis personnels. Ses exploits sur le terrain lui ont valu une renomm\u00e9e internationale, tandis que sa t\u00e9nacit\u00e9 mentale a inspir\u00e9 de nombreux autres joueurs \u00e0 pers\u00e9v\u00e9rer dans l&rsquo;adversit\u00e9. En faisant cela, il a non seulement gard\u00e9 sa promesse \u00e0 sa m\u00e8re, mais il a aussi d\u00e9montr\u00e9 au monde entier l&rsquo;influence que Filomena avait sur lui &#8211; une influence qui continue d&rsquo;orienter sa carri\u00e8re et sa vie.<\/p>\n<p>Dans tout cet entrelacs de souffrances et de victoires, Jo\u00e3o Cancelo se d\u00e9voile comme un homme fa\u00e7onn\u00e9 par le profond amour pour sa m\u00e8re. Il a travers\u00e9 des \u00e9preuves qui en auraient bris\u00e9 d&rsquo;autres, mais il a tir\u00e9 sa force de la m\u00e9moire de sa m\u00e8re ador\u00e9e. Son histoire est un testament poignant de la force de la r\u00e9silience humaine et de l&rsquo;amour ind\u00e9fectible d&rsquo;un fils pour sa m\u00e8re.<\/p>\n","protected":false},"excerpt":{"rendered":"<p>Jo\u00e3o Cancelo : le triomphe dans l&rsquo;adversit\u00e9 C&rsquo;est avec une \u00e9motion palpable que Jo\u00e3o Cancelo parle de sa ch\u00e8re m\u00e8re, Filomena, disparue trop t\u00f4t. Le<\/p>\n","protected":false},"author":1,"featured_media":3945,"comment_status":"closed","ping_status":"closed","sticky":true,"template":"","format":"standard","meta":{"footnotes":""},"categories":[3],"tags":[1285,2038,3031,3030,1586,103],"yoast_head":"<!-- This site is optimized with the Yoast SEO plugin v21.0 - https:\/\/yoast.com\/wordpress\/plugins\/seo\/ -->\n<title>Cancelo se d\u00e9voile sur la mort de sa m\u00e8re Filomena<\/title>\n<meta name=\"robots\" content=\"index, follow, max-snippet:-1, max-image-preview:large, max-video-preview:-1\" \/>\n<link rel=\"canonical\" href=\"https:\/\/footdavant.fr\/actualites\/cancelo-se-devoile-sur-la-mort-de-sa-mere-filomena\/\" \/>\n<meta property=\"og:locale\" content=\"fr_FR\" \/>\n<meta property=\"og:type\" content=\"article\" \/>\n<meta property=\"og:title\" content=\"Cancelo se d\u00e9voile sur la mort de sa m\u00e8re Filomena\" \/>\n<meta property=\"og:description\" content=\"Jo\u00e3o Cancelo : le triomphe dans l&rsquo;adversit\u00e9 C&rsquo;est avec une \u00e9motion palpable que Jo\u00e3o Cancelo parle de sa ch\u00e8re m\u00e8re, Filomena, disparue trop t\u00f4t. Le\" \/>\n<meta property=\"og:url\" content=\"https:\/\/footdavant.fr\/actualites\/cancelo-se-devoile-sur-la-mort-de-sa-mere-filomena\/\" \/>\n<meta property=\"og:site_name\" content=\"Foot d&#039;avant\" \/>\n<meta property=\"article:publisher\" content=\"https:\/\/www.facebook.com\/Footdavant\/\" \/>\n<meta property=\"article:published_time\" content=\"2024-01-13T20:49:26+00:00\" \/>\n<meta property=\"article:modified_time\" content=\"2024-01-16T08:51:21+00:00\" \/>\n<meta property=\"og:image\" content=\"https:\/\/footdavant.fr\/actualites\/wp-content\/uploads\/2024\/01\/Cancelo-se-devoile-sur-la-mort-de-sa-mere-Filomena.webp\" \/>\n\t<meta property=\"og:image:width\" content=\"1200\" \/>\n\t<meta property=\"og:image:height\" content=\"750\" \/>\n\t<meta property=\"og:image:type\" content=\"image\/webp\" \/>\n<meta name=\"author\" content=\"Cl\u00e9ment\" \/>\n<meta name=\"twitter:card\" content=\"summary_large_image\" \/>\n<meta name=\"twitter:creator\" content=\"@FootdavantFr\" \/>\n<meta name=\"twitter:site\" content=\"@FootdavantFr\" \/>\n<meta name=\"twitter:label1\" content=\"\u00c9crit par\" \/>\n\t<meta name=\"twitter:data1\" content=\"Cl\u00e9ment\" \/>\n\t<meta name=\"twitter:label2\" content=\"Dur\u00e9e de lecture estim\u00e9e\" \/>\n\t<meta name=\"twitter:data2\" content=\"3 minutes\" \/>\n<script type=\"application\/ld+json\" class=\"yoast-schema-graph\">{\"@context\":\"https:\/\/schema.org\",\"@graph\":[{\"@type\":\"Article\",\"@id\":\"https:\/\/footdavant.fr\/actualites\/cancelo-se-devoile-sur-la-mort-de-sa-mere-filomena\/#article\",\"isPartOf\":{\"@id\":\"https:\/\/footdavant.fr\/actualites\/cancelo-se-devoile-sur-la-mort-de-sa-mere-filomena\/\"},\"author\":{\"name\":\"Cl\u00e9ment\",\"@id\":\"https:\/\/footdavant.fr\/actualites\/#\/schema\/person\/bc222566d95871b37e597b3ed3ba5e1d\"},\"headline\":\"Cancelo se d\u00e9voile sur la mort de sa m\u00e8re Filomena\",\"datePublished\":\"2024-01-13T20:49:26+00:00\",\"dateModified\":\"2024-01-16T08:51:21+00:00\",\"mainEntityOfPage\":{\"@id\":\"https:\/\/footdavant.fr\/actualites\/cancelo-se-devoile-sur-la-mort-de-sa-mere-filomena\/\"},\"wordCount\":480,\"publisher\":{\"@id\":\"https:\/\/footdavant.fr\/actualites\/#organization\"},\"keywords\":[\"Cancelo\",\"d\u00e9voil\u00e9\",\"Filomena\",\"m\u00e8re\",\"mort\",\"sur\"],\"articleSection\":[\"Football\"],\"inLanguage\":\"fr-FR\"},{\"@type\":\"WebPage\",\"@id\":\"https:\/\/footdavant.fr\/actualites\/cancelo-se-devoile-sur-la-mort-de-sa-mere-filomena\/\",\"url\":\"https:\/\/footdavant.fr\/actualites\/cancelo-se-devoile-sur-la-mort-de-sa-mere-filomena\/\",\"name\":\"Cancelo se d\u00e9voile sur la mort de sa m\u00e8re Filomena\",\"isPartOf\":{\"@id\":\"https:\/\/footdavant.fr\/actualites\/#website\"},\"datePublished\":\"2024-01-13T20:49:26+00:00\",\"dateModified\":\"2024-01-16T08:51:21+00:00\",\"breadcrumb\":{\"@id\":\"https:\/\/footdavant.fr\/actualites\/cancelo-se-devoile-sur-la-mort-de-sa-mere-filomena\/#breadcrumb\"},\"inLanguage\":\"fr-FR\",\"potentialAction\":[{\"@type\":\"ReadAction\",\"target\":[\"https:\/\/footdavant.fr\/actualites\/cancelo-se-devoile-sur-la-mort-de-sa-mere-filomena\/\"]}]},{\"@type\":\"BreadcrumbList\",\"@id\":\"https:\/\/footdavant.fr\/actualites\/cancelo-se-devoile-sur-la-mort-de-sa-mere-filomena\/#breadcrumb\",\"itemListElement\":[{\"@type\":\"ListItem\",\"position\":1,\"name\":\"Accueil\",\"item\":\"https:\/\/footdavant.fr\/actualites\/\"},{\"@type\":\"ListItem\",\"position\":2,\"name\":\"Cancelo se d\u00e9voile sur la mort de sa m\u00e8re Filomena\"}]},{\"@type\":\"WebSite\",\"@id\":\"https:\/\/footdavant.fr\/actualites\/#website\",\"url\":\"https:\/\/footdavant.fr\/actualites\/\",\"name\":\"Foot d'avant\",\"description\":\"\",\"publisher\":{\"@id\":\"https:\/\/footdavant.fr\/actualites\/#organization\"},\"potentialAction\":[{\"@type\":\"SearchAction\",\"target\":{\"@type\":\"EntryPoint\",\"urlTemplate\":\"https:\/\/footdavant.fr\/actualites\/?s={search_term_string}\"},\"query-input\":\"required name=search_term_string\"}],\"inLanguage\":\"fr-FR\"},{\"@type\":\"Organization\",\"@id\":\"https:\/\/footdavant.fr\/actualites\/#organization\",\"name\":\"Foot d'avant\",\"url\":\"https:\/\/footdavant.fr\/actualites\/\",\"logo\":{\"@type\":\"ImageObject\",\"inLanguage\":\"fr-FR\",\"@id\":\"https:\/\/footdavant.fr\/actualites\/#\/schema\/logo\/image\/\",\"url\":\"https:\/\/footdavant.fr\/actualites\/wp-content\/uploads\/2023\/09\/Copy-of-FootDavant-Logo.png\",\"contentUrl\":\"https:\/\/footdavant.fr\/actualites\/wp-content\/uploads\/2023\/09\/Copy-of-FootDavant-Logo.png\",\"width\":936,\"height\":549,\"caption\":\"Foot d'avant\"},\"image\":{\"@id\":\"https:\/\/footdavant.fr\/actualites\/#\/schema\/logo\/image\/\"},\"sameAs\":[\"https:\/\/www.facebook.com\/Footdavant\/\",\"https:\/\/twitter.com\/FootdavantFr\",\"https:\/\/www.instagram.com\/footdavant.fr\/\"]},{\"@type\":\"Person\",\"@id\":\"https:\/\/footdavant.fr\/actualites\/#\/schema\/person\/bc222566d95871b37e597b3ed3ba5e1d\",\"name\":\"Cl\u00e9ment\",\"image\":{\"@type\":\"ImageObject\",\"inLanguage\":\"fr-FR\",\"@id\":\"https:\/\/footdavant.fr\/actualites\/#\/schema\/person\/image\/\",\"url\":\"https:\/\/secure.gravatar.com\/avatar\/7728b29aac2719421e1a9159b2254c44?s=96&d=mm&r=g\",\"contentUrl\":\"https:\/\/secure.gravatar.com\/avatar\/7728b29aac2719421e1a9159b2254c44?s=96&d=mm&r=g\",\"caption\":\"Cl\u00e9ment\"},\"sameAs\":[\"https:\/\/footdavant.fr\/\"]}]}<\/script>\n<!-- \/ Yoast SEO plugin. -->","yoast_head_json":{"title":"Cancelo se d\u00e9voile sur la mort de sa m\u00e8re Filomena","robots":{"index":"index","follow":"follow","max-snippet":"max-snippet:-1","max-image-preview":"max-image-preview:large","max-video-preview":"max-video-preview:-1"},"canonical":"https:\/\/footdavant.fr\/actualites\/cancelo-se-devoile-sur-la-mort-de-sa-mere-filomena\/","og_locale":"fr_FR","og_type":"article","og_title":"Cancelo se d\u00e9voile sur la mort de sa m\u00e8re Filomena","og_description":"Jo\u00e3o Cancelo : le triomphe dans l&rsquo;adversit\u00e9 C&rsquo;est avec une \u00e9motion palpable que Jo\u00e3o Cancelo parle de sa ch\u00e8re m\u00e8re, Filomena, disparue trop t\u00f4t. Le","og_url":"https:\/\/footdavant.fr\/actualites\/cancelo-se-devoile-sur-la-mort-de-sa-mere-filomena\/","og_site_name":"Foot d&#039;avant","article_publisher":"https:\/\/www.facebook.com\/Footdavant\/","article_published_time":"2024-01-13T20:49:26+00:00","article_modified_time":"2024-01-16T08:51:21+00:00","og_image":[{"width":1200,"height":750,"url":"https:\/\/footdavant.fr\/actualites\/wp-content\/uploads\/2024\/01\/Cancelo-se-devoile-sur-la-mort-de-sa-mere-Filomena.webp","type":"image\/webp"}],"author":"Cl\u00e9ment","twitter_card":"summary_large_image","twitter_creator":"@FootdavantFr","twitter_site":"@FootdavantFr","twitter_misc":{"\u00c9crit par":"Cl\u00e9ment","Dur\u00e9e de lecture estim\u00e9e":"3 minutes"},"schema":{"@context":"https:\/\/schema.org","@graph":[{"@type":"Article","@id":"https:\/\/footdavant.fr\/actualites\/cancelo-se-devoile-sur-la-mort-de-sa-mere-filomena\/#article","isPartOf":{"@id":"https:\/\/footdavant.fr\/actualites\/cancelo-se-devoile-sur-la-mort-de-sa-mere-filomena\/"},"author":{"name":"Cl\u00e9ment","@id":"https:\/\/footdavant.fr\/actualites\/#\/schema\/person\/bc222566d95871b37e597b3ed3ba5e1d"},"headline":"Cancelo se d\u00e9voile sur la mort de sa m\u00e8re Filomena","datePublished":"2024-01-13T20:49:26+00:00","dateModified":"2024-01-16T08:51:21+00:00","mainEntityOfPage":{"@id":"https:\/\/footdavant.fr\/actualites\/cancelo-se-devoile-sur-la-mort-de-sa-mere-filomena\/"},"wordCount":480,"publisher":{"@id":"https:\/\/footdavant.fr\/actualites\/#organization"},"keywords":["Cancelo","d\u00e9voil\u00e9","Filomena","m\u00e8re","mort","sur"],"articleSection":["Football"],"inLanguage":"fr-FR"},{"@type":"WebPage","@id":"https:\/\/footdavant.fr\/actualites\/cancelo-se-devoile-sur-la-mort-de-sa-mere-filomena\/","url":"https:\/\/footdavant.fr\/actualites\/cancelo-se-devoile-sur-la-mort-de-sa-mere-filomena\/","name":"Cancelo se d\u00e9voile sur la mort de sa m\u00e8re Filomena","isPartOf":{"@id":"https:\/\/footdavant.fr\/actualites\/#website"},"datePublished":"2024-01-13T20:49:26+00:00","dateModified":"2024-01-16T08:51:21+00:00","breadcrumb":{"@id":"https:\/\/footdavant.fr\/actualites\/cancelo-se-devoile-sur-la-mort-de-sa-mere-filomena\/#breadcrumb"},"inLanguage":"fr-FR","potentialAction":[{"@type":"ReadAction","target":["https:\/\/footdavant.fr\/actualites\/cancelo-se-devoile-sur-la-mort-de-sa-mere-filomena\/"]}]},{"@type":"BreadcrumbList","@id":"https:\/\/footdavant.fr\/actualites\/cancelo-se-devoile-sur-la-mort-de-sa-mere-filomena\/#breadcrumb","itemListElement":[{"@type":"ListItem","position":1,"name":"Accueil","item":"https:\/\/footdavant.fr\/actualites\/"},{"@type":"ListItem","position":2,"name":"Cancelo se d\u00e9voile sur la mort de sa m\u00e8re Filomena"}]},{"@type":"WebSite","@id":"https:\/\/footdavant.fr\/actualites\/#website","url":"https:\/\/footdavant.fr\/actualites\/","name":"Foot d'avant","description":"","publisher":{"@id":"https:\/\/footdavant.fr\/actualites\/#organization"},"potentialAction":[{"@type":"SearchAction","target":{"@type":"EntryPoint","urlTemplate":"https:\/\/footdavant.fr\/actualites\/?s={search_term_string}"},"query-input":"required name=search_term_string"}],"inLanguage":"fr-FR"},{"@type":"Organization","@id":"https:\/\/footdavant.fr\/actualites\/#organization","name":"Foot d'avant","url":"https:\/\/footdavant.fr\/actualites\/","logo":{"@type":"ImageObject","inLanguage":"fr-FR","@id":"https:\/\/footdavant.fr\/actualites\/#\/schema\/logo\/image\/","url":"https:\/\/footdavant.fr\/actualites\/wp-content\/uploads\/2023\/09\/Copy-of-FootDavant-Logo.png","contentUrl":"https:\/\/footdavant.fr\/actualites\/wp-content\/uploads\/2023\/09\/Copy-of-FootDavant-Logo.png","width":936,"height":549,"caption":"Foot d'avant"},"image":{"@id":"https:\/\/footdavant.fr\/actualites\/#\/schema\/logo\/image\/"},"sameAs":["https:\/\/www.facebook.com\/Footdavant\/","https:\/\/twitter.com\/FootdavantFr","https:\/\/www.instagram.com\/footdavant.fr\/"]},{"@type":"Person","@id":"https:\/\/footdavant.fr\/actualites\/#\/schema\/person\/bc222566d95871b37e597b3ed3ba5e1d","name":"Cl\u00e9ment","image":{"@type":"ImageObject","inLanguage":"fr-FR","@id":"https:\/\/footdavant.fr\/actualites\/#\/schema\/person\/image\/","url":"https:\/\/secure.gravatar.com\/avatar\/7728b29aac2719421e1a9159b2254c44?s=96&d=mm&r=g","contentUrl":"https:\/\/secure.gravatar.com\/avatar\/7728b29aac2719421e1a9159b2254c44?s=96&d=mm&r=g","caption":"Cl\u00e9ment"},"sameAs":["https:\/\/footdavant.fr\/"]}]}},"_links":{"self":[{"href":"https:\/\/footdavant.fr\/actualites\/wp-json\/wp\/v2\/posts\/3824"}],"collection":[{"href":"https:\/\/footdavant.fr\/actualites\/wp-json\/wp\/v2\/posts"}],"about":[{"href":"https:\/\/footdavant.fr\/actualites\/wp-json\/wp\/v2\/types\/post"}],"author":[{"embeddable":true,"href":"https:\/\/footdavant.fr\/actualites\/wp-json\/wp\/v2\/users\/1"}],"replies":[{"embeddable":true,"href":"https:\/\/footdavant.fr\/actualites\/wp-json\/wp\/v2\/comments?post=3824"}],"version-history":[{"count":1,"href":"https:\/\/footdavant.fr\/actualites\/wp-json\/wp\/v2\/posts\/3824\/revisions"}],"predecessor-version":[{"id":3946,"href":"https:\/\/footdavant.fr\/actualites\/wp-json\/wp\/v2\/posts\/3824\/revisions\/3946"}],"wp:featuredmedia":[{"embeddable":true,"href":"https:\/\/footdavant.fr\/actualites\/wp-json\/wp\/v2\/media\/3945"}],"wp:attachment":[{"href":"https:\/\/footdavant.fr\/actualites\/wp-json\/wp\/v2\/media?parent=3824"}],"wp:term":[{"taxonomy":"category","embeddable":true,"href":"https:\/\/footdavant.fr\/actualites\/wp-json\/wp\/v2\/categories?post=3824"},{"taxonomy":"post_tag","embeddable":true,"href":"https:\/\/footdavant.fr\/actualites\/wp-json\/wp\/v2\/tags?post=3824"}],"curies":[{"name":"wp","href":"https:\/\/api.w.org\/{rel}","templated":true}]}}