{"id":3835,"date":"2024-01-14T04:53:13","date_gmt":"2024-01-14T03:53:13","guid":{"rendered":"https:\/\/footdavant.fr\/actualites\/unai-emery-calum-chambers-et-bertrand-traore-peuvent-quitter-aston-villa\/"},"modified":"2024-01-14T04:53:14","modified_gmt":"2024-01-14T03:53:14","slug":"unai-emery-calum-chambers-et-bertrand-traore-peuvent-quitter-aston-villa","status":"publish","type":"post","link":"https:\/\/footdavant.fr\/actualites\/unai-emery-calum-chambers-et-bertrand-traore-peuvent-quitter-aston-villa\/","title":{"rendered":"Unai Emery : \u00ab\u00a0Calum Chambers et Bertrand Traor\u00e9 peuvent quitter Aston Villa\u00a0\u00bb"},"content":{"rendered":"<p>Le patron d&rsquo;Aston Villa, Unai Emery, a d\u00e9clar\u00e9 que Calum Chambers et Bertrand Traor\u00e9 \u00e9taient disponibles pour un transfert ce mois-ci.<\/p>\n<div id=\"article_body\" itemprop=\"articleBody\">\n<h3 class=\"firstPara\">\n<strong class=\"autotag\">Aston Villa<\/strong> directeur <strong class=\"autotag\">Unai Emery<\/strong> a r\u00e9v\u00e9l\u00e9 que <strong class=\"autotag\">Chambres Calum<\/strong> et <strong class=\"autotag\">Bertrand Traor\u00e9<\/strong> ont \u00e9t\u00e9 inscrits sur la liste de transfert.<\/h3>\n<p>L\u2019\u00e9quipe des West Midlands conna\u00eet sa meilleure campagne de m\u00e9moire r\u00e9cente, occupant la deuxi\u00e8me position du classement de la Premier League et s\u2019\u00e9tant qualifi\u00e9e pour les huiti\u00e8mes de finale de l\u2019Europa Conference League.<\/p>\n<p>Emery a d\u00fb utiliser pleinement son \u00e9quipe pour g\u00e9rer la charge de travail, mais Chambers et Traor\u00e9 ont \u00e0 peine \u00e9t\u00e9 utilis\u00e9s.<\/p>\n<p>Chambers n&rsquo;a pas jou\u00e9 une seule minute dans l&rsquo;\u00e9lite et a \u00e9t\u00e9 limit\u00e9 \u00e0 seulement 178 minutes sur trois matches en Europe.<\/p>\n<p>Pendant ce temps, Traor\u00e9 n&rsquo;a eu droit qu&rsquo;\u00e0 six sorties de remplacement toutes comp\u00e9titions confondues, ne jouant pas plus de neuf minutes dans un match depuis d\u00e9but septembre.<\/p>\n<p class=\"imgI\">\n<p>Il reste moins de six mois \u00e0 Traor\u00e9 sur son contrat, Chambers ayant un contrat jusqu&rsquo;en 2025, mais Emery est heureux de retirer chaque joueur de la masse salariale du club.<\/p>\n<p>N\u00e9anmoins, Emery a indiqu\u00e9 que Villa \u00e9tait pr\u00eate \u00e0 rester patiente lors du mercato de janvier apr\u00e8s avoir \u00e9t\u00e9 impressionn\u00e9e par les joueurs actuels \u00e0 sa disposition.<\/p>\n<p>S&rsquo;adressant aux journalistes, l&rsquo;Espagnol a d\u00e9clar\u00e9 : \u00ab\u00a0Nous ne sommes pas tr\u00e8s concentr\u00e9s sur le mercato car nous sommes deuxi\u00e8mes pour le moment.<\/p>\n<p>\u00ab\u00a0Nous r\u00e9cup\u00e9rons certains joueurs qui \u00e9taient absents depuis le d\u00e9but de la saison jusqu&rsquo;\u00e0 maintenant, comme <strong class=\"autotag\">Alex Moreno<\/strong> et <strong class=\"autotag\">Jacob Ramsey<\/strong>.  Je suis tr\u00e8s content des joueurs, tr\u00e8s content.  L\u2019engagement des joueurs est vraiment bon.<\/p>\n<p class=\"imgI\"><img decoding=\"async\" loading=\"lazy\" class=\"l\" src=\"https:\/\/footdavant.fr\/actualites\/wp-content\/uploads\/2024\/01\/Unai-Emery-Calum-Chambers-et-Bertrand-Traore-peuvent-quitter.jpg\" title=\"Le manager d'Aston Villa, Unai Emery, r\u00e9agit le 30 d\u00e9cembre 2023\" alt=\"Le manager d'Aston Villa, Unai Emery, r\u00e9agit le 30 d\u00e9cembre 2023\" width=\"640\" height=\"480\"><\/p>\n<p>\u00ab\u00a0Deux joueurs peuvent partir : Calum Chambers et Bertrand Traor\u00e9. Ce sont deux joueurs qui connaissent leur situation \u00e0 travers des circonstances diff\u00e9rentes.<\/p>\n<p>\u00ab\u00a0Il y a d&rsquo;autres joueurs qui peuvent partir et s&rsquo;ils le font, alors nous pouvons penser \u00e0 ajouter un ou deux joueurs. Les joueurs que nous avons actuellement, je veux les soutenir et les aider. Nous devons \u00eatre exigeants pour augmenter la qualit\u00e9 pour que ce ne soit pas le cas. facile d&rsquo;obtenir quelque chose dans cette fen\u00eatre de transfert.<\/p>\n<p>Emery a largement r\u00e9ussi \u00e0 s\u00e9lectionner une \u00e9quipe stable en Premier League avec jusqu&rsquo;\u00e0 neuf joueurs titulaires au moins 16 de leurs 20 matches.<\/p>\n<p>Alors que Liverpool n&rsquo;est pas en action avant le week-end prochain, Villa a l&rsquo;opportunit\u00e9 de revenir \u00e0 \u00e9galit\u00e9 de points avec les leaders lorsqu&rsquo;elle affrontera Everton \u00e0 Goodison Park dimanche.<\/p>\n<\/div>\n","protected":false},"excerpt":{"rendered":"<p>Le patron d&rsquo;Aston Villa, Unai Emery, a d\u00e9clar\u00e9 que Calum Chambers et Bertrand Traor\u00e9 \u00e9taient disponibles pour un transfert ce mois-ci. Aston Villa directeur Unai<\/p>\n","protected":false},"author":1,"featured_media":3836,"comment_status":"closed","ping_status":"","sticky":false,"template":"","format":"standard","meta":{"footnotes":""},"categories":[5],"tags":[369,3039,3037,3038,641,459,170,3040,640,370],"yoast_head":"<!-- This site is optimized with the Yoast SEO plugin v21.0 - https:\/\/yoast.com\/wordpress\/plugins\/seo\/ -->\n<title>Unai Emery : &quot;Calum Chambers et Bertrand Traor\u00e9 peuvent quitter Aston Villa&quot;<\/title>\n<meta name=\"robots\" content=\"index, follow, max-snippet:-1, max-image-preview:large, max-video-preview:-1\" \/>\n<link rel=\"canonical\" href=\"https:\/\/footdavant.fr\/actualites\/unai-emery-calum-chambers-et-bertrand-traore-peuvent-quitter-aston-villa\/\" \/>\n<meta property=\"og:locale\" content=\"fr_FR\" \/>\n<meta property=\"og:type\" content=\"article\" \/>\n<meta property=\"og:title\" content=\"Unai Emery : &quot;Calum Chambers et Bertrand Traor\u00e9 peuvent quitter Aston Villa&quot;\" \/>\n<meta property=\"og:description\" content=\"Le patron d&rsquo;Aston Villa, Unai Emery, a d\u00e9clar\u00e9 que Calum Chambers et Bertrand Traor\u00e9 \u00e9taient disponibles pour un transfert ce mois-ci. Aston Villa directeur Unai\" \/>\n<meta property=\"og:url\" content=\"https:\/\/footdavant.fr\/actualites\/unai-emery-calum-chambers-et-bertrand-traore-peuvent-quitter-aston-villa\/\" \/>\n<meta property=\"og:site_name\" content=\"Foot d&#039;avant\" \/>\n<meta property=\"article:publisher\" content=\"https:\/\/www.facebook.com\/Footdavant\/\" \/>\n<meta property=\"article:published_time\" content=\"2024-01-14T03:53:13+00:00\" \/>\n<meta property=\"article:modified_time\" content=\"2024-01-14T03:53:14+00:00\" \/>\n<meta property=\"og:image\" content=\"https:\/\/footdavant.fr\/actualites\/wp-content\/uploads\/2024\/01\/Unai-Emery-Calum-Chambers-et-Bertrand-Traore-peuvent-quitter.JPG\" \/>\n\t<meta property=\"og:image:width\" content=\"640\" \/>\n\t<meta property=\"og:image:height\" content=\"480\" \/>\n\t<meta property=\"og:image:type\" content=\"image\/jpeg\" \/>\n<meta name=\"author\" content=\"Cl\u00e9ment\" \/>\n<meta name=\"twitter:card\" content=\"summary_large_image\" \/>\n<meta name=\"twitter:creator\" content=\"@FootdavantFr\" \/>\n<meta name=\"twitter:site\" content=\"@FootdavantFr\" \/>\n<meta name=\"twitter:label1\" content=\"\u00c9crit par\" \/>\n\t<meta name=\"twitter:data1\" content=\"Cl\u00e9ment\" \/>\n\t<meta name=\"twitter:label2\" content=\"Dur\u00e9e de lecture estim\u00e9e\" \/>\n\t<meta name=\"twitter:data2\" content=\"2 minutes\" \/>\n<script type=\"application\/ld+json\" class=\"yoast-schema-graph\">{\"@context\":\"https:\/\/schema.org\",\"@graph\":[{\"@type\":\"Article\",\"@id\":\"https:\/\/footdavant.fr\/actualites\/unai-emery-calum-chambers-et-bertrand-traore-peuvent-quitter-aston-villa\/#article\",\"isPartOf\":{\"@id\":\"https:\/\/footdavant.fr\/actualites\/unai-emery-calum-chambers-et-bertrand-traore-peuvent-quitter-aston-villa\/\"},\"author\":{\"name\":\"Cl\u00e9ment\",\"@id\":\"https:\/\/footdavant.fr\/actualites\/#\/schema\/person\/bc222566d95871b37e597b3ed3ba5e1d\"},\"headline\":\"Unai Emery : \u00ab\u00a0Calum Chambers et Bertrand Traor\u00e9 peuvent quitter Aston Villa\u00a0\u00bb\",\"datePublished\":\"2024-01-14T03:53:13+00:00\",\"dateModified\":\"2024-01-14T03:53:14+00:00\",\"mainEntityOfPage\":{\"@id\":\"https:\/\/footdavant.fr\/actualites\/unai-emery-calum-chambers-et-bertrand-traore-peuvent-quitter-aston-villa\/\"},\"wordCount\":430,\"publisher\":{\"@id\":\"https:\/\/footdavant.fr\/actualites\/#organization\"},\"keywords\":[\"Aston\",\"Bertrand\",\"Calum\",\"Chambers\",\"Emery\",\"peuvent\",\"quitter\",\"Traor\u00e9\",\"Unai\",\"Villa\"],\"articleSection\":[\"Premier League\"],\"inLanguage\":\"fr-FR\"},{\"@type\":\"WebPage\",\"@id\":\"https:\/\/footdavant.fr\/actualites\/unai-emery-calum-chambers-et-bertrand-traore-peuvent-quitter-aston-villa\/\",\"url\":\"https:\/\/footdavant.fr\/actualites\/unai-emery-calum-chambers-et-bertrand-traore-peuvent-quitter-aston-villa\/\",\"name\":\"Unai Emery : \\\"Calum Chambers et Bertrand Traor\u00e9 peuvent quitter Aston Villa\\\"\",\"isPartOf\":{\"@id\":\"https:\/\/footdavant.fr\/actualites\/#website\"},\"datePublished\":\"2024-01-14T03:53:13+00:00\",\"dateModified\":\"2024-01-14T03:53:14+00:00\",\"breadcrumb\":{\"@id\":\"https:\/\/footdavant.fr\/actualites\/unai-emery-calum-chambers-et-bertrand-traore-peuvent-quitter-aston-villa\/#breadcrumb\"},\"inLanguage\":\"fr-FR\",\"potentialAction\":[{\"@type\":\"ReadAction\",\"target\":[\"https:\/\/footdavant.fr\/actualites\/unai-emery-calum-chambers-et-bertrand-traore-peuvent-quitter-aston-villa\/\"]}]},{\"@type\":\"BreadcrumbList\",\"@id\":\"https:\/\/footdavant.fr\/actualites\/unai-emery-calum-chambers-et-bertrand-traore-peuvent-quitter-aston-villa\/#breadcrumb\",\"itemListElement\":[{\"@type\":\"ListItem\",\"position\":1,\"name\":\"Accueil\",\"item\":\"https:\/\/footdavant.fr\/actualites\/\"},{\"@type\":\"ListItem\",\"position\":2,\"name\":\"Unai Emery : \u00ab\u00a0Calum Chambers et Bertrand Traor\u00e9 peuvent quitter Aston Villa\u00a0\u00bb\"}]},{\"@type\":\"WebSite\",\"@id\":\"https:\/\/footdavant.fr\/actualites\/#website\",\"url\":\"https:\/\/footdavant.fr\/actualites\/\",\"name\":\"Foot d'avant\",\"description\":\"\",\"publisher\":{\"@id\":\"https:\/\/footdavant.fr\/actualites\/#organization\"},\"potentialAction\":[{\"@type\":\"SearchAction\",\"target\":{\"@type\":\"EntryPoint\",\"urlTemplate\":\"https:\/\/footdavant.fr\/actualites\/?s={search_term_string}\"},\"query-input\":\"required name=search_term_string\"}],\"inLanguage\":\"fr-FR\"},{\"@type\":\"Organization\",\"@id\":\"https:\/\/footdavant.fr\/actualites\/#organization\",\"name\":\"Foot d'avant\",\"url\":\"https:\/\/footdavant.fr\/actualites\/\",\"logo\":{\"@type\":\"ImageObject\",\"inLanguage\":\"fr-FR\",\"@id\":\"https:\/\/footdavant.fr\/actualites\/#\/schema\/logo\/image\/\",\"url\":\"https:\/\/footdavant.fr\/actualites\/wp-content\/uploads\/2023\/09\/Copy-of-FootDavant-Logo.png\",\"contentUrl\":\"https:\/\/footdavant.fr\/actualites\/wp-content\/uploads\/2023\/09\/Copy-of-FootDavant-Logo.png\",\"width\":936,\"height\":549,\"caption\":\"Foot d'avant\"},\"image\":{\"@id\":\"https:\/\/footdavant.fr\/actualites\/#\/schema\/logo\/image\/\"},\"sameAs\":[\"https:\/\/www.facebook.com\/Footdavant\/\",\"https:\/\/twitter.com\/FootdavantFr\",\"https:\/\/www.instagram.com\/footdavant.fr\/\"]},{\"@type\":\"Person\",\"@id\":\"https:\/\/footdavant.fr\/actualites\/#\/schema\/person\/bc222566d95871b37e597b3ed3ba5e1d\",\"name\":\"Cl\u00e9ment\",\"image\":{\"@type\":\"ImageObject\",\"inLanguage\":\"fr-FR\",\"@id\":\"https:\/\/footdavant.fr\/actualites\/#\/schema\/person\/image\/\",\"url\":\"https:\/\/secure.gravatar.com\/avatar\/7728b29aac2719421e1a9159b2254c44?s=96&d=mm&r=g\",\"contentUrl\":\"https:\/\/secure.gravatar.com\/avatar\/7728b29aac2719421e1a9159b2254c44?s=96&d=mm&r=g\",\"caption\":\"Cl\u00e9ment\"},\"sameAs\":[\"https:\/\/footdavant.fr\/\"]}]}<\/script>\n<!-- \/ Yoast SEO plugin. -->","yoast_head_json":{"title":"Unai Emery : \"Calum Chambers et Bertrand Traor\u00e9 peuvent quitter Aston Villa\"","robots":{"index":"index","follow":"follow","max-snippet":"max-snippet:-1","max-image-preview":"max-image-preview:large","max-video-preview":"max-video-preview:-1"},"canonical":"https:\/\/footdavant.fr\/actualites\/unai-emery-calum-chambers-et-bertrand-traore-peuvent-quitter-aston-villa\/","og_locale":"fr_FR","og_type":"article","og_title":"Unai Emery : \"Calum Chambers et Bertrand Traor\u00e9 peuvent quitter Aston Villa\"","og_description":"Le patron d&rsquo;Aston Villa, Unai Emery, a d\u00e9clar\u00e9 que Calum Chambers et Bertrand Traor\u00e9 \u00e9taient disponibles pour un transfert ce mois-ci. Aston Villa directeur Unai","og_url":"https:\/\/footdavant.fr\/actualites\/unai-emery-calum-chambers-et-bertrand-traore-peuvent-quitter-aston-villa\/","og_site_name":"Foot d&#039;avant","article_publisher":"https:\/\/www.facebook.com\/Footdavant\/","article_published_time":"2024-01-14T03:53:13+00:00","article_modified_time":"2024-01-14T03:53:14+00:00","og_image":[{"width":640,"height":480,"url":"https:\/\/footdavant.fr\/actualites\/wp-content\/uploads\/2024\/01\/Unai-Emery-Calum-Chambers-et-Bertrand-Traore-peuvent-quitter.JPG","type":"image\/jpeg"}],"author":"Cl\u00e9ment","twitter_card":"summary_large_image","twitter_creator":"@FootdavantFr","twitter_site":"@FootdavantFr","twitter_misc":{"\u00c9crit par":"Cl\u00e9ment","Dur\u00e9e de lecture estim\u00e9e":"2 minutes"},"schema":{"@context":"https:\/\/schema.org","@graph":[{"@type":"Article","@id":"https:\/\/footdavant.fr\/actualites\/unai-emery-calum-chambers-et-bertrand-traore-peuvent-quitter-aston-villa\/#article","isPartOf":{"@id":"https:\/\/footdavant.fr\/actualites\/unai-emery-calum-chambers-et-bertrand-traore-peuvent-quitter-aston-villa\/"},"author":{"name":"Cl\u00e9ment","@id":"https:\/\/footdavant.fr\/actualites\/#\/schema\/person\/bc222566d95871b37e597b3ed3ba5e1d"},"headline":"Unai Emery : \u00ab\u00a0Calum Chambers et Bertrand Traor\u00e9 peuvent quitter Aston Villa\u00a0\u00bb","datePublished":"2024-01-14T03:53:13+00:00","dateModified":"2024-01-14T03:53:14+00:00","mainEntityOfPage":{"@id":"https:\/\/footdavant.fr\/actualites\/unai-emery-calum-chambers-et-bertrand-traore-peuvent-quitter-aston-villa\/"},"wordCount":430,"publisher":{"@id":"https:\/\/footdavant.fr\/actualites\/#organization"},"keywords":["Aston","Bertrand","Calum","Chambers","Emery","peuvent","quitter","Traor\u00e9","Unai","Villa"],"articleSection":["Premier League"],"inLanguage":"fr-FR"},{"@type":"WebPage","@id":"https:\/\/footdavant.fr\/actualites\/unai-emery-calum-chambers-et-bertrand-traore-peuvent-quitter-aston-villa\/","url":"https:\/\/footdavant.fr\/actualites\/unai-emery-calum-chambers-et-bertrand-traore-peuvent-quitter-aston-villa\/","name":"Unai Emery : \"Calum Chambers et Bertrand Traor\u00e9 peuvent quitter Aston Villa\"","isPartOf":{"@id":"https:\/\/footdavant.fr\/actualites\/#website"},"datePublished":"2024-01-14T03:53:13+00:00","dateModified":"2024-01-14T03:53:14+00:00","breadcrumb":{"@id":"https:\/\/footdavant.fr\/actualites\/unai-emery-calum-chambers-et-bertrand-traore-peuvent-quitter-aston-villa\/#breadcrumb"},"inLanguage":"fr-FR","potentialAction":[{"@type":"ReadAction","target":["https:\/\/footdavant.fr\/actualites\/unai-emery-calum-chambers-et-bertrand-traore-peuvent-quitter-aston-villa\/"]}]},{"@type":"BreadcrumbList","@id":"https:\/\/footdavant.fr\/actualites\/unai-emery-calum-chambers-et-bertrand-traore-peuvent-quitter-aston-villa\/#breadcrumb","itemListElement":[{"@type":"ListItem","position":1,"name":"Accueil","item":"https:\/\/footdavant.fr\/actualites\/"},{"@type":"ListItem","position":2,"name":"Unai Emery : \u00ab\u00a0Calum Chambers et Bertrand Traor\u00e9 peuvent quitter Aston Villa\u00a0\u00bb"}]},{"@type":"WebSite","@id":"https:\/\/footdavant.fr\/actualites\/#website","url":"https:\/\/footdavant.fr\/actualites\/","name":"Foot d'avant","description":"","publisher":{"@id":"https:\/\/footdavant.fr\/actualites\/#organization"},"potentialAction":[{"@type":"SearchAction","target":{"@type":"EntryPoint","urlTemplate":"https:\/\/footdavant.fr\/actualites\/?s={search_term_string}"},"query-input":"required name=search_term_string"}],"inLanguage":"fr-FR"},{"@type":"Organization","@id":"https:\/\/footdavant.fr\/actualites\/#organization","name":"Foot d'avant","url":"https:\/\/footdavant.fr\/actualites\/","logo":{"@type":"ImageObject","inLanguage":"fr-FR","@id":"https:\/\/footdavant.fr\/actualites\/#\/schema\/logo\/image\/","url":"https:\/\/footdavant.fr\/actualites\/wp-content\/uploads\/2023\/09\/Copy-of-FootDavant-Logo.png","contentUrl":"https:\/\/footdavant.fr\/actualites\/wp-content\/uploads\/2023\/09\/Copy-of-FootDavant-Logo.png","width":936,"height":549,"caption":"Foot d'avant"},"image":{"@id":"https:\/\/footdavant.fr\/actualites\/#\/schema\/logo\/image\/"},"sameAs":["https:\/\/www.facebook.com\/Footdavant\/","https:\/\/twitter.com\/FootdavantFr","https:\/\/www.instagram.com\/footdavant.fr\/"]},{"@type":"Person","@id":"https:\/\/footdavant.fr\/actualites\/#\/schema\/person\/bc222566d95871b37e597b3ed3ba5e1d","name":"Cl\u00e9ment","image":{"@type":"ImageObject","inLanguage":"fr-FR","@id":"https:\/\/footdavant.fr\/actualites\/#\/schema\/person\/image\/","url":"https:\/\/secure.gravatar.com\/avatar\/7728b29aac2719421e1a9159b2254c44?s=96&d=mm&r=g","contentUrl":"https:\/\/secure.gravatar.com\/avatar\/7728b29aac2719421e1a9159b2254c44?s=96&d=mm&r=g","caption":"Cl\u00e9ment"},"sameAs":["https:\/\/footdavant.fr\/"]}]}},"_links":{"self":[{"href":"https:\/\/footdavant.fr\/actualites\/wp-json\/wp\/v2\/posts\/3835"}],"collection":[{"href":"https:\/\/footdavant.fr\/actualites\/wp-json\/wp\/v2\/posts"}],"about":[{"href":"https:\/\/footdavant.fr\/actualites\/wp-json\/wp\/v2\/types\/post"}],"author":[{"embeddable":true,"href":"https:\/\/footdavant.fr\/actualites\/wp-json\/wp\/v2\/users\/1"}],"replies":[{"embeddable":true,"href":"https:\/\/footdavant.fr\/actualites\/wp-json\/wp\/v2\/comments?post=3835"}],"version-history":[{"count":1,"href":"https:\/\/footdavant.fr\/actualites\/wp-json\/wp\/v2\/posts\/3835\/revisions"}],"predecessor-version":[{"id":3837,"href":"https:\/\/footdavant.fr\/actualites\/wp-json\/wp\/v2\/posts\/3835\/revisions\/3837"}],"wp:featuredmedia":[{"embeddable":true,"href":"https:\/\/footdavant.fr\/actualites\/wp-json\/wp\/v2\/media\/3836"}],"wp:attachment":[{"href":"https:\/\/footdavant.fr\/actualites\/wp-json\/wp\/v2\/media?parent=3835"}],"wp:term":[{"taxonomy":"category","embeddable":true,"href":"https:\/\/footdavant.fr\/actualites\/wp-json\/wp\/v2\/categories?post=3835"},{"taxonomy":"post_tag","embeddable":true,"href":"https:\/\/footdavant.fr\/actualites\/wp-json\/wp\/v2\/tags?post=3835"}],"curies":[{"name":"wp","href":"https:\/\/api.w.org\/{rel}","templated":true}]}}