{"id":3838,"date":"2024-01-14T05:50:45","date_gmt":"2024-01-14T04:50:45","guid":{"rendered":"https:\/\/footdavant.fr\/actualites\/clara-marti-la-compagne-de-gerard-pique\/"},"modified":"2024-01-16T11:14:13","modified_gmt":"2024-01-16T10:14:13","slug":"clara-marti-la-compagne-de-gerard-pique","status":"publish","type":"post","link":"https:\/\/footdavant.fr\/actualites\/clara-marti-la-compagne-de-gerard-pique\/","title":{"rendered":"Clara Marti la compagne de G\u00e9rard Piqu\u00e9 serait enceinte"},"content":{"rendered":"<h2>Clara Marti : La femme qui brille loin des projecteurs<\/h2>\n<p>Allant au-del\u00e0 des paillettes du glamour et des cam\u00e9ras constamment point\u00e9es sur son partenaire, Gerard Piqu\u00e9, il y a une femme, Clara Marti, qui, malgr\u00e9 tout, reste largement hors des projecteurs. Compagne du footballer embl\u00e9matique du FC Barcelone, Clara Marti est une figure \u00e9l\u00e9gante qui a pr\u00e9f\u00e9r\u00e9 une vie loin des feux de la rampe. Avec un sens aigu de la responsabilit\u00e9 conjugale et personnelle, elle est une personnalit\u00e9 discr\u00e8te qui m\u00e9rite d&rsquo;\u00eatre reconnue.<\/p>\n<h2>Clara Marti : En bref<\/h2>\n<p>Clara Marti, la compagne de longue date de Gerard Piqu\u00e9, est surtout connue pour \u00eatre la moiti\u00e9 d&rsquo;un des couples les plus en vue en Espagne. Toutefois, elle est beaucoup plus qu&rsquo;une simple \u00e9pouse de footballeur. C&rsquo;est une femme accomplie, dot\u00e9e d&rsquo;un fort caract\u00e8re. Tr\u00e8s loin de l&rsquo;image classique des femmes de footballeurs, elle conduit des actions philanthropiques, elle travaille pour des organisations non gouvernementales et elle ne semble pas avoir une grande affinit\u00e9 pour les l\u00e9gers feux de la c\u00e9l\u00e9brit\u00e9.<\/p>\n<h2>L\u2019attrait pour la discr\u00e9tion<\/h2>\n<p>Dans un monde o\u00f9 le football et les personnalit\u00e9s sportives sont constamment scrut\u00e9s, Clara a r\u00e9ussi \u00e0 garder une grande part d&rsquo;anonymat. Elle \u00e9vite soigneusement les limelights, pr\u00e9f\u00e9rant se concentrer sur ses propres responsabilit\u00e9s et engagements. Il faut dire que vivre dans l&rsquo;ombre d&rsquo;un des footballeurs les plus connus du globe pr\u00e9sente un d\u00e9fi. Pourtant, elle le fait avec aplomb et d\u00e9termination.<\/p>\n<h2>Clara et Gerard : Une histoire d&rsquo;amour sans failles<\/h2>\n<p>G\u00e9rard Piqu\u00e9, c\u00e9l\u00e8bre pour ses prouesses sur le terrain de football, a rencontr\u00e9 Clara il y a plusieurs ann\u00e9es. Depuis lors, ils sont ensemble \u00e0 travers les hauts et les bas de la vie. Il est \u00e9vident qu&rsquo;ils sont l&rsquo;un pour l&rsquo;autre une source constante de soutien et de force. Pour Gerard, Clara est un havre de calme loin de l&rsquo;agitation du monde du sport. Pour Clara, Gerard est l&rsquo;homme qui partage avec elle les valeurs du travail acharn\u00e9, du respect mutuel et de la discr\u00e9tion.<\/p>\n<h2>Un r\u00f4le moteur<\/h2>\n<p>En plus d&rsquo;\u00eatre un soutien ind\u00e9fectible pour son \u00e9poux, on peut aussi dire que Clara joue un r\u00f4le moteur dans la carri\u00e8re de Gerard. Elle est connue pour \u00eatre l\u2019une des premi\u00e8res personnes \u00e0 motiver et encourager Gerard \u00e0 poursuivre ses ambitions, sans jamais c\u00e9der face \u00e0 la pression. Certaines sources affirment m\u00eame que sans Clara, Gerard n\u2019aurait jamais atteint ce niveau de performance.<\/p>\n<h2>Clara Marti : Engagement et altruisme<\/h2>\n<p>Loin des paillettes et des galas, Clara est largement reconnue pour son travail avec diverses organisations caritatives. Elle est profond\u00e9ment impliqu\u00e9e dans plusieurs causes\/luttes, comme en t\u00e9moignent ses engagements g\u00e9n\u00e9reux en faveur des d\u00e9favoris\u00e9s et sa passion pour aider les plus d\u00e9munis. Sa discr\u00e9tion lui a permis de se concentrer sur sa cause et de faire preuve d&rsquo;un d\u00e9vouement exceptionnel \u00e0 l&rsquo;\u00e9gard de ceux qui en ont le plus besoin.<\/p>\n<p>Pour conclure, Clara Marti, figure \u00e9l\u00e9gante et discr\u00e8te, compagne fid\u00e8le de Gerard Piqu\u00e9, est beaucoup plus qu&rsquo;une \u00e9pouse de footballeur. Loin des projecteurs, elle s\u2019investit avec ferveur dans des actions philanthropiques qui s\u2019inscrivent dans la dur\u00e9e, et ce, toujours avec cette discr\u00e9tion qui la caract\u00e9rise.<\/p>\n","protected":false},"excerpt":{"rendered":"<p>Clara Marti : La femme qui brille loin des projecteurs Allant au-del\u00e0 des paillettes du glamour et des cam\u00e9ras constamment point\u00e9es sur son partenaire, Gerard<\/p>\n","protected":false},"author":1,"featured_media":3980,"comment_status":"closed","ping_status":"closed","sticky":true,"template":"","format":"standard","meta":{"footnotes":""},"categories":[3],"tags":[3041,3043,3044,3042,3045],"yoast_head":"<!-- This site is optimized with the Yoast SEO plugin v21.0 - https:\/\/yoast.com\/wordpress\/plugins\/seo\/ -->\n<title>Clara Marti la compagne de G\u00e9rard Piqu\u00e9 serait enceinte<\/title>\n<meta name=\"robots\" content=\"index, follow, max-snippet:-1, max-image-preview:large, max-video-preview:-1\" \/>\n<link rel=\"canonical\" href=\"https:\/\/footdavant.fr\/actualites\/clara-marti-la-compagne-de-gerard-pique\/\" \/>\n<meta property=\"og:locale\" content=\"fr_FR\" \/>\n<meta property=\"og:type\" content=\"article\" \/>\n<meta property=\"og:title\" content=\"Clara Marti la compagne de G\u00e9rard Piqu\u00e9 serait enceinte\" \/>\n<meta property=\"og:description\" content=\"Clara Marti : La femme qui brille loin des projecteurs Allant au-del\u00e0 des paillettes du glamour et des cam\u00e9ras constamment point\u00e9es sur son partenaire, Gerard\" \/>\n<meta property=\"og:url\" content=\"https:\/\/footdavant.fr\/actualites\/clara-marti-la-compagne-de-gerard-pique\/\" \/>\n<meta property=\"og:site_name\" content=\"Foot d&#039;avant\" \/>\n<meta property=\"article:publisher\" content=\"https:\/\/www.facebook.com\/Footdavant\/\" \/>\n<meta property=\"article:published_time\" content=\"2024-01-14T04:50:45+00:00\" \/>\n<meta property=\"article:modified_time\" content=\"2024-01-16T10:14:13+00:00\" \/>\n<meta property=\"og:image\" content=\"https:\/\/footdavant.fr\/actualites\/wp-content\/uploads\/2024\/01\/Clara-Marti-la-compagne-de-Gerard-Pique-serait-enceinte.jpg\" \/>\n\t<meta property=\"og:image:width\" content=\"2000\" \/>\n\t<meta property=\"og:image:height\" content=\"1332\" \/>\n\t<meta property=\"og:image:type\" content=\"image\/jpeg\" \/>\n<meta name=\"author\" content=\"Cl\u00e9ment\" \/>\n<meta name=\"twitter:card\" content=\"summary_large_image\" \/>\n<meta name=\"twitter:creator\" content=\"@FootdavantFr\" \/>\n<meta name=\"twitter:site\" content=\"@FootdavantFr\" \/>\n<meta name=\"twitter:label1\" content=\"\u00c9crit par\" \/>\n\t<meta name=\"twitter:data1\" content=\"Cl\u00e9ment\" \/>\n\t<meta name=\"twitter:label2\" content=\"Dur\u00e9e de lecture estim\u00e9e\" \/>\n\t<meta name=\"twitter:data2\" content=\"3 minutes\" \/>\n<script type=\"application\/ld+json\" class=\"yoast-schema-graph\">{\"@context\":\"https:\/\/schema.org\",\"@graph\":[{\"@type\":\"Article\",\"@id\":\"https:\/\/footdavant.fr\/actualites\/clara-marti-la-compagne-de-gerard-pique\/#article\",\"isPartOf\":{\"@id\":\"https:\/\/footdavant.fr\/actualites\/clara-marti-la-compagne-de-gerard-pique\/\"},\"author\":{\"name\":\"Cl\u00e9ment\",\"@id\":\"https:\/\/footdavant.fr\/actualites\/#\/schema\/person\/bc222566d95871b37e597b3ed3ba5e1d\"},\"headline\":\"Clara Marti la compagne de G\u00e9rard Piqu\u00e9 serait enceinte\",\"datePublished\":\"2024-01-14T04:50:45+00:00\",\"dateModified\":\"2024-01-16T10:14:13+00:00\",\"mainEntityOfPage\":{\"@id\":\"https:\/\/footdavant.fr\/actualites\/clara-marti-la-compagne-de-gerard-pique\/\"},\"wordCount\":580,\"publisher\":{\"@id\":\"https:\/\/footdavant.fr\/actualites\/#organization\"},\"keywords\":[\"Clara\",\"compagne\",\"G\u00e9rard\",\"Marti\",\"Piqu\u00e9\"],\"articleSection\":[\"Football\"],\"inLanguage\":\"fr-FR\"},{\"@type\":\"WebPage\",\"@id\":\"https:\/\/footdavant.fr\/actualites\/clara-marti-la-compagne-de-gerard-pique\/\",\"url\":\"https:\/\/footdavant.fr\/actualites\/clara-marti-la-compagne-de-gerard-pique\/\",\"name\":\"Clara Marti la compagne de G\u00e9rard Piqu\u00e9 serait enceinte\",\"isPartOf\":{\"@id\":\"https:\/\/footdavant.fr\/actualites\/#website\"},\"datePublished\":\"2024-01-14T04:50:45+00:00\",\"dateModified\":\"2024-01-16T10:14:13+00:00\",\"breadcrumb\":{\"@id\":\"https:\/\/footdavant.fr\/actualites\/clara-marti-la-compagne-de-gerard-pique\/#breadcrumb\"},\"inLanguage\":\"fr-FR\",\"potentialAction\":[{\"@type\":\"ReadAction\",\"target\":[\"https:\/\/footdavant.fr\/actualites\/clara-marti-la-compagne-de-gerard-pique\/\"]}]},{\"@type\":\"BreadcrumbList\",\"@id\":\"https:\/\/footdavant.fr\/actualites\/clara-marti-la-compagne-de-gerard-pique\/#breadcrumb\",\"itemListElement\":[{\"@type\":\"ListItem\",\"position\":1,\"name\":\"Accueil\",\"item\":\"https:\/\/footdavant.fr\/actualites\/\"},{\"@type\":\"ListItem\",\"position\":2,\"name\":\"Clara Marti la compagne de G\u00e9rard Piqu\u00e9 serait enceinte\"}]},{\"@type\":\"WebSite\",\"@id\":\"https:\/\/footdavant.fr\/actualites\/#website\",\"url\":\"https:\/\/footdavant.fr\/actualites\/\",\"name\":\"Foot d'avant\",\"description\":\"\",\"publisher\":{\"@id\":\"https:\/\/footdavant.fr\/actualites\/#organization\"},\"potentialAction\":[{\"@type\":\"SearchAction\",\"target\":{\"@type\":\"EntryPoint\",\"urlTemplate\":\"https:\/\/footdavant.fr\/actualites\/?s={search_term_string}\"},\"query-input\":\"required name=search_term_string\"}],\"inLanguage\":\"fr-FR\"},{\"@type\":\"Organization\",\"@id\":\"https:\/\/footdavant.fr\/actualites\/#organization\",\"name\":\"Foot d'avant\",\"url\":\"https:\/\/footdavant.fr\/actualites\/\",\"logo\":{\"@type\":\"ImageObject\",\"inLanguage\":\"fr-FR\",\"@id\":\"https:\/\/footdavant.fr\/actualites\/#\/schema\/logo\/image\/\",\"url\":\"https:\/\/footdavant.fr\/actualites\/wp-content\/uploads\/2023\/09\/Copy-of-FootDavant-Logo.png\",\"contentUrl\":\"https:\/\/footdavant.fr\/actualites\/wp-content\/uploads\/2023\/09\/Copy-of-FootDavant-Logo.png\",\"width\":936,\"height\":549,\"caption\":\"Foot d'avant\"},\"image\":{\"@id\":\"https:\/\/footdavant.fr\/actualites\/#\/schema\/logo\/image\/\"},\"sameAs\":[\"https:\/\/www.facebook.com\/Footdavant\/\",\"https:\/\/twitter.com\/FootdavantFr\",\"https:\/\/www.instagram.com\/footdavant.fr\/\"]},{\"@type\":\"Person\",\"@id\":\"https:\/\/footdavant.fr\/actualites\/#\/schema\/person\/bc222566d95871b37e597b3ed3ba5e1d\",\"name\":\"Cl\u00e9ment\",\"image\":{\"@type\":\"ImageObject\",\"inLanguage\":\"fr-FR\",\"@id\":\"https:\/\/footdavant.fr\/actualites\/#\/schema\/person\/image\/\",\"url\":\"https:\/\/secure.gravatar.com\/avatar\/7728b29aac2719421e1a9159b2254c44?s=96&d=mm&r=g\",\"contentUrl\":\"https:\/\/secure.gravatar.com\/avatar\/7728b29aac2719421e1a9159b2254c44?s=96&d=mm&r=g\",\"caption\":\"Cl\u00e9ment\"},\"sameAs\":[\"https:\/\/footdavant.fr\/\"]}]}<\/script>\n<!-- \/ Yoast SEO plugin. -->","yoast_head_json":{"title":"Clara Marti la compagne de G\u00e9rard Piqu\u00e9 serait enceinte","robots":{"index":"index","follow":"follow","max-snippet":"max-snippet:-1","max-image-preview":"max-image-preview:large","max-video-preview":"max-video-preview:-1"},"canonical":"https:\/\/footdavant.fr\/actualites\/clara-marti-la-compagne-de-gerard-pique\/","og_locale":"fr_FR","og_type":"article","og_title":"Clara Marti la compagne de G\u00e9rard Piqu\u00e9 serait enceinte","og_description":"Clara Marti : La femme qui brille loin des projecteurs Allant au-del\u00e0 des paillettes du glamour et des cam\u00e9ras constamment point\u00e9es sur son partenaire, Gerard","og_url":"https:\/\/footdavant.fr\/actualites\/clara-marti-la-compagne-de-gerard-pique\/","og_site_name":"Foot d&#039;avant","article_publisher":"https:\/\/www.facebook.com\/Footdavant\/","article_published_time":"2024-01-14T04:50:45+00:00","article_modified_time":"2024-01-16T10:14:13+00:00","og_image":[{"width":2000,"height":1332,"url":"https:\/\/footdavant.fr\/actualites\/wp-content\/uploads\/2024\/01\/Clara-Marti-la-compagne-de-Gerard-Pique-serait-enceinte.jpg","type":"image\/jpeg"}],"author":"Cl\u00e9ment","twitter_card":"summary_large_image","twitter_creator":"@FootdavantFr","twitter_site":"@FootdavantFr","twitter_misc":{"\u00c9crit par":"Cl\u00e9ment","Dur\u00e9e de lecture estim\u00e9e":"3 minutes"},"schema":{"@context":"https:\/\/schema.org","@graph":[{"@type":"Article","@id":"https:\/\/footdavant.fr\/actualites\/clara-marti-la-compagne-de-gerard-pique\/#article","isPartOf":{"@id":"https:\/\/footdavant.fr\/actualites\/clara-marti-la-compagne-de-gerard-pique\/"},"author":{"name":"Cl\u00e9ment","@id":"https:\/\/footdavant.fr\/actualites\/#\/schema\/person\/bc222566d95871b37e597b3ed3ba5e1d"},"headline":"Clara Marti la compagne de G\u00e9rard Piqu\u00e9 serait enceinte","datePublished":"2024-01-14T04:50:45+00:00","dateModified":"2024-01-16T10:14:13+00:00","mainEntityOfPage":{"@id":"https:\/\/footdavant.fr\/actualites\/clara-marti-la-compagne-de-gerard-pique\/"},"wordCount":580,"publisher":{"@id":"https:\/\/footdavant.fr\/actualites\/#organization"},"keywords":["Clara","compagne","G\u00e9rard","Marti","Piqu\u00e9"],"articleSection":["Football"],"inLanguage":"fr-FR"},{"@type":"WebPage","@id":"https:\/\/footdavant.fr\/actualites\/clara-marti-la-compagne-de-gerard-pique\/","url":"https:\/\/footdavant.fr\/actualites\/clara-marti-la-compagne-de-gerard-pique\/","name":"Clara Marti la compagne de G\u00e9rard Piqu\u00e9 serait enceinte","isPartOf":{"@id":"https:\/\/footdavant.fr\/actualites\/#website"},"datePublished":"2024-01-14T04:50:45+00:00","dateModified":"2024-01-16T10:14:13+00:00","breadcrumb":{"@id":"https:\/\/footdavant.fr\/actualites\/clara-marti-la-compagne-de-gerard-pique\/#breadcrumb"},"inLanguage":"fr-FR","potentialAction":[{"@type":"ReadAction","target":["https:\/\/footdavant.fr\/actualites\/clara-marti-la-compagne-de-gerard-pique\/"]}]},{"@type":"BreadcrumbList","@id":"https:\/\/footdavant.fr\/actualites\/clara-marti-la-compagne-de-gerard-pique\/#breadcrumb","itemListElement":[{"@type":"ListItem","position":1,"name":"Accueil","item":"https:\/\/footdavant.fr\/actualites\/"},{"@type":"ListItem","position":2,"name":"Clara Marti la compagne de G\u00e9rard Piqu\u00e9 serait enceinte"}]},{"@type":"WebSite","@id":"https:\/\/footdavant.fr\/actualites\/#website","url":"https:\/\/footdavant.fr\/actualites\/","name":"Foot d'avant","description":"","publisher":{"@id":"https:\/\/footdavant.fr\/actualites\/#organization"},"potentialAction":[{"@type":"SearchAction","target":{"@type":"EntryPoint","urlTemplate":"https:\/\/footdavant.fr\/actualites\/?s={search_term_string}"},"query-input":"required name=search_term_string"}],"inLanguage":"fr-FR"},{"@type":"Organization","@id":"https:\/\/footdavant.fr\/actualites\/#organization","name":"Foot d'avant","url":"https:\/\/footdavant.fr\/actualites\/","logo":{"@type":"ImageObject","inLanguage":"fr-FR","@id":"https:\/\/footdavant.fr\/actualites\/#\/schema\/logo\/image\/","url":"https:\/\/footdavant.fr\/actualites\/wp-content\/uploads\/2023\/09\/Copy-of-FootDavant-Logo.png","contentUrl":"https:\/\/footdavant.fr\/actualites\/wp-content\/uploads\/2023\/09\/Copy-of-FootDavant-Logo.png","width":936,"height":549,"caption":"Foot d'avant"},"image":{"@id":"https:\/\/footdavant.fr\/actualites\/#\/schema\/logo\/image\/"},"sameAs":["https:\/\/www.facebook.com\/Footdavant\/","https:\/\/twitter.com\/FootdavantFr","https:\/\/www.instagram.com\/footdavant.fr\/"]},{"@type":"Person","@id":"https:\/\/footdavant.fr\/actualites\/#\/schema\/person\/bc222566d95871b37e597b3ed3ba5e1d","name":"Cl\u00e9ment","image":{"@type":"ImageObject","inLanguage":"fr-FR","@id":"https:\/\/footdavant.fr\/actualites\/#\/schema\/person\/image\/","url":"https:\/\/secure.gravatar.com\/avatar\/7728b29aac2719421e1a9159b2254c44?s=96&d=mm&r=g","contentUrl":"https:\/\/secure.gravatar.com\/avatar\/7728b29aac2719421e1a9159b2254c44?s=96&d=mm&r=g","caption":"Cl\u00e9ment"},"sameAs":["https:\/\/footdavant.fr\/"]}]}},"_links":{"self":[{"href":"https:\/\/footdavant.fr\/actualites\/wp-json\/wp\/v2\/posts\/3838"}],"collection":[{"href":"https:\/\/footdavant.fr\/actualites\/wp-json\/wp\/v2\/posts"}],"about":[{"href":"https:\/\/footdavant.fr\/actualites\/wp-json\/wp\/v2\/types\/post"}],"author":[{"embeddable":true,"href":"https:\/\/footdavant.fr\/actualites\/wp-json\/wp\/v2\/users\/1"}],"replies":[{"embeddable":true,"href":"https:\/\/footdavant.fr\/actualites\/wp-json\/wp\/v2\/comments?post=3838"}],"version-history":[{"count":1,"href":"https:\/\/footdavant.fr\/actualites\/wp-json\/wp\/v2\/posts\/3838\/revisions"}],"predecessor-version":[{"id":3981,"href":"https:\/\/footdavant.fr\/actualites\/wp-json\/wp\/v2\/posts\/3838\/revisions\/3981"}],"wp:featuredmedia":[{"embeddable":true,"href":"https:\/\/footdavant.fr\/actualites\/wp-json\/wp\/v2\/media\/3980"}],"wp:attachment":[{"href":"https:\/\/footdavant.fr\/actualites\/wp-json\/wp\/v2\/media?parent=3838"}],"wp:term":[{"taxonomy":"category","embeddable":true,"href":"https:\/\/footdavant.fr\/actualites\/wp-json\/wp\/v2\/categories?post=3838"},{"taxonomy":"post_tag","embeddable":true,"href":"https:\/\/footdavant.fr\/actualites\/wp-json\/wp\/v2\/tags?post=3838"}],"curies":[{"name":"wp","href":"https:\/\/api.w.org\/{rel}","templated":true}]}}