{"id":3892,"date":"2024-01-15T12:58:24","date_gmt":"2024-01-15T11:58:24","guid":{"rendered":"https:\/\/footdavant.fr\/actualites\/mauricio-pochettino-fait-le-point-sur-les-blessures-de-chelsea-avant-le-match-de-fulham\/"},"modified":"2024-01-15T12:58:24","modified_gmt":"2024-01-15T11:58:24","slug":"mauricio-pochettino-fait-le-point-sur-les-blessures-de-chelsea-avant-le-match-de-fulham","status":"publish","type":"post","link":"https:\/\/footdavant.fr\/actualites\/mauricio-pochettino-fait-le-point-sur-les-blessures-de-chelsea-avant-le-match-de-fulham\/","title":{"rendered":"Mauricio Pochettino fait le point sur les blessures de Chelsea avant le match de Fulham"},"content":{"rendered":"<p>L&rsquo;entra\u00eeneur-chef de Chelsea, Mauricio Pochettino, fait le point sur les blessures avant le derby de l&rsquo;ouest de Londres samedi contre Fulham.<\/p>\n<div id=\"article_body\" itemprop=\"articleBody\">\n<h3 class=\"firstPara\">\n<strong class=\"autotag\">Chelsea<\/strong> l&rsquo;entra\u00eeneur-chef <strong class=\"autotag\">Mauricio Pochettino<\/strong> a r\u00e9v\u00e9l\u00e9 que son \u00e9quipe serait renforc\u00e9e par au moins deux joueurs seniors pour le choc de samedi contre Fulham.<\/h3>\n<p>Les Blues reviennent en Premier League apr\u00e8s avoir subi une d\u00e9faite surprise 1-0 face \u00e0 Middlesbrough lors du match aller de leur demi-finale de la Coupe EFL.<\/p>\n<p>Leur cause n&rsquo;a pas \u00e9t\u00e9 aid\u00e9e par la n\u00e9cessit\u00e9 de s\u00e9lectionner un banc de rempla\u00e7ants inexp\u00e9riment\u00e9, ce qui inqui\u00e8te Pochettino qui a d\u00fb faire face \u00e0 de nombreux probl\u00e8mes de blessures tout au long de la p\u00e9riode 2023-24.<\/p>\n<p>Cependant, s&rsquo;adressant aux journalistes lors d&rsquo;une conf\u00e9rence de presse vendredi, l&rsquo;Argentin a r\u00e9v\u00e9l\u00e9 que <strong class=\"autotag\">Ben Chilwell<\/strong> et <strong class=\"autotag\">Beno\u00eet Badiashile<\/strong> sont en lice pour \u00eatre s\u00e9lectionn\u00e9s dans l&rsquo;\u00e9quipe pour le <strong class=\"autotag\">Derby de l&rsquo;ouest de Londres<\/strong>.<\/p>\n<p>Chilwell est absent en raison d&rsquo;une blessure aux ischio-jambiers depuis la rencontre de la Coupe EFL avec Brighton &#038; Hove Albion le 27 septembre, tandis que Badiashile n&rsquo;a pas \u00e9t\u00e9 revu depuis la victoire contre Crystal Palace le 27 d\u00e9cembre.<\/p>\n<p class=\"imgI\">\n<p>En outre, <strong class=\"autotag\">Carney Chukwuemeka<\/strong> est sur le point de revenir d&rsquo;une blessure au genou, mais Pochettino a admis que <strong class=\"autotag\">Christophe Nkunku<\/strong> reste hors de combat dans un avenir pr\u00e9visible en raison d&rsquo;un probl\u00e8me \u00e0 la hanche.<\/p>\n<p>S&rsquo;adressant aux journalistes, Pochettino a d\u00e9clar\u00e9 : \u00ab\u00a0Bonnes nouvelles concernant Chilwell et Benoit, et nous devons \u00e9valuer Carney Chukwuemeka pour voir s&rsquo;il sera disponible ou non.<\/p>\n<p>\u00ab\u00a0Mais Chilly et Benoit, c&rsquo;est s\u00fbr, seront pr\u00e9sents dans le groupe de demain.<\/p>\n<p>A propos de Nkunku, il a ajout\u00e9 : \u00ab\u00a0Bien s\u00fbr, un peu d&rsquo;inqui\u00e9tude avec la situation de Nkunku car cela fait maintenant 10 jours qu&rsquo;il ne peut pas s&rsquo;entra\u00eener. Nous sommes en train de l&rsquo;\u00e9valuer. Nous ne savons pas ce qui va se passer.<\/p>\n<p class=\"imgI\"><img decoding=\"async\" loading=\"lazy\" class=\"l\" src=\"https:\/\/footdavant.fr\/actualites\/wp-content\/uploads\/2024\/01\/1705319904_279_Mauricio-Pochettino-fait-le-point-sur-les-blessures-de-Chelsea.jpg\" title=\"Christopher Nkunku de Chelsea le 19 d\u00e9cembre 2023\" alt=\"Christopher Nkunku de Chelsea le 19 d\u00e9cembre 2023\" width=\"640\" height=\"480\"><\/p>\n<p>\u00ab\u00a0Apr\u00e8s six mois, nous l&rsquo;attendions et nous \u00e9tions si pr\u00e8s de nous sentir \u00e0 l&rsquo;aise, donc nous en sommes d\u00e9\u00e7us. Bien s\u00fbr, nous sommes inquiets, nous voulons qu&rsquo;il soit impliqu\u00e9 le plus t\u00f4t possible.\u00a0\u00bb<\/p>\n<p>Pochettino en a \u00e9galement profit\u00e9 pour \u00e9voquer la forme physique de <strong class=\"autotag\">Trevoh Chalobah<\/strong>qui n&rsquo;a pas fait une seule apparition cette saison et a \u00e9t\u00e9 fortement li\u00e9 \u00e0 un d\u00e9part.<\/p>\n<p>Cependant, Pochettino a d\u00e9clar\u00e9 lors du point de presse que le d\u00e9fenseur avait acc\u00e9l\u00e9r\u00e9 sa convalescence suite \u00e0 une blessure \u00e0 la cuisse en commen\u00e7ant \u00e0 s&rsquo;entra\u00eener avec le reste de l&rsquo;\u00e9quipe.<\/p>\n<p>Chelsea accueille Fulham avec la possibilit\u00e9 de se hisser \u00e0 la septi\u00e8me place du classement de la Premier League, mais une d\u00e9faite verrait Fulham, 13e, se rapprocher \u00e0 un point pr\u00e8s.<\/p>\n<\/div>\n","protected":false},"excerpt":{"rendered":"<p>L&rsquo;entra\u00eeneur-chef de Chelsea, Mauricio Pochettino, fait le point sur les blessures avant le derby de l&rsquo;ouest de Londres samedi contre Fulham. Chelsea l&rsquo;entra\u00eeneur-chef Mauricio Pochettino<\/p>\n","protected":false},"author":1,"featured_media":3893,"comment_status":"closed","ping_status":"","sticky":false,"template":"","format":"standard","meta":{"footnotes":""},"categories":[5],"tags":[491,155,171,152,348,93,257,592,47,153,103],"yoast_head":"<!-- This site is optimized with the Yoast SEO plugin v21.0 - https:\/\/yoast.com\/wordpress\/plugins\/seo\/ -->\n<title>Mauricio Pochettino fait le point sur les blessures de Chelsea avant le match de Fulham<\/title>\n<meta name=\"robots\" content=\"index, follow, max-snippet:-1, max-image-preview:large, max-video-preview:-1\" \/>\n<link rel=\"canonical\" href=\"https:\/\/footdavant.fr\/actualites\/mauricio-pochettino-fait-le-point-sur-les-blessures-de-chelsea-avant-le-match-de-fulham\/\" \/>\n<meta property=\"og:locale\" content=\"fr_FR\" \/>\n<meta property=\"og:type\" content=\"article\" \/>\n<meta property=\"og:title\" content=\"Mauricio Pochettino fait le point sur les blessures de Chelsea avant le match de Fulham\" \/>\n<meta property=\"og:description\" content=\"L&rsquo;entra\u00eeneur-chef de Chelsea, Mauricio Pochettino, fait le point sur les blessures avant le derby de l&rsquo;ouest de Londres samedi contre Fulham. Chelsea l&rsquo;entra\u00eeneur-chef Mauricio Pochettino\" \/>\n<meta property=\"og:url\" content=\"https:\/\/footdavant.fr\/actualites\/mauricio-pochettino-fait-le-point-sur-les-blessures-de-chelsea-avant-le-match-de-fulham\/\" \/>\n<meta property=\"og:site_name\" content=\"Foot d&#039;avant\" \/>\n<meta property=\"article:publisher\" content=\"https:\/\/www.facebook.com\/Footdavant\/\" \/>\n<meta property=\"article:published_time\" content=\"2024-01-15T11:58:24+00:00\" \/>\n<meta property=\"og:image\" content=\"https:\/\/footdavant.fr\/actualites\/wp-content\/uploads\/2024\/01\/Mauricio-Pochettino-fait-le-point-sur-les-blessures-de-Chelsea.jpg\" \/>\n\t<meta property=\"og:image:width\" content=\"640\" \/>\n\t<meta property=\"og:image:height\" content=\"480\" \/>\n\t<meta property=\"og:image:type\" content=\"image\/jpeg\" \/>\n<meta name=\"author\" content=\"Cl\u00e9ment\" \/>\n<meta name=\"twitter:card\" content=\"summary_large_image\" \/>\n<meta name=\"twitter:creator\" content=\"@FootdavantFr\" \/>\n<meta name=\"twitter:site\" content=\"@FootdavantFr\" \/>\n<meta name=\"twitter:label1\" content=\"\u00c9crit par\" \/>\n\t<meta name=\"twitter:data1\" content=\"Cl\u00e9ment\" \/>\n\t<meta name=\"twitter:label2\" content=\"Dur\u00e9e de lecture estim\u00e9e\" \/>\n\t<meta name=\"twitter:data2\" content=\"2 minutes\" \/>\n<script type=\"application\/ld+json\" class=\"yoast-schema-graph\">{\"@context\":\"https:\/\/schema.org\",\"@graph\":[{\"@type\":\"Article\",\"@id\":\"https:\/\/footdavant.fr\/actualites\/mauricio-pochettino-fait-le-point-sur-les-blessures-de-chelsea-avant-le-match-de-fulham\/#article\",\"isPartOf\":{\"@id\":\"https:\/\/footdavant.fr\/actualites\/mauricio-pochettino-fait-le-point-sur-les-blessures-de-chelsea-avant-le-match-de-fulham\/\"},\"author\":{\"name\":\"Cl\u00e9ment\",\"@id\":\"https:\/\/footdavant.fr\/actualites\/#\/schema\/person\/bc222566d95871b37e597b3ed3ba5e1d\"},\"headline\":\"Mauricio Pochettino fait le point sur les blessures de Chelsea avant le match de Fulham\",\"datePublished\":\"2024-01-15T11:58:24+00:00\",\"dateModified\":\"2024-01-15T11:58:24+00:00\",\"mainEntityOfPage\":{\"@id\":\"https:\/\/footdavant.fr\/actualites\/mauricio-pochettino-fait-le-point-sur-les-blessures-de-chelsea-avant-le-match-de-fulham\/\"},\"wordCount\":476,\"publisher\":{\"@id\":\"https:\/\/footdavant.fr\/actualites\/#organization\"},\"keywords\":[\"avant\",\"blessures\",\"Chelsea\",\"fait\",\"Fulham\",\"les\",\"match\",\"Mauricio\",\"Pochettino\",\"point\",\"sur\"],\"articleSection\":[\"Premier League\"],\"inLanguage\":\"fr-FR\"},{\"@type\":\"WebPage\",\"@id\":\"https:\/\/footdavant.fr\/actualites\/mauricio-pochettino-fait-le-point-sur-les-blessures-de-chelsea-avant-le-match-de-fulham\/\",\"url\":\"https:\/\/footdavant.fr\/actualites\/mauricio-pochettino-fait-le-point-sur-les-blessures-de-chelsea-avant-le-match-de-fulham\/\",\"name\":\"Mauricio Pochettino fait le point sur les blessures de Chelsea avant le match de Fulham\",\"isPartOf\":{\"@id\":\"https:\/\/footdavant.fr\/actualites\/#website\"},\"datePublished\":\"2024-01-15T11:58:24+00:00\",\"dateModified\":\"2024-01-15T11:58:24+00:00\",\"breadcrumb\":{\"@id\":\"https:\/\/footdavant.fr\/actualites\/mauricio-pochettino-fait-le-point-sur-les-blessures-de-chelsea-avant-le-match-de-fulham\/#breadcrumb\"},\"inLanguage\":\"fr-FR\",\"potentialAction\":[{\"@type\":\"ReadAction\",\"target\":[\"https:\/\/footdavant.fr\/actualites\/mauricio-pochettino-fait-le-point-sur-les-blessures-de-chelsea-avant-le-match-de-fulham\/\"]}]},{\"@type\":\"BreadcrumbList\",\"@id\":\"https:\/\/footdavant.fr\/actualites\/mauricio-pochettino-fait-le-point-sur-les-blessures-de-chelsea-avant-le-match-de-fulham\/#breadcrumb\",\"itemListElement\":[{\"@type\":\"ListItem\",\"position\":1,\"name\":\"Accueil\",\"item\":\"https:\/\/footdavant.fr\/actualites\/\"},{\"@type\":\"ListItem\",\"position\":2,\"name\":\"Mauricio Pochettino fait le point sur les blessures de Chelsea avant le match de Fulham\"}]},{\"@type\":\"WebSite\",\"@id\":\"https:\/\/footdavant.fr\/actualites\/#website\",\"url\":\"https:\/\/footdavant.fr\/actualites\/\",\"name\":\"Foot d'avant\",\"description\":\"\",\"publisher\":{\"@id\":\"https:\/\/footdavant.fr\/actualites\/#organization\"},\"potentialAction\":[{\"@type\":\"SearchAction\",\"target\":{\"@type\":\"EntryPoint\",\"urlTemplate\":\"https:\/\/footdavant.fr\/actualites\/?s={search_term_string}\"},\"query-input\":\"required name=search_term_string\"}],\"inLanguage\":\"fr-FR\"},{\"@type\":\"Organization\",\"@id\":\"https:\/\/footdavant.fr\/actualites\/#organization\",\"name\":\"Foot d'avant\",\"url\":\"https:\/\/footdavant.fr\/actualites\/\",\"logo\":{\"@type\":\"ImageObject\",\"inLanguage\":\"fr-FR\",\"@id\":\"https:\/\/footdavant.fr\/actualites\/#\/schema\/logo\/image\/\",\"url\":\"https:\/\/footdavant.fr\/actualites\/wp-content\/uploads\/2023\/09\/Copy-of-FootDavant-Logo.png\",\"contentUrl\":\"https:\/\/footdavant.fr\/actualites\/wp-content\/uploads\/2023\/09\/Copy-of-FootDavant-Logo.png\",\"width\":936,\"height\":549,\"caption\":\"Foot d'avant\"},\"image\":{\"@id\":\"https:\/\/footdavant.fr\/actualites\/#\/schema\/logo\/image\/\"},\"sameAs\":[\"https:\/\/www.facebook.com\/Footdavant\/\",\"https:\/\/twitter.com\/FootdavantFr\",\"https:\/\/www.instagram.com\/footdavant.fr\/\"]},{\"@type\":\"Person\",\"@id\":\"https:\/\/footdavant.fr\/actualites\/#\/schema\/person\/bc222566d95871b37e597b3ed3ba5e1d\",\"name\":\"Cl\u00e9ment\",\"image\":{\"@type\":\"ImageObject\",\"inLanguage\":\"fr-FR\",\"@id\":\"https:\/\/footdavant.fr\/actualites\/#\/schema\/person\/image\/\",\"url\":\"https:\/\/secure.gravatar.com\/avatar\/7728b29aac2719421e1a9159b2254c44?s=96&d=mm&r=g\",\"contentUrl\":\"https:\/\/secure.gravatar.com\/avatar\/7728b29aac2719421e1a9159b2254c44?s=96&d=mm&r=g\",\"caption\":\"Cl\u00e9ment\"},\"sameAs\":[\"https:\/\/footdavant.fr\/\"]}]}<\/script>\n<!-- \/ Yoast SEO plugin. -->","yoast_head_json":{"title":"Mauricio Pochettino fait le point sur les blessures de Chelsea avant le match de Fulham","robots":{"index":"index","follow":"follow","max-snippet":"max-snippet:-1","max-image-preview":"max-image-preview:large","max-video-preview":"max-video-preview:-1"},"canonical":"https:\/\/footdavant.fr\/actualites\/mauricio-pochettino-fait-le-point-sur-les-blessures-de-chelsea-avant-le-match-de-fulham\/","og_locale":"fr_FR","og_type":"article","og_title":"Mauricio Pochettino fait le point sur les blessures de Chelsea avant le match de Fulham","og_description":"L&rsquo;entra\u00eeneur-chef de Chelsea, Mauricio Pochettino, fait le point sur les blessures avant le derby de l&rsquo;ouest de Londres samedi contre Fulham. Chelsea l&rsquo;entra\u00eeneur-chef Mauricio Pochettino","og_url":"https:\/\/footdavant.fr\/actualites\/mauricio-pochettino-fait-le-point-sur-les-blessures-de-chelsea-avant-le-match-de-fulham\/","og_site_name":"Foot d&#039;avant","article_publisher":"https:\/\/www.facebook.com\/Footdavant\/","article_published_time":"2024-01-15T11:58:24+00:00","og_image":[{"width":640,"height":480,"url":"https:\/\/footdavant.fr\/actualites\/wp-content\/uploads\/2024\/01\/Mauricio-Pochettino-fait-le-point-sur-les-blessures-de-Chelsea.jpg","type":"image\/jpeg"}],"author":"Cl\u00e9ment","twitter_card":"summary_large_image","twitter_creator":"@FootdavantFr","twitter_site":"@FootdavantFr","twitter_misc":{"\u00c9crit par":"Cl\u00e9ment","Dur\u00e9e de lecture estim\u00e9e":"2 minutes"},"schema":{"@context":"https:\/\/schema.org","@graph":[{"@type":"Article","@id":"https:\/\/footdavant.fr\/actualites\/mauricio-pochettino-fait-le-point-sur-les-blessures-de-chelsea-avant-le-match-de-fulham\/#article","isPartOf":{"@id":"https:\/\/footdavant.fr\/actualites\/mauricio-pochettino-fait-le-point-sur-les-blessures-de-chelsea-avant-le-match-de-fulham\/"},"author":{"name":"Cl\u00e9ment","@id":"https:\/\/footdavant.fr\/actualites\/#\/schema\/person\/bc222566d95871b37e597b3ed3ba5e1d"},"headline":"Mauricio Pochettino fait le point sur les blessures de Chelsea avant le match de Fulham","datePublished":"2024-01-15T11:58:24+00:00","dateModified":"2024-01-15T11:58:24+00:00","mainEntityOfPage":{"@id":"https:\/\/footdavant.fr\/actualites\/mauricio-pochettino-fait-le-point-sur-les-blessures-de-chelsea-avant-le-match-de-fulham\/"},"wordCount":476,"publisher":{"@id":"https:\/\/footdavant.fr\/actualites\/#organization"},"keywords":["avant","blessures","Chelsea","fait","Fulham","les","match","Mauricio","Pochettino","point","sur"],"articleSection":["Premier League"],"inLanguage":"fr-FR"},{"@type":"WebPage","@id":"https:\/\/footdavant.fr\/actualites\/mauricio-pochettino-fait-le-point-sur-les-blessures-de-chelsea-avant-le-match-de-fulham\/","url":"https:\/\/footdavant.fr\/actualites\/mauricio-pochettino-fait-le-point-sur-les-blessures-de-chelsea-avant-le-match-de-fulham\/","name":"Mauricio Pochettino fait le point sur les blessures de Chelsea avant le match de Fulham","isPartOf":{"@id":"https:\/\/footdavant.fr\/actualites\/#website"},"datePublished":"2024-01-15T11:58:24+00:00","dateModified":"2024-01-15T11:58:24+00:00","breadcrumb":{"@id":"https:\/\/footdavant.fr\/actualites\/mauricio-pochettino-fait-le-point-sur-les-blessures-de-chelsea-avant-le-match-de-fulham\/#breadcrumb"},"inLanguage":"fr-FR","potentialAction":[{"@type":"ReadAction","target":["https:\/\/footdavant.fr\/actualites\/mauricio-pochettino-fait-le-point-sur-les-blessures-de-chelsea-avant-le-match-de-fulham\/"]}]},{"@type":"BreadcrumbList","@id":"https:\/\/footdavant.fr\/actualites\/mauricio-pochettino-fait-le-point-sur-les-blessures-de-chelsea-avant-le-match-de-fulham\/#breadcrumb","itemListElement":[{"@type":"ListItem","position":1,"name":"Accueil","item":"https:\/\/footdavant.fr\/actualites\/"},{"@type":"ListItem","position":2,"name":"Mauricio Pochettino fait le point sur les blessures de Chelsea avant le match de Fulham"}]},{"@type":"WebSite","@id":"https:\/\/footdavant.fr\/actualites\/#website","url":"https:\/\/footdavant.fr\/actualites\/","name":"Foot d'avant","description":"","publisher":{"@id":"https:\/\/footdavant.fr\/actualites\/#organization"},"potentialAction":[{"@type":"SearchAction","target":{"@type":"EntryPoint","urlTemplate":"https:\/\/footdavant.fr\/actualites\/?s={search_term_string}"},"query-input":"required name=search_term_string"}],"inLanguage":"fr-FR"},{"@type":"Organization","@id":"https:\/\/footdavant.fr\/actualites\/#organization","name":"Foot d'avant","url":"https:\/\/footdavant.fr\/actualites\/","logo":{"@type":"ImageObject","inLanguage":"fr-FR","@id":"https:\/\/footdavant.fr\/actualites\/#\/schema\/logo\/image\/","url":"https:\/\/footdavant.fr\/actualites\/wp-content\/uploads\/2023\/09\/Copy-of-FootDavant-Logo.png","contentUrl":"https:\/\/footdavant.fr\/actualites\/wp-content\/uploads\/2023\/09\/Copy-of-FootDavant-Logo.png","width":936,"height":549,"caption":"Foot d'avant"},"image":{"@id":"https:\/\/footdavant.fr\/actualites\/#\/schema\/logo\/image\/"},"sameAs":["https:\/\/www.facebook.com\/Footdavant\/","https:\/\/twitter.com\/FootdavantFr","https:\/\/www.instagram.com\/footdavant.fr\/"]},{"@type":"Person","@id":"https:\/\/footdavant.fr\/actualites\/#\/schema\/person\/bc222566d95871b37e597b3ed3ba5e1d","name":"Cl\u00e9ment","image":{"@type":"ImageObject","inLanguage":"fr-FR","@id":"https:\/\/footdavant.fr\/actualites\/#\/schema\/person\/image\/","url":"https:\/\/secure.gravatar.com\/avatar\/7728b29aac2719421e1a9159b2254c44?s=96&d=mm&r=g","contentUrl":"https:\/\/secure.gravatar.com\/avatar\/7728b29aac2719421e1a9159b2254c44?s=96&d=mm&r=g","caption":"Cl\u00e9ment"},"sameAs":["https:\/\/footdavant.fr\/"]}]}},"_links":{"self":[{"href":"https:\/\/footdavant.fr\/actualites\/wp-json\/wp\/v2\/posts\/3892"}],"collection":[{"href":"https:\/\/footdavant.fr\/actualites\/wp-json\/wp\/v2\/posts"}],"about":[{"href":"https:\/\/footdavant.fr\/actualites\/wp-json\/wp\/v2\/types\/post"}],"author":[{"embeddable":true,"href":"https:\/\/footdavant.fr\/actualites\/wp-json\/wp\/v2\/users\/1"}],"replies":[{"embeddable":true,"href":"https:\/\/footdavant.fr\/actualites\/wp-json\/wp\/v2\/comments?post=3892"}],"version-history":[{"count":1,"href":"https:\/\/footdavant.fr\/actualites\/wp-json\/wp\/v2\/posts\/3892\/revisions"}],"predecessor-version":[{"id":3894,"href":"https:\/\/footdavant.fr\/actualites\/wp-json\/wp\/v2\/posts\/3892\/revisions\/3894"}],"wp:featuredmedia":[{"embeddable":true,"href":"https:\/\/footdavant.fr\/actualites\/wp-json\/wp\/v2\/media\/3893"}],"wp:attachment":[{"href":"https:\/\/footdavant.fr\/actualites\/wp-json\/wp\/v2\/media?parent=3892"}],"wp:term":[{"taxonomy":"category","embeddable":true,"href":"https:\/\/footdavant.fr\/actualites\/wp-json\/wp\/v2\/categories?post=3892"},{"taxonomy":"post_tag","embeddable":true,"href":"https:\/\/footdavant.fr\/actualites\/wp-json\/wp\/v2\/tags?post=3892"}],"curies":[{"name":"wp","href":"https:\/\/api.w.org\/{rel}","templated":true}]}}