{"id":3896,"date":"2024-01-15T14:51:08","date_gmt":"2024-01-15T13:51:08","guid":{"rendered":"https:\/\/footdavant.fr\/actualites\/ineos-envisage-de-reorganiser-lequipe-de-manchester-united\/"},"modified":"2024-01-15T14:51:10","modified_gmt":"2024-01-15T13:51:10","slug":"ineos-envisage-de-reorganiser-lequipe-de-manchester-united","status":"publish","type":"post","link":"https:\/\/footdavant.fr\/actualites\/ineos-envisage-de-reorganiser-lequipe-de-manchester-united\/","title":{"rendered":"INEOS envisage de r\u00e9organiser l&rsquo;\u00e9quipe de Manchester United &#8211;"},"content":{"rendered":"<div id=\"penci-post-entry-inner\">\n<p>\t\t\t<i class=\"penci-post-countview-number-check\" style=\"display:none\">4<\/i><\/p>\n<p><!--Article Start--><br \/>Les priorit\u00e9s de Manchester United cet \u00e9t\u00e9 ont \u00e9t\u00e9 d\u00e9finies alors qu&rsquo;INEOS commence \u00e0 \u00e9laborer des plans concrets sur la mani\u00e8re dont le club fonctionnera \u00e0 l&rsquo;avenir.<\/p>\n<p>L&rsquo;offre de participation minoritaire de Sir Jim Ratcliffe \u00e9tant toujours en attente de ratification par la Premier League, son \u00e9quipe sportive INEOS est cantonn\u00e9e \u00e0 un r\u00f4le de consultant dans cette fen\u00eatre de transfert.<\/p>\n<p>Ils jouiront toutefois d&rsquo;une totale autonomie dans <em>suivant <\/em>fen\u00eatre \u00e0 son ouverture le 1er juillet.<\/p>\n<p>A ce titre, Nizaar Kinsella (<em>Le standard<\/em>) r\u00e9v\u00e8le que Ratcliffe a demand\u00e9 \u00e0 son \u00e9quipe de commencer \u00e0 \u00ab poursuivre les plans visant \u00e0 revitaliser le club \u00bb.  M\u00eame si des efforts concert\u00e9s seront d\u00e9ploy\u00e9s pour am\u00e9liorer l\u2019infrastructure et les processus g\u00e9n\u00e9raux en dehors du terrain, un accent particulier sera mis sur le recrutement \u2013 \u200b\u200bun domaine dans lequel Ratcliffe pense que United a profond\u00e9ment \u00e9chou\u00e9 au cours de la derni\u00e8re d\u00e9cennie.<\/p>\n<p>Kinsella affirme qu&rsquo;une liste restreinte de besoins a d\u00e9j\u00e0 \u00e9t\u00e9 \u00e9tablie, avec un nouvel avant-centre, un milieu de terrain central, un arri\u00e8re central et un arri\u00e8re droit \u00e9tant prioritaires cet \u00e9t\u00e9.<\/p>\n<p>Ratcliffe voudrait un \u00ab attaquant de premi\u00e8re classe qui est au niveau similaire \u00e0 Harry Kane \u00bb pour aider Rasmus Hojlund, qui a connu des difficult\u00e9s lors de sa premi\u00e8re saison en Angleterre.<\/p>\n<p>Bien qu&rsquo;il soit le meilleur buteur de la Ligue des champions, l&rsquo;attaquant danois n&rsquo;a marqu\u00e9 que deux buts au niveau national cette ann\u00e9e.  Son deuxi\u00e8me \u2013 une frappe tonitruante lors du match nul 2-2 d&rsquo;hier contre Tottenham Hotspur \u2013 offre un aper\u00e7u du talent qu&rsquo;il poss\u00e8de, mais il n&rsquo;en a pas encore fait preuve de mani\u00e8re coh\u00e9rente.<\/p>\n<p>Mais \u00e0 seulement 20 ans, cette incoh\u00e9rence est naturelle ;  et ses difficult\u00e9s refl\u00e8tent davantage une mauvaise strat\u00e9gie de recrutement chez United que tout ce qui concerne Hojlund lui-m\u00eame.<\/p>\n<p>Ce nouvel attaquant devrait \u00ab jouer aux c\u00f4t\u00e9s \u00bb du Danois, plut\u00f4t qu\u2019\u00e0 sa place.  Cela sugg\u00e8re que la cible pourrait donc \u00eatre un attaquant plus polyvalent, capable de jouer en tant que deuxi\u00e8me attaquant (dans le moule de Kane) ou en dehors (dans le moule des attaquants de Liverpool).<\/p>\n<p>Kinsella pense que Jean-Clair Todibo et Jarrad Branthwaite sont les deux d\u00e9fenseurs centraux les plus \u00ab admir\u00e9s \u00bb par les responsables d&rsquo;Old Trafford, m\u00eame si l&rsquo;on s&rsquo;attend \u00e0 ce que toute l&rsquo;Europe s&rsquo;int\u00e9resse \u00e0 ces deux joueurs.<\/p>\n<p>De m\u00eame, Kinsella confirme les informations rapport\u00e9es plus t\u00f4t ce mois-ci par The Peoples Person of United sur l&rsquo;int\u00e9r\u00eat de l&rsquo;ailier de Crystal Palace, Michael Olise.  Le joueur de 21 ans conna\u00eet une ann\u00e9e exceptionnelle pour l&rsquo;\u00e9quipe de Roy Hodgson et semble pr\u00eat \u00e0 franchir la prochaine \u00e9tape de sa jeune carri\u00e8re.  Les rapports sugg\u00e8rent que United pourrait m\u00eame utiliser Aaron Wan-Bissaka comme atout dans un accord potentiel \u2013 une id\u00e9e qui a du sens si le club envisage de cibler un nouvel arri\u00e8re droit cet \u00e9t\u00e9.<\/p>\n<p>Alors que la capacit\u00e9 de United \u00e0 recruter en janvier sera s\u00e9v\u00e8rement limit\u00e9e par le fair-play financier (FFP), l&rsquo;investissement de Ratcliffe devrait \u00ab augmenter consid\u00e9rablement la capacit\u00e9 du club \u00e0 acheter des joueurs cet \u00e9t\u00e9 \u00bb sans enfreindre les r\u00e9glementations FFP.<\/p>\n<p>En cons\u00e9quence, la nouvelle \u00e9quipe sportive d\u2019INEOS \u00ab pr\u00e9pare un grand \u00e9t\u00e9 pour relancer l\u2019\u00e8re Ratcliffe \u00bb.  Compte tenu de l&rsquo;\u00e9tat actuel de l&rsquo;\u00e9quipe de United, cet \u00e9t\u00e9 ne peut pas arriver assez t\u00f4t.<br \/><!--Article End--><\/p>\n<p><!-- AI CONTENT END 3 --><\/p><\/div>\n","protected":false},"excerpt":{"rendered":"<p>4 Les priorit\u00e9s de Manchester United cet \u00e9t\u00e9 ont \u00e9t\u00e9 d\u00e9finies alors qu&rsquo;INEOS commence \u00e0 \u00e9laborer des plans concrets sur la mani\u00e8re dont le club<\/p>\n","protected":false},"author":1,"featured_media":3897,"comment_status":"closed","ping_status":"","sticky":false,"template":"","format":"standard","meta":{"footnotes":""},"categories":[3],"tags":[496,3086,9,11,3087,13],"yoast_head":"<!-- This site is optimized with the Yoast SEO plugin v21.0 - https:\/\/yoast.com\/wordpress\/plugins\/seo\/ -->\n<title>INEOS envisage de r\u00e9organiser l&#039;\u00e9quipe de Manchester United -<\/title>\n<meta name=\"robots\" content=\"index, follow, max-snippet:-1, max-image-preview:large, max-video-preview:-1\" \/>\n<link rel=\"canonical\" href=\"https:\/\/footdavant.fr\/actualites\/ineos-envisage-de-reorganiser-lequipe-de-manchester-united\/\" \/>\n<meta property=\"og:locale\" content=\"fr_FR\" \/>\n<meta property=\"og:type\" content=\"article\" \/>\n<meta property=\"og:title\" content=\"INEOS envisage de r\u00e9organiser l&#039;\u00e9quipe de Manchester United -\" \/>\n<meta property=\"og:description\" content=\"4 Les priorit\u00e9s de Manchester United cet \u00e9t\u00e9 ont \u00e9t\u00e9 d\u00e9finies alors qu&rsquo;INEOS commence \u00e0 \u00e9laborer des plans concrets sur la mani\u00e8re dont le club\" \/>\n<meta property=\"og:url\" content=\"https:\/\/footdavant.fr\/actualites\/ineos-envisage-de-reorganiser-lequipe-de-manchester-united\/\" \/>\n<meta property=\"og:site_name\" content=\"Foot d&#039;avant\" \/>\n<meta property=\"article:publisher\" content=\"https:\/\/www.facebook.com\/Footdavant\/\" \/>\n<meta property=\"article:published_time\" content=\"2024-01-15T13:51:08+00:00\" \/>\n<meta property=\"article:modified_time\" content=\"2024-01-15T13:51:10+00:00\" \/>\n<meta property=\"og:image\" content=\"https:\/\/footdavant.fr\/actualites\/wp-content\/uploads\/2024\/01\/INEOS-envisage-de-reorganiser-lequipe-de-Manchester-United.jpg\" \/>\n\t<meta property=\"og:image:width\" content=\"1599\" \/>\n\t<meta property=\"og:image:height\" content=\"702\" \/>\n\t<meta property=\"og:image:type\" content=\"image\/jpeg\" \/>\n<meta name=\"author\" content=\"Cl\u00e9ment\" \/>\n<meta name=\"twitter:card\" content=\"summary_large_image\" \/>\n<meta name=\"twitter:creator\" content=\"@FootdavantFr\" \/>\n<meta name=\"twitter:site\" content=\"@FootdavantFr\" \/>\n<meta name=\"twitter:label1\" content=\"\u00c9crit par\" \/>\n\t<meta name=\"twitter:data1\" content=\"Cl\u00e9ment\" \/>\n\t<meta name=\"twitter:label2\" content=\"Dur\u00e9e de lecture estim\u00e9e\" \/>\n\t<meta name=\"twitter:data2\" content=\"3 minutes\" \/>\n<script type=\"application\/ld+json\" class=\"yoast-schema-graph\">{\"@context\":\"https:\/\/schema.org\",\"@graph\":[{\"@type\":\"Article\",\"@id\":\"https:\/\/footdavant.fr\/actualites\/ineos-envisage-de-reorganiser-lequipe-de-manchester-united\/#article\",\"isPartOf\":{\"@id\":\"https:\/\/footdavant.fr\/actualites\/ineos-envisage-de-reorganiser-lequipe-de-manchester-united\/\"},\"author\":{\"name\":\"Cl\u00e9ment\",\"@id\":\"https:\/\/footdavant.fr\/actualites\/#\/schema\/person\/bc222566d95871b37e597b3ed3ba5e1d\"},\"headline\":\"INEOS envisage de r\u00e9organiser l&rsquo;\u00e9quipe de Manchester United &#8211;\",\"datePublished\":\"2024-01-15T13:51:08+00:00\",\"dateModified\":\"2024-01-15T13:51:10+00:00\",\"mainEntityOfPage\":{\"@id\":\"https:\/\/footdavant.fr\/actualites\/ineos-envisage-de-reorganiser-lequipe-de-manchester-united\/\"},\"wordCount\":597,\"publisher\":{\"@id\":\"https:\/\/footdavant.fr\/actualites\/#organization\"},\"keywords\":[\"envisage\",\"INEOS\",\"l\u00e9quipe\",\"Manchester\",\"r\u00e9organiser\",\"United\"],\"articleSection\":[\"Football\"],\"inLanguage\":\"fr-FR\"},{\"@type\":\"WebPage\",\"@id\":\"https:\/\/footdavant.fr\/actualites\/ineos-envisage-de-reorganiser-lequipe-de-manchester-united\/\",\"url\":\"https:\/\/footdavant.fr\/actualites\/ineos-envisage-de-reorganiser-lequipe-de-manchester-united\/\",\"name\":\"INEOS envisage de r\u00e9organiser l'\u00e9quipe de Manchester United -\",\"isPartOf\":{\"@id\":\"https:\/\/footdavant.fr\/actualites\/#website\"},\"datePublished\":\"2024-01-15T13:51:08+00:00\",\"dateModified\":\"2024-01-15T13:51:10+00:00\",\"breadcrumb\":{\"@id\":\"https:\/\/footdavant.fr\/actualites\/ineos-envisage-de-reorganiser-lequipe-de-manchester-united\/#breadcrumb\"},\"inLanguage\":\"fr-FR\",\"potentialAction\":[{\"@type\":\"ReadAction\",\"target\":[\"https:\/\/footdavant.fr\/actualites\/ineos-envisage-de-reorganiser-lequipe-de-manchester-united\/\"]}]},{\"@type\":\"BreadcrumbList\",\"@id\":\"https:\/\/footdavant.fr\/actualites\/ineos-envisage-de-reorganiser-lequipe-de-manchester-united\/#breadcrumb\",\"itemListElement\":[{\"@type\":\"ListItem\",\"position\":1,\"name\":\"Accueil\",\"item\":\"https:\/\/footdavant.fr\/actualites\/\"},{\"@type\":\"ListItem\",\"position\":2,\"name\":\"INEOS envisage de r\u00e9organiser l&rsquo;\u00e9quipe de Manchester United &#8211;\"}]},{\"@type\":\"WebSite\",\"@id\":\"https:\/\/footdavant.fr\/actualites\/#website\",\"url\":\"https:\/\/footdavant.fr\/actualites\/\",\"name\":\"Foot d'avant\",\"description\":\"\",\"publisher\":{\"@id\":\"https:\/\/footdavant.fr\/actualites\/#organization\"},\"potentialAction\":[{\"@type\":\"SearchAction\",\"target\":{\"@type\":\"EntryPoint\",\"urlTemplate\":\"https:\/\/footdavant.fr\/actualites\/?s={search_term_string}\"},\"query-input\":\"required name=search_term_string\"}],\"inLanguage\":\"fr-FR\"},{\"@type\":\"Organization\",\"@id\":\"https:\/\/footdavant.fr\/actualites\/#organization\",\"name\":\"Foot d'avant\",\"url\":\"https:\/\/footdavant.fr\/actualites\/\",\"logo\":{\"@type\":\"ImageObject\",\"inLanguage\":\"fr-FR\",\"@id\":\"https:\/\/footdavant.fr\/actualites\/#\/schema\/logo\/image\/\",\"url\":\"https:\/\/footdavant.fr\/actualites\/wp-content\/uploads\/2023\/09\/Copy-of-FootDavant-Logo.png\",\"contentUrl\":\"https:\/\/footdavant.fr\/actualites\/wp-content\/uploads\/2023\/09\/Copy-of-FootDavant-Logo.png\",\"width\":936,\"height\":549,\"caption\":\"Foot d'avant\"},\"image\":{\"@id\":\"https:\/\/footdavant.fr\/actualites\/#\/schema\/logo\/image\/\"},\"sameAs\":[\"https:\/\/www.facebook.com\/Footdavant\/\",\"https:\/\/twitter.com\/FootdavantFr\",\"https:\/\/www.instagram.com\/footdavant.fr\/\"]},{\"@type\":\"Person\",\"@id\":\"https:\/\/footdavant.fr\/actualites\/#\/schema\/person\/bc222566d95871b37e597b3ed3ba5e1d\",\"name\":\"Cl\u00e9ment\",\"image\":{\"@type\":\"ImageObject\",\"inLanguage\":\"fr-FR\",\"@id\":\"https:\/\/footdavant.fr\/actualites\/#\/schema\/person\/image\/\",\"url\":\"https:\/\/secure.gravatar.com\/avatar\/7728b29aac2719421e1a9159b2254c44?s=96&d=mm&r=g\",\"contentUrl\":\"https:\/\/secure.gravatar.com\/avatar\/7728b29aac2719421e1a9159b2254c44?s=96&d=mm&r=g\",\"caption\":\"Cl\u00e9ment\"},\"sameAs\":[\"https:\/\/footdavant.fr\/\"]}]}<\/script>\n<!-- \/ Yoast SEO plugin. -->","yoast_head_json":{"title":"INEOS envisage de r\u00e9organiser l'\u00e9quipe de Manchester United -","robots":{"index":"index","follow":"follow","max-snippet":"max-snippet:-1","max-image-preview":"max-image-preview:large","max-video-preview":"max-video-preview:-1"},"canonical":"https:\/\/footdavant.fr\/actualites\/ineos-envisage-de-reorganiser-lequipe-de-manchester-united\/","og_locale":"fr_FR","og_type":"article","og_title":"INEOS envisage de r\u00e9organiser l'\u00e9quipe de Manchester United -","og_description":"4 Les priorit\u00e9s de Manchester United cet \u00e9t\u00e9 ont \u00e9t\u00e9 d\u00e9finies alors qu&rsquo;INEOS commence \u00e0 \u00e9laborer des plans concrets sur la mani\u00e8re dont le club","og_url":"https:\/\/footdavant.fr\/actualites\/ineos-envisage-de-reorganiser-lequipe-de-manchester-united\/","og_site_name":"Foot d&#039;avant","article_publisher":"https:\/\/www.facebook.com\/Footdavant\/","article_published_time":"2024-01-15T13:51:08+00:00","article_modified_time":"2024-01-15T13:51:10+00:00","og_image":[{"width":1599,"height":702,"url":"https:\/\/footdavant.fr\/actualites\/wp-content\/uploads\/2024\/01\/INEOS-envisage-de-reorganiser-lequipe-de-Manchester-United.jpg","type":"image\/jpeg"}],"author":"Cl\u00e9ment","twitter_card":"summary_large_image","twitter_creator":"@FootdavantFr","twitter_site":"@FootdavantFr","twitter_misc":{"\u00c9crit par":"Cl\u00e9ment","Dur\u00e9e de lecture estim\u00e9e":"3 minutes"},"schema":{"@context":"https:\/\/schema.org","@graph":[{"@type":"Article","@id":"https:\/\/footdavant.fr\/actualites\/ineos-envisage-de-reorganiser-lequipe-de-manchester-united\/#article","isPartOf":{"@id":"https:\/\/footdavant.fr\/actualites\/ineos-envisage-de-reorganiser-lequipe-de-manchester-united\/"},"author":{"name":"Cl\u00e9ment","@id":"https:\/\/footdavant.fr\/actualites\/#\/schema\/person\/bc222566d95871b37e597b3ed3ba5e1d"},"headline":"INEOS envisage de r\u00e9organiser l&rsquo;\u00e9quipe de Manchester United &#8211;","datePublished":"2024-01-15T13:51:08+00:00","dateModified":"2024-01-15T13:51:10+00:00","mainEntityOfPage":{"@id":"https:\/\/footdavant.fr\/actualites\/ineos-envisage-de-reorganiser-lequipe-de-manchester-united\/"},"wordCount":597,"publisher":{"@id":"https:\/\/footdavant.fr\/actualites\/#organization"},"keywords":["envisage","INEOS","l\u00e9quipe","Manchester","r\u00e9organiser","United"],"articleSection":["Football"],"inLanguage":"fr-FR"},{"@type":"WebPage","@id":"https:\/\/footdavant.fr\/actualites\/ineos-envisage-de-reorganiser-lequipe-de-manchester-united\/","url":"https:\/\/footdavant.fr\/actualites\/ineos-envisage-de-reorganiser-lequipe-de-manchester-united\/","name":"INEOS envisage de r\u00e9organiser l'\u00e9quipe de Manchester United -","isPartOf":{"@id":"https:\/\/footdavant.fr\/actualites\/#website"},"datePublished":"2024-01-15T13:51:08+00:00","dateModified":"2024-01-15T13:51:10+00:00","breadcrumb":{"@id":"https:\/\/footdavant.fr\/actualites\/ineos-envisage-de-reorganiser-lequipe-de-manchester-united\/#breadcrumb"},"inLanguage":"fr-FR","potentialAction":[{"@type":"ReadAction","target":["https:\/\/footdavant.fr\/actualites\/ineos-envisage-de-reorganiser-lequipe-de-manchester-united\/"]}]},{"@type":"BreadcrumbList","@id":"https:\/\/footdavant.fr\/actualites\/ineos-envisage-de-reorganiser-lequipe-de-manchester-united\/#breadcrumb","itemListElement":[{"@type":"ListItem","position":1,"name":"Accueil","item":"https:\/\/footdavant.fr\/actualites\/"},{"@type":"ListItem","position":2,"name":"INEOS envisage de r\u00e9organiser l&rsquo;\u00e9quipe de Manchester United &#8211;"}]},{"@type":"WebSite","@id":"https:\/\/footdavant.fr\/actualites\/#website","url":"https:\/\/footdavant.fr\/actualites\/","name":"Foot d'avant","description":"","publisher":{"@id":"https:\/\/footdavant.fr\/actualites\/#organization"},"potentialAction":[{"@type":"SearchAction","target":{"@type":"EntryPoint","urlTemplate":"https:\/\/footdavant.fr\/actualites\/?s={search_term_string}"},"query-input":"required name=search_term_string"}],"inLanguage":"fr-FR"},{"@type":"Organization","@id":"https:\/\/footdavant.fr\/actualites\/#organization","name":"Foot d'avant","url":"https:\/\/footdavant.fr\/actualites\/","logo":{"@type":"ImageObject","inLanguage":"fr-FR","@id":"https:\/\/footdavant.fr\/actualites\/#\/schema\/logo\/image\/","url":"https:\/\/footdavant.fr\/actualites\/wp-content\/uploads\/2023\/09\/Copy-of-FootDavant-Logo.png","contentUrl":"https:\/\/footdavant.fr\/actualites\/wp-content\/uploads\/2023\/09\/Copy-of-FootDavant-Logo.png","width":936,"height":549,"caption":"Foot d'avant"},"image":{"@id":"https:\/\/footdavant.fr\/actualites\/#\/schema\/logo\/image\/"},"sameAs":["https:\/\/www.facebook.com\/Footdavant\/","https:\/\/twitter.com\/FootdavantFr","https:\/\/www.instagram.com\/footdavant.fr\/"]},{"@type":"Person","@id":"https:\/\/footdavant.fr\/actualites\/#\/schema\/person\/bc222566d95871b37e597b3ed3ba5e1d","name":"Cl\u00e9ment","image":{"@type":"ImageObject","inLanguage":"fr-FR","@id":"https:\/\/footdavant.fr\/actualites\/#\/schema\/person\/image\/","url":"https:\/\/secure.gravatar.com\/avatar\/7728b29aac2719421e1a9159b2254c44?s=96&d=mm&r=g","contentUrl":"https:\/\/secure.gravatar.com\/avatar\/7728b29aac2719421e1a9159b2254c44?s=96&d=mm&r=g","caption":"Cl\u00e9ment"},"sameAs":["https:\/\/footdavant.fr\/"]}]}},"_links":{"self":[{"href":"https:\/\/footdavant.fr\/actualites\/wp-json\/wp\/v2\/posts\/3896"}],"collection":[{"href":"https:\/\/footdavant.fr\/actualites\/wp-json\/wp\/v2\/posts"}],"about":[{"href":"https:\/\/footdavant.fr\/actualites\/wp-json\/wp\/v2\/types\/post"}],"author":[{"embeddable":true,"href":"https:\/\/footdavant.fr\/actualites\/wp-json\/wp\/v2\/users\/1"}],"replies":[{"embeddable":true,"href":"https:\/\/footdavant.fr\/actualites\/wp-json\/wp\/v2\/comments?post=3896"}],"version-history":[{"count":1,"href":"https:\/\/footdavant.fr\/actualites\/wp-json\/wp\/v2\/posts\/3896\/revisions"}],"predecessor-version":[{"id":3898,"href":"https:\/\/footdavant.fr\/actualites\/wp-json\/wp\/v2\/posts\/3896\/revisions\/3898"}],"wp:featuredmedia":[{"embeddable":true,"href":"https:\/\/footdavant.fr\/actualites\/wp-json\/wp\/v2\/media\/3897"}],"wp:attachment":[{"href":"https:\/\/footdavant.fr\/actualites\/wp-json\/wp\/v2\/media?parent=3896"}],"wp:term":[{"taxonomy":"category","embeddable":true,"href":"https:\/\/footdavant.fr\/actualites\/wp-json\/wp\/v2\/categories?post=3896"},{"taxonomy":"post_tag","embeddable":true,"href":"https:\/\/footdavant.fr\/actualites\/wp-json\/wp\/v2\/tags?post=3896"}],"curies":[{"name":"wp","href":"https:\/\/api.w.org\/{rel}","templated":true}]}}